{"id":60031,"date":"2024-09-06T12:26:33","date_gmt":"2024-09-06T09:26:33","guid":{"rendered":"https:\/\/kibrisdakik.com\/index.php\/2024\/09\/06\/banyo-ve-tuvaletler-fecaat-bedelli-askerlere-bunu-mu-layik-goruyorsunuz\/"},"modified":"2024-09-06T12:26:33","modified_gmt":"2024-09-06T09:26:33","slug":"banyo-ve-tuvaletler-fecaat-bedelli-askerlere-bunu-mu-layik-goruyorsunuz","status":"publish","type":"post","link":"https:\/\/kibrisdakik.com\/?p=60031","title":{"rendered":"Banyo ve tuvaletler fecaat! Bedelli askerlere bunu mu lay\u0131k g\u00f6r\u00fcyorsunuz?"},"content":{"rendered":"<p><\/p>\n<div id=\"\">\n<p>\u0130stanbul&#8217;da bedelli askerlerin g\u00f6rev yapt\u0131\u011f\u0131 k\u0131\u015flalardan biri olan Maltepe&#8217;deki General Kenan Evren K\u0131\u015flas\u0131 \u0130kmal Maliye Okulu E\u011fitim Merkezi Komutanl\u0131\u011f\u0131&#8217;nda \u00e7ekilen foto\u011fraflar b\u00fcy\u00fck tepki \u00e7ekti. <\/p>\n<h3>DU\u015eAKAB\u0130NLER VE TUVALETLER P\u0130SL\u0130K \u0130\u00c7\u0130NDE<\/h3>\n<p>Gazete \u0130smail Saymaz taraf\u0131ndan yay\u0131nlanan foto\u011fraflarda du\u015fakabinler ve tuvaletlerin de pislik i\u00e7inde oldu\u011fu g\u00f6r\u00fcld\u00fc. Askerlik g\u00f6revini k\u0131\u015flada yapan ve ge\u00e7en ay terhis olan E.B., &#8220;Tuvaletler a\u015f\u0131r\u0131 kirliydi. S\u0131v\u0131 sabun kullan\u0131yorduk. Bu sabunla bir\u00e7ok yer temizlenmiyordu. Mikrop ve enfeksiyon kapt\u0131k. Y\u0131llard\u0131r kapal\u0131 olan bir tuvaleti bize temizlettiler. Temizlerken eldiven vermediler. Maske pandemiden kalma\u2026 Du\u015flar k\u00fcfl\u00fcyd\u00fc. Hem de siyah k\u00fcf, zehirli olandan. \u00c7ar\u015faflar kirliydi&#8221; diyerek ya\u015fad\u0131klar\u0131 ma\u011fduriyeti anlatt\u0131. <\/p>\n<h3>&#8220;DUVARLAR ASKERLER\u0130N D\u0130NLEND\u0130\u011e\u0130 YERE YIKILDI&#8221;<\/h3>\n<p>A\u00e7\u0131klamas\u0131n\u0131n devam\u0131nda binan\u0131n \u00e7\u00fcr\u00fck oldu\u011funu belirten E.B., &#8220;Bina \u00e7ok \u00e7\u00fcr\u00fck. Duvarlar\u0131n bir k\u0131sm\u0131 askerlerin dinlendi\u011fi yere y\u0131k\u0131ld\u0131. \u015eans eseri kimse yoktu, yaralanma olmad\u0131. Etraf\u0131n\u0131 kapatt\u0131lar. Elektrik kablolar\u0131 yere \u00e7ok yak\u0131n mesafede, hatta g\u00f6r\u00fcn\u00fcyordu. Elektik \u00e7arpmalar\u0131 oluyordu&#8221; \u015feklinde konu\u015ftu. <\/p>\n<h3>G\u00d6ZLER BAKANLIKTA <\/h3>\n<p>B\u00fcy\u00fck yank\u0131 uyand\u0131ran foto\u011fraflar ve iddialar sonras\u0131 g\u00f6zlerin \u00e7evrildi\u011fi Milli Savunma Bakanl\u0131\u011f\u0131&#8217;n\u0131n konuyla ilgili bir a\u00e7\u0131klama yap\u0131p yapmayaca\u011f\u0131 merak konusu&#8230; <\/p>\n<p><strong>\u0130\u015fte o k\u0131\u015flada \u00e7ekilen foto\u011fraflar; <\/strong> <\/p>\n<p><img loading=\"lazy\" decoding=\"async\" class=\"hbptMainImage lazyload ImgDetay\" src=\"https:\/\/foto.haberler.com\/haber\/2024\/09\/06\/banyo-ve-tuvaletler-fecaat-bedelli-askerlere-17792828_2720_m.jpg\" alt=\"Banyo ve tuvaletler fecaat! Bedelli askerlere bunu mu lay\u0131k g\u00f6r\u00fcyorsunuz?\" width=\"640\" height=\"853\"\/><\/p>\n<p><img loading=\"lazy\" decoding=\"async\" class=\"hbptMainImage lazyload ImgDetay\" src=\"https:\/\/foto.haberler.com\/haber\/2024\/09\/06\/banyo-ve-tuvaletler-fecaat-bedelli-askerlere-17792828_8269_m.jpg\" alt=\"Banyo ve tuvaletler fecaat! Bedelli askerlere bunu mu lay\u0131k g\u00f6r\u00fcyorsunuz?\" width=\"640\" height=\"862\"\/><\/p>\n<p><img loading=\"lazy\" decoding=\"async\" class=\"hbptMainImage lazyload ImgDetay\" src=\"https:\/\/foto.haberler.com\/haber\/2024\/09\/06\/banyo-ve-tuvaletler-fecaat-bedelli-askerlere-17792828_6690_m.jpg\" alt=\"Banyo ve tuvaletler fecaat! Bedelli askerlere bunu mu lay\u0131k g\u00f6r\u00fcyorsunuz?\" width=\"640\" height=\"872\"\/><\/p>\n<h4 id=\"nwsKeywords\"> <a href=\"https:\/\/www.haberler.com\/bedelli-askerlik-2023\/\" title=\"Bedelli Askerlik 2023\" class=\"hbptTag\">Bedelli Askerlik 2023<\/a> <\/h4>\n<\/div>\n","protected":false},"excerpt":{"rendered":"<p>\u0130stanbul&#8217;da bedelli askerlerin g\u00f6rev yapt\u0131\u011f\u0131 k\u0131\u015flalardan biri olan Maltepe&#8217;deki General Kenan Evren K\u0131\u015flas\u0131 \u0130kmal Maliye Okulu E\u011fitim Merkezi Komutanl\u0131\u011f\u0131&#8217;nda \u00e7ekilen foto\u011fraflar b\u00fcy\u00fck tepki \u00e7ekti. DU\u015eAKAB\u0130NLER VE TUVALETLER P\u0130SL\u0130K \u0130\u00c7\u0130NDE Gazete \u0130smail Saymaz taraf\u0131ndan yay\u0131nlanan foto\u011fraflarda du\u015fakabinler ve tuvaletlerin de pislik i\u00e7inde oldu\u011fu g\u00f6r\u00fcld\u00fc. Askerlik g\u00f6revini k\u0131\u015flada yapan ve ge\u00e7en ay terhis olan E.B., &#8220;Tuvaletler a\u015f\u0131r\u0131<\/p>\n","protected":false},"author":1,"featured_media":60032,"comment_status":"open","ping_status":"open","sticky":false,"template":"","format":"standard","meta":{"footnotes":""},"categories":[83],"tags":[],"class_list":["post-60031","post","type-post","status-publish","format-standard","has-post-thumbnail","hentry","category-magazin"],"yoast_head":"<!-- This site is optimized with the Yoast SEO plugin v27.5 - https:\/\/yoast.com\/product\/yoast-seo-wordpress\/ -->\n<title>Banyo ve tuvaletler fecaat! Bedelli askerlere bunu mu lay\u0131k g\u00f6r\u00fcyorsunuz? -<\/title>\n<meta name=\"robots\" content=\"index, follow, max-snippet:-1, max-image-preview:large, max-video-preview:-1\" \/>\n<link rel=\"canonical\" href=\"https:\/\/kibrisdakik.com\/?p=60031\" \/>\n<meta property=\"og:locale\" content=\"tr_TR\" \/>\n<meta property=\"og:type\" content=\"article\" \/>\n<meta property=\"og:title\" content=\"Banyo ve tuvaletler fecaat! Bedelli askerlere bunu mu lay\u0131k g\u00f6r\u00fcyorsunuz? -\" \/>\n<meta property=\"og:description\" content=\"\u0130stanbul&#8217;da bedelli askerlerin g\u00f6rev yapt\u0131\u011f\u0131 k\u0131\u015flalardan biri olan Maltepe&#8217;deki General Kenan Evren K\u0131\u015flas\u0131 \u0130kmal Maliye Okulu E\u011fitim Merkezi Komutanl\u0131\u011f\u0131&#8217;nda \u00e7ekilen foto\u011fraflar b\u00fcy\u00fck tepki \u00e7ekti. DU\u015eAKAB\u0130NLER VE TUVALETLER P\u0130SL\u0130K \u0130\u00c7\u0130NDE Gazete \u0130smail Saymaz taraf\u0131ndan yay\u0131nlanan foto\u011fraflarda du\u015fakabinler ve tuvaletlerin de pislik i\u00e7inde oldu\u011fu g\u00f6r\u00fcld\u00fc. Askerlik g\u00f6revini k\u0131\u015flada yapan ve ge\u00e7en ay terhis olan E.B., &#8220;Tuvaletler a\u015f\u0131r\u0131\" \/>\n<meta property=\"og:url\" content=\"https:\/\/kibrisdakik.com\/?p=60031\" \/>\n<meta property=\"article:published_time\" content=\"2024-09-06T09:26:33+00:00\" \/>\n<meta property=\"og:image\" content=\"https:\/\/kibrisdakik.com\/wp-content\/uploads\/2024\/09\/banyo-ve-tuvaletler-fecaat-bedelli-askerlere-17792828_2720_m-640x420.jpg\" \/>\n\t<meta property=\"og:image:width\" content=\"640\" \/>\n\t<meta property=\"og:image:height\" content=\"851\" \/>\n\t<meta property=\"og:image:type\" content=\"image\/jpeg\" \/>\n<meta name=\"author\" content=\"admin\" \/>\n<meta name=\"twitter:card\" content=\"summary_large_image\" \/>\n<meta name=\"twitter:label1\" content=\"Yazan:\" \/>\n\t<meta name=\"twitter:data1\" content=\"admin\" \/>\n\t<meta name=\"twitter:label2\" content=\"Tahmini okuma s\u00fcresi\" \/>\n\t<meta name=\"twitter:data2\" content=\"1 dakika\" \/>\n<script type=\"application\/ld+json\" class=\"yoast-schema-graph\">{\"@context\":\"https:\\\/\\\/schema.org\",\"@graph\":[{\"@type\":\"Article\",\"@id\":\"https:\\\/\\\/kibrisdakik.com\\\/?p=60031#article\",\"isPartOf\":{\"@id\":\"https:\\\/\\\/kibrisdakik.com\\\/?p=60031\"},\"author\":{\"name\":\"admin\",\"@id\":\"https:\\\/\\\/kibrisdakik.com\\\/#\\\/schema\\\/person\\\/9cd9d437bbb44f72b73ba127e06d8e79\"},\"headline\":\"Banyo ve tuvaletler fecaat! Bedelli askerlere bunu mu lay\u0131k g\u00f6r\u00fcyorsunuz?\",\"datePublished\":\"2024-09-06T09:26:33+00:00\",\"mainEntityOfPage\":{\"@id\":\"https:\\\/\\\/kibrisdakik.com\\\/?p=60031\"},\"wordCount\":255,\"commentCount\":0,\"image\":{\"@id\":\"https:\\\/\\\/kibrisdakik.com\\\/?p=60031#primaryimage\"},\"thumbnailUrl\":\"https:\\\/\\\/kibrisdakik.com\\\/wp-content\\\/uploads\\\/2024\\\/09\\\/banyo-ve-tuvaletler-fecaat-bedelli-askerlere-17792828_2720_m-640x420.jpg\",\"articleSection\":[\"Magazin\"],\"inLanguage\":\"tr\",\"potentialAction\":[{\"@type\":\"CommentAction\",\"name\":\"Comment\",\"target\":[\"https:\\\/\\\/kibrisdakik.com\\\/?p=60031#respond\"]}]},{\"@type\":\"WebPage\",\"@id\":\"https:\\\/\\\/kibrisdakik.com\\\/?p=60031\",\"url\":\"https:\\\/\\\/kibrisdakik.com\\\/?p=60031\",\"name\":\"Banyo ve tuvaletler fecaat! Bedelli askerlere bunu mu lay\u0131k g\u00f6r\u00fcyorsunuz? -\",\"isPartOf\":{\"@id\":\"https:\\\/\\\/kibrisdakik.com\\\/#website\"},\"primaryImageOfPage\":{\"@id\":\"https:\\\/\\\/kibrisdakik.com\\\/?p=60031#primaryimage\"},\"image\":{\"@id\":\"https:\\\/\\\/kibrisdakik.com\\\/?p=60031#primaryimage\"},\"thumbnailUrl\":\"https:\\\/\\\/kibrisdakik.com\\\/wp-content\\\/uploads\\\/2024\\\/09\\\/banyo-ve-tuvaletler-fecaat-bedelli-askerlere-17792828_2720_m-640x420.jpg\",\"datePublished\":\"2024-09-06T09:26:33+00:00\",\"author\":{\"@id\":\"https:\\\/\\\/kibrisdakik.com\\\/#\\\/schema\\\/person\\\/9cd9d437bbb44f72b73ba127e06d8e79\"},\"breadcrumb\":{\"@id\":\"https:\\\/\\\/kibrisdakik.com\\\/?p=60031#breadcrumb\"},\"inLanguage\":\"tr\",\"potentialAction\":[{\"@type\":\"ReadAction\",\"target\":[\"https:\\\/\\\/kibrisdakik.com\\\/?p=60031\"]}]},{\"@type\":\"ImageObject\",\"inLanguage\":\"tr\",\"@id\":\"https:\\\/\\\/kibrisdakik.com\\\/?p=60031#primaryimage\",\"url\":\"https:\\\/\\\/kibrisdakik.com\\\/wp-content\\\/uploads\\\/2024\\\/09\\\/banyo-ve-tuvaletler-fecaat-bedelli-askerlere-17792828_2720_m-640x420.jpg\",\"contentUrl\":\"https:\\\/\\\/kibrisdakik.com\\\/wp-content\\\/uploads\\\/2024\\\/09\\\/banyo-ve-tuvaletler-fecaat-bedelli-askerlere-17792828_2720_m-640x420.jpg\",\"width\":640,\"height\":851},{\"@type\":\"BreadcrumbList\",\"@id\":\"https:\\\/\\\/kibrisdakik.com\\\/?p=60031#breadcrumb\",\"itemListElement\":[{\"@type\":\"ListItem\",\"position\":1,\"name\":\"Home\",\"item\":\"https:\\\/\\\/kibrisdakik.com\\\/\"},{\"@type\":\"ListItem\",\"position\":2,\"name\":\"Banyo ve tuvaletler fecaat! Bedelli askerlere bunu mu lay\u0131k g\u00f6r\u00fcyorsunuz?\"}]},{\"@type\":\"WebSite\",\"@id\":\"https:\\\/\\\/kibrisdakik.com\\\/#website\",\"url\":\"https:\\\/\\\/kibrisdakik.com\\\/\",\"name\":\"\",\"description\":\"Tam vaktinde haber\",\"potentialAction\":[{\"@type\":\"SearchAction\",\"target\":{\"@type\":\"EntryPoint\",\"urlTemplate\":\"https:\\\/\\\/kibrisdakik.com\\\/?s={search_term_string}\"},\"query-input\":{\"@type\":\"PropertyValueSpecification\",\"valueRequired\":true,\"valueName\":\"search_term_string\"}}],\"inLanguage\":\"tr\"},{\"@type\":\"Person\",\"@id\":\"https:\\\/\\\/kibrisdakik.com\\\/#\\\/schema\\\/person\\\/9cd9d437bbb44f72b73ba127e06d8e79\",\"name\":\"admin\",\"image\":{\"@type\":\"ImageObject\",\"inLanguage\":\"tr\",\"@id\":\"https:\\\/\\\/secure.gravatar.com\\\/avatar\\\/ccc17943b9d660506c869530f897617f7cb1c21a4bf30023f252596d83e1f007?s=96&d=mm&r=g\",\"url\":\"https:\\\/\\\/secure.gravatar.com\\\/avatar\\\/ccc17943b9d660506c869530f897617f7cb1c21a4bf30023f252596d83e1f007?s=96&d=mm&r=g\",\"contentUrl\":\"https:\\\/\\\/secure.gravatar.com\\\/avatar\\\/ccc17943b9d660506c869530f897617f7cb1c21a4bf30023f252596d83e1f007?s=96&d=mm&r=g\",\"caption\":\"admin\"},\"sameAs\":[\"https:\\\/\\\/kibrisdakik.com\"],\"url\":\"https:\\\/\\\/kibrisdakik.com\\\/?author=1\"}]}<\/script>\n<!-- \/ Yoast SEO plugin. -->","yoast_head_json":{"title":"Banyo ve tuvaletler fecaat! Bedelli askerlere bunu mu lay\u0131k g\u00f6r\u00fcyorsunuz? -","robots":{"index":"index","follow":"follow","max-snippet":"max-snippet:-1","max-image-preview":"max-image-preview:large","max-video-preview":"max-video-preview:-1"},"canonical":"https:\/\/kibrisdakik.com\/?p=60031","og_locale":"tr_TR","og_type":"article","og_title":"Banyo ve tuvaletler fecaat! Bedelli askerlere bunu mu lay\u0131k g\u00f6r\u00fcyorsunuz? -","og_description":"\u0130stanbul&#8217;da bedelli askerlerin g\u00f6rev yapt\u0131\u011f\u0131 k\u0131\u015flalardan biri olan Maltepe&#8217;deki General Kenan Evren K\u0131\u015flas\u0131 \u0130kmal Maliye Okulu E\u011fitim Merkezi Komutanl\u0131\u011f\u0131&#8217;nda \u00e7ekilen foto\u011fraflar b\u00fcy\u00fck tepki \u00e7ekti. DU\u015eAKAB\u0130NLER VE TUVALETLER P\u0130SL\u0130K \u0130\u00c7\u0130NDE Gazete \u0130smail Saymaz taraf\u0131ndan yay\u0131nlanan foto\u011fraflarda du\u015fakabinler ve tuvaletlerin de pislik i\u00e7inde oldu\u011fu g\u00f6r\u00fcld\u00fc. Askerlik g\u00f6revini k\u0131\u015flada yapan ve ge\u00e7en ay terhis olan E.B., &#8220;Tuvaletler a\u015f\u0131r\u0131","og_url":"https:\/\/kibrisdakik.com\/?p=60031","article_published_time":"2024-09-06T09:26:33+00:00","og_image":[{"width":640,"height":851,"url":"https:\/\/kibrisdakik.com\/wp-content\/uploads\/2024\/09\/banyo-ve-tuvaletler-fecaat-bedelli-askerlere-17792828_2720_m-640x420.jpg","type":"image\/jpeg"}],"author":"admin","twitter_card":"summary_large_image","twitter_misc":{"Yazan:":"admin","Tahmini okuma s\u00fcresi":"1 dakika"},"schema":{"@context":"https:\/\/schema.org","@graph":[{"@type":"Article","@id":"https:\/\/kibrisdakik.com\/?p=60031#article","isPartOf":{"@id":"https:\/\/kibrisdakik.com\/?p=60031"},"author":{"name":"admin","@id":"https:\/\/kibrisdakik.com\/#\/schema\/person\/9cd9d437bbb44f72b73ba127e06d8e79"},"headline":"Banyo ve tuvaletler fecaat! Bedelli askerlere bunu mu lay\u0131k g\u00f6r\u00fcyorsunuz?","datePublished":"2024-09-06T09:26:33+00:00","mainEntityOfPage":{"@id":"https:\/\/kibrisdakik.com\/?p=60031"},"wordCount":255,"commentCount":0,"image":{"@id":"https:\/\/kibrisdakik.com\/?p=60031#primaryimage"},"thumbnailUrl":"https:\/\/kibrisdakik.com\/wp-content\/uploads\/2024\/09\/banyo-ve-tuvaletler-fecaat-bedelli-askerlere-17792828_2720_m-640x420.jpg","articleSection":["Magazin"],"inLanguage":"tr","potentialAction":[{"@type":"CommentAction","name":"Comment","target":["https:\/\/kibrisdakik.com\/?p=60031#respond"]}]},{"@type":"WebPage","@id":"https:\/\/kibrisdakik.com\/?p=60031","url":"https:\/\/kibrisdakik.com\/?p=60031","name":"Banyo ve tuvaletler fecaat! Bedelli askerlere bunu mu lay\u0131k g\u00f6r\u00fcyorsunuz? -","isPartOf":{"@id":"https:\/\/kibrisdakik.com\/#website"},"primaryImageOfPage":{"@id":"https:\/\/kibrisdakik.com\/?p=60031#primaryimage"},"image":{"@id":"https:\/\/kibrisdakik.com\/?p=60031#primaryimage"},"thumbnailUrl":"https:\/\/kibrisdakik.com\/wp-content\/uploads\/2024\/09\/banyo-ve-tuvaletler-fecaat-bedelli-askerlere-17792828_2720_m-640x420.jpg","datePublished":"2024-09-06T09:26:33+00:00","author":{"@id":"https:\/\/kibrisdakik.com\/#\/schema\/person\/9cd9d437bbb44f72b73ba127e06d8e79"},"breadcrumb":{"@id":"https:\/\/kibrisdakik.com\/?p=60031#breadcrumb"},"inLanguage":"tr","potentialAction":[{"@type":"ReadAction","target":["https:\/\/kibrisdakik.com\/?p=60031"]}]},{"@type":"ImageObject","inLanguage":"tr","@id":"https:\/\/kibrisdakik.com\/?p=60031#primaryimage","url":"https:\/\/kibrisdakik.com\/wp-content\/uploads\/2024\/09\/banyo-ve-tuvaletler-fecaat-bedelli-askerlere-17792828_2720_m-640x420.jpg","contentUrl":"https:\/\/kibrisdakik.com\/wp-content\/uploads\/2024\/09\/banyo-ve-tuvaletler-fecaat-bedelli-askerlere-17792828_2720_m-640x420.jpg","width":640,"height":851},{"@type":"BreadcrumbList","@id":"https:\/\/kibrisdakik.com\/?p=60031#breadcrumb","itemListElement":[{"@type":"ListItem","position":1,"name":"Home","item":"https:\/\/kibrisdakik.com\/"},{"@type":"ListItem","position":2,"name":"Banyo ve tuvaletler fecaat! Bedelli askerlere bunu mu lay\u0131k g\u00f6r\u00fcyorsunuz?"}]},{"@type":"WebSite","@id":"https:\/\/kibrisdakik.com\/#website","url":"https:\/\/kibrisdakik.com\/","name":"","description":"Tam vaktinde haber","potentialAction":[{"@type":"SearchAction","target":{"@type":"EntryPoint","urlTemplate":"https:\/\/kibrisdakik.com\/?s={search_term_string}"},"query-input":{"@type":"PropertyValueSpecification","valueRequired":true,"valueName":"search_term_string"}}],"inLanguage":"tr"},{"@type":"Person","@id":"https:\/\/kibrisdakik.com\/#\/schema\/person\/9cd9d437bbb44f72b73ba127e06d8e79","name":"admin","image":{"@type":"ImageObject","inLanguage":"tr","@id":"https:\/\/secure.gravatar.com\/avatar\/ccc17943b9d660506c869530f897617f7cb1c21a4bf30023f252596d83e1f007?s=96&d=mm&r=g","url":"https:\/\/secure.gravatar.com\/avatar\/ccc17943b9d660506c869530f897617f7cb1c21a4bf30023f252596d83e1f007?s=96&d=mm&r=g","contentUrl":"https:\/\/secure.gravatar.com\/avatar\/ccc17943b9d660506c869530f897617f7cb1c21a4bf30023f252596d83e1f007?s=96&d=mm&r=g","caption":"admin"},"sameAs":["https:\/\/kibrisdakik.com"],"url":"https:\/\/kibrisdakik.com\/?author=1"}]}},"_links":{"self":[{"href":"https:\/\/kibrisdakik.com\/index.php?rest_route=\/wp\/v2\/posts\/60031","targetHints":{"allow":["GET"]}}],"collection":[{"href":"https:\/\/kibrisdakik.com\/index.php?rest_route=\/wp\/v2\/posts"}],"about":[{"href":"https:\/\/kibrisdakik.com\/index.php?rest_route=\/wp\/v2\/types\/post"}],"author":[{"embeddable":true,"href":"https:\/\/kibrisdakik.com\/index.php?rest_route=\/wp\/v2\/users\/1"}],"replies":[{"embeddable":true,"href":"https:\/\/kibrisdakik.com\/index.php?rest_route=%2Fwp%2Fv2%2Fcomments&post=60031"}],"version-history":[{"count":0,"href":"https:\/\/kibrisdakik.com\/index.php?rest_route=\/wp\/v2\/posts\/60031\/revisions"}],"wp:featuredmedia":[{"embeddable":true,"href":"https:\/\/kibrisdakik.com\/index.php?rest_route=\/wp\/v2\/media\/60032"}],"wp:attachment":[{"href":"https:\/\/kibrisdakik.com\/index.php?rest_route=%2Fwp%2Fv2%2Fmedia&parent=60031"}],"wp:term":[{"taxonomy":"category","embeddable":true,"href":"https:\/\/kibrisdakik.com\/index.php?rest_route=%2Fwp%2Fv2%2Fcategories&post=60031"},{"taxonomy":"post_tag","embeddable":true,"href":"https:\/\/kibrisdakik.com\/index.php?rest_route=%2Fwp%2Fv2%2Ftags&post=60031"}],"curies":[{"name":"wp","href":"https:\/\/api.w.org\/{rel}","templated":true}]}}