{"id":60039,"date":"2024-09-06T12:44:29","date_gmt":"2024-09-06T09:44:29","guid":{"rendered":"https:\/\/kibrisdakik.com\/index.php\/2024\/09\/06\/bakan-amcaoglu-istanbulda-uluslararasi-gida-fuarina-katildi\/"},"modified":"2024-09-06T12:44:29","modified_gmt":"2024-09-06T09:44:29","slug":"bakan-amcaoglu-istanbulda-uluslararasi-gida-fuarina-katildi","status":"publish","type":"post","link":"https:\/\/kibrisdakik.com\/?p=60039","title":{"rendered":"Bakan Amcao\u011flu \u0130stanbul\u2019da uluslararas\u0131 g\u0131da fuar\u0131na kat\u0131ld\u0131"},"content":{"rendered":"<div>\n<div class=\"mariselle-image-container center\">\n                                            <\/div>\n<p>Ekonomi ve Enerji Bakan\u0131 Olgun Amcao\u011flu, 32. World Food \u0130stanbul G\u0131da \u2013 Teknolojileri Fuar\u0131\u2019na kat\u0131ld\u0131.<\/p>\n<p>Bakanl\u0131ktan yap\u0131lan a\u00e7\u0131klamaya g\u00f6re, fuara Ekonomi ve Enerji Bakanl\u0131\u011f\u0131 ile K\u0131br\u0131s T\u00fcrk Sanayi Odas\u0131\u2019n\u0131n ortak organizesiyle KKTC\u2019den 17 g\u0131da \u00fcreticisi firma da kat\u0131larak \u00fcr\u00fcnlerini tan\u0131tma f\u0131rsat\u0131 buldu.<\/p>\n<p>Bakan Amcao\u011flu, fuara kat\u0131lan KKTC firmalar\u0131n\u0131n stantlar\u0131n\u0131 gezerek, yetkililere ba\u015far\u0131 dilerken, etkinlik alan\u0131nda K\u0131br\u0131sl\u0131 T\u00fcrk \u015fef Tanya Kilitkayal\u0131\u2019n\u0131n K\u0131br\u0131s\u2019a \u00f6zg\u00fc yemek ve tatl\u0131 \u00f6rneklerini i\u00e7eren sunumunu da izledi.<\/p>\n<p>Tanya Kilitkayal\u0131 ile gurur duyduklar\u0131n\u0131 belirten Amcao\u011flu, K\u0131br\u0131s mutfa\u011f\u0131ndan \u00f6vg\u00fcyle s\u00f6z etti.<\/p>\n<p>Yakla\u015f\u0131k 40 farkl\u0131 \u00fclkeden g\u0131da \u015firketlerinin yer ald\u0131\u011f\u0131 fuara, KKTC\u2019den \u015fu firmalar kat\u0131ld\u0131:<\/p>\n<p>\u201cKantara G\u0131da, Arden G\u0131da, G\u00fclg\u00fcn S\u00fct Mamulleri, E\u2019ler Group, Girne Con Kahve, Ye\u015fil Lefke, Diner Sanayi Karpaz \u00dcr\u00fcnleri, \u00c7\u0131rakl\u0131, Mardo, Onan S.U Frozen Foods Ltd., Bafra G\u0131da, Meri\u00e7 S\u00fct \u00dcr\u00fcnleri, Sunsel Enterprises Ltd., K\u0131rn\u0131 (Mustafa Hac\u0131ali) Ltd., Ustam Unlu Mamulleri, VEG+Organic Products, Arsal G\u0131da.\u201d<\/p>\n<\/p><\/div>\n<p><script async\n                    defer\n                    crossorigin=\"anonymous\"\n                    src=\"https:\/\/connect.facebook.net\/tr_TR\/sdk.js#xfbml=1&#038;version=v3.3\"\n            ><\/script><\/p>\n","protected":false},"excerpt":{"rendered":"<p>Ekonomi ve Enerji Bakan\u0131 Olgun Amcao\u011flu, 32. World Food \u0130stanbul G\u0131da \u2013 Teknolojileri Fuar\u0131\u2019na kat\u0131ld\u0131. Bakanl\u0131ktan yap\u0131lan a\u00e7\u0131klamaya g\u00f6re, fuara Ekonomi ve Enerji Bakanl\u0131\u011f\u0131 ile K\u0131br\u0131s T\u00fcrk Sanayi Odas\u0131\u2019n\u0131n ortak organizesiyle KKTC\u2019den 17 g\u0131da \u00fcreticisi firma da kat\u0131larak \u00fcr\u00fcnlerini tan\u0131tma f\u0131rsat\u0131 buldu. Bakan Amcao\u011flu, fuara kat\u0131lan KKTC firmalar\u0131n\u0131n stantlar\u0131n\u0131 gezerek, yetkililere ba\u015far\u0131 dilerken, etkinlik alan\u0131nda<\/p>\n","protected":false},"author":1,"featured_media":60040,"comment_status":"open","ping_status":"open","sticky":false,"template":"","format":"standard","meta":{"footnotes":""},"categories":[81],"tags":[],"class_list":["post-60039","post","type-post","status-publish","format-standard","has-post-thumbnail","hentry","category-kibris"],"yoast_head":"<!-- This site is optimized with the Yoast SEO plugin v27.4 - https:\/\/yoast.com\/product\/yoast-seo-wordpress\/ -->\n<title>Bakan Amcao\u011flu \u0130stanbul\u2019da uluslararas\u0131 g\u0131da fuar\u0131na kat\u0131ld\u0131 -<\/title>\n<meta name=\"robots\" content=\"index, follow, max-snippet:-1, max-image-preview:large, max-video-preview:-1\" \/>\n<link rel=\"canonical\" href=\"https:\/\/kibrisdakik.com\/?p=60039\" \/>\n<meta property=\"og:locale\" content=\"tr_TR\" \/>\n<meta property=\"og:type\" content=\"article\" \/>\n<meta property=\"og:title\" content=\"Bakan Amcao\u011flu \u0130stanbul\u2019da uluslararas\u0131 g\u0131da fuar\u0131na kat\u0131ld\u0131 -\" \/>\n<meta property=\"og:description\" content=\"Ekonomi ve Enerji Bakan\u0131 Olgun Amcao\u011flu, 32. World Food \u0130stanbul G\u0131da \u2013 Teknolojileri Fuar\u0131\u2019na kat\u0131ld\u0131. Bakanl\u0131ktan yap\u0131lan a\u00e7\u0131klamaya g\u00f6re, fuara Ekonomi ve Enerji Bakanl\u0131\u011f\u0131 ile K\u0131br\u0131s T\u00fcrk Sanayi Odas\u0131\u2019n\u0131n ortak organizesiyle KKTC\u2019den 17 g\u0131da \u00fcreticisi firma da kat\u0131larak \u00fcr\u00fcnlerini tan\u0131tma f\u0131rsat\u0131 buldu. Bakan Amcao\u011flu, fuara kat\u0131lan KKTC firmalar\u0131n\u0131n stantlar\u0131n\u0131 gezerek, yetkililere ba\u015far\u0131 dilerken, etkinlik alan\u0131nda\" \/>\n<meta property=\"og:url\" content=\"https:\/\/kibrisdakik.com\/?p=60039\" \/>\n<meta property=\"article:published_time\" content=\"2024-09-06T09:44:29+00:00\" \/>\n<meta property=\"og:image\" content=\"https:\/\/kibrisdakik.com\/wp-content\/uploads\/2024\/09\/asskdsaka-740x420.jpg\" \/>\n\t<meta property=\"og:image:width\" content=\"1131\" \/>\n\t<meta property=\"og:image:height\" content=\"468\" \/>\n\t<meta property=\"og:image:type\" content=\"image\/jpeg\" \/>\n<meta name=\"author\" content=\"admin\" \/>\n<meta name=\"twitter:card\" content=\"summary_large_image\" \/>\n<meta name=\"twitter:label1\" content=\"Yazan:\" \/>\n\t<meta name=\"twitter:data1\" content=\"admin\" \/>\n\t<meta name=\"twitter:label2\" content=\"Tahmini okuma s\u00fcresi\" \/>\n\t<meta name=\"twitter:data2\" content=\"1 dakika\" \/>\n<script type=\"application\/ld+json\" class=\"yoast-schema-graph\">{\"@context\":\"https:\\\/\\\/schema.org\",\"@graph\":[{\"@type\":\"Article\",\"@id\":\"https:\\\/\\\/kibrisdakik.com\\\/?p=60039#article\",\"isPartOf\":{\"@id\":\"https:\\\/\\\/kibrisdakik.com\\\/?p=60039\"},\"author\":{\"name\":\"admin\",\"@id\":\"https:\\\/\\\/kibrisdakik.com\\\/#\\\/schema\\\/person\\\/9cd9d437bbb44f72b73ba127e06d8e79\"},\"headline\":\"Bakan Amcao\u011flu \u0130stanbul\u2019da uluslararas\u0131 g\u0131da fuar\u0131na kat\u0131ld\u0131\",\"datePublished\":\"2024-09-06T09:44:29+00:00\",\"mainEntityOfPage\":{\"@id\":\"https:\\\/\\\/kibrisdakik.com\\\/?p=60039\"},\"wordCount\":209,\"commentCount\":0,\"image\":{\"@id\":\"https:\\\/\\\/kibrisdakik.com\\\/?p=60039#primaryimage\"},\"thumbnailUrl\":\"https:\\\/\\\/kibrisdakik.com\\\/wp-content\\\/uploads\\\/2024\\\/09\\\/asskdsaka-740x420.jpg\",\"articleSection\":[\"K\u0131br\u0131s\"],\"inLanguage\":\"tr\",\"potentialAction\":[{\"@type\":\"CommentAction\",\"name\":\"Comment\",\"target\":[\"https:\\\/\\\/kibrisdakik.com\\\/?p=60039#respond\"]}]},{\"@type\":\"WebPage\",\"@id\":\"https:\\\/\\\/kibrisdakik.com\\\/?p=60039\",\"url\":\"https:\\\/\\\/kibrisdakik.com\\\/?p=60039\",\"name\":\"Bakan Amcao\u011flu \u0130stanbul\u2019da uluslararas\u0131 g\u0131da fuar\u0131na kat\u0131ld\u0131 -\",\"isPartOf\":{\"@id\":\"https:\\\/\\\/kibrisdakik.com\\\/#website\"},\"primaryImageOfPage\":{\"@id\":\"https:\\\/\\\/kibrisdakik.com\\\/?p=60039#primaryimage\"},\"image\":{\"@id\":\"https:\\\/\\\/kibrisdakik.com\\\/?p=60039#primaryimage\"},\"thumbnailUrl\":\"https:\\\/\\\/kibrisdakik.com\\\/wp-content\\\/uploads\\\/2024\\\/09\\\/asskdsaka-740x420.jpg\",\"datePublished\":\"2024-09-06T09:44:29+00:00\",\"author\":{\"@id\":\"https:\\\/\\\/kibrisdakik.com\\\/#\\\/schema\\\/person\\\/9cd9d437bbb44f72b73ba127e06d8e79\"},\"breadcrumb\":{\"@id\":\"https:\\\/\\\/kibrisdakik.com\\\/?p=60039#breadcrumb\"},\"inLanguage\":\"tr\",\"potentialAction\":[{\"@type\":\"ReadAction\",\"target\":[\"https:\\\/\\\/kibrisdakik.com\\\/?p=60039\"]}]},{\"@type\":\"ImageObject\",\"inLanguage\":\"tr\",\"@id\":\"https:\\\/\\\/kibrisdakik.com\\\/?p=60039#primaryimage\",\"url\":\"https:\\\/\\\/kibrisdakik.com\\\/wp-content\\\/uploads\\\/2024\\\/09\\\/asskdsaka-740x420.jpg\",\"contentUrl\":\"https:\\\/\\\/kibrisdakik.com\\\/wp-content\\\/uploads\\\/2024\\\/09\\\/asskdsaka-740x420.jpg\",\"width\":1131,\"height\":468},{\"@type\":\"BreadcrumbList\",\"@id\":\"https:\\\/\\\/kibrisdakik.com\\\/?p=60039#breadcrumb\",\"itemListElement\":[{\"@type\":\"ListItem\",\"position\":1,\"name\":\"Home\",\"item\":\"https:\\\/\\\/kibrisdakik.com\\\/\"},{\"@type\":\"ListItem\",\"position\":2,\"name\":\"Bakan Amcao\u011flu \u0130stanbul\u2019da uluslararas\u0131 g\u0131da fuar\u0131na kat\u0131ld\u0131\"}]},{\"@type\":\"WebSite\",\"@id\":\"https:\\\/\\\/kibrisdakik.com\\\/#website\",\"url\":\"https:\\\/\\\/kibrisdakik.com\\\/\",\"name\":\"\",\"description\":\"Tam vaktinde haber\",\"potentialAction\":[{\"@type\":\"SearchAction\",\"target\":{\"@type\":\"EntryPoint\",\"urlTemplate\":\"https:\\\/\\\/kibrisdakik.com\\\/?s={search_term_string}\"},\"query-input\":{\"@type\":\"PropertyValueSpecification\",\"valueRequired\":true,\"valueName\":\"search_term_string\"}}],\"inLanguage\":\"tr\"},{\"@type\":\"Person\",\"@id\":\"https:\\\/\\\/kibrisdakik.com\\\/#\\\/schema\\\/person\\\/9cd9d437bbb44f72b73ba127e06d8e79\",\"name\":\"admin\",\"image\":{\"@type\":\"ImageObject\",\"inLanguage\":\"tr\",\"@id\":\"https:\\\/\\\/secure.gravatar.com\\\/avatar\\\/ccc17943b9d660506c869530f897617f7cb1c21a4bf30023f252596d83e1f007?s=96&d=mm&r=g\",\"url\":\"https:\\\/\\\/secure.gravatar.com\\\/avatar\\\/ccc17943b9d660506c869530f897617f7cb1c21a4bf30023f252596d83e1f007?s=96&d=mm&r=g\",\"contentUrl\":\"https:\\\/\\\/secure.gravatar.com\\\/avatar\\\/ccc17943b9d660506c869530f897617f7cb1c21a4bf30023f252596d83e1f007?s=96&d=mm&r=g\",\"caption\":\"admin\"},\"sameAs\":[\"https:\\\/\\\/kibrisdakik.com\"],\"url\":\"https:\\\/\\\/kibrisdakik.com\\\/?author=1\"}]}<\/script>\n<!-- \/ Yoast SEO plugin. -->","yoast_head_json":{"title":"Bakan Amcao\u011flu \u0130stanbul\u2019da uluslararas\u0131 g\u0131da fuar\u0131na kat\u0131ld\u0131 -","robots":{"index":"index","follow":"follow","max-snippet":"max-snippet:-1","max-image-preview":"max-image-preview:large","max-video-preview":"max-video-preview:-1"},"canonical":"https:\/\/kibrisdakik.com\/?p=60039","og_locale":"tr_TR","og_type":"article","og_title":"Bakan Amcao\u011flu \u0130stanbul\u2019da uluslararas\u0131 g\u0131da fuar\u0131na kat\u0131ld\u0131 -","og_description":"Ekonomi ve Enerji Bakan\u0131 Olgun Amcao\u011flu, 32. World Food \u0130stanbul G\u0131da \u2013 Teknolojileri Fuar\u0131\u2019na kat\u0131ld\u0131. Bakanl\u0131ktan yap\u0131lan a\u00e7\u0131klamaya g\u00f6re, fuara Ekonomi ve Enerji Bakanl\u0131\u011f\u0131 ile K\u0131br\u0131s T\u00fcrk Sanayi Odas\u0131\u2019n\u0131n ortak organizesiyle KKTC\u2019den 17 g\u0131da \u00fcreticisi firma da kat\u0131larak \u00fcr\u00fcnlerini tan\u0131tma f\u0131rsat\u0131 buldu. Bakan Amcao\u011flu, fuara kat\u0131lan KKTC firmalar\u0131n\u0131n stantlar\u0131n\u0131 gezerek, yetkililere ba\u015far\u0131 dilerken, etkinlik alan\u0131nda","og_url":"https:\/\/kibrisdakik.com\/?p=60039","article_published_time":"2024-09-06T09:44:29+00:00","og_image":[{"width":1131,"height":468,"url":"https:\/\/kibrisdakik.com\/wp-content\/uploads\/2024\/09\/asskdsaka-740x420.jpg","type":"image\/jpeg"}],"author":"admin","twitter_card":"summary_large_image","twitter_misc":{"Yazan:":"admin","Tahmini okuma s\u00fcresi":"1 dakika"},"schema":{"@context":"https:\/\/schema.org","@graph":[{"@type":"Article","@id":"https:\/\/kibrisdakik.com\/?p=60039#article","isPartOf":{"@id":"https:\/\/kibrisdakik.com\/?p=60039"},"author":{"name":"admin","@id":"https:\/\/kibrisdakik.com\/#\/schema\/person\/9cd9d437bbb44f72b73ba127e06d8e79"},"headline":"Bakan Amcao\u011flu \u0130stanbul\u2019da uluslararas\u0131 g\u0131da fuar\u0131na kat\u0131ld\u0131","datePublished":"2024-09-06T09:44:29+00:00","mainEntityOfPage":{"@id":"https:\/\/kibrisdakik.com\/?p=60039"},"wordCount":209,"commentCount":0,"image":{"@id":"https:\/\/kibrisdakik.com\/?p=60039#primaryimage"},"thumbnailUrl":"https:\/\/kibrisdakik.com\/wp-content\/uploads\/2024\/09\/asskdsaka-740x420.jpg","articleSection":["K\u0131br\u0131s"],"inLanguage":"tr","potentialAction":[{"@type":"CommentAction","name":"Comment","target":["https:\/\/kibrisdakik.com\/?p=60039#respond"]}]},{"@type":"WebPage","@id":"https:\/\/kibrisdakik.com\/?p=60039","url":"https:\/\/kibrisdakik.com\/?p=60039","name":"Bakan Amcao\u011flu \u0130stanbul\u2019da uluslararas\u0131 g\u0131da fuar\u0131na kat\u0131ld\u0131 -","isPartOf":{"@id":"https:\/\/kibrisdakik.com\/#website"},"primaryImageOfPage":{"@id":"https:\/\/kibrisdakik.com\/?p=60039#primaryimage"},"image":{"@id":"https:\/\/kibrisdakik.com\/?p=60039#primaryimage"},"thumbnailUrl":"https:\/\/kibrisdakik.com\/wp-content\/uploads\/2024\/09\/asskdsaka-740x420.jpg","datePublished":"2024-09-06T09:44:29+00:00","author":{"@id":"https:\/\/kibrisdakik.com\/#\/schema\/person\/9cd9d437bbb44f72b73ba127e06d8e79"},"breadcrumb":{"@id":"https:\/\/kibrisdakik.com\/?p=60039#breadcrumb"},"inLanguage":"tr","potentialAction":[{"@type":"ReadAction","target":["https:\/\/kibrisdakik.com\/?p=60039"]}]},{"@type":"ImageObject","inLanguage":"tr","@id":"https:\/\/kibrisdakik.com\/?p=60039#primaryimage","url":"https:\/\/kibrisdakik.com\/wp-content\/uploads\/2024\/09\/asskdsaka-740x420.jpg","contentUrl":"https:\/\/kibrisdakik.com\/wp-content\/uploads\/2024\/09\/asskdsaka-740x420.jpg","width":1131,"height":468},{"@type":"BreadcrumbList","@id":"https:\/\/kibrisdakik.com\/?p=60039#breadcrumb","itemListElement":[{"@type":"ListItem","position":1,"name":"Home","item":"https:\/\/kibrisdakik.com\/"},{"@type":"ListItem","position":2,"name":"Bakan Amcao\u011flu \u0130stanbul\u2019da uluslararas\u0131 g\u0131da fuar\u0131na kat\u0131ld\u0131"}]},{"@type":"WebSite","@id":"https:\/\/kibrisdakik.com\/#website","url":"https:\/\/kibrisdakik.com\/","name":"","description":"Tam vaktinde haber","potentialAction":[{"@type":"SearchAction","target":{"@type":"EntryPoint","urlTemplate":"https:\/\/kibrisdakik.com\/?s={search_term_string}"},"query-input":{"@type":"PropertyValueSpecification","valueRequired":true,"valueName":"search_term_string"}}],"inLanguage":"tr"},{"@type":"Person","@id":"https:\/\/kibrisdakik.com\/#\/schema\/person\/9cd9d437bbb44f72b73ba127e06d8e79","name":"admin","image":{"@type":"ImageObject","inLanguage":"tr","@id":"https:\/\/secure.gravatar.com\/avatar\/ccc17943b9d660506c869530f897617f7cb1c21a4bf30023f252596d83e1f007?s=96&d=mm&r=g","url":"https:\/\/secure.gravatar.com\/avatar\/ccc17943b9d660506c869530f897617f7cb1c21a4bf30023f252596d83e1f007?s=96&d=mm&r=g","contentUrl":"https:\/\/secure.gravatar.com\/avatar\/ccc17943b9d660506c869530f897617f7cb1c21a4bf30023f252596d83e1f007?s=96&d=mm&r=g","caption":"admin"},"sameAs":["https:\/\/kibrisdakik.com"],"url":"https:\/\/kibrisdakik.com\/?author=1"}]}},"_links":{"self":[{"href":"https:\/\/kibrisdakik.com\/index.php?rest_route=\/wp\/v2\/posts\/60039","targetHints":{"allow":["GET"]}}],"collection":[{"href":"https:\/\/kibrisdakik.com\/index.php?rest_route=\/wp\/v2\/posts"}],"about":[{"href":"https:\/\/kibrisdakik.com\/index.php?rest_route=\/wp\/v2\/types\/post"}],"author":[{"embeddable":true,"href":"https:\/\/kibrisdakik.com\/index.php?rest_route=\/wp\/v2\/users\/1"}],"replies":[{"embeddable":true,"href":"https:\/\/kibrisdakik.com\/index.php?rest_route=%2Fwp%2Fv2%2Fcomments&post=60039"}],"version-history":[{"count":0,"href":"https:\/\/kibrisdakik.com\/index.php?rest_route=\/wp\/v2\/posts\/60039\/revisions"}],"wp:featuredmedia":[{"embeddable":true,"href":"https:\/\/kibrisdakik.com\/index.php?rest_route=\/wp\/v2\/media\/60040"}],"wp:attachment":[{"href":"https:\/\/kibrisdakik.com\/index.php?rest_route=%2Fwp%2Fv2%2Fmedia&parent=60039"}],"wp:term":[{"taxonomy":"category","embeddable":true,"href":"https:\/\/kibrisdakik.com\/index.php?rest_route=%2Fwp%2Fv2%2Fcategories&post=60039"},{"taxonomy":"post_tag","embeddable":true,"href":"https:\/\/kibrisdakik.com\/index.php?rest_route=%2Fwp%2Fv2%2Ftags&post=60039"}],"curies":[{"name":"wp","href":"https:\/\/api.w.org\/{rel}","templated":true}]}}