{"id":60075,"date":"2024-09-06T13:22:48","date_gmt":"2024-09-06T10:22:48","guid":{"rendered":"https:\/\/kibrisdakik.com\/index.php\/2024\/09\/06\/dilan-polattan-engin-polatin-tahliye-kararina-ilk-yorum-surpriz-oldu\/"},"modified":"2024-09-06T13:22:48","modified_gmt":"2024-09-06T10:22:48","slug":"dilan-polattan-engin-polatin-tahliye-kararina-ilk-yorum-surpriz-oldu","status":"publish","type":"post","link":"https:\/\/kibrisdakik.com\/?p=60075","title":{"rendered":"Dilan Polat&#8217;tan Engin Polat&#8217;\u0131n tahliye karar\u0131na ilk yorum: S\u00fcrpriz oldu"},"content":{"rendered":"<p><\/p>\n<div id=\"\">\n<p>Kara para aklama su\u00e7lamas\u0131yla tutuklanan ve 40 y\u0131la kadar hapis cezas\u0131yla yarg\u0131lanan Dilan Polat ile e\u015fi Engin Polat&#8217;\u0131n da aralar\u0131nda bulundu\u011fu 28 san\u0131\u011f\u0131n yarg\u0131land\u0131\u011f\u0131 davada tutuklu san\u0131k Engin Polat, Sezgin Polat, Alper K\u00fcr\u015fat Polat ve Ahmet G\u00fcn tahliye edildi. Dilan Polat karar\u0131n\u0131n ard\u0131ndan ailesi ve karde\u015fi S\u0131la Do\u011fu ile birlikte Engin Polat&#8217;\u0131n tahliye edilece\u011fi \u00c7orlu Karatepe Ceza \u0130nfaz Kurumu&#8217;na geldi.<\/p>\n<h3>&#8220;BUG\u00dcN TAMAMLANDI\u011eIMIZ B\u0130R G\u00dcN&#8221;<\/h3>\n<p>Gazetecilere a\u00e7\u0131klamalarda bulunan Dilan Polat, &#8220;T\u00fcrk adaletine \u00e7ok te\u015fekk\u00fcr ediyorum. Sonunda tecelli etti. 10 ayd\u0131r b\u00fct\u00fcn aile birbirinden ayr\u0131yd\u0131. Art\u0131k kavu\u015ftuk. Bug\u00fcn tamamen kavu\u015fma g\u00fcn\u00fc, tamamland\u0131\u011f\u0131m\u0131z bir g\u00fcn. \u00c7ok mutluyum ailemiz tekrar bir araya geliyor. S\u00fcrpriz oldu. D\u00fcn biraz endi\u015feliydim. \u00c7ok dua ettim&#8221; ifadelerini kulland\u0131. <\/p>\n<h3>&#8220;PAYLA\u015eIM YAPMAYI D\u00dc\u015e\u00dcNM\u00dcYORUM&#8221;<\/h3>\n<p>E\u015finin tahliye karar\u0131n\u0131n ard\u0131ndan sosyal medya \u00fczerinden yapt\u0131\u011f\u0131 payla\u015f\u0131m sorulan Polat, &#8220;Yapt\u0131m. Yapmay\u0131 d\u00fc\u015f\u00fcnm\u00fcyorum bir s\u00fcre. Ailemle bir arada olaca\u011f\u0131m in\u015fallah&#8221; dedi. Polat, mahkemenin verdi\u011fi tedbir karar\u0131n\u0131n sorulmas\u0131na da, &#8220;Hi\u00e7 \u00f6nemli de\u011fil, hi\u00e7 \u00f6nemli de\u011fil&#8221; kar\u015f\u0131l\u0131\u011f\u0131n\u0131 verdi.<\/p>\n<h3>SILA DO\u011eU: MASUM OLDU\u011eUMUZA \u0130NANDI\u011eIMIZI HEP S\u00d6YLED\u0130M<\/h3>\n<p>Tahliye karar\u0131 sonras\u0131 aylar sonra ilk kez sosyal medya payla\u015f\u0131m\u0131 yapt\u0131\u011f\u0131 hat\u0131rlat\u0131lan Dilan Polat, &#8220;Bir s\u00fcre payla\u015f\u0131m yapmay\u0131 d\u00fc\u015f\u00fcnm\u00fcyorum. Ailemle bir arada olaca\u011f\u0131m&#8221; dedi. S\u0131la Do\u011fu ise, &#8220;Ben her zaman bekliyordum. Su\u00e7suz oldu\u011fumuzu, masum oldu\u011fumuza inand\u0131\u011f\u0131m\u0131z\u0131 hep s\u00f6yledim. Sonunda T\u00fcrk adaletine te\u015fekk\u00fcr ediyoruz&#8221; \u015feklinde konu\u015ftu.<\/p>\n<p>Engin Polat&#8217;\u0131n cezaevindeki i\u015flemlerinin ard\u0131ndan tahliye edilmesi bekleniyor. <\/p>\n<p><img loading=\"lazy\" decoding=\"async\" class=\"hbptMainImage lazyload ImgDetay\" src=\"https:\/\/foto.haberler.com\/haber\/2024\/09\/06\/dilan-polat-tan-engin-polat-in-tahliye-kararina-17793114_3817_m.jpg\" alt=\"Dilan Polat'tan Engin Polat'\u0131n tahliye karar\u0131na ilk yorum: S\u00fcrpriz oldu\" width=\"484\" height=\"846\"\/><\/p>\n<figure class=\"type:primaryimage hbhOrder\" style=\"margin-bottom: 20px;\"><img loading=\"lazy\" decoding=\"async\" width=\"1202\" height=\"675\" class=\"hbptMainImage\" id=\"HaberImage\" src=\"https:\/\/foto.haberler.com\/resize\/601x337\/haber\/2024\/09\/06\/dilan-polat-tan-engin-polat-in-tahliye-kararina-17793114_4407_amp.jpg\"\/><\/figure>\n<div class=\"editorSade\">Kaynak: \u0130hlas Haber Ajans\u0131 \/  <a href=\"https:\/\/www.haberler.com\/yerel\/\" title=\"Yerel Haberleri\">Yerel<\/a> <\/div>\n<h4 id=\"nwsKeywords\"> <a href=\"https:\/\/www.haberler.com\/dilan-polat\/\" title=\"Dilan Polat\" class=\"hbptTag\">Dilan Polat<\/a>  <a href=\"https:\/\/www.haberler.com\/engin-polat\/\" title=\"Engin Polat\" class=\"hbptTag\">Engin Polat<\/a>  <a href=\"https:\/\/www.haberler.com\/magazin\/\" title=\"Magazin\" class=\"hbptTag\">Magazin<\/a>  <a href=\"https:\/\/www.haberler.com\/guncel\/\" title=\"G\u00fcncel\" class=\"hbptTag\">G\u00fcncel<\/a>  <a href=\"https:\/\/www.haberler.com\/hukuk\/\" title=\"Hukuk\" class=\"hbptTag\">Hukuk<\/a>  <a href=\"https:\/\/www.haberler.com\/corlu\/\" title=\"\u00c7orlu\" class=\"hbptTag\">\u00c7orlu<\/a> <\/h4>\n<\/div>\n","protected":false},"excerpt":{"rendered":"<p>Kara para aklama su\u00e7lamas\u0131yla tutuklanan ve 40 y\u0131la kadar hapis cezas\u0131yla yarg\u0131lanan Dilan Polat ile e\u015fi Engin Polat&#8217;\u0131n da aralar\u0131nda bulundu\u011fu 28 san\u0131\u011f\u0131n yarg\u0131land\u0131\u011f\u0131 davada tutuklu san\u0131k Engin Polat, Sezgin Polat, Alper K\u00fcr\u015fat Polat ve Ahmet G\u00fcn tahliye edildi. Dilan Polat karar\u0131n\u0131n ard\u0131ndan ailesi ve karde\u015fi S\u0131la Do\u011fu ile birlikte Engin Polat&#8217;\u0131n tahliye edilece\u011fi \u00c7orlu<\/p>\n","protected":false},"author":1,"featured_media":60076,"comment_status":"open","ping_status":"open","sticky":false,"template":"","format":"standard","meta":{"footnotes":""},"categories":[83],"tags":[],"class_list":["post-60075","post","type-post","status-publish","format-standard","has-post-thumbnail","hentry","category-magazin"],"yoast_head":"<!-- This site is optimized with the Yoast SEO plugin v27.4 - https:\/\/yoast.com\/product\/yoast-seo-wordpress\/ -->\n<title>Dilan Polat&#039;tan Engin Polat&#039;\u0131n tahliye karar\u0131na ilk yorum: S\u00fcrpriz oldu -<\/title>\n<meta name=\"robots\" content=\"index, follow, max-snippet:-1, max-image-preview:large, max-video-preview:-1\" \/>\n<link rel=\"canonical\" href=\"https:\/\/kibrisdakik.com\/?p=60075\" \/>\n<meta property=\"og:locale\" content=\"tr_TR\" \/>\n<meta property=\"og:type\" content=\"article\" \/>\n<meta property=\"og:title\" content=\"Dilan Polat&#039;tan Engin Polat&#039;\u0131n tahliye karar\u0131na ilk yorum: S\u00fcrpriz oldu -\" \/>\n<meta property=\"og:description\" content=\"Kara para aklama su\u00e7lamas\u0131yla tutuklanan ve 40 y\u0131la kadar hapis cezas\u0131yla yarg\u0131lanan Dilan Polat ile e\u015fi Engin Polat&#8217;\u0131n da aralar\u0131nda bulundu\u011fu 28 san\u0131\u011f\u0131n yarg\u0131land\u0131\u011f\u0131 davada tutuklu san\u0131k Engin Polat, Sezgin Polat, Alper K\u00fcr\u015fat Polat ve Ahmet G\u00fcn tahliye edildi. Dilan Polat karar\u0131n\u0131n ard\u0131ndan ailesi ve karde\u015fi S\u0131la Do\u011fu ile birlikte Engin Polat&#8217;\u0131n tahliye edilece\u011fi \u00c7orlu\" \/>\n<meta property=\"og:url\" content=\"https:\/\/kibrisdakik.com\/?p=60075\" \/>\n<meta property=\"article:published_time\" content=\"2024-09-06T10:22:48+00:00\" \/>\n<meta property=\"og:image\" content=\"https:\/\/kibrisdakik.com\/wp-content\/uploads\/2024\/09\/dilan-polat-tan-engin-polat-in-tahliye-kararina-17793114_3817_m-484x420.jpg\" \/>\n\t<meta property=\"og:image:width\" content=\"484\" \/>\n\t<meta property=\"og:image:height\" content=\"846\" \/>\n\t<meta property=\"og:image:type\" content=\"image\/jpeg\" \/>\n<meta name=\"author\" content=\"admin\" \/>\n<meta name=\"twitter:card\" content=\"summary_large_image\" \/>\n<meta name=\"twitter:label1\" content=\"Yazan:\" \/>\n\t<meta name=\"twitter:data1\" content=\"admin\" \/>\n\t<meta name=\"twitter:label2\" content=\"Tahmini okuma s\u00fcresi\" \/>\n\t<meta name=\"twitter:data2\" content=\"2 dakika\" \/>\n<script type=\"application\/ld+json\" class=\"yoast-schema-graph\">{\"@context\":\"https:\\\/\\\/schema.org\",\"@graph\":[{\"@type\":\"Article\",\"@id\":\"https:\\\/\\\/kibrisdakik.com\\\/?p=60075#article\",\"isPartOf\":{\"@id\":\"https:\\\/\\\/kibrisdakik.com\\\/?p=60075\"},\"author\":{\"name\":\"admin\",\"@id\":\"https:\\\/\\\/kibrisdakik.com\\\/#\\\/schema\\\/person\\\/9cd9d437bbb44f72b73ba127e06d8e79\"},\"headline\":\"Dilan Polat&#8217;tan Engin Polat&#8217;\u0131n tahliye karar\u0131na ilk yorum: S\u00fcrpriz oldu\",\"datePublished\":\"2024-09-06T10:22:48+00:00\",\"mainEntityOfPage\":{\"@id\":\"https:\\\/\\\/kibrisdakik.com\\\/?p=60075\"},\"wordCount\":329,\"commentCount\":0,\"image\":{\"@id\":\"https:\\\/\\\/kibrisdakik.com\\\/?p=60075#primaryimage\"},\"thumbnailUrl\":\"https:\\\/\\\/kibrisdakik.com\\\/wp-content\\\/uploads\\\/2024\\\/09\\\/dilan-polat-tan-engin-polat-in-tahliye-kararina-17793114_3817_m-484x420.jpg\",\"articleSection\":[\"Magazin\"],\"inLanguage\":\"tr\",\"potentialAction\":[{\"@type\":\"CommentAction\",\"name\":\"Comment\",\"target\":[\"https:\\\/\\\/kibrisdakik.com\\\/?p=60075#respond\"]}]},{\"@type\":\"WebPage\",\"@id\":\"https:\\\/\\\/kibrisdakik.com\\\/?p=60075\",\"url\":\"https:\\\/\\\/kibrisdakik.com\\\/?p=60075\",\"name\":\"Dilan Polat'tan Engin Polat'\u0131n tahliye karar\u0131na ilk yorum: S\u00fcrpriz oldu -\",\"isPartOf\":{\"@id\":\"https:\\\/\\\/kibrisdakik.com\\\/#website\"},\"primaryImageOfPage\":{\"@id\":\"https:\\\/\\\/kibrisdakik.com\\\/?p=60075#primaryimage\"},\"image\":{\"@id\":\"https:\\\/\\\/kibrisdakik.com\\\/?p=60075#primaryimage\"},\"thumbnailUrl\":\"https:\\\/\\\/kibrisdakik.com\\\/wp-content\\\/uploads\\\/2024\\\/09\\\/dilan-polat-tan-engin-polat-in-tahliye-kararina-17793114_3817_m-484x420.jpg\",\"datePublished\":\"2024-09-06T10:22:48+00:00\",\"author\":{\"@id\":\"https:\\\/\\\/kibrisdakik.com\\\/#\\\/schema\\\/person\\\/9cd9d437bbb44f72b73ba127e06d8e79\"},\"breadcrumb\":{\"@id\":\"https:\\\/\\\/kibrisdakik.com\\\/?p=60075#breadcrumb\"},\"inLanguage\":\"tr\",\"potentialAction\":[{\"@type\":\"ReadAction\",\"target\":[\"https:\\\/\\\/kibrisdakik.com\\\/?p=60075\"]}]},{\"@type\":\"ImageObject\",\"inLanguage\":\"tr\",\"@id\":\"https:\\\/\\\/kibrisdakik.com\\\/?p=60075#primaryimage\",\"url\":\"https:\\\/\\\/kibrisdakik.com\\\/wp-content\\\/uploads\\\/2024\\\/09\\\/dilan-polat-tan-engin-polat-in-tahliye-kararina-17793114_3817_m-484x420.jpg\",\"contentUrl\":\"https:\\\/\\\/kibrisdakik.com\\\/wp-content\\\/uploads\\\/2024\\\/09\\\/dilan-polat-tan-engin-polat-in-tahliye-kararina-17793114_3817_m-484x420.jpg\",\"width\":484,\"height\":846},{\"@type\":\"BreadcrumbList\",\"@id\":\"https:\\\/\\\/kibrisdakik.com\\\/?p=60075#breadcrumb\",\"itemListElement\":[{\"@type\":\"ListItem\",\"position\":1,\"name\":\"Home\",\"item\":\"https:\\\/\\\/kibrisdakik.com\\\/\"},{\"@type\":\"ListItem\",\"position\":2,\"name\":\"Dilan Polat&#8217;tan Engin Polat&#8217;\u0131n tahliye karar\u0131na ilk yorum: S\u00fcrpriz oldu\"}]},{\"@type\":\"WebSite\",\"@id\":\"https:\\\/\\\/kibrisdakik.com\\\/#website\",\"url\":\"https:\\\/\\\/kibrisdakik.com\\\/\",\"name\":\"\",\"description\":\"Tam vaktinde haber\",\"potentialAction\":[{\"@type\":\"SearchAction\",\"target\":{\"@type\":\"EntryPoint\",\"urlTemplate\":\"https:\\\/\\\/kibrisdakik.com\\\/?s={search_term_string}\"},\"query-input\":{\"@type\":\"PropertyValueSpecification\",\"valueRequired\":true,\"valueName\":\"search_term_string\"}}],\"inLanguage\":\"tr\"},{\"@type\":\"Person\",\"@id\":\"https:\\\/\\\/kibrisdakik.com\\\/#\\\/schema\\\/person\\\/9cd9d437bbb44f72b73ba127e06d8e79\",\"name\":\"admin\",\"image\":{\"@type\":\"ImageObject\",\"inLanguage\":\"tr\",\"@id\":\"https:\\\/\\\/secure.gravatar.com\\\/avatar\\\/ccc17943b9d660506c869530f897617f7cb1c21a4bf30023f252596d83e1f007?s=96&d=mm&r=g\",\"url\":\"https:\\\/\\\/secure.gravatar.com\\\/avatar\\\/ccc17943b9d660506c869530f897617f7cb1c21a4bf30023f252596d83e1f007?s=96&d=mm&r=g\",\"contentUrl\":\"https:\\\/\\\/secure.gravatar.com\\\/avatar\\\/ccc17943b9d660506c869530f897617f7cb1c21a4bf30023f252596d83e1f007?s=96&d=mm&r=g\",\"caption\":\"admin\"},\"sameAs\":[\"https:\\\/\\\/kibrisdakik.com\"],\"url\":\"https:\\\/\\\/kibrisdakik.com\\\/?author=1\"}]}<\/script>\n<!-- \/ Yoast SEO plugin. -->","yoast_head_json":{"title":"Dilan Polat'tan Engin Polat'\u0131n tahliye karar\u0131na ilk yorum: S\u00fcrpriz oldu -","robots":{"index":"index","follow":"follow","max-snippet":"max-snippet:-1","max-image-preview":"max-image-preview:large","max-video-preview":"max-video-preview:-1"},"canonical":"https:\/\/kibrisdakik.com\/?p=60075","og_locale":"tr_TR","og_type":"article","og_title":"Dilan Polat'tan Engin Polat'\u0131n tahliye karar\u0131na ilk yorum: S\u00fcrpriz oldu -","og_description":"Kara para aklama su\u00e7lamas\u0131yla tutuklanan ve 40 y\u0131la kadar hapis cezas\u0131yla yarg\u0131lanan Dilan Polat ile e\u015fi Engin Polat&#8217;\u0131n da aralar\u0131nda bulundu\u011fu 28 san\u0131\u011f\u0131n yarg\u0131land\u0131\u011f\u0131 davada tutuklu san\u0131k Engin Polat, Sezgin Polat, Alper K\u00fcr\u015fat Polat ve Ahmet G\u00fcn tahliye edildi. Dilan Polat karar\u0131n\u0131n ard\u0131ndan ailesi ve karde\u015fi S\u0131la Do\u011fu ile birlikte Engin Polat&#8217;\u0131n tahliye edilece\u011fi \u00c7orlu","og_url":"https:\/\/kibrisdakik.com\/?p=60075","article_published_time":"2024-09-06T10:22:48+00:00","og_image":[{"width":484,"height":846,"url":"https:\/\/kibrisdakik.com\/wp-content\/uploads\/2024\/09\/dilan-polat-tan-engin-polat-in-tahliye-kararina-17793114_3817_m-484x420.jpg","type":"image\/jpeg"}],"author":"admin","twitter_card":"summary_large_image","twitter_misc":{"Yazan:":"admin","Tahmini okuma s\u00fcresi":"2 dakika"},"schema":{"@context":"https:\/\/schema.org","@graph":[{"@type":"Article","@id":"https:\/\/kibrisdakik.com\/?p=60075#article","isPartOf":{"@id":"https:\/\/kibrisdakik.com\/?p=60075"},"author":{"name":"admin","@id":"https:\/\/kibrisdakik.com\/#\/schema\/person\/9cd9d437bbb44f72b73ba127e06d8e79"},"headline":"Dilan Polat&#8217;tan Engin Polat&#8217;\u0131n tahliye karar\u0131na ilk yorum: S\u00fcrpriz oldu","datePublished":"2024-09-06T10:22:48+00:00","mainEntityOfPage":{"@id":"https:\/\/kibrisdakik.com\/?p=60075"},"wordCount":329,"commentCount":0,"image":{"@id":"https:\/\/kibrisdakik.com\/?p=60075#primaryimage"},"thumbnailUrl":"https:\/\/kibrisdakik.com\/wp-content\/uploads\/2024\/09\/dilan-polat-tan-engin-polat-in-tahliye-kararina-17793114_3817_m-484x420.jpg","articleSection":["Magazin"],"inLanguage":"tr","potentialAction":[{"@type":"CommentAction","name":"Comment","target":["https:\/\/kibrisdakik.com\/?p=60075#respond"]}]},{"@type":"WebPage","@id":"https:\/\/kibrisdakik.com\/?p=60075","url":"https:\/\/kibrisdakik.com\/?p=60075","name":"Dilan Polat'tan Engin Polat'\u0131n tahliye karar\u0131na ilk yorum: S\u00fcrpriz oldu -","isPartOf":{"@id":"https:\/\/kibrisdakik.com\/#website"},"primaryImageOfPage":{"@id":"https:\/\/kibrisdakik.com\/?p=60075#primaryimage"},"image":{"@id":"https:\/\/kibrisdakik.com\/?p=60075#primaryimage"},"thumbnailUrl":"https:\/\/kibrisdakik.com\/wp-content\/uploads\/2024\/09\/dilan-polat-tan-engin-polat-in-tahliye-kararina-17793114_3817_m-484x420.jpg","datePublished":"2024-09-06T10:22:48+00:00","author":{"@id":"https:\/\/kibrisdakik.com\/#\/schema\/person\/9cd9d437bbb44f72b73ba127e06d8e79"},"breadcrumb":{"@id":"https:\/\/kibrisdakik.com\/?p=60075#breadcrumb"},"inLanguage":"tr","potentialAction":[{"@type":"ReadAction","target":["https:\/\/kibrisdakik.com\/?p=60075"]}]},{"@type":"ImageObject","inLanguage":"tr","@id":"https:\/\/kibrisdakik.com\/?p=60075#primaryimage","url":"https:\/\/kibrisdakik.com\/wp-content\/uploads\/2024\/09\/dilan-polat-tan-engin-polat-in-tahliye-kararina-17793114_3817_m-484x420.jpg","contentUrl":"https:\/\/kibrisdakik.com\/wp-content\/uploads\/2024\/09\/dilan-polat-tan-engin-polat-in-tahliye-kararina-17793114_3817_m-484x420.jpg","width":484,"height":846},{"@type":"BreadcrumbList","@id":"https:\/\/kibrisdakik.com\/?p=60075#breadcrumb","itemListElement":[{"@type":"ListItem","position":1,"name":"Home","item":"https:\/\/kibrisdakik.com\/"},{"@type":"ListItem","position":2,"name":"Dilan Polat&#8217;tan Engin Polat&#8217;\u0131n tahliye karar\u0131na ilk yorum: S\u00fcrpriz oldu"}]},{"@type":"WebSite","@id":"https:\/\/kibrisdakik.com\/#website","url":"https:\/\/kibrisdakik.com\/","name":"","description":"Tam vaktinde haber","potentialAction":[{"@type":"SearchAction","target":{"@type":"EntryPoint","urlTemplate":"https:\/\/kibrisdakik.com\/?s={search_term_string}"},"query-input":{"@type":"PropertyValueSpecification","valueRequired":true,"valueName":"search_term_string"}}],"inLanguage":"tr"},{"@type":"Person","@id":"https:\/\/kibrisdakik.com\/#\/schema\/person\/9cd9d437bbb44f72b73ba127e06d8e79","name":"admin","image":{"@type":"ImageObject","inLanguage":"tr","@id":"https:\/\/secure.gravatar.com\/avatar\/ccc17943b9d660506c869530f897617f7cb1c21a4bf30023f252596d83e1f007?s=96&d=mm&r=g","url":"https:\/\/secure.gravatar.com\/avatar\/ccc17943b9d660506c869530f897617f7cb1c21a4bf30023f252596d83e1f007?s=96&d=mm&r=g","contentUrl":"https:\/\/secure.gravatar.com\/avatar\/ccc17943b9d660506c869530f897617f7cb1c21a4bf30023f252596d83e1f007?s=96&d=mm&r=g","caption":"admin"},"sameAs":["https:\/\/kibrisdakik.com"],"url":"https:\/\/kibrisdakik.com\/?author=1"}]}},"_links":{"self":[{"href":"https:\/\/kibrisdakik.com\/index.php?rest_route=\/wp\/v2\/posts\/60075","targetHints":{"allow":["GET"]}}],"collection":[{"href":"https:\/\/kibrisdakik.com\/index.php?rest_route=\/wp\/v2\/posts"}],"about":[{"href":"https:\/\/kibrisdakik.com\/index.php?rest_route=\/wp\/v2\/types\/post"}],"author":[{"embeddable":true,"href":"https:\/\/kibrisdakik.com\/index.php?rest_route=\/wp\/v2\/users\/1"}],"replies":[{"embeddable":true,"href":"https:\/\/kibrisdakik.com\/index.php?rest_route=%2Fwp%2Fv2%2Fcomments&post=60075"}],"version-history":[{"count":0,"href":"https:\/\/kibrisdakik.com\/index.php?rest_route=\/wp\/v2\/posts\/60075\/revisions"}],"wp:featuredmedia":[{"embeddable":true,"href":"https:\/\/kibrisdakik.com\/index.php?rest_route=\/wp\/v2\/media\/60076"}],"wp:attachment":[{"href":"https:\/\/kibrisdakik.com\/index.php?rest_route=%2Fwp%2Fv2%2Fmedia&parent=60075"}],"wp:term":[{"taxonomy":"category","embeddable":true,"href":"https:\/\/kibrisdakik.com\/index.php?rest_route=%2Fwp%2Fv2%2Fcategories&post=60075"},{"taxonomy":"post_tag","embeddable":true,"href":"https:\/\/kibrisdakik.com\/index.php?rest_route=%2Fwp%2Fv2%2Ftags&post=60075"}],"curies":[{"name":"wp","href":"https:\/\/api.w.org\/{rel}","templated":true}]}}