{"id":60077,"date":"2024-09-06T11:38:11","date_gmt":"2024-09-06T08:38:11","guid":{"rendered":"https:\/\/kibrisdakik.com\/index.php\/2024\/09\/06\/istanbulda-pazartesi-alarmi-toplu-ulasim-bedava\/"},"modified":"2024-09-06T11:38:11","modified_gmt":"2024-09-06T08:38:11","slug":"istanbulda-pazartesi-alarmi-toplu-ulasim-bedava","status":"publish","type":"post","link":"https:\/\/kibrisdakik.com\/?p=60077","title":{"rendered":"\u0130stanbul&#8217;da &#8216;Pazartesi&#8217; alarm\u0131! Toplu ula\u015f\u0131m bedava"},"content":{"rendered":"<p><\/p>\n<div id=\"\">\n<p>\u0130stanbul genelinde 9 Eyl\u00fcl Pazartesi g\u00fcn\u00fc okullar\u0131n a\u00e7\u0131lmas\u0131 ile birlikte 17 bin okul servisi trafi\u011fe \u00e7\u0131karken bu servislerde yakla\u015f\u0131k 320 bin \u00f6\u011frenci ta\u015f\u0131nacak. Okullar\u0131n a\u00e7\u0131ld\u0131\u011f\u0131 g\u00fcn \u0130stanbul&#8217;da 06.00 &#8211; 16.00 saatleri aras\u0131nda \u0130BB&#8217;ye ba\u011fl\u0131 toplu ula\u015f\u0131m ara\u00e7lar\u0131 \u00fccretsiz olurken, \u0130SPARK ise okul servis ara\u00e7lar\u0131na ilk g\u00fcn \u00fccretsiz hizmet verecek.<\/p>\n<p>\u0130ETT, okullar\u0131n a\u00e7\u0131lmas\u0131ndan itibaren her g\u00fcn bin 716 ek sefer yapacak. 137 binden fazla yolcu bu seferlerle toplu ta\u015f\u0131maya y\u00f6nlendirilmi\u015f olurken, 114 bin arac\u0131n bu tedbirlerle trafikten \u00e7ekilmesi hedefleniyor. Metro \u0130stanbul da 435 ilave sefer planl\u0131yor. Bu seferlerle yakla\u015f\u0131k 500 bin yolcunun toplu ta\u015f\u0131maya y\u00f6nelmesi bekleniyor. B\u00f6ylelikle 433 bin arac\u0131n \u0130stanbul trafi\u011fine \u00e7\u0131kmamas\u0131 bekleniyor. Ayr\u0131ca okullar\u0131n a\u00e7\u0131lmas\u0131yla birlikte ilk 2 g\u00fcn okul servis ara\u00e7lar\u0131, arabal\u0131 vapurlardan \u00f6ncelikli olarak yararlanacak. \u0130DO&#8217;nun Sirkeci-Harem hatt\u0131ndaki yaya yolcular \u00fccretsiz seyahat edecek.<\/p>\n<p>\u015eehir Hatlar\u0131 da ek vapur seferleri d\u00fczenleyecek. \u015eehir Hatlar\u0131 ayr\u0131ca, yaz tarifesinin sona ermesiyle birlikte k\u0131\u015f tarifesine ge\u00e7ecek. K\u0131\u015f tarifesi 9 Eyl\u00fcl 2024 &#8211; 22 Haziran 2025 tarihleri aras\u0131nda ge\u00e7erli olacak.<\/p>\n<h3>\u0130STANBUL TRAF\u0130\u011e\u0130NE YAKIN TAK\u0130P <\/h3>\n<p>\u0130BB ve ilgili e\u011fitim kurumlar\u0131, AKOM (Afet Koordinasyon Merkezi) ve UYM&#8217;de ( <a class=\"keyword\" href=\"https:\/\/www.haberler.com\/ulasim\/\" title=\"Ula\u015f\u0131m Haberleri, Ula\u015f\u0131m Haberi, Ula\u015f\u0131m Haber\"><strong>Ula\u015f\u0131m<\/strong><\/a> Y\u00f6netim Merkezi) 9 Eyl\u00fcl pazartesi sabah saat 06.00 itibari ile toplanarak 3 g\u00fcn boyunca n\u00f6bet tutacak. Kent i\u00e7i kameralar\u0131ndan \u0130stanbul trafi\u011fi izlenecek, t\u0131kanan arterler ilgili durum birimlere bildirilip an\u0131nda m\u00fcdahale edilecek. Trafik M\u00fcd\u00fcrl\u00fc\u011f\u00fc&#8217;ne ba\u011fl\u0131 Mobil EDS ara\u00e7lar\u0131 ile Toplu Ula\u015f\u0131m Hizmetleri M\u00fcd\u00fcrl\u00fc\u011f\u00fc denetim ekipleri, sivil trafik ve zab\u0131ta ekipleri koordineli olarak denetimlerde bulunacak.<\/p>\n<p>113 ekipten olu\u015fan 259 zab\u0131ta personeli, aktif olarak okullarda g\u00f6rev alacak, trafi\u011fin yo\u011fun oldu\u011fu kav\u015faklarda 10 adet \u00e7ekici ara\u00e7 hizmet verecek. Sabah-ak\u015fam zab\u0131ta ve polis memurlar\u0131 taraf\u0131ndan trafik denetimi yap\u0131lmas\u0131 ve y\u00f6nlendirilmesi sa\u011flanacak.<\/p>\n<h3>\u015eANT\u0130YELERDE \u00c7ALI\u015eMALAR B\u0130T\u0130R\u0130LECEK<\/h3>\n<p>\u015eantiyelerde okullar\u0131n a\u00e7\u0131ld\u0131\u011f\u0131 hafta \u00e7al\u0131\u015fma yap\u0131lmayacak, mevcut \u00e7al\u0131\u015fmalar okul a\u00e7\u0131l\u0131\u015f \u00f6ncesinde tamamlanacak. Devam\u0131 zaruri \u00e7al\u0131\u015fmalar ise gece vardiyas\u0131nda s\u00fcrd\u00fcr\u00fclecek. Acil durumlar i\u00e7in 7\/24 n\u00f6bet\u00e7i ekip bulunacak. Yol denetim ekipleri de cadde ve sokaklarda denetimler yapacak. Hasar g\u00f6rm\u00fc\u015f altyap\u0131lara da an\u0131nda m\u00fcdahale edilecek. <\/p>\n<figure class=\"type:primaryimage hbhOrder\" style=\"margin-bottom: 20px;\"><img loading=\"lazy\" decoding=\"async\" width=\"1200\" height=\"675\" class=\"hbptMainImage\" id=\"HaberImage\" src=\"https:\/\/foto.haberler.com\/resize\/600x337\/haber\/2024\/09\/06\/istanbul-da-pazartesi-alarmi-toplu-ulasim-17792587_4560_amp.jpg\"\/><\/figure>\n<div class=\"editorSade\">Kaynak: \u0130hlas Haber Ajans\u0131 \/  <a href=\"https:\/\/www.haberler.com\/yerel\/\" title=\"Yerel Haberleri\">Yerel<\/a> <\/div>\n<h4 id=\"nwsKeywords\"> <a href=\"https:\/\/www.haberler.com\/belediye\/\" title=\"Belediye\" class=\"hbptTag\">Belediye<\/a>  <a href=\"https:\/\/www.haberler.com\/istanbul\/\" title=\"istanbul\" class=\"hbptTag\">istanbul<\/a>  <a href=\"https:\/\/www.haberler.com\/ulasim\/\" title=\"Ula\u015f\u0131m\" class=\"hbptTag\">Ula\u015f\u0131m<\/a>  <a href=\"https:\/\/www.haberler.com\/trafik\/\" title=\"trafik\" class=\"hbptTag\">trafik<\/a>  <a href=\"https:\/\/www.haberler.com\/guncel\/\" title=\"G\u00fcncel\" class=\"hbptTag\">G\u00fcncel<\/a>  <a href=\"https:\/\/www.haberler.com\/yerel\/\" title=\"Yerel\" class=\"hbptTag\">Yerel<\/a>  <a href=\"https:\/\/www.haberler.com\/yasam\/\" title=\"Ya\u015fam\" class=\"hbptTag\">Ya\u015fam<\/a> <\/h4>\n<\/div>\n","protected":false},"excerpt":{"rendered":"<p>\u0130stanbul genelinde 9 Eyl\u00fcl Pazartesi g\u00fcn\u00fc okullar\u0131n a\u00e7\u0131lmas\u0131 ile birlikte 17 bin okul servisi trafi\u011fe \u00e7\u0131karken bu servislerde yakla\u015f\u0131k 320 bin \u00f6\u011frenci ta\u015f\u0131nacak. Okullar\u0131n a\u00e7\u0131ld\u0131\u011f\u0131 g\u00fcn \u0130stanbul&#8217;da 06.00 &#8211; 16.00 saatleri aras\u0131nda \u0130BB&#8217;ye ba\u011fl\u0131 toplu ula\u015f\u0131m ara\u00e7lar\u0131 \u00fccretsiz olurken, \u0130SPARK ise okul servis ara\u00e7lar\u0131na ilk g\u00fcn \u00fccretsiz hizmet verecek. \u0130ETT, okullar\u0131n a\u00e7\u0131lmas\u0131ndan itibaren her g\u00fcn<\/p>\n","protected":false},"author":1,"featured_media":60078,"comment_status":"open","ping_status":"open","sticky":false,"template":"","format":"standard","meta":{"footnotes":""},"categories":[83],"tags":[],"class_list":["post-60077","post","type-post","status-publish","format-standard","has-post-thumbnail","hentry","category-magazin"],"yoast_head":"<!-- This site is optimized with the Yoast SEO plugin v27.4 - https:\/\/yoast.com\/product\/yoast-seo-wordpress\/ -->\n<title>\u0130stanbul&#039;da &#039;Pazartesi&#039; alarm\u0131! Toplu ula\u015f\u0131m bedava -<\/title>\n<meta name=\"robots\" content=\"index, follow, max-snippet:-1, max-image-preview:large, max-video-preview:-1\" \/>\n<link rel=\"canonical\" href=\"https:\/\/kibrisdakik.com\/?p=60077\" \/>\n<meta property=\"og:locale\" content=\"tr_TR\" \/>\n<meta property=\"og:type\" content=\"article\" \/>\n<meta property=\"og:title\" content=\"\u0130stanbul&#039;da &#039;Pazartesi&#039; alarm\u0131! Toplu ula\u015f\u0131m bedava -\" \/>\n<meta property=\"og:description\" content=\"\u0130stanbul genelinde 9 Eyl\u00fcl Pazartesi g\u00fcn\u00fc okullar\u0131n a\u00e7\u0131lmas\u0131 ile birlikte 17 bin okul servisi trafi\u011fe \u00e7\u0131karken bu servislerde yakla\u015f\u0131k 320 bin \u00f6\u011frenci ta\u015f\u0131nacak. Okullar\u0131n a\u00e7\u0131ld\u0131\u011f\u0131 g\u00fcn \u0130stanbul&#8217;da 06.00 &#8211; 16.00 saatleri aras\u0131nda \u0130BB&#8217;ye ba\u011fl\u0131 toplu ula\u015f\u0131m ara\u00e7lar\u0131 \u00fccretsiz olurken, \u0130SPARK ise okul servis ara\u00e7lar\u0131na ilk g\u00fcn \u00fccretsiz hizmet verecek. \u0130ETT, okullar\u0131n a\u00e7\u0131lmas\u0131ndan itibaren her g\u00fcn\" \/>\n<meta property=\"og:url\" content=\"https:\/\/kibrisdakik.com\/?p=60077\" \/>\n<meta property=\"article:published_time\" content=\"2024-09-06T08:38:11+00:00\" \/>\n<meta property=\"og:image\" content=\"https:\/\/kibrisdakik.com\/wp-content\/uploads\/2024\/09\/istanbul-da-pazartesi-alarmi-toplu-ulasim-17792587_4560_amp.jpg\" \/>\n\t<meta property=\"og:image:width\" content=\"600\" \/>\n\t<meta property=\"og:image:height\" content=\"337\" \/>\n\t<meta property=\"og:image:type\" content=\"image\/jpeg\" \/>\n<meta name=\"author\" content=\"admin\" \/>\n<meta name=\"twitter:card\" content=\"summary_large_image\" \/>\n<meta name=\"twitter:label1\" content=\"Yazan:\" \/>\n\t<meta name=\"twitter:data1\" content=\"admin\" \/>\n\t<meta name=\"twitter:label2\" content=\"Tahmini okuma s\u00fcresi\" \/>\n\t<meta name=\"twitter:data2\" content=\"2 dakika\" \/>\n<script type=\"application\/ld+json\" class=\"yoast-schema-graph\">{\"@context\":\"https:\\\/\\\/schema.org\",\"@graph\":[{\"@type\":\"Article\",\"@id\":\"https:\\\/\\\/kibrisdakik.com\\\/?p=60077#article\",\"isPartOf\":{\"@id\":\"https:\\\/\\\/kibrisdakik.com\\\/?p=60077\"},\"author\":{\"name\":\"admin\",\"@id\":\"https:\\\/\\\/kibrisdakik.com\\\/#\\\/schema\\\/person\\\/9cd9d437bbb44f72b73ba127e06d8e79\"},\"headline\":\"\u0130stanbul&#8217;da &#8216;Pazartesi&#8217; alarm\u0131! Toplu ula\u015f\u0131m bedava\",\"datePublished\":\"2024-09-06T08:38:11+00:00\",\"mainEntityOfPage\":{\"@id\":\"https:\\\/\\\/kibrisdakik.com\\\/?p=60077\"},\"wordCount\":406,\"commentCount\":0,\"image\":{\"@id\":\"https:\\\/\\\/kibrisdakik.com\\\/?p=60077#primaryimage\"},\"thumbnailUrl\":\"https:\\\/\\\/kibrisdakik.com\\\/wp-content\\\/uploads\\\/2024\\\/09\\\/istanbul-da-pazartesi-alarmi-toplu-ulasim-17792587_4560_amp.jpg\",\"articleSection\":[\"Magazin\"],\"inLanguage\":\"tr\",\"potentialAction\":[{\"@type\":\"CommentAction\",\"name\":\"Comment\",\"target\":[\"https:\\\/\\\/kibrisdakik.com\\\/?p=60077#respond\"]}]},{\"@type\":\"WebPage\",\"@id\":\"https:\\\/\\\/kibrisdakik.com\\\/?p=60077\",\"url\":\"https:\\\/\\\/kibrisdakik.com\\\/?p=60077\",\"name\":\"\u0130stanbul'da 'Pazartesi' alarm\u0131! Toplu ula\u015f\u0131m bedava -\",\"isPartOf\":{\"@id\":\"https:\\\/\\\/kibrisdakik.com\\\/#website\"},\"primaryImageOfPage\":{\"@id\":\"https:\\\/\\\/kibrisdakik.com\\\/?p=60077#primaryimage\"},\"image\":{\"@id\":\"https:\\\/\\\/kibrisdakik.com\\\/?p=60077#primaryimage\"},\"thumbnailUrl\":\"https:\\\/\\\/kibrisdakik.com\\\/wp-content\\\/uploads\\\/2024\\\/09\\\/istanbul-da-pazartesi-alarmi-toplu-ulasim-17792587_4560_amp.jpg\",\"datePublished\":\"2024-09-06T08:38:11+00:00\",\"author\":{\"@id\":\"https:\\\/\\\/kibrisdakik.com\\\/#\\\/schema\\\/person\\\/9cd9d437bbb44f72b73ba127e06d8e79\"},\"breadcrumb\":{\"@id\":\"https:\\\/\\\/kibrisdakik.com\\\/?p=60077#breadcrumb\"},\"inLanguage\":\"tr\",\"potentialAction\":[{\"@type\":\"ReadAction\",\"target\":[\"https:\\\/\\\/kibrisdakik.com\\\/?p=60077\"]}]},{\"@type\":\"ImageObject\",\"inLanguage\":\"tr\",\"@id\":\"https:\\\/\\\/kibrisdakik.com\\\/?p=60077#primaryimage\",\"url\":\"https:\\\/\\\/kibrisdakik.com\\\/wp-content\\\/uploads\\\/2024\\\/09\\\/istanbul-da-pazartesi-alarmi-toplu-ulasim-17792587_4560_amp.jpg\",\"contentUrl\":\"https:\\\/\\\/kibrisdakik.com\\\/wp-content\\\/uploads\\\/2024\\\/09\\\/istanbul-da-pazartesi-alarmi-toplu-ulasim-17792587_4560_amp.jpg\",\"width\":600,\"height\":337},{\"@type\":\"BreadcrumbList\",\"@id\":\"https:\\\/\\\/kibrisdakik.com\\\/?p=60077#breadcrumb\",\"itemListElement\":[{\"@type\":\"ListItem\",\"position\":1,\"name\":\"Home\",\"item\":\"https:\\\/\\\/kibrisdakik.com\\\/\"},{\"@type\":\"ListItem\",\"position\":2,\"name\":\"\u0130stanbul&#8217;da &#8216;Pazartesi&#8217; alarm\u0131! Toplu ula\u015f\u0131m bedava\"}]},{\"@type\":\"WebSite\",\"@id\":\"https:\\\/\\\/kibrisdakik.com\\\/#website\",\"url\":\"https:\\\/\\\/kibrisdakik.com\\\/\",\"name\":\"\",\"description\":\"Tam vaktinde haber\",\"potentialAction\":[{\"@type\":\"SearchAction\",\"target\":{\"@type\":\"EntryPoint\",\"urlTemplate\":\"https:\\\/\\\/kibrisdakik.com\\\/?s={search_term_string}\"},\"query-input\":{\"@type\":\"PropertyValueSpecification\",\"valueRequired\":true,\"valueName\":\"search_term_string\"}}],\"inLanguage\":\"tr\"},{\"@type\":\"Person\",\"@id\":\"https:\\\/\\\/kibrisdakik.com\\\/#\\\/schema\\\/person\\\/9cd9d437bbb44f72b73ba127e06d8e79\",\"name\":\"admin\",\"image\":{\"@type\":\"ImageObject\",\"inLanguage\":\"tr\",\"@id\":\"https:\\\/\\\/secure.gravatar.com\\\/avatar\\\/ccc17943b9d660506c869530f897617f7cb1c21a4bf30023f252596d83e1f007?s=96&d=mm&r=g\",\"url\":\"https:\\\/\\\/secure.gravatar.com\\\/avatar\\\/ccc17943b9d660506c869530f897617f7cb1c21a4bf30023f252596d83e1f007?s=96&d=mm&r=g\",\"contentUrl\":\"https:\\\/\\\/secure.gravatar.com\\\/avatar\\\/ccc17943b9d660506c869530f897617f7cb1c21a4bf30023f252596d83e1f007?s=96&d=mm&r=g\",\"caption\":\"admin\"},\"sameAs\":[\"https:\\\/\\\/kibrisdakik.com\"],\"url\":\"https:\\\/\\\/kibrisdakik.com\\\/?author=1\"}]}<\/script>\n<!-- \/ Yoast SEO plugin. -->","yoast_head_json":{"title":"\u0130stanbul'da 'Pazartesi' alarm\u0131! Toplu ula\u015f\u0131m bedava -","robots":{"index":"index","follow":"follow","max-snippet":"max-snippet:-1","max-image-preview":"max-image-preview:large","max-video-preview":"max-video-preview:-1"},"canonical":"https:\/\/kibrisdakik.com\/?p=60077","og_locale":"tr_TR","og_type":"article","og_title":"\u0130stanbul'da 'Pazartesi' alarm\u0131! Toplu ula\u015f\u0131m bedava -","og_description":"\u0130stanbul genelinde 9 Eyl\u00fcl Pazartesi g\u00fcn\u00fc okullar\u0131n a\u00e7\u0131lmas\u0131 ile birlikte 17 bin okul servisi trafi\u011fe \u00e7\u0131karken bu servislerde yakla\u015f\u0131k 320 bin \u00f6\u011frenci ta\u015f\u0131nacak. Okullar\u0131n a\u00e7\u0131ld\u0131\u011f\u0131 g\u00fcn \u0130stanbul&#8217;da 06.00 &#8211; 16.00 saatleri aras\u0131nda \u0130BB&#8217;ye ba\u011fl\u0131 toplu ula\u015f\u0131m ara\u00e7lar\u0131 \u00fccretsiz olurken, \u0130SPARK ise okul servis ara\u00e7lar\u0131na ilk g\u00fcn \u00fccretsiz hizmet verecek. \u0130ETT, okullar\u0131n a\u00e7\u0131lmas\u0131ndan itibaren her g\u00fcn","og_url":"https:\/\/kibrisdakik.com\/?p=60077","article_published_time":"2024-09-06T08:38:11+00:00","og_image":[{"width":600,"height":337,"url":"https:\/\/kibrisdakik.com\/wp-content\/uploads\/2024\/09\/istanbul-da-pazartesi-alarmi-toplu-ulasim-17792587_4560_amp.jpg","type":"image\/jpeg"}],"author":"admin","twitter_card":"summary_large_image","twitter_misc":{"Yazan:":"admin","Tahmini okuma s\u00fcresi":"2 dakika"},"schema":{"@context":"https:\/\/schema.org","@graph":[{"@type":"Article","@id":"https:\/\/kibrisdakik.com\/?p=60077#article","isPartOf":{"@id":"https:\/\/kibrisdakik.com\/?p=60077"},"author":{"name":"admin","@id":"https:\/\/kibrisdakik.com\/#\/schema\/person\/9cd9d437bbb44f72b73ba127e06d8e79"},"headline":"\u0130stanbul&#8217;da &#8216;Pazartesi&#8217; alarm\u0131! Toplu ula\u015f\u0131m bedava","datePublished":"2024-09-06T08:38:11+00:00","mainEntityOfPage":{"@id":"https:\/\/kibrisdakik.com\/?p=60077"},"wordCount":406,"commentCount":0,"image":{"@id":"https:\/\/kibrisdakik.com\/?p=60077#primaryimage"},"thumbnailUrl":"https:\/\/kibrisdakik.com\/wp-content\/uploads\/2024\/09\/istanbul-da-pazartesi-alarmi-toplu-ulasim-17792587_4560_amp.jpg","articleSection":["Magazin"],"inLanguage":"tr","potentialAction":[{"@type":"CommentAction","name":"Comment","target":["https:\/\/kibrisdakik.com\/?p=60077#respond"]}]},{"@type":"WebPage","@id":"https:\/\/kibrisdakik.com\/?p=60077","url":"https:\/\/kibrisdakik.com\/?p=60077","name":"\u0130stanbul'da 'Pazartesi' alarm\u0131! Toplu ula\u015f\u0131m bedava -","isPartOf":{"@id":"https:\/\/kibrisdakik.com\/#website"},"primaryImageOfPage":{"@id":"https:\/\/kibrisdakik.com\/?p=60077#primaryimage"},"image":{"@id":"https:\/\/kibrisdakik.com\/?p=60077#primaryimage"},"thumbnailUrl":"https:\/\/kibrisdakik.com\/wp-content\/uploads\/2024\/09\/istanbul-da-pazartesi-alarmi-toplu-ulasim-17792587_4560_amp.jpg","datePublished":"2024-09-06T08:38:11+00:00","author":{"@id":"https:\/\/kibrisdakik.com\/#\/schema\/person\/9cd9d437bbb44f72b73ba127e06d8e79"},"breadcrumb":{"@id":"https:\/\/kibrisdakik.com\/?p=60077#breadcrumb"},"inLanguage":"tr","potentialAction":[{"@type":"ReadAction","target":["https:\/\/kibrisdakik.com\/?p=60077"]}]},{"@type":"ImageObject","inLanguage":"tr","@id":"https:\/\/kibrisdakik.com\/?p=60077#primaryimage","url":"https:\/\/kibrisdakik.com\/wp-content\/uploads\/2024\/09\/istanbul-da-pazartesi-alarmi-toplu-ulasim-17792587_4560_amp.jpg","contentUrl":"https:\/\/kibrisdakik.com\/wp-content\/uploads\/2024\/09\/istanbul-da-pazartesi-alarmi-toplu-ulasim-17792587_4560_amp.jpg","width":600,"height":337},{"@type":"BreadcrumbList","@id":"https:\/\/kibrisdakik.com\/?p=60077#breadcrumb","itemListElement":[{"@type":"ListItem","position":1,"name":"Home","item":"https:\/\/kibrisdakik.com\/"},{"@type":"ListItem","position":2,"name":"\u0130stanbul&#8217;da &#8216;Pazartesi&#8217; alarm\u0131! Toplu ula\u015f\u0131m bedava"}]},{"@type":"WebSite","@id":"https:\/\/kibrisdakik.com\/#website","url":"https:\/\/kibrisdakik.com\/","name":"","description":"Tam vaktinde haber","potentialAction":[{"@type":"SearchAction","target":{"@type":"EntryPoint","urlTemplate":"https:\/\/kibrisdakik.com\/?s={search_term_string}"},"query-input":{"@type":"PropertyValueSpecification","valueRequired":true,"valueName":"search_term_string"}}],"inLanguage":"tr"},{"@type":"Person","@id":"https:\/\/kibrisdakik.com\/#\/schema\/person\/9cd9d437bbb44f72b73ba127e06d8e79","name":"admin","image":{"@type":"ImageObject","inLanguage":"tr","@id":"https:\/\/secure.gravatar.com\/avatar\/ccc17943b9d660506c869530f897617f7cb1c21a4bf30023f252596d83e1f007?s=96&d=mm&r=g","url":"https:\/\/secure.gravatar.com\/avatar\/ccc17943b9d660506c869530f897617f7cb1c21a4bf30023f252596d83e1f007?s=96&d=mm&r=g","contentUrl":"https:\/\/secure.gravatar.com\/avatar\/ccc17943b9d660506c869530f897617f7cb1c21a4bf30023f252596d83e1f007?s=96&d=mm&r=g","caption":"admin"},"sameAs":["https:\/\/kibrisdakik.com"],"url":"https:\/\/kibrisdakik.com\/?author=1"}]}},"_links":{"self":[{"href":"https:\/\/kibrisdakik.com\/index.php?rest_route=\/wp\/v2\/posts\/60077","targetHints":{"allow":["GET"]}}],"collection":[{"href":"https:\/\/kibrisdakik.com\/index.php?rest_route=\/wp\/v2\/posts"}],"about":[{"href":"https:\/\/kibrisdakik.com\/index.php?rest_route=\/wp\/v2\/types\/post"}],"author":[{"embeddable":true,"href":"https:\/\/kibrisdakik.com\/index.php?rest_route=\/wp\/v2\/users\/1"}],"replies":[{"embeddable":true,"href":"https:\/\/kibrisdakik.com\/index.php?rest_route=%2Fwp%2Fv2%2Fcomments&post=60077"}],"version-history":[{"count":0,"href":"https:\/\/kibrisdakik.com\/index.php?rest_route=\/wp\/v2\/posts\/60077\/revisions"}],"wp:featuredmedia":[{"embeddable":true,"href":"https:\/\/kibrisdakik.com\/index.php?rest_route=\/wp\/v2\/media\/60078"}],"wp:attachment":[{"href":"https:\/\/kibrisdakik.com\/index.php?rest_route=%2Fwp%2Fv2%2Fmedia&parent=60077"}],"wp:term":[{"taxonomy":"category","embeddable":true,"href":"https:\/\/kibrisdakik.com\/index.php?rest_route=%2Fwp%2Fv2%2Fcategories&post=60077"},{"taxonomy":"post_tag","embeddable":true,"href":"https:\/\/kibrisdakik.com\/index.php?rest_route=%2Fwp%2Fv2%2Ftags&post=60077"}],"curies":[{"name":"wp","href":"https:\/\/api.w.org\/{rel}","templated":true}]}}