{"id":60103,"date":"2024-09-06T15:12:04","date_gmt":"2024-09-06T12:12:04","guid":{"rendered":"https:\/\/kibrisdakik.com\/index.php\/2024\/09\/06\/ctp-genclik-orgutu-baskanligina-ismail-barbaros-secildi\/"},"modified":"2024-09-06T15:12:04","modified_gmt":"2024-09-06T12:12:04","slug":"ctp-genclik-orgutu-baskanligina-ismail-barbaros-secildi","status":"publish","type":"post","link":"https:\/\/kibrisdakik.com\/?p=60103","title":{"rendered":"CTP Gen\u00e7lik \u00d6rg\u00fct\u00fc Ba\u015fkanl\u0131\u011f\u0131na \u0130smail Barbaros se\u00e7ildi"},"content":{"rendered":"<div>\n<div class=\"mariselle-image-container center\">\n                                            <\/div>\n<p>Cumhuriyet\u00e7i T\u00fcrk Partisi (CTP) Gen\u00e7lik \u00d6rg\u00fct\u00fc\u2019n\u00fcn  \u201cBu Yolu Birlikte Y\u00fcr\u00fcyece\u011fiz\u201d slogan\u0131yla d\u00fcn yap\u0131lan 20\u2019nci Ola\u011fan Kongresi\u2019nde CTP Gen\u00e7lik \u00d6rg\u00fct\u00fc ba\u015fkanl\u0131\u011f\u0131na \u0130smail Barbaros se\u00e7ildi.<\/p>\n<p>CTP\u2019den verilen bilgiye g\u00f6re, The Paradise Park\u2019ta yer alan kongreye Genel Ba\u015fkan Tufan Erh\u00fcrman, Genel Sekreter As\u0131m Akansoy, baz\u0131 CTP milletvekilleri, MYK ve PM \u00fcyeleri, KKTC ve G\u00fcney K\u0131br\u0131s\u2019tan baz\u0131 gen\u00e7lik \u00f6rg\u00fct\u00fc \u00fcyeleri kat\u0131ld\u0131. Cumhuriyet Halk Partisi (CHP) Gen\u00e7lik Kollar\u0131 da kongreye mesaj g\u00f6nderdi.<\/p>\n<p>Gen\u00e7lik \u00d6rg\u00fct\u00fc Ba\u015fkanl\u0131\u011f\u0131 i\u00e7in \u00c7ise Mevlit ile \u0130smail Barbaros\u2019un yar\u0131\u015ft\u0131\u011f\u0131 kongrede Gen\u00e7lik Meclisi se\u00e7imi de yap\u0131ld\u0131.<\/p>\n<p>Kongrede Genel Ba\u015fkan Tufan Erh\u00fcrman, 19. D\u00f6nem Gen\u00e7lik \u00d6rg\u00fct\u00fc Ba\u015fkan\u0131 \u00c7ise Mevlit ve 20. D\u00f6nem Gen\u00e7lik \u00d6rg\u00fct\u00fc Ba\u015fkanl\u0131\u011f\u0131na se\u00e7ilen \u0130smail Barbaros konu\u015fma yapt\u0131. Faaliyet ve mali raporlar\u0131n okunmas\u0131n\u0131n ard\u0131ndan organlara aday olanlar\u0131n tan\u0131t\u0131m\u0131 ger\u00e7ekle\u015fti ve se\u00e7im yap\u0131ld\u0131. Kongre, dilek ve temennilerin dile getirilmesiyle sona erdi.<\/p>\n<p><strong>-Erh\u00fcrman: \u201cGen\u00e7lere \u00f6nemli g\u00f6revler d\u00fc\u015f\u00fcyor\u201d<\/strong><\/p>\n<p>CTP Genel Ba\u015fkan\u0131 Tufan Erh\u00fcrman, parti gen\u00e7lik kongresinde yapt\u0131\u011f\u0131 konu\u015fmada, gen\u00e7lere \u00f6nemli g\u00f6revler d\u00fc\u015ft\u00fc\u011f\u00fcn\u00fc vurgulad\u0131. \u00dclkede ya\u015fanan s\u0131k\u0131nt\u0131lara dikkat \u00e7eken Erh\u00fcrman, \u201cmevcut y\u00f6netim anlay\u0131\u015f\u0131n\u0131n gen\u00e7leri g\u00f6\u00e7 etmeye\u201d zorlad\u0131\u011f\u0131n\u0131 belirtti.<\/p>\n<p>Erh\u00fcrman, CTP\u2018de makamlar\u0131n birinci \u00f6ncelik olmad\u0131\u011f\u0131n\u0131, se\u00e7ilen veya se\u00e7ilmeyen herkesin sorumluluk alaca\u011f\u0131n\u0131 ifade ederek, \u201cBu yol birlikte y\u00fcr\u00fcnecek\u201d dedi. Partinin gen\u00e7 kadrolar\u0131n\u0131n, \u00fclkenin gelece\u011fi i\u00e7in kritik bir rol oynayaca\u011f\u0131n\u0131 ifade eden Erh\u00fcrman, bu s\u00fcre\u00e7te dayan\u0131\u015fma ve kolektif \u00e7al\u0131\u015fman\u0131n \u00f6nemine dikkat \u00e7ekti. Konu\u015fmas\u0131n\u0131n sonunda, ge\u00e7en d\u00f6nem g\u00f6rev yapan herkese emeklerinden dolay\u0131 te\u015fekk\u00fcr eden Erh\u00fcrman, yeni y\u00f6netim ekibine de ba\u015far\u0131lar diledi.<\/p>\n<p>-Barbaros: \u201cBar\u0131\u015f\u0131 ve dayan\u0131\u015fmay\u0131 esas alan bir anlay\u0131\u015fla ilerleyece\u011fiz\u201d <\/p>\n<p>CTP Gen\u00e7lik \u00d6rg\u00fct\u00fc\u2019n\u00fcn yeni Ba\u015fkan\u0131 \u0130smail Barbaros, konu\u015fmas\u0131nda gen\u00e7li\u011fin temel sorunlar\u0131na dikkat \u00e7ekti. Gen\u00e7lerin e\u011fitim, bar\u0131nma, burslar ve \u00fcniversite har\u00e7lar\u0131 gibi konularda ciddi s\u0131k\u0131nt\u0131lar ya\u015fad\u0131\u011f\u0131n\u0131 belirten Barbaros, \u201cgen\u00e7lerin gelece\u011fe dair kayg\u0131lar\u0131n\u0131n artt\u0131\u011f\u0131n\u0131\u201d da vurgulad\u0131.<\/p>\n<p>\u201cKendi ayaklar\u0131 \u00fczerinde duran, kararlar\u0131n\u0131 \u00fcreten ve savunan bir gen\u00e7lik yaratmal\u0131y\u0131z,\u201d diyerek bu konuda kararl\u0131 olduklar\u0131n\u0131 ifade eden Barbaros, daha dinamik bir gen\u00e7lik hareketi olu\u015fturmak i\u00e7in aday oldu\u011funu ifade etti.<\/p>\n<p>\u015eeffaf, liyakatli ve topluma faydal\u0131 bir y\u00f6netim anlay\u0131\u015f\u0131n\u0131 benimsediklerini s\u00f6yleyen Barbaros, gen\u00e7lerin bulundu\u011fu her yerde varl\u0131k g\u00f6stererek, sorumlu ve bilin\u00e7li bir gen\u00e7lik yap\u0131s\u0131 in\u015fa etmeyi hedeflediklerini dile getirdi. Barbaros,  k\u0131rsal kesimde ya\u015fayan gen\u00e7lerin sorunlar\u0131n\u0131 merkeze ta\u015f\u0131mak i\u00e7in \u00e7al\u0131\u015facaklar\u0131n\u0131n alt\u0131n\u0131 da \u00e7izdi. Gen\u00e7lerin, \u00fclkenin gelece\u011finde s\u00f6z sahibi olmalar\u0131n\u0131n \u015fart oldu\u011funu belirten Barbaros, bar\u0131\u015f\u0131 ve dayan\u0131\u015fmay\u0131 esas alan bir anlay\u0131\u015fla ilerleyeceklerini ifade etti.<\/p>\n<p><strong>-Mevlit:\u201d Gen\u00e7ler yar\u0131n\u0131, bug\u00fcnden kuracak\u201d<\/strong><\/p>\n<p>CTP Gen\u00e7lik \u00d6rg\u00fct\u00fc 19\u2019uncu d\u00f6nem Ba\u015fkan\u0131 \u00c7ise Mevlit de, gen\u00e7lerin bug\u00fcnk\u00fc ve yar\u0131nki m\u00fccadelesinin \u00f6nemine dikkat \u00e7ekti.<\/p>\n<p>Mevlit, gen\u00e7lik \u00f6rg\u00fct\u00fcn\u00fcn bar\u0131\u015f ve demokrasi taleplerini g\u00fc\u00e7l\u00fc bir \u015fekilde dile getirdi\u011fini belirtti ve \u00e7evre duyarl\u0131l\u0131\u011f\u0131, insan haklar\u0131 ve gen\u00e7lerin politik olarak g\u00fc\u00e7lenmesi i\u00e7in ger\u00e7ekle\u015ftirilen faaliyetlerden s\u00f6z etti. \u201cGen\u00e7lik gelecek de\u011fil, bug\u00fcnd\u00fcr\u201d anlay\u0131\u015f\u0131yla hareket ettiklerini vurgulayan Mevlit, kar\u015f\u0131la\u015ft\u0131klar\u0131 sorunlara ra\u011fmen bar\u0131\u015f ve demokrasi m\u00fccadelesinden geri ad\u0131m atmad\u0131klar\u0131n\u0131 ifade etti.<\/p>\n<p>Ele\u015ftiri ve \u00f6zele\u015ftiriyi esas alan bir dayan\u0131\u015fma ruhu i\u00e7inde \u00e7al\u0131\u015ft\u0131klar\u0131n\u0131 dile getiren Mevlit, dolu dolu bir d\u00f6nemi geride b\u0131rakt\u0131klar\u0131n\u0131 ifade etti. Mevlit, ikinci konu\u015fmas\u0131nda ise yeniden aday olma nedenlerine ve CTP\u2019nin temel ilkelerine vurgu yapt\u0131.<\/p>\n<p>CTP Gen\u00e7lik Meclisi, a\u015fa\u011f\u0131daki isimlerden olu\u015ftu:<\/p>\n<p>\u201cA\u00e7elya Azra \u00d6zarabac\u0131, Ahmet K\u00f6seo\u011flu, Ahmet K\u00fcrt, Aysel Amir, Bahar \u00c7a\u011fan, Berk Ortun\u00e7, Berkan Bengihan, Berke Da\u011fl\u0131, Berke Sarcan, \u00c7a\u011f\u0131n Nevruz \u00d6zsoy, \u00c7isem \u00d6zata, Deniz Kim, Deniz Miralay, Devrim Ayae\u015f, Do\u011fucan Akdeniz, D\u00fcnay Soyal, Efe Aka, Emre Emina\u011fa, En\u00e7 Y\u0131lmaz, G\u00f6rkem Mercan, G\u00fclcan G\u00fcneysu, Helin Aslan, H\u00fcseyin Alnar, H\u00fcseyin \u00d6ks\u00fczo\u011flu, \u0130lkay Garip, \u0130lsu Hanife \u00c7etinkayal\u0131, Mehmet Hoca, Mustafa Ta\u015fk\u0131n, Sonay Demirpen\u00e7e, Zalihe Yaradanakul.\u201d<\/p>\n<p>CTP Gen\u00e7lik \u00d6rg\u00fct\u00fc Denetleme Kurulu\u2019nda ise \u015fu isimler yer ald\u0131:<\/p>\n<p>\u201cBahar Beydilli, Ramadan Sac\u0131r, Tahsin \u00c7\u00f6kmez.\u201d<\/p>\n<\/p><\/div>\n<p><script async\n                    defer\n                    crossorigin=\"anonymous\"\n                    src=\"https:\/\/connect.facebook.net\/tr_TR\/sdk.js#xfbml=1&#038;version=v3.3\"\n            ><\/script><\/p>\n","protected":false},"excerpt":{"rendered":"<p>Cumhuriyet\u00e7i T\u00fcrk Partisi (CTP) Gen\u00e7lik \u00d6rg\u00fct\u00fc\u2019n\u00fcn \u201cBu Yolu Birlikte Y\u00fcr\u00fcyece\u011fiz\u201d slogan\u0131yla d\u00fcn yap\u0131lan 20\u2019nci Ola\u011fan Kongresi\u2019nde CTP Gen\u00e7lik \u00d6rg\u00fct\u00fc ba\u015fkanl\u0131\u011f\u0131na \u0130smail Barbaros se\u00e7ildi. CTP\u2019den verilen bilgiye g\u00f6re, The Paradise Park\u2019ta yer alan kongreye Genel Ba\u015fkan Tufan Erh\u00fcrman, Genel Sekreter As\u0131m Akansoy, baz\u0131 CTP milletvekilleri, MYK ve PM \u00fcyeleri, KKTC ve G\u00fcney K\u0131br\u0131s\u2019tan baz\u0131 gen\u00e7lik \u00f6rg\u00fct\u00fc<\/p>\n","protected":false},"author":1,"featured_media":60104,"comment_status":"open","ping_status":"open","sticky":false,"template":"","format":"standard","meta":{"footnotes":""},"categories":[81],"tags":[],"class_list":["post-60103","post","type-post","status-publish","format-standard","has-post-thumbnail","hentry","category-kibris"],"yoast_head":"<!-- This site is optimized with the Yoast SEO plugin v27.5 - https:\/\/yoast.com\/product\/yoast-seo-wordpress\/ -->\n<title>CTP Gen\u00e7lik \u00d6rg\u00fct\u00fc Ba\u015fkanl\u0131\u011f\u0131na \u0130smail Barbaros se\u00e7ildi -<\/title>\n<meta name=\"robots\" content=\"index, follow, max-snippet:-1, max-image-preview:large, max-video-preview:-1\" \/>\n<link rel=\"canonical\" href=\"https:\/\/kibrisdakik.com\/?p=60103\" \/>\n<meta property=\"og:locale\" content=\"tr_TR\" \/>\n<meta property=\"og:type\" content=\"article\" \/>\n<meta property=\"og:title\" content=\"CTP Gen\u00e7lik \u00d6rg\u00fct\u00fc Ba\u015fkanl\u0131\u011f\u0131na \u0130smail Barbaros se\u00e7ildi -\" \/>\n<meta property=\"og:description\" content=\"Cumhuriyet\u00e7i T\u00fcrk Partisi (CTP) Gen\u00e7lik \u00d6rg\u00fct\u00fc\u2019n\u00fcn \u201cBu Yolu Birlikte Y\u00fcr\u00fcyece\u011fiz\u201d slogan\u0131yla d\u00fcn yap\u0131lan 20\u2019nci Ola\u011fan Kongresi\u2019nde CTP Gen\u00e7lik \u00d6rg\u00fct\u00fc ba\u015fkanl\u0131\u011f\u0131na \u0130smail Barbaros se\u00e7ildi. CTP\u2019den verilen bilgiye g\u00f6re, The Paradise Park\u2019ta yer alan kongreye Genel Ba\u015fkan Tufan Erh\u00fcrman, Genel Sekreter As\u0131m Akansoy, baz\u0131 CTP milletvekilleri, MYK ve PM \u00fcyeleri, KKTC ve G\u00fcney K\u0131br\u0131s\u2019tan baz\u0131 gen\u00e7lik \u00f6rg\u00fct\u00fc\" \/>\n<meta property=\"og:url\" content=\"https:\/\/kibrisdakik.com\/?p=60103\" \/>\n<meta property=\"article:published_time\" content=\"2024-09-06T12:12:04+00:00\" \/>\n<meta property=\"og:image\" content=\"https:\/\/kibrisdakik.com\/wp-content\/uploads\/2024\/09\/Ismail-Barbaros-740x420.jpg\" \/>\n\t<meta property=\"og:image:width\" content=\"1440\" \/>\n\t<meta property=\"og:image:height\" content=\"668\" \/>\n\t<meta property=\"og:image:type\" content=\"image\/jpeg\" \/>\n<meta name=\"author\" content=\"admin\" \/>\n<meta name=\"twitter:card\" content=\"summary_large_image\" \/>\n<meta name=\"twitter:label1\" content=\"Yazan:\" \/>\n\t<meta name=\"twitter:data1\" content=\"admin\" \/>\n\t<meta name=\"twitter:label2\" content=\"Tahmini okuma s\u00fcresi\" \/>\n\t<meta name=\"twitter:data2\" content=\"4 dakika\" \/>\n<script type=\"application\/ld+json\" class=\"yoast-schema-graph\">{\"@context\":\"https:\\\/\\\/schema.org\",\"@graph\":[{\"@type\":\"Article\",\"@id\":\"https:\\\/\\\/kibrisdakik.com\\\/?p=60103#article\",\"isPartOf\":{\"@id\":\"https:\\\/\\\/kibrisdakik.com\\\/?p=60103\"},\"author\":{\"name\":\"admin\",\"@id\":\"https:\\\/\\\/kibrisdakik.com\\\/#\\\/schema\\\/person\\\/9cd9d437bbb44f72b73ba127e06d8e79\"},\"headline\":\"CTP Gen\u00e7lik \u00d6rg\u00fct\u00fc Ba\u015fkanl\u0131\u011f\u0131na \u0130smail Barbaros se\u00e7ildi\",\"datePublished\":\"2024-09-06T12:12:04+00:00\",\"mainEntityOfPage\":{\"@id\":\"https:\\\/\\\/kibrisdakik.com\\\/?p=60103\"},\"wordCount\":823,\"commentCount\":0,\"image\":{\"@id\":\"https:\\\/\\\/kibrisdakik.com\\\/?p=60103#primaryimage\"},\"thumbnailUrl\":\"https:\\\/\\\/kibrisdakik.com\\\/wp-content\\\/uploads\\\/2024\\\/09\\\/Ismail-Barbaros-740x420.jpg\",\"articleSection\":[\"K\u0131br\u0131s\"],\"inLanguage\":\"tr\",\"potentialAction\":[{\"@type\":\"CommentAction\",\"name\":\"Comment\",\"target\":[\"https:\\\/\\\/kibrisdakik.com\\\/?p=60103#respond\"]}]},{\"@type\":\"WebPage\",\"@id\":\"https:\\\/\\\/kibrisdakik.com\\\/?p=60103\",\"url\":\"https:\\\/\\\/kibrisdakik.com\\\/?p=60103\",\"name\":\"CTP Gen\u00e7lik \u00d6rg\u00fct\u00fc Ba\u015fkanl\u0131\u011f\u0131na \u0130smail Barbaros se\u00e7ildi -\",\"isPartOf\":{\"@id\":\"https:\\\/\\\/kibrisdakik.com\\\/#website\"},\"primaryImageOfPage\":{\"@id\":\"https:\\\/\\\/kibrisdakik.com\\\/?p=60103#primaryimage\"},\"image\":{\"@id\":\"https:\\\/\\\/kibrisdakik.com\\\/?p=60103#primaryimage\"},\"thumbnailUrl\":\"https:\\\/\\\/kibrisdakik.com\\\/wp-content\\\/uploads\\\/2024\\\/09\\\/Ismail-Barbaros-740x420.jpg\",\"datePublished\":\"2024-09-06T12:12:04+00:00\",\"author\":{\"@id\":\"https:\\\/\\\/kibrisdakik.com\\\/#\\\/schema\\\/person\\\/9cd9d437bbb44f72b73ba127e06d8e79\"},\"breadcrumb\":{\"@id\":\"https:\\\/\\\/kibrisdakik.com\\\/?p=60103#breadcrumb\"},\"inLanguage\":\"tr\",\"potentialAction\":[{\"@type\":\"ReadAction\",\"target\":[\"https:\\\/\\\/kibrisdakik.com\\\/?p=60103\"]}]},{\"@type\":\"ImageObject\",\"inLanguage\":\"tr\",\"@id\":\"https:\\\/\\\/kibrisdakik.com\\\/?p=60103#primaryimage\",\"url\":\"https:\\\/\\\/kibrisdakik.com\\\/wp-content\\\/uploads\\\/2024\\\/09\\\/Ismail-Barbaros-740x420.jpg\",\"contentUrl\":\"https:\\\/\\\/kibrisdakik.com\\\/wp-content\\\/uploads\\\/2024\\\/09\\\/Ismail-Barbaros-740x420.jpg\",\"width\":1440,\"height\":668},{\"@type\":\"BreadcrumbList\",\"@id\":\"https:\\\/\\\/kibrisdakik.com\\\/?p=60103#breadcrumb\",\"itemListElement\":[{\"@type\":\"ListItem\",\"position\":1,\"name\":\"Home\",\"item\":\"https:\\\/\\\/kibrisdakik.com\\\/\"},{\"@type\":\"ListItem\",\"position\":2,\"name\":\"CTP Gen\u00e7lik \u00d6rg\u00fct\u00fc Ba\u015fkanl\u0131\u011f\u0131na \u0130smail Barbaros se\u00e7ildi\"}]},{\"@type\":\"WebSite\",\"@id\":\"https:\\\/\\\/kibrisdakik.com\\\/#website\",\"url\":\"https:\\\/\\\/kibrisdakik.com\\\/\",\"name\":\"\",\"description\":\"Tam vaktinde haber\",\"potentialAction\":[{\"@type\":\"SearchAction\",\"target\":{\"@type\":\"EntryPoint\",\"urlTemplate\":\"https:\\\/\\\/kibrisdakik.com\\\/?s={search_term_string}\"},\"query-input\":{\"@type\":\"PropertyValueSpecification\",\"valueRequired\":true,\"valueName\":\"search_term_string\"}}],\"inLanguage\":\"tr\"},{\"@type\":\"Person\",\"@id\":\"https:\\\/\\\/kibrisdakik.com\\\/#\\\/schema\\\/person\\\/9cd9d437bbb44f72b73ba127e06d8e79\",\"name\":\"admin\",\"image\":{\"@type\":\"ImageObject\",\"inLanguage\":\"tr\",\"@id\":\"https:\\\/\\\/secure.gravatar.com\\\/avatar\\\/ccc17943b9d660506c869530f897617f7cb1c21a4bf30023f252596d83e1f007?s=96&d=mm&r=g\",\"url\":\"https:\\\/\\\/secure.gravatar.com\\\/avatar\\\/ccc17943b9d660506c869530f897617f7cb1c21a4bf30023f252596d83e1f007?s=96&d=mm&r=g\",\"contentUrl\":\"https:\\\/\\\/secure.gravatar.com\\\/avatar\\\/ccc17943b9d660506c869530f897617f7cb1c21a4bf30023f252596d83e1f007?s=96&d=mm&r=g\",\"caption\":\"admin\"},\"sameAs\":[\"https:\\\/\\\/kibrisdakik.com\"],\"url\":\"https:\\\/\\\/kibrisdakik.com\\\/?author=1\"}]}<\/script>\n<!-- \/ Yoast SEO plugin. -->","yoast_head_json":{"title":"CTP Gen\u00e7lik \u00d6rg\u00fct\u00fc Ba\u015fkanl\u0131\u011f\u0131na \u0130smail Barbaros se\u00e7ildi -","robots":{"index":"index","follow":"follow","max-snippet":"max-snippet:-1","max-image-preview":"max-image-preview:large","max-video-preview":"max-video-preview:-1"},"canonical":"https:\/\/kibrisdakik.com\/?p=60103","og_locale":"tr_TR","og_type":"article","og_title":"CTP Gen\u00e7lik \u00d6rg\u00fct\u00fc Ba\u015fkanl\u0131\u011f\u0131na \u0130smail Barbaros se\u00e7ildi -","og_description":"Cumhuriyet\u00e7i T\u00fcrk Partisi (CTP) Gen\u00e7lik \u00d6rg\u00fct\u00fc\u2019n\u00fcn \u201cBu Yolu Birlikte Y\u00fcr\u00fcyece\u011fiz\u201d slogan\u0131yla d\u00fcn yap\u0131lan 20\u2019nci Ola\u011fan Kongresi\u2019nde CTP Gen\u00e7lik \u00d6rg\u00fct\u00fc ba\u015fkanl\u0131\u011f\u0131na \u0130smail Barbaros se\u00e7ildi. CTP\u2019den verilen bilgiye g\u00f6re, The Paradise Park\u2019ta yer alan kongreye Genel Ba\u015fkan Tufan Erh\u00fcrman, Genel Sekreter As\u0131m Akansoy, baz\u0131 CTP milletvekilleri, MYK ve PM \u00fcyeleri, KKTC ve G\u00fcney K\u0131br\u0131s\u2019tan baz\u0131 gen\u00e7lik \u00f6rg\u00fct\u00fc","og_url":"https:\/\/kibrisdakik.com\/?p=60103","article_published_time":"2024-09-06T12:12:04+00:00","og_image":[{"width":1440,"height":668,"url":"https:\/\/kibrisdakik.com\/wp-content\/uploads\/2024\/09\/Ismail-Barbaros-740x420.jpg","type":"image\/jpeg"}],"author":"admin","twitter_card":"summary_large_image","twitter_misc":{"Yazan:":"admin","Tahmini okuma s\u00fcresi":"4 dakika"},"schema":{"@context":"https:\/\/schema.org","@graph":[{"@type":"Article","@id":"https:\/\/kibrisdakik.com\/?p=60103#article","isPartOf":{"@id":"https:\/\/kibrisdakik.com\/?p=60103"},"author":{"name":"admin","@id":"https:\/\/kibrisdakik.com\/#\/schema\/person\/9cd9d437bbb44f72b73ba127e06d8e79"},"headline":"CTP Gen\u00e7lik \u00d6rg\u00fct\u00fc Ba\u015fkanl\u0131\u011f\u0131na \u0130smail Barbaros se\u00e7ildi","datePublished":"2024-09-06T12:12:04+00:00","mainEntityOfPage":{"@id":"https:\/\/kibrisdakik.com\/?p=60103"},"wordCount":823,"commentCount":0,"image":{"@id":"https:\/\/kibrisdakik.com\/?p=60103#primaryimage"},"thumbnailUrl":"https:\/\/kibrisdakik.com\/wp-content\/uploads\/2024\/09\/Ismail-Barbaros-740x420.jpg","articleSection":["K\u0131br\u0131s"],"inLanguage":"tr","potentialAction":[{"@type":"CommentAction","name":"Comment","target":["https:\/\/kibrisdakik.com\/?p=60103#respond"]}]},{"@type":"WebPage","@id":"https:\/\/kibrisdakik.com\/?p=60103","url":"https:\/\/kibrisdakik.com\/?p=60103","name":"CTP Gen\u00e7lik \u00d6rg\u00fct\u00fc Ba\u015fkanl\u0131\u011f\u0131na \u0130smail Barbaros se\u00e7ildi -","isPartOf":{"@id":"https:\/\/kibrisdakik.com\/#website"},"primaryImageOfPage":{"@id":"https:\/\/kibrisdakik.com\/?p=60103#primaryimage"},"image":{"@id":"https:\/\/kibrisdakik.com\/?p=60103#primaryimage"},"thumbnailUrl":"https:\/\/kibrisdakik.com\/wp-content\/uploads\/2024\/09\/Ismail-Barbaros-740x420.jpg","datePublished":"2024-09-06T12:12:04+00:00","author":{"@id":"https:\/\/kibrisdakik.com\/#\/schema\/person\/9cd9d437bbb44f72b73ba127e06d8e79"},"breadcrumb":{"@id":"https:\/\/kibrisdakik.com\/?p=60103#breadcrumb"},"inLanguage":"tr","potentialAction":[{"@type":"ReadAction","target":["https:\/\/kibrisdakik.com\/?p=60103"]}]},{"@type":"ImageObject","inLanguage":"tr","@id":"https:\/\/kibrisdakik.com\/?p=60103#primaryimage","url":"https:\/\/kibrisdakik.com\/wp-content\/uploads\/2024\/09\/Ismail-Barbaros-740x420.jpg","contentUrl":"https:\/\/kibrisdakik.com\/wp-content\/uploads\/2024\/09\/Ismail-Barbaros-740x420.jpg","width":1440,"height":668},{"@type":"BreadcrumbList","@id":"https:\/\/kibrisdakik.com\/?p=60103#breadcrumb","itemListElement":[{"@type":"ListItem","position":1,"name":"Home","item":"https:\/\/kibrisdakik.com\/"},{"@type":"ListItem","position":2,"name":"CTP Gen\u00e7lik \u00d6rg\u00fct\u00fc Ba\u015fkanl\u0131\u011f\u0131na \u0130smail Barbaros se\u00e7ildi"}]},{"@type":"WebSite","@id":"https:\/\/kibrisdakik.com\/#website","url":"https:\/\/kibrisdakik.com\/","name":"","description":"Tam vaktinde haber","potentialAction":[{"@type":"SearchAction","target":{"@type":"EntryPoint","urlTemplate":"https:\/\/kibrisdakik.com\/?s={search_term_string}"},"query-input":{"@type":"PropertyValueSpecification","valueRequired":true,"valueName":"search_term_string"}}],"inLanguage":"tr"},{"@type":"Person","@id":"https:\/\/kibrisdakik.com\/#\/schema\/person\/9cd9d437bbb44f72b73ba127e06d8e79","name":"admin","image":{"@type":"ImageObject","inLanguage":"tr","@id":"https:\/\/secure.gravatar.com\/avatar\/ccc17943b9d660506c869530f897617f7cb1c21a4bf30023f252596d83e1f007?s=96&d=mm&r=g","url":"https:\/\/secure.gravatar.com\/avatar\/ccc17943b9d660506c869530f897617f7cb1c21a4bf30023f252596d83e1f007?s=96&d=mm&r=g","contentUrl":"https:\/\/secure.gravatar.com\/avatar\/ccc17943b9d660506c869530f897617f7cb1c21a4bf30023f252596d83e1f007?s=96&d=mm&r=g","caption":"admin"},"sameAs":["https:\/\/kibrisdakik.com"],"url":"https:\/\/kibrisdakik.com\/?author=1"}]}},"_links":{"self":[{"href":"https:\/\/kibrisdakik.com\/index.php?rest_route=\/wp\/v2\/posts\/60103","targetHints":{"allow":["GET"]}}],"collection":[{"href":"https:\/\/kibrisdakik.com\/index.php?rest_route=\/wp\/v2\/posts"}],"about":[{"href":"https:\/\/kibrisdakik.com\/index.php?rest_route=\/wp\/v2\/types\/post"}],"author":[{"embeddable":true,"href":"https:\/\/kibrisdakik.com\/index.php?rest_route=\/wp\/v2\/users\/1"}],"replies":[{"embeddable":true,"href":"https:\/\/kibrisdakik.com\/index.php?rest_route=%2Fwp%2Fv2%2Fcomments&post=60103"}],"version-history":[{"count":0,"href":"https:\/\/kibrisdakik.com\/index.php?rest_route=\/wp\/v2\/posts\/60103\/revisions"}],"wp:featuredmedia":[{"embeddable":true,"href":"https:\/\/kibrisdakik.com\/index.php?rest_route=\/wp\/v2\/media\/60104"}],"wp:attachment":[{"href":"https:\/\/kibrisdakik.com\/index.php?rest_route=%2Fwp%2Fv2%2Fmedia&parent=60103"}],"wp:term":[{"taxonomy":"category","embeddable":true,"href":"https:\/\/kibrisdakik.com\/index.php?rest_route=%2Fwp%2Fv2%2Fcategories&post=60103"},{"taxonomy":"post_tag","embeddable":true,"href":"https:\/\/kibrisdakik.com\/index.php?rest_route=%2Fwp%2Fv2%2Ftags&post=60103"}],"curies":[{"name":"wp","href":"https:\/\/api.w.org\/{rel}","templated":true}]}}