{"id":60162,"date":"2024-09-06T10:28:50","date_gmt":"2024-09-06T07:28:50","guid":{"rendered":"https:\/\/kibrisdakik.com\/index.php\/2024\/09\/06\/aliyev-ermenistan-ile-baris-anlasmasi-metninin-yuzde-80inde-anlastiklarini-soyledi\/"},"modified":"2024-09-06T10:28:50","modified_gmt":"2024-09-06T07:28:50","slug":"aliyev-ermenistan-ile-baris-anlasmasi-metninin-yuzde-80inde-anlastiklarini-soyledi","status":"publish","type":"post","link":"https:\/\/kibrisdakik.com\/?p=60162","title":{"rendered":"Aliyev, Ermenistan ile bar\u0131\u015f anla\u015fmas\u0131 metninin y\u00fczde 80\u2019inde anla\u015ft\u0131klar\u0131n\u0131 s\u00f6yledi"},"content":{"rendered":"<p><\/p>\n<div>\n<div class=\"mariselle-image-container center\">\n                <img loading=\"lazy\" decoding=\"async\" width=\"863\" height=\"486\" class=\"lazy-image\" alt=\"\" sizes=\"auto, (max-width: 863px) 100vw, 863px\" src=\"https:\/\/brtk.net\/wp-content\/uploads\/2024\/09\/06\/thumbs-b-c-f7d8a1be03f8e29c9981423429b11eea.jpg?ver=dbbd8e390fac334730188e09ded13c30\" srcset=\"https:\/\/brtk.net\/wp-content\/uploads\/2024\/09\/06\/thumbs-b-c-f7d8a1be03f8e29c9981423429b11eea.jpg?ver=dbbd8e390fac334730188e09ded13c30 863w, https:\/\/brtk.net\/wp-content\/uploads\/2024\/09\/06\/thumbs-b-c-f7d8a1be03f8e29c9981423429b11eea-300x169.jpg?ver=e59949b177041d0d9e078f63c15a2e65 300w, https:\/\/brtk.net\/wp-content\/uploads\/2024\/09\/06\/thumbs-b-c-f7d8a1be03f8e29c9981423429b11eea-768x433.jpg?ver=e59949b177041d0d9e078f63c15a2e65 768w\"\/>                            <\/div>\n<p>Azerbaycan Cumhurba\u015fkan\u0131 \u0130lham Aliyev, Ermenistan\u2019la y\u00fcr\u00fct\u00fclen m\u00fczakerelerde bar\u0131\u015f anla\u015fmas\u0131 metninin yakla\u015f\u0131k y\u00fczde 80\u2019i \u00fczerinde anla\u015fmaya var\u0131ld\u0131\u011f\u0131n\u0131 bildirdi.<\/p>\n<p>Aliyev, \u0130talya\u2019n\u0131n Como G\u00f6l\u00fc k\u0131y\u0131s\u0131ndaki Cernobbio kasabas\u0131nda her y\u0131l eyl\u00fcl ay\u0131 ba\u015f\u0131nda d\u00fczenlenen Ambrosetti Forumu\u2019na kat\u0131larak konu\u015fma yapt\u0131.<\/p>\n<p>Azerbaycan topraklar\u0131n\u0131n y\u0131llarca Ermenistan\u2019\u0131n i\u015fgali alt\u0131nda kald\u0131\u011f\u0131n\u0131 ve 2. Karaba\u011f Sava\u015f\u0131\u2019nda topraklar\u0131n kurtar\u0131ld\u0131\u011f\u0131n\u0131 hat\u0131rlatan Aliyev \u015funlar\u0131 s\u00f6yledi:<\/p>\n<p>\u201cG\u00fcney Kafkasya\u2019da bar\u0131\u015f\u0131 sa\u011flayabiliriz. Bug\u00fcn Azerbaycan ile Ermenistan aras\u0131ndaki bar\u0131\u015f g\u00f6r\u00fc\u015fmelerine bakt\u0131\u011f\u0131m\u0131zda bunun m\u00fcmk\u00fcn oldu\u011funu g\u00f6r\u00fcyoruz. Bar\u0131\u015f anla\u015fmas\u0131 metninin yakla\u015f\u0131k y\u00fczde 80\u2019i \u00fczerinde anla\u015fmaya var\u0131ld\u0131. M\u00fczakerelerin bar\u0131\u015f anla\u015fmas\u0131n\u0131n imzalanmas\u0131yla sonu\u00e7lanaca\u011f\u0131n\u0131 umuyoruz.\u201d<\/p>\n<p>\u00dclkesinin \u0130talya ile ili\u015fkilerine de\u011finen Aliyev, stratejik m\u00fcttefik olduklar\u0131n\u0131, \u0130talya\u2019n\u0131n Azerbaycan\u2019\u0131n bir numaral\u0131 ticari orta\u011f\u0131 oldu\u011funu bildirdi. Aliyev, 2023\u2019te Azerbaycan ile \u0130talya aras\u0131ndaki ticaret hacminin 16 milyar <a href=\"https:\/\/brtk.net\/\">dolar<\/a> oldu\u011funu, bu rakam\u0131n artabilece\u011fini belirtti.<\/p>\n<p>Enerji g\u00fcvenli\u011finin \u00fclkelerin ulusal g\u00fcvenli\u011fi ile ba\u011flant\u0131l\u0131 oldu\u011funu s\u00f6yleyen Aliyev, \u201cAzerbaycan bug\u00fcn 10 \u00fclkenin enerji g\u00fcvenli\u011fini sa\u011flamaktad\u0131r. Avrupa Birli\u011fi (AB) \u00fcyesi 7 \u00fclke Azerbaycan\u2019dan do\u011falgaz almaktad\u0131r. Bu nedenle AB Komisyonu, Azerbaycan\u2019\u0131 \u2018Avrupa\u2019n\u0131n gaz tedarik\u00e7isi\u2019 ve \u2018g\u00fcvenilir ortak\u2019 olarak adland\u0131r\u0131yor. \u00dc\u00e7 Avrupa \u00fclkesiyle daha do\u011fal gaz hususunda m\u00fczakere y\u00fcr\u00fct\u00fcyoruz.\u201d dedi.<\/p>\n<\/p><\/div>\n<p><script async\n                    defer\n                    crossorigin=\"anonymous\"\n                    src=\"https:\/\/connect.facebook.net\/tr_TR\/sdk.js#xfbml=1&#038;version=v3.3\"\n            ><\/script><\/p>\n","protected":false},"excerpt":{"rendered":"<p>Azerbaycan Cumhurba\u015fkan\u0131 \u0130lham Aliyev, Ermenistan\u2019la y\u00fcr\u00fct\u00fclen m\u00fczakerelerde bar\u0131\u015f anla\u015fmas\u0131 metninin yakla\u015f\u0131k y\u00fczde 80\u2019i \u00fczerinde anla\u015fmaya var\u0131ld\u0131\u011f\u0131n\u0131 bildirdi. Aliyev, \u0130talya\u2019n\u0131n Como G\u00f6l\u00fc k\u0131y\u0131s\u0131ndaki Cernobbio kasabas\u0131nda her y\u0131l eyl\u00fcl ay\u0131 ba\u015f\u0131nda d\u00fczenlenen Ambrosetti Forumu\u2019na kat\u0131larak konu\u015fma yapt\u0131. Azerbaycan topraklar\u0131n\u0131n y\u0131llarca Ermenistan\u2019\u0131n i\u015fgali alt\u0131nda kald\u0131\u011f\u0131n\u0131 ve 2. Karaba\u011f Sava\u015f\u0131\u2019nda topraklar\u0131n kurtar\u0131ld\u0131\u011f\u0131n\u0131 hat\u0131rlatan Aliyev \u015funlar\u0131 s\u00f6yledi: \u201cG\u00fcney Kafkasya\u2019da bar\u0131\u015f\u0131<\/p>\n","protected":false},"author":1,"featured_media":60163,"comment_status":"open","ping_status":"open","sticky":false,"template":"","format":"standard","meta":{"footnotes":""},"categories":[1],"tags":[],"class_list":["post-60162","post","type-post","status-publish","format-standard","has-post-thumbnail","hentry","category-gundem"],"yoast_head":"<!-- This site is optimized with the Yoast SEO plugin v27.5 - https:\/\/yoast.com\/product\/yoast-seo-wordpress\/ -->\n<title>Aliyev, Ermenistan ile bar\u0131\u015f anla\u015fmas\u0131 metninin y\u00fczde 80\u2019inde anla\u015ft\u0131klar\u0131n\u0131 s\u00f6yledi -<\/title>\n<meta name=\"robots\" content=\"index, follow, max-snippet:-1, max-image-preview:large, max-video-preview:-1\" \/>\n<link rel=\"canonical\" href=\"https:\/\/kibrisdakik.com\/?p=60162\" \/>\n<meta property=\"og:locale\" content=\"tr_TR\" \/>\n<meta property=\"og:type\" content=\"article\" \/>\n<meta property=\"og:title\" content=\"Aliyev, Ermenistan ile bar\u0131\u015f anla\u015fmas\u0131 metninin y\u00fczde 80\u2019inde anla\u015ft\u0131klar\u0131n\u0131 s\u00f6yledi -\" \/>\n<meta property=\"og:description\" content=\"Azerbaycan Cumhurba\u015fkan\u0131 \u0130lham Aliyev, Ermenistan\u2019la y\u00fcr\u00fct\u00fclen m\u00fczakerelerde bar\u0131\u015f anla\u015fmas\u0131 metninin yakla\u015f\u0131k y\u00fczde 80\u2019i \u00fczerinde anla\u015fmaya var\u0131ld\u0131\u011f\u0131n\u0131 bildirdi. Aliyev, \u0130talya\u2019n\u0131n Como G\u00f6l\u00fc k\u0131y\u0131s\u0131ndaki Cernobbio kasabas\u0131nda her y\u0131l eyl\u00fcl ay\u0131 ba\u015f\u0131nda d\u00fczenlenen Ambrosetti Forumu\u2019na kat\u0131larak konu\u015fma yapt\u0131. Azerbaycan topraklar\u0131n\u0131n y\u0131llarca Ermenistan\u2019\u0131n i\u015fgali alt\u0131nda kald\u0131\u011f\u0131n\u0131 ve 2. Karaba\u011f Sava\u015f\u0131\u2019nda topraklar\u0131n kurtar\u0131ld\u0131\u011f\u0131n\u0131 hat\u0131rlatan Aliyev \u015funlar\u0131 s\u00f6yledi: \u201cG\u00fcney Kafkasya\u2019da bar\u0131\u015f\u0131\" \/>\n<meta property=\"og:url\" content=\"https:\/\/kibrisdakik.com\/?p=60162\" \/>\n<meta property=\"article:published_time\" content=\"2024-09-06T07:28:50+00:00\" \/>\n<meta property=\"og:image\" content=\"https:\/\/kibrisdakik.com\/wp-content\/uploads\/2024\/09\/thumbs-b-c-f7d8a1be03f8e29c9981423429b11eea-740x420.jpg\" \/>\n\t<meta property=\"og:image:width\" content=\"863\" \/>\n\t<meta property=\"og:image:height\" content=\"486\" \/>\n\t<meta property=\"og:image:type\" content=\"image\/jpeg\" \/>\n<meta name=\"author\" content=\"admin\" \/>\n<meta name=\"twitter:card\" content=\"summary_large_image\" \/>\n<meta name=\"twitter:label1\" content=\"Yazan:\" \/>\n\t<meta name=\"twitter:data1\" content=\"admin\" \/>\n\t<meta name=\"twitter:label2\" content=\"Tahmini okuma s\u00fcresi\" \/>\n\t<meta name=\"twitter:data2\" content=\"1 dakika\" \/>\n<script type=\"application\/ld+json\" class=\"yoast-schema-graph\">{\"@context\":\"https:\\\/\\\/schema.org\",\"@graph\":[{\"@type\":\"Article\",\"@id\":\"https:\\\/\\\/kibrisdakik.com\\\/?p=60162#article\",\"isPartOf\":{\"@id\":\"https:\\\/\\\/kibrisdakik.com\\\/?p=60162\"},\"author\":{\"name\":\"admin\",\"@id\":\"https:\\\/\\\/kibrisdakik.com\\\/#\\\/schema\\\/person\\\/9cd9d437bbb44f72b73ba127e06d8e79\"},\"headline\":\"Aliyev, Ermenistan ile bar\u0131\u015f anla\u015fmas\u0131 metninin y\u00fczde 80\u2019inde anla\u015ft\u0131klar\u0131n\u0131 s\u00f6yledi\",\"datePublished\":\"2024-09-06T07:28:50+00:00\",\"mainEntityOfPage\":{\"@id\":\"https:\\\/\\\/kibrisdakik.com\\\/?p=60162\"},\"wordCount\":281,\"commentCount\":0,\"image\":{\"@id\":\"https:\\\/\\\/kibrisdakik.com\\\/?p=60162#primaryimage\"},\"thumbnailUrl\":\"https:\\\/\\\/kibrisdakik.com\\\/wp-content\\\/uploads\\\/2024\\\/09\\\/thumbs-b-c-f7d8a1be03f8e29c9981423429b11eea-740x420.jpg\",\"articleSection\":[\"G\u00fcndem\"],\"inLanguage\":\"tr\",\"potentialAction\":[{\"@type\":\"CommentAction\",\"name\":\"Comment\",\"target\":[\"https:\\\/\\\/kibrisdakik.com\\\/?p=60162#respond\"]}]},{\"@type\":\"WebPage\",\"@id\":\"https:\\\/\\\/kibrisdakik.com\\\/?p=60162\",\"url\":\"https:\\\/\\\/kibrisdakik.com\\\/?p=60162\",\"name\":\"Aliyev, Ermenistan ile bar\u0131\u015f anla\u015fmas\u0131 metninin y\u00fczde 80\u2019inde anla\u015ft\u0131klar\u0131n\u0131 s\u00f6yledi -\",\"isPartOf\":{\"@id\":\"https:\\\/\\\/kibrisdakik.com\\\/#website\"},\"primaryImageOfPage\":{\"@id\":\"https:\\\/\\\/kibrisdakik.com\\\/?p=60162#primaryimage\"},\"image\":{\"@id\":\"https:\\\/\\\/kibrisdakik.com\\\/?p=60162#primaryimage\"},\"thumbnailUrl\":\"https:\\\/\\\/kibrisdakik.com\\\/wp-content\\\/uploads\\\/2024\\\/09\\\/thumbs-b-c-f7d8a1be03f8e29c9981423429b11eea-740x420.jpg\",\"datePublished\":\"2024-09-06T07:28:50+00:00\",\"author\":{\"@id\":\"https:\\\/\\\/kibrisdakik.com\\\/#\\\/schema\\\/person\\\/9cd9d437bbb44f72b73ba127e06d8e79\"},\"breadcrumb\":{\"@id\":\"https:\\\/\\\/kibrisdakik.com\\\/?p=60162#breadcrumb\"},\"inLanguage\":\"tr\",\"potentialAction\":[{\"@type\":\"ReadAction\",\"target\":[\"https:\\\/\\\/kibrisdakik.com\\\/?p=60162\"]}]},{\"@type\":\"ImageObject\",\"inLanguage\":\"tr\",\"@id\":\"https:\\\/\\\/kibrisdakik.com\\\/?p=60162#primaryimage\",\"url\":\"https:\\\/\\\/kibrisdakik.com\\\/wp-content\\\/uploads\\\/2024\\\/09\\\/thumbs-b-c-f7d8a1be03f8e29c9981423429b11eea-740x420.jpg\",\"contentUrl\":\"https:\\\/\\\/kibrisdakik.com\\\/wp-content\\\/uploads\\\/2024\\\/09\\\/thumbs-b-c-f7d8a1be03f8e29c9981423429b11eea-740x420.jpg\",\"width\":863,\"height\":486},{\"@type\":\"BreadcrumbList\",\"@id\":\"https:\\\/\\\/kibrisdakik.com\\\/?p=60162#breadcrumb\",\"itemListElement\":[{\"@type\":\"ListItem\",\"position\":1,\"name\":\"Home\",\"item\":\"https:\\\/\\\/kibrisdakik.com\\\/\"},{\"@type\":\"ListItem\",\"position\":2,\"name\":\"Aliyev, Ermenistan ile bar\u0131\u015f anla\u015fmas\u0131 metninin y\u00fczde 80\u2019inde anla\u015ft\u0131klar\u0131n\u0131 s\u00f6yledi\"}]},{\"@type\":\"WebSite\",\"@id\":\"https:\\\/\\\/kibrisdakik.com\\\/#website\",\"url\":\"https:\\\/\\\/kibrisdakik.com\\\/\",\"name\":\"\",\"description\":\"Tam vaktinde haber\",\"potentialAction\":[{\"@type\":\"SearchAction\",\"target\":{\"@type\":\"EntryPoint\",\"urlTemplate\":\"https:\\\/\\\/kibrisdakik.com\\\/?s={search_term_string}\"},\"query-input\":{\"@type\":\"PropertyValueSpecification\",\"valueRequired\":true,\"valueName\":\"search_term_string\"}}],\"inLanguage\":\"tr\"},{\"@type\":\"Person\",\"@id\":\"https:\\\/\\\/kibrisdakik.com\\\/#\\\/schema\\\/person\\\/9cd9d437bbb44f72b73ba127e06d8e79\",\"name\":\"admin\",\"image\":{\"@type\":\"ImageObject\",\"inLanguage\":\"tr\",\"@id\":\"https:\\\/\\\/secure.gravatar.com\\\/avatar\\\/ccc17943b9d660506c869530f897617f7cb1c21a4bf30023f252596d83e1f007?s=96&d=mm&r=g\",\"url\":\"https:\\\/\\\/secure.gravatar.com\\\/avatar\\\/ccc17943b9d660506c869530f897617f7cb1c21a4bf30023f252596d83e1f007?s=96&d=mm&r=g\",\"contentUrl\":\"https:\\\/\\\/secure.gravatar.com\\\/avatar\\\/ccc17943b9d660506c869530f897617f7cb1c21a4bf30023f252596d83e1f007?s=96&d=mm&r=g\",\"caption\":\"admin\"},\"sameAs\":[\"https:\\\/\\\/kibrisdakik.com\"],\"url\":\"https:\\\/\\\/kibrisdakik.com\\\/?author=1\"}]}<\/script>\n<!-- \/ Yoast SEO plugin. -->","yoast_head_json":{"title":"Aliyev, Ermenistan ile bar\u0131\u015f anla\u015fmas\u0131 metninin y\u00fczde 80\u2019inde anla\u015ft\u0131klar\u0131n\u0131 s\u00f6yledi -","robots":{"index":"index","follow":"follow","max-snippet":"max-snippet:-1","max-image-preview":"max-image-preview:large","max-video-preview":"max-video-preview:-1"},"canonical":"https:\/\/kibrisdakik.com\/?p=60162","og_locale":"tr_TR","og_type":"article","og_title":"Aliyev, Ermenistan ile bar\u0131\u015f anla\u015fmas\u0131 metninin y\u00fczde 80\u2019inde anla\u015ft\u0131klar\u0131n\u0131 s\u00f6yledi -","og_description":"Azerbaycan Cumhurba\u015fkan\u0131 \u0130lham Aliyev, Ermenistan\u2019la y\u00fcr\u00fct\u00fclen m\u00fczakerelerde bar\u0131\u015f anla\u015fmas\u0131 metninin yakla\u015f\u0131k y\u00fczde 80\u2019i \u00fczerinde anla\u015fmaya var\u0131ld\u0131\u011f\u0131n\u0131 bildirdi. Aliyev, \u0130talya\u2019n\u0131n Como G\u00f6l\u00fc k\u0131y\u0131s\u0131ndaki Cernobbio kasabas\u0131nda her y\u0131l eyl\u00fcl ay\u0131 ba\u015f\u0131nda d\u00fczenlenen Ambrosetti Forumu\u2019na kat\u0131larak konu\u015fma yapt\u0131. Azerbaycan topraklar\u0131n\u0131n y\u0131llarca Ermenistan\u2019\u0131n i\u015fgali alt\u0131nda kald\u0131\u011f\u0131n\u0131 ve 2. Karaba\u011f Sava\u015f\u0131\u2019nda topraklar\u0131n kurtar\u0131ld\u0131\u011f\u0131n\u0131 hat\u0131rlatan Aliyev \u015funlar\u0131 s\u00f6yledi: \u201cG\u00fcney Kafkasya\u2019da bar\u0131\u015f\u0131","og_url":"https:\/\/kibrisdakik.com\/?p=60162","article_published_time":"2024-09-06T07:28:50+00:00","og_image":[{"width":863,"height":486,"url":"https:\/\/kibrisdakik.com\/wp-content\/uploads\/2024\/09\/thumbs-b-c-f7d8a1be03f8e29c9981423429b11eea-740x420.jpg","type":"image\/jpeg"}],"author":"admin","twitter_card":"summary_large_image","twitter_misc":{"Yazan:":"admin","Tahmini okuma s\u00fcresi":"1 dakika"},"schema":{"@context":"https:\/\/schema.org","@graph":[{"@type":"Article","@id":"https:\/\/kibrisdakik.com\/?p=60162#article","isPartOf":{"@id":"https:\/\/kibrisdakik.com\/?p=60162"},"author":{"name":"admin","@id":"https:\/\/kibrisdakik.com\/#\/schema\/person\/9cd9d437bbb44f72b73ba127e06d8e79"},"headline":"Aliyev, Ermenistan ile bar\u0131\u015f anla\u015fmas\u0131 metninin y\u00fczde 80\u2019inde anla\u015ft\u0131klar\u0131n\u0131 s\u00f6yledi","datePublished":"2024-09-06T07:28:50+00:00","mainEntityOfPage":{"@id":"https:\/\/kibrisdakik.com\/?p=60162"},"wordCount":281,"commentCount":0,"image":{"@id":"https:\/\/kibrisdakik.com\/?p=60162#primaryimage"},"thumbnailUrl":"https:\/\/kibrisdakik.com\/wp-content\/uploads\/2024\/09\/thumbs-b-c-f7d8a1be03f8e29c9981423429b11eea-740x420.jpg","articleSection":["G\u00fcndem"],"inLanguage":"tr","potentialAction":[{"@type":"CommentAction","name":"Comment","target":["https:\/\/kibrisdakik.com\/?p=60162#respond"]}]},{"@type":"WebPage","@id":"https:\/\/kibrisdakik.com\/?p=60162","url":"https:\/\/kibrisdakik.com\/?p=60162","name":"Aliyev, Ermenistan ile bar\u0131\u015f anla\u015fmas\u0131 metninin y\u00fczde 80\u2019inde anla\u015ft\u0131klar\u0131n\u0131 s\u00f6yledi -","isPartOf":{"@id":"https:\/\/kibrisdakik.com\/#website"},"primaryImageOfPage":{"@id":"https:\/\/kibrisdakik.com\/?p=60162#primaryimage"},"image":{"@id":"https:\/\/kibrisdakik.com\/?p=60162#primaryimage"},"thumbnailUrl":"https:\/\/kibrisdakik.com\/wp-content\/uploads\/2024\/09\/thumbs-b-c-f7d8a1be03f8e29c9981423429b11eea-740x420.jpg","datePublished":"2024-09-06T07:28:50+00:00","author":{"@id":"https:\/\/kibrisdakik.com\/#\/schema\/person\/9cd9d437bbb44f72b73ba127e06d8e79"},"breadcrumb":{"@id":"https:\/\/kibrisdakik.com\/?p=60162#breadcrumb"},"inLanguage":"tr","potentialAction":[{"@type":"ReadAction","target":["https:\/\/kibrisdakik.com\/?p=60162"]}]},{"@type":"ImageObject","inLanguage":"tr","@id":"https:\/\/kibrisdakik.com\/?p=60162#primaryimage","url":"https:\/\/kibrisdakik.com\/wp-content\/uploads\/2024\/09\/thumbs-b-c-f7d8a1be03f8e29c9981423429b11eea-740x420.jpg","contentUrl":"https:\/\/kibrisdakik.com\/wp-content\/uploads\/2024\/09\/thumbs-b-c-f7d8a1be03f8e29c9981423429b11eea-740x420.jpg","width":863,"height":486},{"@type":"BreadcrumbList","@id":"https:\/\/kibrisdakik.com\/?p=60162#breadcrumb","itemListElement":[{"@type":"ListItem","position":1,"name":"Home","item":"https:\/\/kibrisdakik.com\/"},{"@type":"ListItem","position":2,"name":"Aliyev, Ermenistan ile bar\u0131\u015f anla\u015fmas\u0131 metninin y\u00fczde 80\u2019inde anla\u015ft\u0131klar\u0131n\u0131 s\u00f6yledi"}]},{"@type":"WebSite","@id":"https:\/\/kibrisdakik.com\/#website","url":"https:\/\/kibrisdakik.com\/","name":"","description":"Tam vaktinde haber","potentialAction":[{"@type":"SearchAction","target":{"@type":"EntryPoint","urlTemplate":"https:\/\/kibrisdakik.com\/?s={search_term_string}"},"query-input":{"@type":"PropertyValueSpecification","valueRequired":true,"valueName":"search_term_string"}}],"inLanguage":"tr"},{"@type":"Person","@id":"https:\/\/kibrisdakik.com\/#\/schema\/person\/9cd9d437bbb44f72b73ba127e06d8e79","name":"admin","image":{"@type":"ImageObject","inLanguage":"tr","@id":"https:\/\/secure.gravatar.com\/avatar\/ccc17943b9d660506c869530f897617f7cb1c21a4bf30023f252596d83e1f007?s=96&d=mm&r=g","url":"https:\/\/secure.gravatar.com\/avatar\/ccc17943b9d660506c869530f897617f7cb1c21a4bf30023f252596d83e1f007?s=96&d=mm&r=g","contentUrl":"https:\/\/secure.gravatar.com\/avatar\/ccc17943b9d660506c869530f897617f7cb1c21a4bf30023f252596d83e1f007?s=96&d=mm&r=g","caption":"admin"},"sameAs":["https:\/\/kibrisdakik.com"],"url":"https:\/\/kibrisdakik.com\/?author=1"}]}},"_links":{"self":[{"href":"https:\/\/kibrisdakik.com\/index.php?rest_route=\/wp\/v2\/posts\/60162","targetHints":{"allow":["GET"]}}],"collection":[{"href":"https:\/\/kibrisdakik.com\/index.php?rest_route=\/wp\/v2\/posts"}],"about":[{"href":"https:\/\/kibrisdakik.com\/index.php?rest_route=\/wp\/v2\/types\/post"}],"author":[{"embeddable":true,"href":"https:\/\/kibrisdakik.com\/index.php?rest_route=\/wp\/v2\/users\/1"}],"replies":[{"embeddable":true,"href":"https:\/\/kibrisdakik.com\/index.php?rest_route=%2Fwp%2Fv2%2Fcomments&post=60162"}],"version-history":[{"count":0,"href":"https:\/\/kibrisdakik.com\/index.php?rest_route=\/wp\/v2\/posts\/60162\/revisions"}],"wp:featuredmedia":[{"embeddable":true,"href":"https:\/\/kibrisdakik.com\/index.php?rest_route=\/wp\/v2\/media\/60163"}],"wp:attachment":[{"href":"https:\/\/kibrisdakik.com\/index.php?rest_route=%2Fwp%2Fv2%2Fmedia&parent=60162"}],"wp:term":[{"taxonomy":"category","embeddable":true,"href":"https:\/\/kibrisdakik.com\/index.php?rest_route=%2Fwp%2Fv2%2Fcategories&post=60162"},{"taxonomy":"post_tag","embeddable":true,"href":"https:\/\/kibrisdakik.com\/index.php?rest_route=%2Fwp%2Fv2%2Ftags&post=60162"}],"curies":[{"name":"wp","href":"https:\/\/api.w.org\/{rel}","templated":true}]}}