{"id":60166,"date":"2024-09-06T18:40:57","date_gmt":"2024-09-06T15:40:57","guid":{"rendered":"https:\/\/kibrisdakik.com\/index.php\/2024\/09\/06\/henry-onyekuru-super-lige-geri-donuyor-iste-yeni-takimi\/"},"modified":"2024-09-06T18:40:57","modified_gmt":"2024-09-06T15:40:57","slug":"henry-onyekuru-super-lige-geri-donuyor-iste-yeni-takimi","status":"publish","type":"post","link":"https:\/\/kibrisdakik.com\/?p=60166","title":{"rendered":"Henry Onyekuru S\u00fcper Lig&#8217;e geri d\u00f6n\u00fcyor! \u0130\u015fte yeni tak\u0131m\u0131"},"content":{"rendered":"<p><\/p>\n<div id=\"\">\n<p>\u00dclkemizde Galatasaray ve Adana Demirspor formalar\u0131 giyen Henry Onyekuru 1 y\u0131l aran\u0131n ard\u0131ndan yeniden S\u00fcper Lig&#8217;e d\u00f6nmeye haz\u0131rlan\u0131yor. Suudi Arabistan Pro Ligi tak\u0131mlar\u0131ndan Al-Fayha forma giyen Onyekuru&#8217;ya s\u00fcrpriz bir talip \u00e7\u0131kt\u0131.<\/p>\n<h3>ARDA TURAN&#8217;IN TAKIMI EY\u00dcPSPOR \u0130ST\u0130YOR<\/h3>\n<p>Suudi ekibiyle olan s\u00f6zle\u015fmesinin son y\u0131l\u0131na giren Nijeryal\u0131 futbolcu i\u00e7in Ey\u00fcpspor&#8217;un devrede oldu\u011fu \u00f6ne s\u00fcr\u00fcld\u00fc. Radyospor&#8217;un aktard\u0131\u011f\u0131 habere g\u00f6re; \u0130stanbul ekibi, 27 ya\u015f\u0131ndaki y\u0131ld\u0131z isimle ilk temas\u0131 kurdu ve g\u00f6r\u00fc\u015fmelere ba\u015flad\u0131. Eflatun sar\u0131 tak\u0131m, k\u0131sa bir s\u00fcre \u00f6nce de Galatasaray&#8217;\u0131n s\u00f6zle\u015fmesini feshetti\u011fi Leo Dubois&#8217;i kadrosuna katt\u0131.<\/p>\n<p><img loading=\"lazy\" decoding=\"async\" class=\"hbptMainImage lazyload ImgDetay\" src=\"https:\/\/foto.haberler.com\/haber\/2024\/09\/06\/henry-onyekuru-super-lig-e-geri-donuyor-iste-17794633_9076_m.jpg\" alt=\"Henry Onyekuru S\u00fcper Lig'e geri d\u00f6n\u00fcyor! \u0130\u015fte yeni tak\u0131m\u0131\" width=\"640\" height=\"639\"\/><\/p>\n<h3>ONYEKURU&#8217;NUN RAKAMLARI<\/h3>\n<p>Al-Fayha ile 2023-24 sezonunda 34 ma\u00e7a \u00e7\u0131kan Henry Onyekuru, 11 gol, 3 asistlik skor katk\u0131s\u0131 verdi. Suudi Arabistan temsilcisi, Onyekuru i\u00e7in Adana Demirspor&#8217;a 3.2 milyon euro \u00f6demi\u015fti. S\u00fcper Lig&#8217;de Galatasaray ve Adana Demirspor formalar\u0131 giyen, sar\u0131-k\u0131rm\u0131z\u0131l\u0131larla 1 S\u00fcper Lig, 1 de T\u00fcrkiye Kupas\u0131 sevinci ya\u015fayan 27 ya\u015f\u0131ndaki Nijeryal\u0131 futbolcu, ge\u00e7ti\u011fimiz sezon ba\u015f\u0131nda Al-Fayha&#8217;ya transfer olmu\u015ftu.<\/p>\n<div class=\"editorSade\">Kaynak: Haberler.com \/  <a href=\"https:\/\/www.haberler.com\/spor\/\" title=\"Spor Haberleri\">Spor<\/a> <\/div>\n<h4 id=\"nwsKeywords\"> <a href=\"https:\/\/www.haberler.com\/adana-demirspor\/\" title=\"Adana Demirspor\" class=\"hbptTag\">Adana Demirspor<\/a>  <a href=\"https:\/\/www.haberler.com\/henry-onyekuru\/\" title=\"Henry Onyekuru\" class=\"hbptTag\">Henry Onyekuru<\/a>  <a href=\"https:\/\/www.haberler.com\/galatasaray\/\" title=\"Galatasaray\" class=\"hbptTag\">Galatasaray<\/a>  <a href=\"https:\/\/www.haberler.com\/arda-turan\/\" title=\"Arda Turan\" class=\"hbptTag\">Arda Turan<\/a>  <a href=\"https:\/\/www.haberler.com\/eyupspor\/\" title=\"Ey\u00fcpspor\" class=\"hbptTag\">Ey\u00fcpspor<\/a>  <a href=\"https:\/\/www.haberler.com\/futbol\/\" title=\"Futbol\" class=\"hbptTag\">Futbol<\/a>  <a href=\"https:\/\/www.haberler.com\/spor\/\" title=\"Spor\" class=\"hbptTag\">Spor<\/a> <\/h4>\n<\/div>\n","protected":false},"excerpt":{"rendered":"<p>\u00dclkemizde Galatasaray ve Adana Demirspor formalar\u0131 giyen Henry Onyekuru 1 y\u0131l aran\u0131n ard\u0131ndan yeniden S\u00fcper Lig&#8217;e d\u00f6nmeye haz\u0131rlan\u0131yor. Suudi Arabistan Pro Ligi tak\u0131mlar\u0131ndan Al-Fayha forma giyen Onyekuru&#8217;ya s\u00fcrpriz bir talip \u00e7\u0131kt\u0131. ARDA TURAN&#8217;IN TAKIMI EY\u00dcPSPOR \u0130ST\u0130YOR Suudi ekibiyle olan s\u00f6zle\u015fmesinin son y\u0131l\u0131na giren Nijeryal\u0131 futbolcu i\u00e7in Ey\u00fcpspor&#8217;un devrede oldu\u011fu \u00f6ne s\u00fcr\u00fcld\u00fc. Radyospor&#8217;un aktard\u0131\u011f\u0131 habere g\u00f6re;<\/p>\n","protected":false},"author":1,"featured_media":60167,"comment_status":"open","ping_status":"open","sticky":false,"template":"","format":"standard","meta":{"footnotes":""},"categories":[83],"tags":[],"class_list":["post-60166","post","type-post","status-publish","format-standard","has-post-thumbnail","hentry","category-magazin"],"yoast_head":"<!-- This site is optimized with the Yoast SEO plugin v27.5 - https:\/\/yoast.com\/product\/yoast-seo-wordpress\/ -->\n<title>Henry Onyekuru S\u00fcper Lig&#039;e geri d\u00f6n\u00fcyor! \u0130\u015fte yeni tak\u0131m\u0131 -<\/title>\n<meta name=\"robots\" content=\"index, follow, max-snippet:-1, max-image-preview:large, max-video-preview:-1\" \/>\n<link rel=\"canonical\" href=\"https:\/\/kibrisdakik.com\/?p=60166\" \/>\n<meta property=\"og:locale\" content=\"tr_TR\" \/>\n<meta property=\"og:type\" content=\"article\" \/>\n<meta property=\"og:title\" content=\"Henry Onyekuru S\u00fcper Lig&#039;e geri d\u00f6n\u00fcyor! \u0130\u015fte yeni tak\u0131m\u0131 -\" \/>\n<meta property=\"og:description\" content=\"\u00dclkemizde Galatasaray ve Adana Demirspor formalar\u0131 giyen Henry Onyekuru 1 y\u0131l aran\u0131n ard\u0131ndan yeniden S\u00fcper Lig&#8217;e d\u00f6nmeye haz\u0131rlan\u0131yor. Suudi Arabistan Pro Ligi tak\u0131mlar\u0131ndan Al-Fayha forma giyen Onyekuru&#8217;ya s\u00fcrpriz bir talip \u00e7\u0131kt\u0131. ARDA TURAN&#8217;IN TAKIMI EY\u00dcPSPOR \u0130ST\u0130YOR Suudi ekibiyle olan s\u00f6zle\u015fmesinin son y\u0131l\u0131na giren Nijeryal\u0131 futbolcu i\u00e7in Ey\u00fcpspor&#8217;un devrede oldu\u011fu \u00f6ne s\u00fcr\u00fcld\u00fc. Radyospor&#8217;un aktard\u0131\u011f\u0131 habere g\u00f6re;\" \/>\n<meta property=\"og:url\" content=\"https:\/\/kibrisdakik.com\/?p=60166\" \/>\n<meta property=\"article:published_time\" content=\"2024-09-06T15:40:57+00:00\" \/>\n<meta property=\"og:image\" content=\"https:\/\/kibrisdakik.com\/wp-content\/uploads\/2024\/09\/henry-onyekuru-super-lig-e-geri-donuyor-iste-17794633_9076_m-640x420.jpg\" \/>\n\t<meta property=\"og:image:width\" content=\"640\" \/>\n\t<meta property=\"og:image:height\" content=\"640\" \/>\n\t<meta property=\"og:image:type\" content=\"image\/jpeg\" \/>\n<meta name=\"author\" content=\"admin\" \/>\n<meta name=\"twitter:card\" content=\"summary_large_image\" \/>\n<meta name=\"twitter:label1\" content=\"Yazan:\" \/>\n\t<meta name=\"twitter:data1\" content=\"admin\" \/>\n\t<meta name=\"twitter:label2\" content=\"Tahmini okuma s\u00fcresi\" \/>\n\t<meta name=\"twitter:data2\" content=\"1 dakika\" \/>\n<script type=\"application\/ld+json\" class=\"yoast-schema-graph\">{\"@context\":\"https:\\\/\\\/schema.org\",\"@graph\":[{\"@type\":\"Article\",\"@id\":\"https:\\\/\\\/kibrisdakik.com\\\/?p=60166#article\",\"isPartOf\":{\"@id\":\"https:\\\/\\\/kibrisdakik.com\\\/?p=60166\"},\"author\":{\"name\":\"admin\",\"@id\":\"https:\\\/\\\/kibrisdakik.com\\\/#\\\/schema\\\/person\\\/9cd9d437bbb44f72b73ba127e06d8e79\"},\"headline\":\"Henry Onyekuru S\u00fcper Lig&#8217;e geri d\u00f6n\u00fcyor! \u0130\u015fte yeni tak\u0131m\u0131\",\"datePublished\":\"2024-09-06T15:40:57+00:00\",\"mainEntityOfPage\":{\"@id\":\"https:\\\/\\\/kibrisdakik.com\\\/?p=60166\"},\"wordCount\":211,\"commentCount\":0,\"image\":{\"@id\":\"https:\\\/\\\/kibrisdakik.com\\\/?p=60166#primaryimage\"},\"thumbnailUrl\":\"https:\\\/\\\/kibrisdakik.com\\\/wp-content\\\/uploads\\\/2024\\\/09\\\/henry-onyekuru-super-lig-e-geri-donuyor-iste-17794633_9076_m-640x420.jpg\",\"articleSection\":[\"Magazin\"],\"inLanguage\":\"tr\",\"potentialAction\":[{\"@type\":\"CommentAction\",\"name\":\"Comment\",\"target\":[\"https:\\\/\\\/kibrisdakik.com\\\/?p=60166#respond\"]}]},{\"@type\":\"WebPage\",\"@id\":\"https:\\\/\\\/kibrisdakik.com\\\/?p=60166\",\"url\":\"https:\\\/\\\/kibrisdakik.com\\\/?p=60166\",\"name\":\"Henry Onyekuru S\u00fcper Lig'e geri d\u00f6n\u00fcyor! \u0130\u015fte yeni tak\u0131m\u0131 -\",\"isPartOf\":{\"@id\":\"https:\\\/\\\/kibrisdakik.com\\\/#website\"},\"primaryImageOfPage\":{\"@id\":\"https:\\\/\\\/kibrisdakik.com\\\/?p=60166#primaryimage\"},\"image\":{\"@id\":\"https:\\\/\\\/kibrisdakik.com\\\/?p=60166#primaryimage\"},\"thumbnailUrl\":\"https:\\\/\\\/kibrisdakik.com\\\/wp-content\\\/uploads\\\/2024\\\/09\\\/henry-onyekuru-super-lig-e-geri-donuyor-iste-17794633_9076_m-640x420.jpg\",\"datePublished\":\"2024-09-06T15:40:57+00:00\",\"author\":{\"@id\":\"https:\\\/\\\/kibrisdakik.com\\\/#\\\/schema\\\/person\\\/9cd9d437bbb44f72b73ba127e06d8e79\"},\"breadcrumb\":{\"@id\":\"https:\\\/\\\/kibrisdakik.com\\\/?p=60166#breadcrumb\"},\"inLanguage\":\"tr\",\"potentialAction\":[{\"@type\":\"ReadAction\",\"target\":[\"https:\\\/\\\/kibrisdakik.com\\\/?p=60166\"]}]},{\"@type\":\"ImageObject\",\"inLanguage\":\"tr\",\"@id\":\"https:\\\/\\\/kibrisdakik.com\\\/?p=60166#primaryimage\",\"url\":\"https:\\\/\\\/kibrisdakik.com\\\/wp-content\\\/uploads\\\/2024\\\/09\\\/henry-onyekuru-super-lig-e-geri-donuyor-iste-17794633_9076_m-640x420.jpg\",\"contentUrl\":\"https:\\\/\\\/kibrisdakik.com\\\/wp-content\\\/uploads\\\/2024\\\/09\\\/henry-onyekuru-super-lig-e-geri-donuyor-iste-17794633_9076_m-640x420.jpg\",\"width\":640,\"height\":640},{\"@type\":\"BreadcrumbList\",\"@id\":\"https:\\\/\\\/kibrisdakik.com\\\/?p=60166#breadcrumb\",\"itemListElement\":[{\"@type\":\"ListItem\",\"position\":1,\"name\":\"Home\",\"item\":\"https:\\\/\\\/kibrisdakik.com\\\/\"},{\"@type\":\"ListItem\",\"position\":2,\"name\":\"Henry Onyekuru S\u00fcper Lig&#8217;e geri d\u00f6n\u00fcyor! \u0130\u015fte yeni tak\u0131m\u0131\"}]},{\"@type\":\"WebSite\",\"@id\":\"https:\\\/\\\/kibrisdakik.com\\\/#website\",\"url\":\"https:\\\/\\\/kibrisdakik.com\\\/\",\"name\":\"\",\"description\":\"Tam vaktinde haber\",\"potentialAction\":[{\"@type\":\"SearchAction\",\"target\":{\"@type\":\"EntryPoint\",\"urlTemplate\":\"https:\\\/\\\/kibrisdakik.com\\\/?s={search_term_string}\"},\"query-input\":{\"@type\":\"PropertyValueSpecification\",\"valueRequired\":true,\"valueName\":\"search_term_string\"}}],\"inLanguage\":\"tr\"},{\"@type\":\"Person\",\"@id\":\"https:\\\/\\\/kibrisdakik.com\\\/#\\\/schema\\\/person\\\/9cd9d437bbb44f72b73ba127e06d8e79\",\"name\":\"admin\",\"image\":{\"@type\":\"ImageObject\",\"inLanguage\":\"tr\",\"@id\":\"https:\\\/\\\/secure.gravatar.com\\\/avatar\\\/ccc17943b9d660506c869530f897617f7cb1c21a4bf30023f252596d83e1f007?s=96&d=mm&r=g\",\"url\":\"https:\\\/\\\/secure.gravatar.com\\\/avatar\\\/ccc17943b9d660506c869530f897617f7cb1c21a4bf30023f252596d83e1f007?s=96&d=mm&r=g\",\"contentUrl\":\"https:\\\/\\\/secure.gravatar.com\\\/avatar\\\/ccc17943b9d660506c869530f897617f7cb1c21a4bf30023f252596d83e1f007?s=96&d=mm&r=g\",\"caption\":\"admin\"},\"sameAs\":[\"https:\\\/\\\/kibrisdakik.com\"],\"url\":\"https:\\\/\\\/kibrisdakik.com\\\/?author=1\"}]}<\/script>\n<!-- \/ Yoast SEO plugin. -->","yoast_head_json":{"title":"Henry Onyekuru S\u00fcper Lig'e geri d\u00f6n\u00fcyor! \u0130\u015fte yeni tak\u0131m\u0131 -","robots":{"index":"index","follow":"follow","max-snippet":"max-snippet:-1","max-image-preview":"max-image-preview:large","max-video-preview":"max-video-preview:-1"},"canonical":"https:\/\/kibrisdakik.com\/?p=60166","og_locale":"tr_TR","og_type":"article","og_title":"Henry Onyekuru S\u00fcper Lig'e geri d\u00f6n\u00fcyor! \u0130\u015fte yeni tak\u0131m\u0131 -","og_description":"\u00dclkemizde Galatasaray ve Adana Demirspor formalar\u0131 giyen Henry Onyekuru 1 y\u0131l aran\u0131n ard\u0131ndan yeniden S\u00fcper Lig&#8217;e d\u00f6nmeye haz\u0131rlan\u0131yor. Suudi Arabistan Pro Ligi tak\u0131mlar\u0131ndan Al-Fayha forma giyen Onyekuru&#8217;ya s\u00fcrpriz bir talip \u00e7\u0131kt\u0131. ARDA TURAN&#8217;IN TAKIMI EY\u00dcPSPOR \u0130ST\u0130YOR Suudi ekibiyle olan s\u00f6zle\u015fmesinin son y\u0131l\u0131na giren Nijeryal\u0131 futbolcu i\u00e7in Ey\u00fcpspor&#8217;un devrede oldu\u011fu \u00f6ne s\u00fcr\u00fcld\u00fc. Radyospor&#8217;un aktard\u0131\u011f\u0131 habere g\u00f6re;","og_url":"https:\/\/kibrisdakik.com\/?p=60166","article_published_time":"2024-09-06T15:40:57+00:00","og_image":[{"width":640,"height":640,"url":"https:\/\/kibrisdakik.com\/wp-content\/uploads\/2024\/09\/henry-onyekuru-super-lig-e-geri-donuyor-iste-17794633_9076_m-640x420.jpg","type":"image\/jpeg"}],"author":"admin","twitter_card":"summary_large_image","twitter_misc":{"Yazan:":"admin","Tahmini okuma s\u00fcresi":"1 dakika"},"schema":{"@context":"https:\/\/schema.org","@graph":[{"@type":"Article","@id":"https:\/\/kibrisdakik.com\/?p=60166#article","isPartOf":{"@id":"https:\/\/kibrisdakik.com\/?p=60166"},"author":{"name":"admin","@id":"https:\/\/kibrisdakik.com\/#\/schema\/person\/9cd9d437bbb44f72b73ba127e06d8e79"},"headline":"Henry Onyekuru S\u00fcper Lig&#8217;e geri d\u00f6n\u00fcyor! \u0130\u015fte yeni tak\u0131m\u0131","datePublished":"2024-09-06T15:40:57+00:00","mainEntityOfPage":{"@id":"https:\/\/kibrisdakik.com\/?p=60166"},"wordCount":211,"commentCount":0,"image":{"@id":"https:\/\/kibrisdakik.com\/?p=60166#primaryimage"},"thumbnailUrl":"https:\/\/kibrisdakik.com\/wp-content\/uploads\/2024\/09\/henry-onyekuru-super-lig-e-geri-donuyor-iste-17794633_9076_m-640x420.jpg","articleSection":["Magazin"],"inLanguage":"tr","potentialAction":[{"@type":"CommentAction","name":"Comment","target":["https:\/\/kibrisdakik.com\/?p=60166#respond"]}]},{"@type":"WebPage","@id":"https:\/\/kibrisdakik.com\/?p=60166","url":"https:\/\/kibrisdakik.com\/?p=60166","name":"Henry Onyekuru S\u00fcper Lig'e geri d\u00f6n\u00fcyor! \u0130\u015fte yeni tak\u0131m\u0131 -","isPartOf":{"@id":"https:\/\/kibrisdakik.com\/#website"},"primaryImageOfPage":{"@id":"https:\/\/kibrisdakik.com\/?p=60166#primaryimage"},"image":{"@id":"https:\/\/kibrisdakik.com\/?p=60166#primaryimage"},"thumbnailUrl":"https:\/\/kibrisdakik.com\/wp-content\/uploads\/2024\/09\/henry-onyekuru-super-lig-e-geri-donuyor-iste-17794633_9076_m-640x420.jpg","datePublished":"2024-09-06T15:40:57+00:00","author":{"@id":"https:\/\/kibrisdakik.com\/#\/schema\/person\/9cd9d437bbb44f72b73ba127e06d8e79"},"breadcrumb":{"@id":"https:\/\/kibrisdakik.com\/?p=60166#breadcrumb"},"inLanguage":"tr","potentialAction":[{"@type":"ReadAction","target":["https:\/\/kibrisdakik.com\/?p=60166"]}]},{"@type":"ImageObject","inLanguage":"tr","@id":"https:\/\/kibrisdakik.com\/?p=60166#primaryimage","url":"https:\/\/kibrisdakik.com\/wp-content\/uploads\/2024\/09\/henry-onyekuru-super-lig-e-geri-donuyor-iste-17794633_9076_m-640x420.jpg","contentUrl":"https:\/\/kibrisdakik.com\/wp-content\/uploads\/2024\/09\/henry-onyekuru-super-lig-e-geri-donuyor-iste-17794633_9076_m-640x420.jpg","width":640,"height":640},{"@type":"BreadcrumbList","@id":"https:\/\/kibrisdakik.com\/?p=60166#breadcrumb","itemListElement":[{"@type":"ListItem","position":1,"name":"Home","item":"https:\/\/kibrisdakik.com\/"},{"@type":"ListItem","position":2,"name":"Henry Onyekuru S\u00fcper Lig&#8217;e geri d\u00f6n\u00fcyor! \u0130\u015fte yeni tak\u0131m\u0131"}]},{"@type":"WebSite","@id":"https:\/\/kibrisdakik.com\/#website","url":"https:\/\/kibrisdakik.com\/","name":"","description":"Tam vaktinde haber","potentialAction":[{"@type":"SearchAction","target":{"@type":"EntryPoint","urlTemplate":"https:\/\/kibrisdakik.com\/?s={search_term_string}"},"query-input":{"@type":"PropertyValueSpecification","valueRequired":true,"valueName":"search_term_string"}}],"inLanguage":"tr"},{"@type":"Person","@id":"https:\/\/kibrisdakik.com\/#\/schema\/person\/9cd9d437bbb44f72b73ba127e06d8e79","name":"admin","image":{"@type":"ImageObject","inLanguage":"tr","@id":"https:\/\/secure.gravatar.com\/avatar\/ccc17943b9d660506c869530f897617f7cb1c21a4bf30023f252596d83e1f007?s=96&d=mm&r=g","url":"https:\/\/secure.gravatar.com\/avatar\/ccc17943b9d660506c869530f897617f7cb1c21a4bf30023f252596d83e1f007?s=96&d=mm&r=g","contentUrl":"https:\/\/secure.gravatar.com\/avatar\/ccc17943b9d660506c869530f897617f7cb1c21a4bf30023f252596d83e1f007?s=96&d=mm&r=g","caption":"admin"},"sameAs":["https:\/\/kibrisdakik.com"],"url":"https:\/\/kibrisdakik.com\/?author=1"}]}},"_links":{"self":[{"href":"https:\/\/kibrisdakik.com\/index.php?rest_route=\/wp\/v2\/posts\/60166","targetHints":{"allow":["GET"]}}],"collection":[{"href":"https:\/\/kibrisdakik.com\/index.php?rest_route=\/wp\/v2\/posts"}],"about":[{"href":"https:\/\/kibrisdakik.com\/index.php?rest_route=\/wp\/v2\/types\/post"}],"author":[{"embeddable":true,"href":"https:\/\/kibrisdakik.com\/index.php?rest_route=\/wp\/v2\/users\/1"}],"replies":[{"embeddable":true,"href":"https:\/\/kibrisdakik.com\/index.php?rest_route=%2Fwp%2Fv2%2Fcomments&post=60166"}],"version-history":[{"count":0,"href":"https:\/\/kibrisdakik.com\/index.php?rest_route=\/wp\/v2\/posts\/60166\/revisions"}],"wp:featuredmedia":[{"embeddable":true,"href":"https:\/\/kibrisdakik.com\/index.php?rest_route=\/wp\/v2\/media\/60167"}],"wp:attachment":[{"href":"https:\/\/kibrisdakik.com\/index.php?rest_route=%2Fwp%2Fv2%2Fmedia&parent=60166"}],"wp:term":[{"taxonomy":"category","embeddable":true,"href":"https:\/\/kibrisdakik.com\/index.php?rest_route=%2Fwp%2Fv2%2Fcategories&post=60166"},{"taxonomy":"post_tag","embeddable":true,"href":"https:\/\/kibrisdakik.com\/index.php?rest_route=%2Fwp%2Fv2%2Ftags&post=60166"}],"curies":[{"name":"wp","href":"https:\/\/api.w.org\/{rel}","templated":true}]}}