{"id":60210,"date":"2024-09-06T12:50:54","date_gmt":"2024-09-06T09:50:54","guid":{"rendered":"https:\/\/kibrisdakik.com\/index.php\/2024\/09\/06\/polisiye-olaylarkorkutelinde-kanunsuz-uyusturucu-madde-tasarrufundan-1-kisi-tutuklandi\/"},"modified":"2024-09-06T12:50:54","modified_gmt":"2024-09-06T09:50:54","slug":"polisiye-olaylarkorkutelinde-kanunsuz-uyusturucu-madde-tasarrufundan-1-kisi-tutuklandi","status":"publish","type":"post","link":"https:\/\/kibrisdakik.com\/?p=60210","title":{"rendered":"Polisiye Olaylar\u2026Korkuteli\u2019nde kanunsuz uyu\u015fturucu madde tasarrufundan 1 ki\u015fi tutukland\u0131"},"content":{"rendered":"<p><\/p>\n<div>\n<div class=\"mariselle-image-container center\">\n                <img loading=\"lazy\" decoding=\"async\" width=\"223\" height=\"226\" class=\"lazy-image\" alt=\"\" src=\"https:\/\/brtk.net\/wp-content\/uploads\/2024\/08\/31\/polis-son15.jpeg?ver=1f6d135afb91df9c0476706db4cc8749\"\/>                            <\/div>\n<p>\nGazima\u011fusa Polis M\u00fcd\u00fcrl\u00fc\u011f\u00fcne ba\u011fl\u0131 ekipler taraf\u0131ndan, park halinde bulunan arac\u0131nda ve \u00fczerinde yap\u0131lan aramada i\u00e7erlerinde metamfetamin t\u00fcr\u00fc uyu\u015fturucu madde kal\u0131nt\u0131s\u0131 olan  iki cam pipo ve hintkeneviri t\u00fcr\u00fc uyu\u015fturucu madde kal\u0131nt\u0131s\u0131 olan metal \u00f6\u011f\u00fct\u00fcc\u00fc ile hassas terazi tespit edilen  A.A (E-25) tutukland\u0131.<\/p>\n<p>Sabah 8.00 s\u0131ralar\u0131nda Korkuteli\u2019nde meydana gelen olayla ilgili soru\u015fturma devam ediyor.<\/p>\n<p>-2 ani \u00f6l\u00fcm\u00fcn sebebi belirlendi<\/p>\n<p>Halil Gazelci\u2019nin \u00f6l\u00fcm sebebinin \u201ckalp krizi ve kalp yetmezli\u011fi\u201d, Meryem Perto\u2019nun ise \u201csolunum ve dola\u015f\u0131m yetmezli\u011fi ile ya\u015fl\u0131l\u0131k\u201d oldu\u011fu belirlendi.<\/p>\n<p>Polis\u2019ten verilen bilgiye g\u00f6re, d\u00fcn T\u00fcrkmenk\u00f6y\u2019de evinde  aniden rahats\u0131zlanarak ambulans ile Gazima\u011fusa Devlet Hastanesi\u2019ne kald\u0131r\u0131ld\u0131\u011f\u0131 s\u0131rada yap\u0131lan t\u00fcm m\u00fcdahalelere ra\u011fmen ya\u015fam\u0131n\u0131 yitiren Halil Gazelci\u2019nin (E-67) doktorundan yap\u0131lan soru\u015fturmada, \u00f6l\u00fcm sebebinin \u201ckalp krizi ve kalp yetmezli\u011fi\u201d oldu\u011fu tespit edildi.<\/p>\n<p>Bug\u00fcn Gazima\u011fusa\u2019da faaliyet g\u00f6steren bir Ya\u015fl\u0131 Bak\u0131m Merkezi\u2019nde, odas\u0131nda ya\u015fam\u0131n\u0131 yitirmi\u015f \u015fekilde bulunan Meryem Petro\u2019nun (K-94) ise doktorundan yap\u0131lan soru\u015fturmada, \u00f6l\u00fcm sebebinin \u201csolunum ve dola\u015f\u0131m yetmezli\u011fi ile ya\u015fl\u0131l\u0131k\u201d oldu\u011fu  belirtilendi.<\/p>\n<\/p><\/div>\n<p><script async\n                    defer\n                    crossorigin=\"anonymous\"\n                    src=\"https:\/\/connect.facebook.net\/tr_TR\/sdk.js#xfbml=1&#038;version=v3.3\"\n            ><\/script><\/p>\n","protected":false},"excerpt":{"rendered":"<p>Gazima\u011fusa Polis M\u00fcd\u00fcrl\u00fc\u011f\u00fcne ba\u011fl\u0131 ekipler taraf\u0131ndan, park halinde bulunan arac\u0131nda ve \u00fczerinde yap\u0131lan aramada i\u00e7erlerinde metamfetamin t\u00fcr\u00fc uyu\u015fturucu madde kal\u0131nt\u0131s\u0131 olan iki cam pipo ve hintkeneviri t\u00fcr\u00fc uyu\u015fturucu madde kal\u0131nt\u0131s\u0131 olan metal \u00f6\u011f\u00fct\u00fcc\u00fc ile hassas terazi tespit edilen A.A (E-25) tutukland\u0131. Sabah 8.00 s\u0131ralar\u0131nda Korkuteli\u2019nde meydana gelen olayla ilgili soru\u015fturma devam ediyor. -2 ani \u00f6l\u00fcm\u00fcn<\/p>\n","protected":false},"author":1,"featured_media":5128,"comment_status":"open","ping_status":"open","sticky":false,"template":"","format":"standard","meta":{"footnotes":""},"categories":[1],"tags":[],"class_list":["post-60210","post","type-post","status-publish","format-standard","has-post-thumbnail","hentry","category-gundem"],"yoast_head":"<!-- This site is optimized with the Yoast SEO plugin v27.4 - https:\/\/yoast.com\/product\/yoast-seo-wordpress\/ -->\n<title>Polisiye Olaylar\u2026Korkuteli\u2019nde kanunsuz uyu\u015fturucu madde tasarrufundan 1 ki\u015fi tutukland\u0131 -<\/title>\n<meta name=\"robots\" content=\"index, follow, max-snippet:-1, max-image-preview:large, max-video-preview:-1\" \/>\n<link rel=\"canonical\" href=\"https:\/\/kibrisdakik.com\/?p=60210\" \/>\n<meta property=\"og:locale\" content=\"tr_TR\" \/>\n<meta property=\"og:type\" content=\"article\" \/>\n<meta property=\"og:title\" content=\"Polisiye Olaylar\u2026Korkuteli\u2019nde kanunsuz uyu\u015fturucu madde tasarrufundan 1 ki\u015fi tutukland\u0131 -\" \/>\n<meta property=\"og:description\" content=\"Gazima\u011fusa Polis M\u00fcd\u00fcrl\u00fc\u011f\u00fcne ba\u011fl\u0131 ekipler taraf\u0131ndan, park halinde bulunan arac\u0131nda ve \u00fczerinde yap\u0131lan aramada i\u00e7erlerinde metamfetamin t\u00fcr\u00fc uyu\u015fturucu madde kal\u0131nt\u0131s\u0131 olan iki cam pipo ve hintkeneviri t\u00fcr\u00fc uyu\u015fturucu madde kal\u0131nt\u0131s\u0131 olan metal \u00f6\u011f\u00fct\u00fcc\u00fc ile hassas terazi tespit edilen A.A (E-25) tutukland\u0131. Sabah 8.00 s\u0131ralar\u0131nda Korkuteli\u2019nde meydana gelen olayla ilgili soru\u015fturma devam ediyor. -2 ani \u00f6l\u00fcm\u00fcn\" \/>\n<meta property=\"og:url\" content=\"https:\/\/kibrisdakik.com\/?p=60210\" \/>\n<meta property=\"article:published_time\" content=\"2024-09-06T09:50:54+00:00\" \/>\n<meta property=\"og:image\" content=\"https:\/\/kibrisdakik.com\/wp-content\/uploads\/2023\/04\/tutuklu-76767-696x420.jpg\" \/>\n\t<meta property=\"og:image:width\" content=\"696\" \/>\n\t<meta property=\"og:image:height\" content=\"443\" \/>\n\t<meta property=\"og:image:type\" content=\"image\/jpeg\" \/>\n<meta name=\"author\" content=\"admin\" \/>\n<meta name=\"twitter:card\" content=\"summary_large_image\" \/>\n<meta name=\"twitter:label1\" content=\"Yazan:\" \/>\n\t<meta name=\"twitter:data1\" content=\"admin\" \/>\n\t<meta name=\"twitter:label2\" content=\"Tahmini okuma s\u00fcresi\" \/>\n\t<meta name=\"twitter:data2\" content=\"1 dakika\" \/>\n<script type=\"application\/ld+json\" class=\"yoast-schema-graph\">{\"@context\":\"https:\\\/\\\/schema.org\",\"@graph\":[{\"@type\":\"Article\",\"@id\":\"https:\\\/\\\/kibrisdakik.com\\\/?p=60210#article\",\"isPartOf\":{\"@id\":\"https:\\\/\\\/kibrisdakik.com\\\/?p=60210\"},\"author\":{\"name\":\"admin\",\"@id\":\"https:\\\/\\\/kibrisdakik.com\\\/#\\\/schema\\\/person\\\/9cd9d437bbb44f72b73ba127e06d8e79\"},\"headline\":\"Polisiye Olaylar\u2026Korkuteli\u2019nde kanunsuz uyu\u015fturucu madde tasarrufundan 1 ki\u015fi tutukland\u0131\",\"datePublished\":\"2024-09-06T09:50:54+00:00\",\"mainEntityOfPage\":{\"@id\":\"https:\\\/\\\/kibrisdakik.com\\\/?p=60210\"},\"wordCount\":235,\"commentCount\":0,\"image\":{\"@id\":\"https:\\\/\\\/kibrisdakik.com\\\/?p=60210#primaryimage\"},\"thumbnailUrl\":\"https:\\\/\\\/kibrisdakik.com\\\/wp-content\\\/uploads\\\/2023\\\/04\\\/tutuklu-76767-696x420.jpg\",\"articleSection\":[\"G\u00fcndem\"],\"inLanguage\":\"tr\",\"potentialAction\":[{\"@type\":\"CommentAction\",\"name\":\"Comment\",\"target\":[\"https:\\\/\\\/kibrisdakik.com\\\/?p=60210#respond\"]}]},{\"@type\":\"WebPage\",\"@id\":\"https:\\\/\\\/kibrisdakik.com\\\/?p=60210\",\"url\":\"https:\\\/\\\/kibrisdakik.com\\\/?p=60210\",\"name\":\"Polisiye Olaylar\u2026Korkuteli\u2019nde kanunsuz uyu\u015fturucu madde tasarrufundan 1 ki\u015fi tutukland\u0131 -\",\"isPartOf\":{\"@id\":\"https:\\\/\\\/kibrisdakik.com\\\/#website\"},\"primaryImageOfPage\":{\"@id\":\"https:\\\/\\\/kibrisdakik.com\\\/?p=60210#primaryimage\"},\"image\":{\"@id\":\"https:\\\/\\\/kibrisdakik.com\\\/?p=60210#primaryimage\"},\"thumbnailUrl\":\"https:\\\/\\\/kibrisdakik.com\\\/wp-content\\\/uploads\\\/2023\\\/04\\\/tutuklu-76767-696x420.jpg\",\"datePublished\":\"2024-09-06T09:50:54+00:00\",\"author\":{\"@id\":\"https:\\\/\\\/kibrisdakik.com\\\/#\\\/schema\\\/person\\\/9cd9d437bbb44f72b73ba127e06d8e79\"},\"breadcrumb\":{\"@id\":\"https:\\\/\\\/kibrisdakik.com\\\/?p=60210#breadcrumb\"},\"inLanguage\":\"tr\",\"potentialAction\":[{\"@type\":\"ReadAction\",\"target\":[\"https:\\\/\\\/kibrisdakik.com\\\/?p=60210\"]}]},{\"@type\":\"ImageObject\",\"inLanguage\":\"tr\",\"@id\":\"https:\\\/\\\/kibrisdakik.com\\\/?p=60210#primaryimage\",\"url\":\"https:\\\/\\\/kibrisdakik.com\\\/wp-content\\\/uploads\\\/2023\\\/04\\\/tutuklu-76767-696x420.jpg\",\"contentUrl\":\"https:\\\/\\\/kibrisdakik.com\\\/wp-content\\\/uploads\\\/2023\\\/04\\\/tutuklu-76767-696x420.jpg\",\"width\":696,\"height\":443},{\"@type\":\"BreadcrumbList\",\"@id\":\"https:\\\/\\\/kibrisdakik.com\\\/?p=60210#breadcrumb\",\"itemListElement\":[{\"@type\":\"ListItem\",\"position\":1,\"name\":\"Home\",\"item\":\"https:\\\/\\\/kibrisdakik.com\\\/\"},{\"@type\":\"ListItem\",\"position\":2,\"name\":\"Polisiye Olaylar\u2026Korkuteli\u2019nde kanunsuz uyu\u015fturucu madde tasarrufundan 1 ki\u015fi tutukland\u0131\"}]},{\"@type\":\"WebSite\",\"@id\":\"https:\\\/\\\/kibrisdakik.com\\\/#website\",\"url\":\"https:\\\/\\\/kibrisdakik.com\\\/\",\"name\":\"\",\"description\":\"Tam vaktinde haber\",\"potentialAction\":[{\"@type\":\"SearchAction\",\"target\":{\"@type\":\"EntryPoint\",\"urlTemplate\":\"https:\\\/\\\/kibrisdakik.com\\\/?s={search_term_string}\"},\"query-input\":{\"@type\":\"PropertyValueSpecification\",\"valueRequired\":true,\"valueName\":\"search_term_string\"}}],\"inLanguage\":\"tr\"},{\"@type\":\"Person\",\"@id\":\"https:\\\/\\\/kibrisdakik.com\\\/#\\\/schema\\\/person\\\/9cd9d437bbb44f72b73ba127e06d8e79\",\"name\":\"admin\",\"image\":{\"@type\":\"ImageObject\",\"inLanguage\":\"tr\",\"@id\":\"https:\\\/\\\/secure.gravatar.com\\\/avatar\\\/ccc17943b9d660506c869530f897617f7cb1c21a4bf30023f252596d83e1f007?s=96&d=mm&r=g\",\"url\":\"https:\\\/\\\/secure.gravatar.com\\\/avatar\\\/ccc17943b9d660506c869530f897617f7cb1c21a4bf30023f252596d83e1f007?s=96&d=mm&r=g\",\"contentUrl\":\"https:\\\/\\\/secure.gravatar.com\\\/avatar\\\/ccc17943b9d660506c869530f897617f7cb1c21a4bf30023f252596d83e1f007?s=96&d=mm&r=g\",\"caption\":\"admin\"},\"sameAs\":[\"https:\\\/\\\/kibrisdakik.com\"],\"url\":\"https:\\\/\\\/kibrisdakik.com\\\/?author=1\"}]}<\/script>\n<!-- \/ Yoast SEO plugin. -->","yoast_head_json":{"title":"Polisiye Olaylar\u2026Korkuteli\u2019nde kanunsuz uyu\u015fturucu madde tasarrufundan 1 ki\u015fi tutukland\u0131 -","robots":{"index":"index","follow":"follow","max-snippet":"max-snippet:-1","max-image-preview":"max-image-preview:large","max-video-preview":"max-video-preview:-1"},"canonical":"https:\/\/kibrisdakik.com\/?p=60210","og_locale":"tr_TR","og_type":"article","og_title":"Polisiye Olaylar\u2026Korkuteli\u2019nde kanunsuz uyu\u015fturucu madde tasarrufundan 1 ki\u015fi tutukland\u0131 -","og_description":"Gazima\u011fusa Polis M\u00fcd\u00fcrl\u00fc\u011f\u00fcne ba\u011fl\u0131 ekipler taraf\u0131ndan, park halinde bulunan arac\u0131nda ve \u00fczerinde yap\u0131lan aramada i\u00e7erlerinde metamfetamin t\u00fcr\u00fc uyu\u015fturucu madde kal\u0131nt\u0131s\u0131 olan iki cam pipo ve hintkeneviri t\u00fcr\u00fc uyu\u015fturucu madde kal\u0131nt\u0131s\u0131 olan metal \u00f6\u011f\u00fct\u00fcc\u00fc ile hassas terazi tespit edilen A.A (E-25) tutukland\u0131. Sabah 8.00 s\u0131ralar\u0131nda Korkuteli\u2019nde meydana gelen olayla ilgili soru\u015fturma devam ediyor. -2 ani \u00f6l\u00fcm\u00fcn","og_url":"https:\/\/kibrisdakik.com\/?p=60210","article_published_time":"2024-09-06T09:50:54+00:00","og_image":[{"width":696,"height":443,"url":"https:\/\/kibrisdakik.com\/wp-content\/uploads\/2023\/04\/tutuklu-76767-696x420.jpg","type":"image\/jpeg"}],"author":"admin","twitter_card":"summary_large_image","twitter_misc":{"Yazan:":"admin","Tahmini okuma s\u00fcresi":"1 dakika"},"schema":{"@context":"https:\/\/schema.org","@graph":[{"@type":"Article","@id":"https:\/\/kibrisdakik.com\/?p=60210#article","isPartOf":{"@id":"https:\/\/kibrisdakik.com\/?p=60210"},"author":{"name":"admin","@id":"https:\/\/kibrisdakik.com\/#\/schema\/person\/9cd9d437bbb44f72b73ba127e06d8e79"},"headline":"Polisiye Olaylar\u2026Korkuteli\u2019nde kanunsuz uyu\u015fturucu madde tasarrufundan 1 ki\u015fi tutukland\u0131","datePublished":"2024-09-06T09:50:54+00:00","mainEntityOfPage":{"@id":"https:\/\/kibrisdakik.com\/?p=60210"},"wordCount":235,"commentCount":0,"image":{"@id":"https:\/\/kibrisdakik.com\/?p=60210#primaryimage"},"thumbnailUrl":"https:\/\/kibrisdakik.com\/wp-content\/uploads\/2023\/04\/tutuklu-76767-696x420.jpg","articleSection":["G\u00fcndem"],"inLanguage":"tr","potentialAction":[{"@type":"CommentAction","name":"Comment","target":["https:\/\/kibrisdakik.com\/?p=60210#respond"]}]},{"@type":"WebPage","@id":"https:\/\/kibrisdakik.com\/?p=60210","url":"https:\/\/kibrisdakik.com\/?p=60210","name":"Polisiye Olaylar\u2026Korkuteli\u2019nde kanunsuz uyu\u015fturucu madde tasarrufundan 1 ki\u015fi tutukland\u0131 -","isPartOf":{"@id":"https:\/\/kibrisdakik.com\/#website"},"primaryImageOfPage":{"@id":"https:\/\/kibrisdakik.com\/?p=60210#primaryimage"},"image":{"@id":"https:\/\/kibrisdakik.com\/?p=60210#primaryimage"},"thumbnailUrl":"https:\/\/kibrisdakik.com\/wp-content\/uploads\/2023\/04\/tutuklu-76767-696x420.jpg","datePublished":"2024-09-06T09:50:54+00:00","author":{"@id":"https:\/\/kibrisdakik.com\/#\/schema\/person\/9cd9d437bbb44f72b73ba127e06d8e79"},"breadcrumb":{"@id":"https:\/\/kibrisdakik.com\/?p=60210#breadcrumb"},"inLanguage":"tr","potentialAction":[{"@type":"ReadAction","target":["https:\/\/kibrisdakik.com\/?p=60210"]}]},{"@type":"ImageObject","inLanguage":"tr","@id":"https:\/\/kibrisdakik.com\/?p=60210#primaryimage","url":"https:\/\/kibrisdakik.com\/wp-content\/uploads\/2023\/04\/tutuklu-76767-696x420.jpg","contentUrl":"https:\/\/kibrisdakik.com\/wp-content\/uploads\/2023\/04\/tutuklu-76767-696x420.jpg","width":696,"height":443},{"@type":"BreadcrumbList","@id":"https:\/\/kibrisdakik.com\/?p=60210#breadcrumb","itemListElement":[{"@type":"ListItem","position":1,"name":"Home","item":"https:\/\/kibrisdakik.com\/"},{"@type":"ListItem","position":2,"name":"Polisiye Olaylar\u2026Korkuteli\u2019nde kanunsuz uyu\u015fturucu madde tasarrufundan 1 ki\u015fi tutukland\u0131"}]},{"@type":"WebSite","@id":"https:\/\/kibrisdakik.com\/#website","url":"https:\/\/kibrisdakik.com\/","name":"","description":"Tam vaktinde haber","potentialAction":[{"@type":"SearchAction","target":{"@type":"EntryPoint","urlTemplate":"https:\/\/kibrisdakik.com\/?s={search_term_string}"},"query-input":{"@type":"PropertyValueSpecification","valueRequired":true,"valueName":"search_term_string"}}],"inLanguage":"tr"},{"@type":"Person","@id":"https:\/\/kibrisdakik.com\/#\/schema\/person\/9cd9d437bbb44f72b73ba127e06d8e79","name":"admin","image":{"@type":"ImageObject","inLanguage":"tr","@id":"https:\/\/secure.gravatar.com\/avatar\/ccc17943b9d660506c869530f897617f7cb1c21a4bf30023f252596d83e1f007?s=96&d=mm&r=g","url":"https:\/\/secure.gravatar.com\/avatar\/ccc17943b9d660506c869530f897617f7cb1c21a4bf30023f252596d83e1f007?s=96&d=mm&r=g","contentUrl":"https:\/\/secure.gravatar.com\/avatar\/ccc17943b9d660506c869530f897617f7cb1c21a4bf30023f252596d83e1f007?s=96&d=mm&r=g","caption":"admin"},"sameAs":["https:\/\/kibrisdakik.com"],"url":"https:\/\/kibrisdakik.com\/?author=1"}]}},"_links":{"self":[{"href":"https:\/\/kibrisdakik.com\/index.php?rest_route=\/wp\/v2\/posts\/60210","targetHints":{"allow":["GET"]}}],"collection":[{"href":"https:\/\/kibrisdakik.com\/index.php?rest_route=\/wp\/v2\/posts"}],"about":[{"href":"https:\/\/kibrisdakik.com\/index.php?rest_route=\/wp\/v2\/types\/post"}],"author":[{"embeddable":true,"href":"https:\/\/kibrisdakik.com\/index.php?rest_route=\/wp\/v2\/users\/1"}],"replies":[{"embeddable":true,"href":"https:\/\/kibrisdakik.com\/index.php?rest_route=%2Fwp%2Fv2%2Fcomments&post=60210"}],"version-history":[{"count":0,"href":"https:\/\/kibrisdakik.com\/index.php?rest_route=\/wp\/v2\/posts\/60210\/revisions"}],"wp:featuredmedia":[{"embeddable":true,"href":"https:\/\/kibrisdakik.com\/index.php?rest_route=\/wp\/v2\/media\/5128"}],"wp:attachment":[{"href":"https:\/\/kibrisdakik.com\/index.php?rest_route=%2Fwp%2Fv2%2Fmedia&parent=60210"}],"wp:term":[{"taxonomy":"category","embeddable":true,"href":"https:\/\/kibrisdakik.com\/index.php?rest_route=%2Fwp%2Fv2%2Fcategories&post=60210"},{"taxonomy":"post_tag","embeddable":true,"href":"https:\/\/kibrisdakik.com\/index.php?rest_route=%2Fwp%2Fv2%2Ftags&post=60210"}],"curies":[{"name":"wp","href":"https:\/\/api.w.org\/{rel}","templated":true}]}}