{"id":60219,"date":"2024-09-06T21:36:02","date_gmt":"2024-09-06T18:36:02","guid":{"rendered":"https:\/\/kibrisdakik.com\/index.php\/2024\/09\/06\/sosyal-medya-fenomeni-sevgilisinin-ifsalari-basini-yakti-italyada-kultur-bakani-istifa-etti\/"},"modified":"2024-09-06T21:36:02","modified_gmt":"2024-09-06T18:36:02","slug":"sosyal-medya-fenomeni-sevgilisinin-ifsalari-basini-yakti-italyada-kultur-bakani-istifa-etti","status":"publish","type":"post","link":"https:\/\/kibrisdakik.com\/?p=60219","title":{"rendered":"Sosyal medya fenomeni sevgilisinin if\u015falar\u0131 ba\u015f\u0131n\u0131 yakt\u0131! \u0130talya&#8217;da k\u00fclt\u00fcr bakan\u0131 istifa etti"},"content":{"rendered":"<p><\/p>\n<div id=\"\">\n<p> <a class=\"keyword\" href=\"https:\/\/www.haberler.com\/italya\/\" title=\"\u0130talya Haberleri, \u0130talya Haberi, \u0130talya Haber\"><strong>\u0130talya<\/strong><\/a>&#8216;da sa\u011f koalisyon h\u00fck\u00fcmetinin K\u00fclt\u00fcr Bakan\u0131 Gennaro Sangiuliano, kendisine dan\u0131\u015fman yapmaya \u00e7al\u0131\u015ft\u0131\u011f\u0131 ve sonradan sevgilisi oldu\u011funu itiraf etti\u011fi bir kad\u0131n\u0131n if\u015faatlar\u0131n\u0131n ard\u0131ndan g\u00f6revinden istifa etti. Sangiuliano&#8217;nun istifas\u0131yla bo\u015falan K\u00fclt\u00fcr Bakanl\u0131\u011f\u0131na h\u0131zl\u0131 \u015fekilde bir atama yap\u0131ld\u0131 ve Roma&#8217;daki MAXXI \u00c7a\u011fda\u015f Sanatlar M\u00fczesi Vakf\u0131 Ba\u015fkan\u0131 Alessandro Giuli yeni K\u00fclt\u00fcr Bakan\u0131 oldu.<\/p>\n<h3>SOSYAL MEDYA FENOMEN\u0130 OLAN SEVG\u0130L\u0130S\u0130N\u0130 DANI\u015eMAN YAPTI<\/h3>\n<p>\u0130talya&#8217;da sa\u011f koalisyon h\u00fck\u00fcmetinde kriz ya\u015fand\u0131. 62 ya\u015f\u0131ndaki K\u00fclt\u00fcr Bakan\u0131 Gennaro Sangiuliano bir s\u00fcredir, sosyal medya fenomeni 41 ya\u015f\u0131ndaki Maria Rosaria Boccia&#8217;n\u0131n ge\u00e7en ay bakan dan\u0131\u015fman\u0131 olarak atand\u0131\u011f\u0131n\u0131 duyurmas\u0131 ancak bas\u0131n\u0131n tepkisi sonras\u0131 K\u00fclt\u00fcr Bakanl\u0131\u011f\u0131n\u0131n bu atama haberini yalanlamas\u0131yla patlak veren skandal\u0131n merkezindeydi.<\/p>\n<p><img loading=\"lazy\" decoding=\"async\" class=\"hbptMainImage lazyload ImgDetay\" src=\"https:\/\/foto.haberler.com\/haber\/2024\/09\/06\/sosyal-medya-fenomeni-sevgilisinin-ifsalari-17795174_1098_m.jpg\" alt=\"Sosyal medya fenomeni sevgilisinin if\u015falar\u0131 ba\u015f\u0131n\u0131 yakt\u0131! \u0130talya'da k\u00fclt\u00fcr bakan\u0131 istifa etti\" width=\"640\" height=\"360\"\/><span class=\"figcaption\">Maria Rosaria Boccia<\/span><\/p>\n<h3>FOTO\u011eRAF VE \u00d6ZEL YAZI\u015eMALARI \u0130F\u015eA ETT\u0130<\/h3>\n<p>Bakanl\u0131k yalanlamas\u0131n\u0131n ard\u0131ndan Boccia&#8217;n\u0131n sosyal medya hesaplar\u0131ndan Sangiuliano&#8217;nun gezilerine kat\u0131ld\u0131\u011f\u0131na dair foto\u011fraflar ile \u00f6zel yaz\u0131\u015fmalar\u0131n\u0131 payla\u015fmas\u0131 ve baz\u0131 devlet yaz\u0131\u015fmalar\u0131n\u0131 g\u00f6rd\u00fc\u011f\u00fcne dair if\u015faatlar\u0131 \u00fclkede tart\u0131\u015fmalar\u0131 b\u00fcy\u00fctt\u00fc. Sangiuliano, 4 Eyl\u00fcl&#8217;de RAI kanal\u0131na verdi\u011fi \u00f6zel deme\u00e7te, Boccia ile aras\u0131nda gizli bir ili\u015fki oldu\u011funu itiraf ederken, Boccia&#8217;n\u0131n kendisiyle beraber yapt\u0131\u011f\u0131 seyahatlerinin kamu kaynaklar\u0131ndan de\u011fil cebinden kar\u015f\u0131lad\u0131\u011f\u0131n\u0131 a\u00e7\u0131klam\u0131\u015ft\u0131.<\/p>\n<h3>K\u00dcLT\u00dcR BAKANI BASKILARA DAYANAMAYIP \u0130ST\u0130FA ETT\u0130<\/h3>\n<p>Sangiuliano ayn\u0131 deme\u00e7te, neden oldu\u011fu &#8220;utan\u00e7tan&#8221; \u00f6t\u00fcr\u00fc Ba\u015fbakan Giorgia Meloni ve e\u015finden \u00f6z\u00fcr dilerken, istifas\u0131n\u0131 daha \u00f6nce verdi\u011fini ancak Ba\u015fbakan&#8217;\u0131n bunu kabul etmedi\u011fini s\u00f6ylemi\u015fti. Bunun ard\u0131ndan, Boccia&#8217;n\u0131n bug\u00fcnk\u00fc La Stampa gazetesindeki r\u00f6portaj\u0131nda if\u015faatlar\u0131n\u0131 s\u00fcrd\u00fcrmesi, Sangiuliano \u00fczerindeki bask\u0131y\u0131 art\u0131rd\u0131. Bakan Sangiuliano, bug\u00fcn ak\u015fam\u00fcst\u00fc Ba\u015fbakan Meloni&#8217;ye &#8220;istifas\u0131n\u0131n ka\u00e7\u0131n\u0131lmaz bir hale geldi\u011fini ve bu nedenle g\u00f6revinden ayr\u0131ld\u0131\u011f\u0131n\u0131&#8221; belirten bir mektup verdi.<\/p>\n<p><img loading=\"lazy\" decoding=\"async\" class=\"hbptMainImage lazyload ImgDetay\" src=\"https:\/\/foto.haberler.com\/haber\/2024\/09\/06\/sosyal-medya-fenomeni-sevgilisinin-ifsalari-17795174_9016_m.jpg\" alt=\"Sosyal medya fenomeni sevgilisinin if\u015falar\u0131 ba\u015f\u0131n\u0131 yakt\u0131! \u0130talya'da k\u00fclt\u00fcr bakan\u0131 istifa etti\" width=\"640\" height=\"383\"\/><span class=\"figcaption\">\u0130talya K\u00fclt\u00fcr Bakan\u0131 Gennaro Sangiuliano<\/span><\/p>\n<p>Meloni de yapt\u0131\u011f\u0131 yaz\u0131l\u0131 a\u00e7\u0131klamayla, &#8220;d\u00fcr\u00fcst bir insan&#8221; olarak tan\u0131mlad\u0131\u011f\u0131 Sangiuliano&#8217;nun istifas\u0131n\u0131 kabul etti\u011fini kaydetti. Sangiuliano&#8217;nun kar\u0131\u015ft\u0131\u011f\u0131 bu skandal nedeniyle muhalefet partileri de olay\u0131n kamuoyuna yans\u0131d\u0131\u011f\u0131 ilk g\u00fcnden bu yana bakan\u0131n istifa etmesi gerekti\u011fi konusunda Ba\u015fbakan Meloni ve h\u00fck\u00fcmete bask\u0131 yap\u0131yordu.<\/p>\n<h3>BAKANLI\u011eA HIZLICA ATAMA YAPILDI<\/h3>\n<p>Gennaro Sangiuliano&#8217;nun istifas\u0131yla bo\u015falan K\u00fclt\u00fcr Bakanl\u0131\u011f\u0131na h\u0131zl\u0131 \u015fekilde bir atama yap\u0131ld\u0131 ve Roma&#8217;daki MAXXI \u00c7a\u011fda\u015f Sanatlar M\u00fczesi Vakf\u0131 Ba\u015fkan\u0131 Alessandro Giuli yeni K\u00fclt\u00fcr Bakan\u0131 oldu. 48 ya\u015f\u0131ndaki Giuli&#8217;nin bu g\u00f6reve atand\u0131\u011f\u0131n\u0131 Ba\u015fbakan Meloni duyurdu. Giuli, ak\u015fam saatlerinde Cumhurba\u015fkan\u0131 Sergio Mattarella&#8217;n\u0131n huzurunda yemin ederek g\u00f6revine ba\u015flad\u0131. B\u00f6ylece, Ekim 2022&#8217;de i\u015fba\u015f\u0131 yapan Meloni liderli\u011findeki sa\u011f koalisyon h\u00fck\u00fcmeti, bakan d\u00fczeyindeki ilk firesini, Sangiuliano&#8217;nun istifas\u0131yla vermi\u015f oldu. Meloni h\u00fck\u00fcmetinde daha \u00f6nce K\u00fclt\u00fcr Bakan Yard\u0131mc\u0131s\u0131 Vittorio Sgarbi, bakanken haks\u0131z kazan\u00e7 sa\u011flad\u0131\u011f\u0131na ili\u015fkin iddialar\u0131 sonras\u0131nda \u015fubat ay\u0131nda g\u00f6revinden istifa etmi\u015fti.<\/p>\n<h4 id=\"nwsKeywords\"> <a href=\"https:\/\/www.haberler.com\/sosyal-medya\/\" title=\"Sosyal Medya\" class=\"hbptTag\">Sosyal Medya<\/a>  <a href=\"https:\/\/www.haberler.com\/italya\/\" title=\"\u0130talya\" class=\"hbptTag\">\u0130talya<\/a>  <a href=\"https:\/\/www.haberler.com\/medya\/\" title=\"Medya\" class=\"hbptTag\">Medya<\/a>  <a href=\"https:\/\/www.haberler.com\/roma\/\" title=\"roma\" class=\"hbptTag\">roma<\/a> <\/h4>\n<\/div>\n","protected":false},"excerpt":{"rendered":"<p>\u0130talya&#8216;da sa\u011f koalisyon h\u00fck\u00fcmetinin K\u00fclt\u00fcr Bakan\u0131 Gennaro Sangiuliano, kendisine dan\u0131\u015fman yapmaya \u00e7al\u0131\u015ft\u0131\u011f\u0131 ve sonradan sevgilisi oldu\u011funu itiraf etti\u011fi bir kad\u0131n\u0131n if\u015faatlar\u0131n\u0131n ard\u0131ndan g\u00f6revinden istifa etti. Sangiuliano&#8217;nun istifas\u0131yla bo\u015falan K\u00fclt\u00fcr Bakanl\u0131\u011f\u0131na h\u0131zl\u0131 \u015fekilde bir atama yap\u0131ld\u0131 ve Roma&#8217;daki MAXXI \u00c7a\u011fda\u015f Sanatlar M\u00fczesi Vakf\u0131 Ba\u015fkan\u0131 Alessandro Giuli yeni K\u00fclt\u00fcr Bakan\u0131 oldu. SOSYAL MEDYA FENOMEN\u0130 OLAN SEVG\u0130L\u0130S\u0130N\u0130 DANI\u015eMAN<\/p>\n","protected":false},"author":1,"featured_media":60220,"comment_status":"open","ping_status":"open","sticky":false,"template":"","format":"standard","meta":{"footnotes":""},"categories":[83],"tags":[],"class_list":["post-60219","post","type-post","status-publish","format-standard","has-post-thumbnail","hentry","category-magazin"],"yoast_head":"<!-- This site is optimized with the Yoast SEO plugin v27.4 - https:\/\/yoast.com\/product\/yoast-seo-wordpress\/ -->\n<title>Sosyal medya fenomeni sevgilisinin if\u015falar\u0131 ba\u015f\u0131n\u0131 yakt\u0131! \u0130talya&#039;da k\u00fclt\u00fcr bakan\u0131 istifa etti -<\/title>\n<meta name=\"robots\" content=\"index, follow, max-snippet:-1, max-image-preview:large, max-video-preview:-1\" \/>\n<link rel=\"canonical\" href=\"https:\/\/kibrisdakik.com\/?p=60219\" \/>\n<meta property=\"og:locale\" content=\"tr_TR\" \/>\n<meta property=\"og:type\" content=\"article\" \/>\n<meta property=\"og:title\" content=\"Sosyal medya fenomeni sevgilisinin if\u015falar\u0131 ba\u015f\u0131n\u0131 yakt\u0131! \u0130talya&#039;da k\u00fclt\u00fcr bakan\u0131 istifa etti -\" \/>\n<meta property=\"og:description\" content=\"\u0130talya&#8216;da sa\u011f koalisyon h\u00fck\u00fcmetinin K\u00fclt\u00fcr Bakan\u0131 Gennaro Sangiuliano, kendisine dan\u0131\u015fman yapmaya \u00e7al\u0131\u015ft\u0131\u011f\u0131 ve sonradan sevgilisi oldu\u011funu itiraf etti\u011fi bir kad\u0131n\u0131n if\u015faatlar\u0131n\u0131n ard\u0131ndan g\u00f6revinden istifa etti. Sangiuliano&#8217;nun istifas\u0131yla bo\u015falan K\u00fclt\u00fcr Bakanl\u0131\u011f\u0131na h\u0131zl\u0131 \u015fekilde bir atama yap\u0131ld\u0131 ve Roma&#8217;daki MAXXI \u00c7a\u011fda\u015f Sanatlar M\u00fczesi Vakf\u0131 Ba\u015fkan\u0131 Alessandro Giuli yeni K\u00fclt\u00fcr Bakan\u0131 oldu. SOSYAL MEDYA FENOMEN\u0130 OLAN SEVG\u0130L\u0130S\u0130N\u0130 DANI\u015eMAN\" \/>\n<meta property=\"og:url\" content=\"https:\/\/kibrisdakik.com\/?p=60219\" \/>\n<meta property=\"article:published_time\" content=\"2024-09-06T18:36:02+00:00\" \/>\n<meta property=\"og:image\" content=\"https:\/\/kibrisdakik.com\/wp-content\/uploads\/2024\/09\/sosyal-medya-fenomeni-sevgilisinin-ifsalari-17795174_1098_m.jpg\" \/>\n\t<meta property=\"og:image:width\" content=\"640\" \/>\n\t<meta property=\"og:image:height\" content=\"360\" \/>\n\t<meta property=\"og:image:type\" content=\"image\/jpeg\" \/>\n<meta name=\"author\" content=\"admin\" \/>\n<meta name=\"twitter:card\" content=\"summary_large_image\" \/>\n<meta name=\"twitter:label1\" content=\"Yazan:\" \/>\n\t<meta name=\"twitter:data1\" content=\"admin\" \/>\n\t<meta name=\"twitter:label2\" content=\"Tahmini okuma s\u00fcresi\" \/>\n\t<meta name=\"twitter:data2\" content=\"3 dakika\" \/>\n<script type=\"application\/ld+json\" class=\"yoast-schema-graph\">{\"@context\":\"https:\\\/\\\/schema.org\",\"@graph\":[{\"@type\":\"Article\",\"@id\":\"https:\\\/\\\/kibrisdakik.com\\\/?p=60219#article\",\"isPartOf\":{\"@id\":\"https:\\\/\\\/kibrisdakik.com\\\/?p=60219\"},\"author\":{\"name\":\"admin\",\"@id\":\"https:\\\/\\\/kibrisdakik.com\\\/#\\\/schema\\\/person\\\/9cd9d437bbb44f72b73ba127e06d8e79\"},\"headline\":\"Sosyal medya fenomeni sevgilisinin if\u015falar\u0131 ba\u015f\u0131n\u0131 yakt\u0131! \u0130talya&#8217;da k\u00fclt\u00fcr bakan\u0131 istifa etti\",\"datePublished\":\"2024-09-06T18:36:02+00:00\",\"mainEntityOfPage\":{\"@id\":\"https:\\\/\\\/kibrisdakik.com\\\/?p=60219\"},\"wordCount\":568,\"commentCount\":0,\"image\":{\"@id\":\"https:\\\/\\\/kibrisdakik.com\\\/?p=60219#primaryimage\"},\"thumbnailUrl\":\"https:\\\/\\\/kibrisdakik.com\\\/wp-content\\\/uploads\\\/2024\\\/09\\\/sosyal-medya-fenomeni-sevgilisinin-ifsalari-17795174_1098_m.jpg\",\"articleSection\":[\"Magazin\"],\"inLanguage\":\"tr\",\"potentialAction\":[{\"@type\":\"CommentAction\",\"name\":\"Comment\",\"target\":[\"https:\\\/\\\/kibrisdakik.com\\\/?p=60219#respond\"]}]},{\"@type\":\"WebPage\",\"@id\":\"https:\\\/\\\/kibrisdakik.com\\\/?p=60219\",\"url\":\"https:\\\/\\\/kibrisdakik.com\\\/?p=60219\",\"name\":\"Sosyal medya fenomeni sevgilisinin if\u015falar\u0131 ba\u015f\u0131n\u0131 yakt\u0131! \u0130talya'da k\u00fclt\u00fcr bakan\u0131 istifa etti -\",\"isPartOf\":{\"@id\":\"https:\\\/\\\/kibrisdakik.com\\\/#website\"},\"primaryImageOfPage\":{\"@id\":\"https:\\\/\\\/kibrisdakik.com\\\/?p=60219#primaryimage\"},\"image\":{\"@id\":\"https:\\\/\\\/kibrisdakik.com\\\/?p=60219#primaryimage\"},\"thumbnailUrl\":\"https:\\\/\\\/kibrisdakik.com\\\/wp-content\\\/uploads\\\/2024\\\/09\\\/sosyal-medya-fenomeni-sevgilisinin-ifsalari-17795174_1098_m.jpg\",\"datePublished\":\"2024-09-06T18:36:02+00:00\",\"author\":{\"@id\":\"https:\\\/\\\/kibrisdakik.com\\\/#\\\/schema\\\/person\\\/9cd9d437bbb44f72b73ba127e06d8e79\"},\"breadcrumb\":{\"@id\":\"https:\\\/\\\/kibrisdakik.com\\\/?p=60219#breadcrumb\"},\"inLanguage\":\"tr\",\"potentialAction\":[{\"@type\":\"ReadAction\",\"target\":[\"https:\\\/\\\/kibrisdakik.com\\\/?p=60219\"]}]},{\"@type\":\"ImageObject\",\"inLanguage\":\"tr\",\"@id\":\"https:\\\/\\\/kibrisdakik.com\\\/?p=60219#primaryimage\",\"url\":\"https:\\\/\\\/kibrisdakik.com\\\/wp-content\\\/uploads\\\/2024\\\/09\\\/sosyal-medya-fenomeni-sevgilisinin-ifsalari-17795174_1098_m.jpg\",\"contentUrl\":\"https:\\\/\\\/kibrisdakik.com\\\/wp-content\\\/uploads\\\/2024\\\/09\\\/sosyal-medya-fenomeni-sevgilisinin-ifsalari-17795174_1098_m.jpg\",\"width\":640,\"height\":360},{\"@type\":\"BreadcrumbList\",\"@id\":\"https:\\\/\\\/kibrisdakik.com\\\/?p=60219#breadcrumb\",\"itemListElement\":[{\"@type\":\"ListItem\",\"position\":1,\"name\":\"Home\",\"item\":\"https:\\\/\\\/kibrisdakik.com\\\/\"},{\"@type\":\"ListItem\",\"position\":2,\"name\":\"Sosyal medya fenomeni sevgilisinin if\u015falar\u0131 ba\u015f\u0131n\u0131 yakt\u0131! \u0130talya&#8217;da k\u00fclt\u00fcr bakan\u0131 istifa etti\"}]},{\"@type\":\"WebSite\",\"@id\":\"https:\\\/\\\/kibrisdakik.com\\\/#website\",\"url\":\"https:\\\/\\\/kibrisdakik.com\\\/\",\"name\":\"\",\"description\":\"Tam vaktinde haber\",\"potentialAction\":[{\"@type\":\"SearchAction\",\"target\":{\"@type\":\"EntryPoint\",\"urlTemplate\":\"https:\\\/\\\/kibrisdakik.com\\\/?s={search_term_string}\"},\"query-input\":{\"@type\":\"PropertyValueSpecification\",\"valueRequired\":true,\"valueName\":\"search_term_string\"}}],\"inLanguage\":\"tr\"},{\"@type\":\"Person\",\"@id\":\"https:\\\/\\\/kibrisdakik.com\\\/#\\\/schema\\\/person\\\/9cd9d437bbb44f72b73ba127e06d8e79\",\"name\":\"admin\",\"image\":{\"@type\":\"ImageObject\",\"inLanguage\":\"tr\",\"@id\":\"https:\\\/\\\/secure.gravatar.com\\\/avatar\\\/ccc17943b9d660506c869530f897617f7cb1c21a4bf30023f252596d83e1f007?s=96&d=mm&r=g\",\"url\":\"https:\\\/\\\/secure.gravatar.com\\\/avatar\\\/ccc17943b9d660506c869530f897617f7cb1c21a4bf30023f252596d83e1f007?s=96&d=mm&r=g\",\"contentUrl\":\"https:\\\/\\\/secure.gravatar.com\\\/avatar\\\/ccc17943b9d660506c869530f897617f7cb1c21a4bf30023f252596d83e1f007?s=96&d=mm&r=g\",\"caption\":\"admin\"},\"sameAs\":[\"https:\\\/\\\/kibrisdakik.com\"],\"url\":\"https:\\\/\\\/kibrisdakik.com\\\/?author=1\"}]}<\/script>\n<!-- \/ Yoast SEO plugin. -->","yoast_head_json":{"title":"Sosyal medya fenomeni sevgilisinin if\u015falar\u0131 ba\u015f\u0131n\u0131 yakt\u0131! \u0130talya'da k\u00fclt\u00fcr bakan\u0131 istifa etti -","robots":{"index":"index","follow":"follow","max-snippet":"max-snippet:-1","max-image-preview":"max-image-preview:large","max-video-preview":"max-video-preview:-1"},"canonical":"https:\/\/kibrisdakik.com\/?p=60219","og_locale":"tr_TR","og_type":"article","og_title":"Sosyal medya fenomeni sevgilisinin if\u015falar\u0131 ba\u015f\u0131n\u0131 yakt\u0131! \u0130talya'da k\u00fclt\u00fcr bakan\u0131 istifa etti -","og_description":"\u0130talya&#8216;da sa\u011f koalisyon h\u00fck\u00fcmetinin K\u00fclt\u00fcr Bakan\u0131 Gennaro Sangiuliano, kendisine dan\u0131\u015fman yapmaya \u00e7al\u0131\u015ft\u0131\u011f\u0131 ve sonradan sevgilisi oldu\u011funu itiraf etti\u011fi bir kad\u0131n\u0131n if\u015faatlar\u0131n\u0131n ard\u0131ndan g\u00f6revinden istifa etti. Sangiuliano&#8217;nun istifas\u0131yla bo\u015falan K\u00fclt\u00fcr Bakanl\u0131\u011f\u0131na h\u0131zl\u0131 \u015fekilde bir atama yap\u0131ld\u0131 ve Roma&#8217;daki MAXXI \u00c7a\u011fda\u015f Sanatlar M\u00fczesi Vakf\u0131 Ba\u015fkan\u0131 Alessandro Giuli yeni K\u00fclt\u00fcr Bakan\u0131 oldu. SOSYAL MEDYA FENOMEN\u0130 OLAN SEVG\u0130L\u0130S\u0130N\u0130 DANI\u015eMAN","og_url":"https:\/\/kibrisdakik.com\/?p=60219","article_published_time":"2024-09-06T18:36:02+00:00","og_image":[{"width":640,"height":360,"url":"https:\/\/kibrisdakik.com\/wp-content\/uploads\/2024\/09\/sosyal-medya-fenomeni-sevgilisinin-ifsalari-17795174_1098_m.jpg","type":"image\/jpeg"}],"author":"admin","twitter_card":"summary_large_image","twitter_misc":{"Yazan:":"admin","Tahmini okuma s\u00fcresi":"3 dakika"},"schema":{"@context":"https:\/\/schema.org","@graph":[{"@type":"Article","@id":"https:\/\/kibrisdakik.com\/?p=60219#article","isPartOf":{"@id":"https:\/\/kibrisdakik.com\/?p=60219"},"author":{"name":"admin","@id":"https:\/\/kibrisdakik.com\/#\/schema\/person\/9cd9d437bbb44f72b73ba127e06d8e79"},"headline":"Sosyal medya fenomeni sevgilisinin if\u015falar\u0131 ba\u015f\u0131n\u0131 yakt\u0131! \u0130talya&#8217;da k\u00fclt\u00fcr bakan\u0131 istifa etti","datePublished":"2024-09-06T18:36:02+00:00","mainEntityOfPage":{"@id":"https:\/\/kibrisdakik.com\/?p=60219"},"wordCount":568,"commentCount":0,"image":{"@id":"https:\/\/kibrisdakik.com\/?p=60219#primaryimage"},"thumbnailUrl":"https:\/\/kibrisdakik.com\/wp-content\/uploads\/2024\/09\/sosyal-medya-fenomeni-sevgilisinin-ifsalari-17795174_1098_m.jpg","articleSection":["Magazin"],"inLanguage":"tr","potentialAction":[{"@type":"CommentAction","name":"Comment","target":["https:\/\/kibrisdakik.com\/?p=60219#respond"]}]},{"@type":"WebPage","@id":"https:\/\/kibrisdakik.com\/?p=60219","url":"https:\/\/kibrisdakik.com\/?p=60219","name":"Sosyal medya fenomeni sevgilisinin if\u015falar\u0131 ba\u015f\u0131n\u0131 yakt\u0131! \u0130talya'da k\u00fclt\u00fcr bakan\u0131 istifa etti -","isPartOf":{"@id":"https:\/\/kibrisdakik.com\/#website"},"primaryImageOfPage":{"@id":"https:\/\/kibrisdakik.com\/?p=60219#primaryimage"},"image":{"@id":"https:\/\/kibrisdakik.com\/?p=60219#primaryimage"},"thumbnailUrl":"https:\/\/kibrisdakik.com\/wp-content\/uploads\/2024\/09\/sosyal-medya-fenomeni-sevgilisinin-ifsalari-17795174_1098_m.jpg","datePublished":"2024-09-06T18:36:02+00:00","author":{"@id":"https:\/\/kibrisdakik.com\/#\/schema\/person\/9cd9d437bbb44f72b73ba127e06d8e79"},"breadcrumb":{"@id":"https:\/\/kibrisdakik.com\/?p=60219#breadcrumb"},"inLanguage":"tr","potentialAction":[{"@type":"ReadAction","target":["https:\/\/kibrisdakik.com\/?p=60219"]}]},{"@type":"ImageObject","inLanguage":"tr","@id":"https:\/\/kibrisdakik.com\/?p=60219#primaryimage","url":"https:\/\/kibrisdakik.com\/wp-content\/uploads\/2024\/09\/sosyal-medya-fenomeni-sevgilisinin-ifsalari-17795174_1098_m.jpg","contentUrl":"https:\/\/kibrisdakik.com\/wp-content\/uploads\/2024\/09\/sosyal-medya-fenomeni-sevgilisinin-ifsalari-17795174_1098_m.jpg","width":640,"height":360},{"@type":"BreadcrumbList","@id":"https:\/\/kibrisdakik.com\/?p=60219#breadcrumb","itemListElement":[{"@type":"ListItem","position":1,"name":"Home","item":"https:\/\/kibrisdakik.com\/"},{"@type":"ListItem","position":2,"name":"Sosyal medya fenomeni sevgilisinin if\u015falar\u0131 ba\u015f\u0131n\u0131 yakt\u0131! \u0130talya&#8217;da k\u00fclt\u00fcr bakan\u0131 istifa etti"}]},{"@type":"WebSite","@id":"https:\/\/kibrisdakik.com\/#website","url":"https:\/\/kibrisdakik.com\/","name":"","description":"Tam vaktinde haber","potentialAction":[{"@type":"SearchAction","target":{"@type":"EntryPoint","urlTemplate":"https:\/\/kibrisdakik.com\/?s={search_term_string}"},"query-input":{"@type":"PropertyValueSpecification","valueRequired":true,"valueName":"search_term_string"}}],"inLanguage":"tr"},{"@type":"Person","@id":"https:\/\/kibrisdakik.com\/#\/schema\/person\/9cd9d437bbb44f72b73ba127e06d8e79","name":"admin","image":{"@type":"ImageObject","inLanguage":"tr","@id":"https:\/\/secure.gravatar.com\/avatar\/ccc17943b9d660506c869530f897617f7cb1c21a4bf30023f252596d83e1f007?s=96&d=mm&r=g","url":"https:\/\/secure.gravatar.com\/avatar\/ccc17943b9d660506c869530f897617f7cb1c21a4bf30023f252596d83e1f007?s=96&d=mm&r=g","contentUrl":"https:\/\/secure.gravatar.com\/avatar\/ccc17943b9d660506c869530f897617f7cb1c21a4bf30023f252596d83e1f007?s=96&d=mm&r=g","caption":"admin"},"sameAs":["https:\/\/kibrisdakik.com"],"url":"https:\/\/kibrisdakik.com\/?author=1"}]}},"_links":{"self":[{"href":"https:\/\/kibrisdakik.com\/index.php?rest_route=\/wp\/v2\/posts\/60219","targetHints":{"allow":["GET"]}}],"collection":[{"href":"https:\/\/kibrisdakik.com\/index.php?rest_route=\/wp\/v2\/posts"}],"about":[{"href":"https:\/\/kibrisdakik.com\/index.php?rest_route=\/wp\/v2\/types\/post"}],"author":[{"embeddable":true,"href":"https:\/\/kibrisdakik.com\/index.php?rest_route=\/wp\/v2\/users\/1"}],"replies":[{"embeddable":true,"href":"https:\/\/kibrisdakik.com\/index.php?rest_route=%2Fwp%2Fv2%2Fcomments&post=60219"}],"version-history":[{"count":0,"href":"https:\/\/kibrisdakik.com\/index.php?rest_route=\/wp\/v2\/posts\/60219\/revisions"}],"wp:featuredmedia":[{"embeddable":true,"href":"https:\/\/kibrisdakik.com\/index.php?rest_route=\/wp\/v2\/media\/60220"}],"wp:attachment":[{"href":"https:\/\/kibrisdakik.com\/index.php?rest_route=%2Fwp%2Fv2%2Fmedia&parent=60219"}],"wp:term":[{"taxonomy":"category","embeddable":true,"href":"https:\/\/kibrisdakik.com\/index.php?rest_route=%2Fwp%2Fv2%2Fcategories&post=60219"},{"taxonomy":"post_tag","embeddable":true,"href":"https:\/\/kibrisdakik.com\/index.php?rest_route=%2Fwp%2Fv2%2Ftags&post=60219"}],"curies":[{"name":"wp","href":"https:\/\/api.w.org\/{rel}","templated":true}]}}