{"id":60248,"date":"2024-09-07T08:31:06","date_gmt":"2024-09-07T05:31:06","guid":{"rendered":"https:\/\/kibrisdakik.com\/index.php\/2024\/09\/07\/17-uluslararasi-tatlisu-harnup-ve-halk-danslari-festivali-basladi\/"},"modified":"2024-09-07T08:31:06","modified_gmt":"2024-09-07T05:31:06","slug":"17-uluslararasi-tatlisu-harnup-ve-halk-danslari-festivali-basladi","status":"publish","type":"post","link":"https:\/\/kibrisdakik.com\/?p=60248","title":{"rendered":"17. Uluslararas\u0131 Tatl\u0131su Harnup ve Halk Danslar\u0131 Festivali ba\u015flad\u0131"},"content":{"rendered":"<p> <br \/>\n<\/p>\n<div>\n<div class=\"mariselle-image-container center\">\n                <img loading=\"lazy\" decoding=\"async\" width=\"2560\" height=\"1439\" class=\"lazy-image\" alt=\"\" sizes=\"auto, (max-width: 2560px) 100vw, 2560px\" src=\"https:\/\/brtk.net\/wp-content\/uploads\/2024\/09\/07\/InShot_20240907_072513222-scaled.jpg?ver=297ce83df4871fadc75802e5e2539e27\" srcset=\"https:\/\/brtk.net\/wp-content\/uploads\/2024\/09\/07\/InShot_20240907_072513222-scaled.jpg?ver=297ce83df4871fadc75802e5e2539e27 2560w, https:\/\/brtk.net\/wp-content\/uploads\/2024\/09\/07\/InShot_20240907_072513222-300x169.jpg?ver=20c944531d6b6d00f0a1f65f82050e2a 300w, https:\/\/brtk.net\/wp-content\/uploads\/2024\/09\/07\/InShot_20240907_072513222-1024x576.jpg?ver=c2ec823c5c6023db56d5420f0df4bb8b 1024w, https:\/\/brtk.net\/wp-content\/uploads\/2024\/09\/07\/InShot_20240907_072513222-768x432.jpg?ver=c2ec823c5c6023db56d5420f0df4bb8b 768w, https:\/\/brtk.net\/wp-content\/uploads\/2024\/09\/07\/InShot_20240907_072513222-1536x863.jpg?ver=a05cbde765605223c5e1ee9d8af832db 1536w, https:\/\/brtk.net\/wp-content\/uploads\/2024\/09\/07\/InShot_20240907_072513222-2048x1151.jpg?ver=240f35eacc76df6f708044605983cee7 2048w\"\/>                            <\/div>\n<p>17. Uluslararas\u0131 Tatl\u0131su Harnup ve Halk Danslar\u0131 Festivali ba\u015flad\u0131.<\/p>\n<p>Tatl\u0131su Belediyesi Halk Danslar\u0131 Toplulu\u011fu\u2019nun g\u00f6sterisiyle ba\u015flayan t\u00f6rende ilk konu\u015fmay\u0131 Tatl\u0131su Belediye Ba\u015fkan\u0131 Hayri Or\u00e7an yapt\u0131. <\/p>\n<p>\u0130ki y\u0131ld\u0131r harnup \u00fcr\u00fcn\u00fcn\u00fcn ger\u00e7ek de\u011ferini bulmad\u0131\u011f\u0131n\u0131, bu konuda s\u0131k\u0131nt\u0131lar ya\u015fand\u0131\u011f\u0131n\u0131 ve sat\u0131lmayan harnubun festivalin mi olur y\u00f6n\u00fcnde ele\u015ftiriler ald\u0131klar\u0131n\u0131 dile getiren Or\u00e7an, festivalin bir amac\u0131n da harnup \u00fcreticisinin sorunlar\u0131n\u0131 aktarmas\u0131nda \u00f6nemli bir platformu oldu\u011funu s\u00f6yledi.<\/p>\n<p>Harnup \u00fcreticisinin ya\u015fad\u0131\u011f\u0131 s\u0131k\u0131nt\u0131lar\u0131 Tar\u0131m bakan\u0131 ve kooperatiflerden sorumlu Ba\u015fbakan Yard\u0131mc\u0131s\u0131 Turizm K\u00fclt\u00fcr Gen\u00e7lik ve \u00c7evre Bakan\u0131 Fikri Atao\u011flu\u2019na aktard\u0131\u011f\u0131n\u0131 s\u00f6yleyen Or\u00e7an, d\u00fcnya borsas\u0131n\u0131n fiyat belirlemesi ile \u00fcreticinin ma\u011fdur edilmemesi y\u00f6n\u00fcnde \u00e7al\u0131\u015fmalar yap\u0131laca\u011f\u0131 m\u00fcjdesini verdi.<\/p>\n<p>Sa\u011fl\u0131k ba\u015fta olmak \u00fczere bir\u00e7ok alanda kullan\u0131lan harnup \u00fcr\u00fcn\u00fcne sahip \u00e7\u0131k\u0131lmas\u0131 gerekti\u011finin alt\u0131n\u0131 \u00e7izen Or\u00e7an, kooperatife ait at\u0131l durumda olan pekmez \u00fcretim tesisini belediye kazand\u0131rd\u0131klar\u0131n\u0131 s\u00f6yledi.<\/p>\n<p>Or\u00e7an, festivallerin, \u00fcreticilerin \u00fcrettiklerini satmalar\u0131 ve tan\u0131tmalar\u0131n\u0131n yan\u0131nda bir de\u011fer amac\u0131n\u0131n da \u00e7e\u015fitli k\u00fclt\u00fcrleri bir araya getirmek oldu\u011funu da s\u00f6zlerine ekledi.<\/p>\n<p>Demokrat Parti Milletvekili Serhat Akp\u0131nar da Demokrat Parti olarak \u00fcreticinin her zaman yan\u0131nda olduklar\u0131n\u0131 ambargolara ra\u011fmen \u00fclkede \u00fcretilen \u00fcr\u00fcnlerin d\u00fcnyayla bulu\u015fmas\u0131 i\u00e7in giri\u015fimlerini s\u00fcrd\u00fcreceklerini s\u00f6yledi.<\/p>\n<p>Akp\u0131nar, harnup \u00fcr\u00fcn\u00fcnde pazar bulunmas\u0131 y\u00f6n\u00fcnde ya\u015fanan s\u0131k\u0131nt\u0131lar\u0131n a\u015f\u0131lmas\u0131 y\u00f6n\u00fcnde gereken deste\u011fi vermeye haz\u0131r olduklar\u0131n\u0131 belirtti.<\/p>\n<p>8 Eyl\u00fcl\u2019e kadar devam edecek olan festival kapsam\u0131nda \u00e7e\u015fitli k\u00fclt\u00fcrel, sanatsal ve sportif etkinliklerin yan\u0131 s\u0131ra e\u011flenceli aktiviteler ile konserler yer alacak.<\/p>\n<\/p><\/div>\n<p><script async\n                    defer\n                    crossorigin=\"anonymous\"\n                    src=\"https:\/\/connect.facebook.net\/tr_TR\/sdk.js#xfbml=1&#038;version=v3.3\"\n            ><\/script><br \/>\n<br \/><br \/>\n<br \/><a href=\"https:\/\/brtk.net\/17-uluslararasi-tatlisu-harnup-ve-halk-danslari-festivali-basladi\/\">kpostasi <\/a><\/p>\n","protected":false},"excerpt":{"rendered":"<p>17. Uluslararas\u0131 Tatl\u0131su Harnup ve Halk Danslar\u0131 Festivali ba\u015flad\u0131. Tatl\u0131su Belediyesi Halk Danslar\u0131 Toplulu\u011fu\u2019nun g\u00f6sterisiyle ba\u015flayan t\u00f6rende ilk konu\u015fmay\u0131 Tatl\u0131su Belediye Ba\u015fkan\u0131 Hayri Or\u00e7an yapt\u0131. \u0130ki y\u0131ld\u0131r harnup \u00fcr\u00fcn\u00fcn\u00fcn ger\u00e7ek de\u011ferini bulmad\u0131\u011f\u0131n\u0131, bu konuda s\u0131k\u0131nt\u0131lar ya\u015fand\u0131\u011f\u0131n\u0131 ve sat\u0131lmayan harnubun festivalin mi olur y\u00f6n\u00fcnde ele\u015ftiriler ald\u0131klar\u0131n\u0131 dile getiren Or\u00e7an, festivalin bir amac\u0131n da harnup \u00fcreticisinin sorunlar\u0131n\u0131<\/p>\n","protected":false},"author":1,"featured_media":60249,"comment_status":"open","ping_status":"open","sticky":false,"template":"","format":"standard","meta":{"footnotes":""},"categories":[1,81],"tags":[],"class_list":["post-60248","post","type-post","status-publish","format-standard","has-post-thumbnail","hentry","category-gundem","category-kibris"],"yoast_head":"<!-- This site is optimized with the Yoast SEO plugin v27.4 - https:\/\/yoast.com\/product\/yoast-seo-wordpress\/ -->\n<title>17. Uluslararas\u0131 Tatl\u0131su Harnup ve Halk Danslar\u0131 Festivali ba\u015flad\u0131 -<\/title>\n<meta name=\"robots\" content=\"index, follow, max-snippet:-1, max-image-preview:large, max-video-preview:-1\" \/>\n<link rel=\"canonical\" href=\"https:\/\/kibrisdakik.com\/?p=60248\" \/>\n<meta property=\"og:locale\" content=\"tr_TR\" \/>\n<meta property=\"og:type\" content=\"article\" \/>\n<meta property=\"og:title\" content=\"17. Uluslararas\u0131 Tatl\u0131su Harnup ve Halk Danslar\u0131 Festivali ba\u015flad\u0131 -\" \/>\n<meta property=\"og:description\" content=\"17. Uluslararas\u0131 Tatl\u0131su Harnup ve Halk Danslar\u0131 Festivali ba\u015flad\u0131. Tatl\u0131su Belediyesi Halk Danslar\u0131 Toplulu\u011fu\u2019nun g\u00f6sterisiyle ba\u015flayan t\u00f6rende ilk konu\u015fmay\u0131 Tatl\u0131su Belediye Ba\u015fkan\u0131 Hayri Or\u00e7an yapt\u0131. \u0130ki y\u0131ld\u0131r harnup \u00fcr\u00fcn\u00fcn\u00fcn ger\u00e7ek de\u011ferini bulmad\u0131\u011f\u0131n\u0131, bu konuda s\u0131k\u0131nt\u0131lar ya\u015fand\u0131\u011f\u0131n\u0131 ve sat\u0131lmayan harnubun festivalin mi olur y\u00f6n\u00fcnde ele\u015ftiriler ald\u0131klar\u0131n\u0131 dile getiren Or\u00e7an, festivalin bir amac\u0131n da harnup \u00fcreticisinin sorunlar\u0131n\u0131\" \/>\n<meta property=\"og:url\" content=\"https:\/\/kibrisdakik.com\/?p=60248\" \/>\n<meta property=\"article:published_time\" content=\"2024-09-07T05:31:06+00:00\" \/>\n<meta property=\"og:image\" content=\"https:\/\/kibrisdakik.com\/wp-content\/uploads\/2024\/09\/InShot_20240907_072513222-scaled-740x420.jpg\" \/>\n\t<meta property=\"og:image:width\" content=\"2560\" \/>\n\t<meta property=\"og:image:height\" content=\"1439\" \/>\n\t<meta property=\"og:image:type\" content=\"image\/jpeg\" \/>\n<meta name=\"author\" content=\"admin\" \/>\n<meta name=\"twitter:card\" content=\"summary_large_image\" \/>\n<meta name=\"twitter:label1\" content=\"Yazan:\" \/>\n\t<meta name=\"twitter:data1\" content=\"admin\" \/>\n\t<meta name=\"twitter:label2\" content=\"Tahmini okuma s\u00fcresi\" \/>\n\t<meta name=\"twitter:data2\" content=\"2 dakika\" \/>\n<script type=\"application\/ld+json\" class=\"yoast-schema-graph\">{\"@context\":\"https:\\\/\\\/schema.org\",\"@graph\":[{\"@type\":\"Article\",\"@id\":\"https:\\\/\\\/kibrisdakik.com\\\/?p=60248#article\",\"isPartOf\":{\"@id\":\"https:\\\/\\\/kibrisdakik.com\\\/?p=60248\"},\"author\":{\"name\":\"admin\",\"@id\":\"https:\\\/\\\/kibrisdakik.com\\\/#\\\/schema\\\/person\\\/9cd9d437bbb44f72b73ba127e06d8e79\"},\"headline\":\"17. Uluslararas\u0131 Tatl\u0131su Harnup ve Halk Danslar\u0131 Festivali ba\u015flad\u0131\",\"datePublished\":\"2024-09-07T05:31:06+00:00\",\"mainEntityOfPage\":{\"@id\":\"https:\\\/\\\/kibrisdakik.com\\\/?p=60248\"},\"wordCount\":344,\"commentCount\":0,\"image\":{\"@id\":\"https:\\\/\\\/kibrisdakik.com\\\/?p=60248#primaryimage\"},\"thumbnailUrl\":\"https:\\\/\\\/kibrisdakik.com\\\/wp-content\\\/uploads\\\/2024\\\/09\\\/InShot_20240907_072513222-scaled-740x420.jpg\",\"articleSection\":[\"G\u00fcndem\",\"K\u0131br\u0131s\"],\"inLanguage\":\"tr\",\"potentialAction\":[{\"@type\":\"CommentAction\",\"name\":\"Comment\",\"target\":[\"https:\\\/\\\/kibrisdakik.com\\\/?p=60248#respond\"]}]},{\"@type\":\"WebPage\",\"@id\":\"https:\\\/\\\/kibrisdakik.com\\\/?p=60248\",\"url\":\"https:\\\/\\\/kibrisdakik.com\\\/?p=60248\",\"name\":\"17. Uluslararas\u0131 Tatl\u0131su Harnup ve Halk Danslar\u0131 Festivali ba\u015flad\u0131 -\",\"isPartOf\":{\"@id\":\"https:\\\/\\\/kibrisdakik.com\\\/#website\"},\"primaryImageOfPage\":{\"@id\":\"https:\\\/\\\/kibrisdakik.com\\\/?p=60248#primaryimage\"},\"image\":{\"@id\":\"https:\\\/\\\/kibrisdakik.com\\\/?p=60248#primaryimage\"},\"thumbnailUrl\":\"https:\\\/\\\/kibrisdakik.com\\\/wp-content\\\/uploads\\\/2024\\\/09\\\/InShot_20240907_072513222-scaled-740x420.jpg\",\"datePublished\":\"2024-09-07T05:31:06+00:00\",\"author\":{\"@id\":\"https:\\\/\\\/kibrisdakik.com\\\/#\\\/schema\\\/person\\\/9cd9d437bbb44f72b73ba127e06d8e79\"},\"breadcrumb\":{\"@id\":\"https:\\\/\\\/kibrisdakik.com\\\/?p=60248#breadcrumb\"},\"inLanguage\":\"tr\",\"potentialAction\":[{\"@type\":\"ReadAction\",\"target\":[\"https:\\\/\\\/kibrisdakik.com\\\/?p=60248\"]}]},{\"@type\":\"ImageObject\",\"inLanguage\":\"tr\",\"@id\":\"https:\\\/\\\/kibrisdakik.com\\\/?p=60248#primaryimage\",\"url\":\"https:\\\/\\\/kibrisdakik.com\\\/wp-content\\\/uploads\\\/2024\\\/09\\\/InShot_20240907_072513222-scaled-740x420.jpg\",\"contentUrl\":\"https:\\\/\\\/kibrisdakik.com\\\/wp-content\\\/uploads\\\/2024\\\/09\\\/InShot_20240907_072513222-scaled-740x420.jpg\",\"width\":2560,\"height\":1439},{\"@type\":\"BreadcrumbList\",\"@id\":\"https:\\\/\\\/kibrisdakik.com\\\/?p=60248#breadcrumb\",\"itemListElement\":[{\"@type\":\"ListItem\",\"position\":1,\"name\":\"Home\",\"item\":\"https:\\\/\\\/kibrisdakik.com\\\/\"},{\"@type\":\"ListItem\",\"position\":2,\"name\":\"17. Uluslararas\u0131 Tatl\u0131su Harnup ve Halk Danslar\u0131 Festivali ba\u015flad\u0131\"}]},{\"@type\":\"WebSite\",\"@id\":\"https:\\\/\\\/kibrisdakik.com\\\/#website\",\"url\":\"https:\\\/\\\/kibrisdakik.com\\\/\",\"name\":\"\",\"description\":\"Tam vaktinde haber\",\"potentialAction\":[{\"@type\":\"SearchAction\",\"target\":{\"@type\":\"EntryPoint\",\"urlTemplate\":\"https:\\\/\\\/kibrisdakik.com\\\/?s={search_term_string}\"},\"query-input\":{\"@type\":\"PropertyValueSpecification\",\"valueRequired\":true,\"valueName\":\"search_term_string\"}}],\"inLanguage\":\"tr\"},{\"@type\":\"Person\",\"@id\":\"https:\\\/\\\/kibrisdakik.com\\\/#\\\/schema\\\/person\\\/9cd9d437bbb44f72b73ba127e06d8e79\",\"name\":\"admin\",\"image\":{\"@type\":\"ImageObject\",\"inLanguage\":\"tr\",\"@id\":\"https:\\\/\\\/secure.gravatar.com\\\/avatar\\\/ccc17943b9d660506c869530f897617f7cb1c21a4bf30023f252596d83e1f007?s=96&d=mm&r=g\",\"url\":\"https:\\\/\\\/secure.gravatar.com\\\/avatar\\\/ccc17943b9d660506c869530f897617f7cb1c21a4bf30023f252596d83e1f007?s=96&d=mm&r=g\",\"contentUrl\":\"https:\\\/\\\/secure.gravatar.com\\\/avatar\\\/ccc17943b9d660506c869530f897617f7cb1c21a4bf30023f252596d83e1f007?s=96&d=mm&r=g\",\"caption\":\"admin\"},\"sameAs\":[\"https:\\\/\\\/kibrisdakik.com\"],\"url\":\"https:\\\/\\\/kibrisdakik.com\\\/?author=1\"}]}<\/script>\n<!-- \/ Yoast SEO plugin. -->","yoast_head_json":{"title":"17. Uluslararas\u0131 Tatl\u0131su Harnup ve Halk Danslar\u0131 Festivali ba\u015flad\u0131 -","robots":{"index":"index","follow":"follow","max-snippet":"max-snippet:-1","max-image-preview":"max-image-preview:large","max-video-preview":"max-video-preview:-1"},"canonical":"https:\/\/kibrisdakik.com\/?p=60248","og_locale":"tr_TR","og_type":"article","og_title":"17. Uluslararas\u0131 Tatl\u0131su Harnup ve Halk Danslar\u0131 Festivali ba\u015flad\u0131 -","og_description":"17. Uluslararas\u0131 Tatl\u0131su Harnup ve Halk Danslar\u0131 Festivali ba\u015flad\u0131. Tatl\u0131su Belediyesi Halk Danslar\u0131 Toplulu\u011fu\u2019nun g\u00f6sterisiyle ba\u015flayan t\u00f6rende ilk konu\u015fmay\u0131 Tatl\u0131su Belediye Ba\u015fkan\u0131 Hayri Or\u00e7an yapt\u0131. \u0130ki y\u0131ld\u0131r harnup \u00fcr\u00fcn\u00fcn\u00fcn ger\u00e7ek de\u011ferini bulmad\u0131\u011f\u0131n\u0131, bu konuda s\u0131k\u0131nt\u0131lar ya\u015fand\u0131\u011f\u0131n\u0131 ve sat\u0131lmayan harnubun festivalin mi olur y\u00f6n\u00fcnde ele\u015ftiriler ald\u0131klar\u0131n\u0131 dile getiren Or\u00e7an, festivalin bir amac\u0131n da harnup \u00fcreticisinin sorunlar\u0131n\u0131","og_url":"https:\/\/kibrisdakik.com\/?p=60248","article_published_time":"2024-09-07T05:31:06+00:00","og_image":[{"width":2560,"height":1439,"url":"https:\/\/kibrisdakik.com\/wp-content\/uploads\/2024\/09\/InShot_20240907_072513222-scaled-740x420.jpg","type":"image\/jpeg"}],"author":"admin","twitter_card":"summary_large_image","twitter_misc":{"Yazan:":"admin","Tahmini okuma s\u00fcresi":"2 dakika"},"schema":{"@context":"https:\/\/schema.org","@graph":[{"@type":"Article","@id":"https:\/\/kibrisdakik.com\/?p=60248#article","isPartOf":{"@id":"https:\/\/kibrisdakik.com\/?p=60248"},"author":{"name":"admin","@id":"https:\/\/kibrisdakik.com\/#\/schema\/person\/9cd9d437bbb44f72b73ba127e06d8e79"},"headline":"17. Uluslararas\u0131 Tatl\u0131su Harnup ve Halk Danslar\u0131 Festivali ba\u015flad\u0131","datePublished":"2024-09-07T05:31:06+00:00","mainEntityOfPage":{"@id":"https:\/\/kibrisdakik.com\/?p=60248"},"wordCount":344,"commentCount":0,"image":{"@id":"https:\/\/kibrisdakik.com\/?p=60248#primaryimage"},"thumbnailUrl":"https:\/\/kibrisdakik.com\/wp-content\/uploads\/2024\/09\/InShot_20240907_072513222-scaled-740x420.jpg","articleSection":["G\u00fcndem","K\u0131br\u0131s"],"inLanguage":"tr","potentialAction":[{"@type":"CommentAction","name":"Comment","target":["https:\/\/kibrisdakik.com\/?p=60248#respond"]}]},{"@type":"WebPage","@id":"https:\/\/kibrisdakik.com\/?p=60248","url":"https:\/\/kibrisdakik.com\/?p=60248","name":"17. Uluslararas\u0131 Tatl\u0131su Harnup ve Halk Danslar\u0131 Festivali ba\u015flad\u0131 -","isPartOf":{"@id":"https:\/\/kibrisdakik.com\/#website"},"primaryImageOfPage":{"@id":"https:\/\/kibrisdakik.com\/?p=60248#primaryimage"},"image":{"@id":"https:\/\/kibrisdakik.com\/?p=60248#primaryimage"},"thumbnailUrl":"https:\/\/kibrisdakik.com\/wp-content\/uploads\/2024\/09\/InShot_20240907_072513222-scaled-740x420.jpg","datePublished":"2024-09-07T05:31:06+00:00","author":{"@id":"https:\/\/kibrisdakik.com\/#\/schema\/person\/9cd9d437bbb44f72b73ba127e06d8e79"},"breadcrumb":{"@id":"https:\/\/kibrisdakik.com\/?p=60248#breadcrumb"},"inLanguage":"tr","potentialAction":[{"@type":"ReadAction","target":["https:\/\/kibrisdakik.com\/?p=60248"]}]},{"@type":"ImageObject","inLanguage":"tr","@id":"https:\/\/kibrisdakik.com\/?p=60248#primaryimage","url":"https:\/\/kibrisdakik.com\/wp-content\/uploads\/2024\/09\/InShot_20240907_072513222-scaled-740x420.jpg","contentUrl":"https:\/\/kibrisdakik.com\/wp-content\/uploads\/2024\/09\/InShot_20240907_072513222-scaled-740x420.jpg","width":2560,"height":1439},{"@type":"BreadcrumbList","@id":"https:\/\/kibrisdakik.com\/?p=60248#breadcrumb","itemListElement":[{"@type":"ListItem","position":1,"name":"Home","item":"https:\/\/kibrisdakik.com\/"},{"@type":"ListItem","position":2,"name":"17. Uluslararas\u0131 Tatl\u0131su Harnup ve Halk Danslar\u0131 Festivali ba\u015flad\u0131"}]},{"@type":"WebSite","@id":"https:\/\/kibrisdakik.com\/#website","url":"https:\/\/kibrisdakik.com\/","name":"","description":"Tam vaktinde haber","potentialAction":[{"@type":"SearchAction","target":{"@type":"EntryPoint","urlTemplate":"https:\/\/kibrisdakik.com\/?s={search_term_string}"},"query-input":{"@type":"PropertyValueSpecification","valueRequired":true,"valueName":"search_term_string"}}],"inLanguage":"tr"},{"@type":"Person","@id":"https:\/\/kibrisdakik.com\/#\/schema\/person\/9cd9d437bbb44f72b73ba127e06d8e79","name":"admin","image":{"@type":"ImageObject","inLanguage":"tr","@id":"https:\/\/secure.gravatar.com\/avatar\/ccc17943b9d660506c869530f897617f7cb1c21a4bf30023f252596d83e1f007?s=96&d=mm&r=g","url":"https:\/\/secure.gravatar.com\/avatar\/ccc17943b9d660506c869530f897617f7cb1c21a4bf30023f252596d83e1f007?s=96&d=mm&r=g","contentUrl":"https:\/\/secure.gravatar.com\/avatar\/ccc17943b9d660506c869530f897617f7cb1c21a4bf30023f252596d83e1f007?s=96&d=mm&r=g","caption":"admin"},"sameAs":["https:\/\/kibrisdakik.com"],"url":"https:\/\/kibrisdakik.com\/?author=1"}]}},"_links":{"self":[{"href":"https:\/\/kibrisdakik.com\/index.php?rest_route=\/wp\/v2\/posts\/60248","targetHints":{"allow":["GET"]}}],"collection":[{"href":"https:\/\/kibrisdakik.com\/index.php?rest_route=\/wp\/v2\/posts"}],"about":[{"href":"https:\/\/kibrisdakik.com\/index.php?rest_route=\/wp\/v2\/types\/post"}],"author":[{"embeddable":true,"href":"https:\/\/kibrisdakik.com\/index.php?rest_route=\/wp\/v2\/users\/1"}],"replies":[{"embeddable":true,"href":"https:\/\/kibrisdakik.com\/index.php?rest_route=%2Fwp%2Fv2%2Fcomments&post=60248"}],"version-history":[{"count":0,"href":"https:\/\/kibrisdakik.com\/index.php?rest_route=\/wp\/v2\/posts\/60248\/revisions"}],"wp:featuredmedia":[{"embeddable":true,"href":"https:\/\/kibrisdakik.com\/index.php?rest_route=\/wp\/v2\/media\/60249"}],"wp:attachment":[{"href":"https:\/\/kibrisdakik.com\/index.php?rest_route=%2Fwp%2Fv2%2Fmedia&parent=60248"}],"wp:term":[{"taxonomy":"category","embeddable":true,"href":"https:\/\/kibrisdakik.com\/index.php?rest_route=%2Fwp%2Fv2%2Fcategories&post=60248"},{"taxonomy":"post_tag","embeddable":true,"href":"https:\/\/kibrisdakik.com\/index.php?rest_route=%2Fwp%2Fv2%2Ftags&post=60248"}],"curies":[{"name":"wp","href":"https:\/\/api.w.org\/{rel}","templated":true}]}}