{"id":60276,"date":"2024-09-07T10:11:16","date_gmt":"2024-09-07T07:11:16","guid":{"rendered":"https:\/\/kibrisdakik.com\/index.php\/2024\/09\/07\/kirgizistan-cumhurbaskani-caparov-yerel-meclisleri-feshetti\/"},"modified":"2024-09-07T10:11:16","modified_gmt":"2024-09-07T07:11:16","slug":"kirgizistan-cumhurbaskani-caparov-yerel-meclisleri-feshetti","status":"publish","type":"post","link":"https:\/\/kibrisdakik.com\/?p=60276","title":{"rendered":"K\u0131rg\u0131zistan Cumhurba\u015fkan\u0131 Caparov, yerel meclisleri feshetti"},"content":{"rendered":"<p><\/p>\n<div>\n<div class=\"mariselle-image-container center\">\n                <img loading=\"lazy\" decoding=\"async\" width=\"864\" height=\"486\" class=\"lazy-image\" alt=\"\" sizes=\"auto, (max-width: 864px) 100vw, 864px\" src=\"https:\/\/brtk.net\/wp-content\/uploads\/2024\/09\/07\/qgorqg.jpg?ver=0ca5131efb82ca5ecd00a8ef4403f3e6\" srcset=\"https:\/\/brtk.net\/wp-content\/uploads\/2024\/09\/07\/qgorqg.jpg?ver=0ca5131efb82ca5ecd00a8ef4403f3e6 864w, https:\/\/brtk.net\/wp-content\/uploads\/2024\/09\/07\/qgorqg-300x169.jpg?ver=0ca5131efb82ca5ecd00a8ef4403f3e6 300w, https:\/\/brtk.net\/wp-content\/uploads\/2024\/09\/07\/qgorqg-768x432.jpg?ver=12e087dc2bb9f133345536c079c58cfa 768w\"\/>                            <\/div>\n<p> K\u0131rg\u0131zistan Cumhurba\u015fkan\u0131 Sad\u0131r Caparov, idari ve b\u00f6lgesel reform gerek\u00e7esiyle yerel meclisleri feshetti.<\/p>\n<p>Cumhurba\u015fkanl\u0131\u011f\u0131 Bas\u0131n Merkezi\u2019nden yap\u0131lan a\u00e7\u0131klamaya g\u00f6re, Caparov, kararname yay\u0131nlad\u0131.<\/p>\n<p>Kararnamede, \u201c\u00dclkede yap\u0131lan idari ve b\u00f6lgesel reformlar gerek\u00e7esiyle ilgili b\u00fcy\u00fck\u015fehir ve k\u00f6ylerdeki yerle\u015fim birimlerin s\u0131n\u0131rlar\u0131ndaki de\u011fi\u015fikliklerle ba\u011flant\u0131l\u0131 olarak il ve il\u00e7elerdeki meclisler feshedildi.\u201d denildi.<\/p>\n<p>Caparov, se\u00e7imlerin de 17 Kas\u0131m\u2019da yap\u0131lmas\u0131 y\u00f6n\u00fcnde karar ald\u0131.<\/p>\n<\/p><\/div>\n<p><script async\n                    defer\n                    crossorigin=\"anonymous\"\n                    src=\"https:\/\/connect.facebook.net\/tr_TR\/sdk.js#xfbml=1&#038;version=v3.3\"\n            ><\/script><\/p>\n","protected":false},"excerpt":{"rendered":"<p>K\u0131rg\u0131zistan Cumhurba\u015fkan\u0131 Sad\u0131r Caparov, idari ve b\u00f6lgesel reform gerek\u00e7esiyle yerel meclisleri feshetti. Cumhurba\u015fkanl\u0131\u011f\u0131 Bas\u0131n Merkezi\u2019nden yap\u0131lan a\u00e7\u0131klamaya g\u00f6re, Caparov, kararname yay\u0131nlad\u0131. Kararnamede, \u201c\u00dclkede yap\u0131lan idari ve b\u00f6lgesel reformlar gerek\u00e7esiyle ilgili b\u00fcy\u00fck\u015fehir ve k\u00f6ylerdeki yerle\u015fim birimlerin s\u0131n\u0131rlar\u0131ndaki de\u011fi\u015fikliklerle ba\u011flant\u0131l\u0131 olarak il ve il\u00e7elerdeki meclisler feshedildi.\u201d denildi. Caparov, se\u00e7imlerin de 17 Kas\u0131m\u2019da yap\u0131lmas\u0131 y\u00f6n\u00fcnde karar ald\u0131.<\/p>\n","protected":false},"author":1,"featured_media":60277,"comment_status":"open","ping_status":"open","sticky":false,"template":"","format":"standard","meta":{"footnotes":""},"categories":[1],"tags":[],"class_list":["post-60276","post","type-post","status-publish","format-standard","has-post-thumbnail","hentry","category-gundem"],"yoast_head":"<!-- This site is optimized with the Yoast SEO plugin v27.4 - https:\/\/yoast.com\/product\/yoast-seo-wordpress\/ -->\n<title>K\u0131rg\u0131zistan Cumhurba\u015fkan\u0131 Caparov, yerel meclisleri feshetti -<\/title>\n<meta name=\"robots\" content=\"index, follow, max-snippet:-1, max-image-preview:large, max-video-preview:-1\" \/>\n<link rel=\"canonical\" href=\"https:\/\/kibrisdakik.com\/?p=60276\" \/>\n<meta property=\"og:locale\" content=\"tr_TR\" \/>\n<meta property=\"og:type\" content=\"article\" \/>\n<meta property=\"og:title\" content=\"K\u0131rg\u0131zistan Cumhurba\u015fkan\u0131 Caparov, yerel meclisleri feshetti -\" \/>\n<meta property=\"og:description\" content=\"K\u0131rg\u0131zistan Cumhurba\u015fkan\u0131 Sad\u0131r Caparov, idari ve b\u00f6lgesel reform gerek\u00e7esiyle yerel meclisleri feshetti. Cumhurba\u015fkanl\u0131\u011f\u0131 Bas\u0131n Merkezi\u2019nden yap\u0131lan a\u00e7\u0131klamaya g\u00f6re, Caparov, kararname yay\u0131nlad\u0131. Kararnamede, \u201c\u00dclkede yap\u0131lan idari ve b\u00f6lgesel reformlar gerek\u00e7esiyle ilgili b\u00fcy\u00fck\u015fehir ve k\u00f6ylerdeki yerle\u015fim birimlerin s\u0131n\u0131rlar\u0131ndaki de\u011fi\u015fikliklerle ba\u011flant\u0131l\u0131 olarak il ve il\u00e7elerdeki meclisler feshedildi.\u201d denildi. Caparov, se\u00e7imlerin de 17 Kas\u0131m\u2019da yap\u0131lmas\u0131 y\u00f6n\u00fcnde karar ald\u0131.\" \/>\n<meta property=\"og:url\" content=\"https:\/\/kibrisdakik.com\/?p=60276\" \/>\n<meta property=\"article:published_time\" content=\"2024-09-07T07:11:16+00:00\" \/>\n<meta property=\"og:image\" content=\"https:\/\/kibrisdakik.com\/wp-content\/uploads\/2024\/09\/qgorqg-740x420.jpg\" \/>\n\t<meta property=\"og:image:width\" content=\"864\" \/>\n\t<meta property=\"og:image:height\" content=\"486\" \/>\n\t<meta property=\"og:image:type\" content=\"image\/jpeg\" \/>\n<meta name=\"author\" content=\"admin\" \/>\n<meta name=\"twitter:card\" content=\"summary_large_image\" \/>\n<meta name=\"twitter:label1\" content=\"Yazan:\" \/>\n\t<meta name=\"twitter:data1\" content=\"admin\" \/>\n<script type=\"application\/ld+json\" class=\"yoast-schema-graph\">{\"@context\":\"https:\\\/\\\/schema.org\",\"@graph\":[{\"@type\":\"Article\",\"@id\":\"https:\\\/\\\/kibrisdakik.com\\\/?p=60276#article\",\"isPartOf\":{\"@id\":\"https:\\\/\\\/kibrisdakik.com\\\/?p=60276\"},\"author\":{\"name\":\"admin\",\"@id\":\"https:\\\/\\\/kibrisdakik.com\\\/#\\\/schema\\\/person\\\/9cd9d437bbb44f72b73ba127e06d8e79\"},\"headline\":\"K\u0131rg\u0131zistan Cumhurba\u015fkan\u0131 Caparov, yerel meclisleri feshetti\",\"datePublished\":\"2024-09-07T07:11:16+00:00\",\"mainEntityOfPage\":{\"@id\":\"https:\\\/\\\/kibrisdakik.com\\\/?p=60276\"},\"wordCount\":97,\"commentCount\":0,\"image\":{\"@id\":\"https:\\\/\\\/kibrisdakik.com\\\/?p=60276#primaryimage\"},\"thumbnailUrl\":\"https:\\\/\\\/kibrisdakik.com\\\/wp-content\\\/uploads\\\/2024\\\/09\\\/qgorqg-740x420.jpg\",\"articleSection\":[\"G\u00fcndem\"],\"inLanguage\":\"tr\",\"potentialAction\":[{\"@type\":\"CommentAction\",\"name\":\"Comment\",\"target\":[\"https:\\\/\\\/kibrisdakik.com\\\/?p=60276#respond\"]}]},{\"@type\":\"WebPage\",\"@id\":\"https:\\\/\\\/kibrisdakik.com\\\/?p=60276\",\"url\":\"https:\\\/\\\/kibrisdakik.com\\\/?p=60276\",\"name\":\"K\u0131rg\u0131zistan Cumhurba\u015fkan\u0131 Caparov, yerel meclisleri feshetti -\",\"isPartOf\":{\"@id\":\"https:\\\/\\\/kibrisdakik.com\\\/#website\"},\"primaryImageOfPage\":{\"@id\":\"https:\\\/\\\/kibrisdakik.com\\\/?p=60276#primaryimage\"},\"image\":{\"@id\":\"https:\\\/\\\/kibrisdakik.com\\\/?p=60276#primaryimage\"},\"thumbnailUrl\":\"https:\\\/\\\/kibrisdakik.com\\\/wp-content\\\/uploads\\\/2024\\\/09\\\/qgorqg-740x420.jpg\",\"datePublished\":\"2024-09-07T07:11:16+00:00\",\"author\":{\"@id\":\"https:\\\/\\\/kibrisdakik.com\\\/#\\\/schema\\\/person\\\/9cd9d437bbb44f72b73ba127e06d8e79\"},\"breadcrumb\":{\"@id\":\"https:\\\/\\\/kibrisdakik.com\\\/?p=60276#breadcrumb\"},\"inLanguage\":\"tr\",\"potentialAction\":[{\"@type\":\"ReadAction\",\"target\":[\"https:\\\/\\\/kibrisdakik.com\\\/?p=60276\"]}]},{\"@type\":\"ImageObject\",\"inLanguage\":\"tr\",\"@id\":\"https:\\\/\\\/kibrisdakik.com\\\/?p=60276#primaryimage\",\"url\":\"https:\\\/\\\/kibrisdakik.com\\\/wp-content\\\/uploads\\\/2024\\\/09\\\/qgorqg-740x420.jpg\",\"contentUrl\":\"https:\\\/\\\/kibrisdakik.com\\\/wp-content\\\/uploads\\\/2024\\\/09\\\/qgorqg-740x420.jpg\",\"width\":864,\"height\":486},{\"@type\":\"BreadcrumbList\",\"@id\":\"https:\\\/\\\/kibrisdakik.com\\\/?p=60276#breadcrumb\",\"itemListElement\":[{\"@type\":\"ListItem\",\"position\":1,\"name\":\"Home\",\"item\":\"https:\\\/\\\/kibrisdakik.com\\\/\"},{\"@type\":\"ListItem\",\"position\":2,\"name\":\"K\u0131rg\u0131zistan Cumhurba\u015fkan\u0131 Caparov, yerel meclisleri feshetti\"}]},{\"@type\":\"WebSite\",\"@id\":\"https:\\\/\\\/kibrisdakik.com\\\/#website\",\"url\":\"https:\\\/\\\/kibrisdakik.com\\\/\",\"name\":\"\",\"description\":\"Tam vaktinde haber\",\"potentialAction\":[{\"@type\":\"SearchAction\",\"target\":{\"@type\":\"EntryPoint\",\"urlTemplate\":\"https:\\\/\\\/kibrisdakik.com\\\/?s={search_term_string}\"},\"query-input\":{\"@type\":\"PropertyValueSpecification\",\"valueRequired\":true,\"valueName\":\"search_term_string\"}}],\"inLanguage\":\"tr\"},{\"@type\":\"Person\",\"@id\":\"https:\\\/\\\/kibrisdakik.com\\\/#\\\/schema\\\/person\\\/9cd9d437bbb44f72b73ba127e06d8e79\",\"name\":\"admin\",\"image\":{\"@type\":\"ImageObject\",\"inLanguage\":\"tr\",\"@id\":\"https:\\\/\\\/secure.gravatar.com\\\/avatar\\\/ccc17943b9d660506c869530f897617f7cb1c21a4bf30023f252596d83e1f007?s=96&d=mm&r=g\",\"url\":\"https:\\\/\\\/secure.gravatar.com\\\/avatar\\\/ccc17943b9d660506c869530f897617f7cb1c21a4bf30023f252596d83e1f007?s=96&d=mm&r=g\",\"contentUrl\":\"https:\\\/\\\/secure.gravatar.com\\\/avatar\\\/ccc17943b9d660506c869530f897617f7cb1c21a4bf30023f252596d83e1f007?s=96&d=mm&r=g\",\"caption\":\"admin\"},\"sameAs\":[\"https:\\\/\\\/kibrisdakik.com\"],\"url\":\"https:\\\/\\\/kibrisdakik.com\\\/?author=1\"}]}<\/script>\n<!-- \/ Yoast SEO plugin. -->","yoast_head_json":{"title":"K\u0131rg\u0131zistan Cumhurba\u015fkan\u0131 Caparov, yerel meclisleri feshetti -","robots":{"index":"index","follow":"follow","max-snippet":"max-snippet:-1","max-image-preview":"max-image-preview:large","max-video-preview":"max-video-preview:-1"},"canonical":"https:\/\/kibrisdakik.com\/?p=60276","og_locale":"tr_TR","og_type":"article","og_title":"K\u0131rg\u0131zistan Cumhurba\u015fkan\u0131 Caparov, yerel meclisleri feshetti -","og_description":"K\u0131rg\u0131zistan Cumhurba\u015fkan\u0131 Sad\u0131r Caparov, idari ve b\u00f6lgesel reform gerek\u00e7esiyle yerel meclisleri feshetti. Cumhurba\u015fkanl\u0131\u011f\u0131 Bas\u0131n Merkezi\u2019nden yap\u0131lan a\u00e7\u0131klamaya g\u00f6re, Caparov, kararname yay\u0131nlad\u0131. Kararnamede, \u201c\u00dclkede yap\u0131lan idari ve b\u00f6lgesel reformlar gerek\u00e7esiyle ilgili b\u00fcy\u00fck\u015fehir ve k\u00f6ylerdeki yerle\u015fim birimlerin s\u0131n\u0131rlar\u0131ndaki de\u011fi\u015fikliklerle ba\u011flant\u0131l\u0131 olarak il ve il\u00e7elerdeki meclisler feshedildi.\u201d denildi. Caparov, se\u00e7imlerin de 17 Kas\u0131m\u2019da yap\u0131lmas\u0131 y\u00f6n\u00fcnde karar ald\u0131.","og_url":"https:\/\/kibrisdakik.com\/?p=60276","article_published_time":"2024-09-07T07:11:16+00:00","og_image":[{"width":864,"height":486,"url":"https:\/\/kibrisdakik.com\/wp-content\/uploads\/2024\/09\/qgorqg-740x420.jpg","type":"image\/jpeg"}],"author":"admin","twitter_card":"summary_large_image","twitter_misc":{"Yazan:":"admin"},"schema":{"@context":"https:\/\/schema.org","@graph":[{"@type":"Article","@id":"https:\/\/kibrisdakik.com\/?p=60276#article","isPartOf":{"@id":"https:\/\/kibrisdakik.com\/?p=60276"},"author":{"name":"admin","@id":"https:\/\/kibrisdakik.com\/#\/schema\/person\/9cd9d437bbb44f72b73ba127e06d8e79"},"headline":"K\u0131rg\u0131zistan Cumhurba\u015fkan\u0131 Caparov, yerel meclisleri feshetti","datePublished":"2024-09-07T07:11:16+00:00","mainEntityOfPage":{"@id":"https:\/\/kibrisdakik.com\/?p=60276"},"wordCount":97,"commentCount":0,"image":{"@id":"https:\/\/kibrisdakik.com\/?p=60276#primaryimage"},"thumbnailUrl":"https:\/\/kibrisdakik.com\/wp-content\/uploads\/2024\/09\/qgorqg-740x420.jpg","articleSection":["G\u00fcndem"],"inLanguage":"tr","potentialAction":[{"@type":"CommentAction","name":"Comment","target":["https:\/\/kibrisdakik.com\/?p=60276#respond"]}]},{"@type":"WebPage","@id":"https:\/\/kibrisdakik.com\/?p=60276","url":"https:\/\/kibrisdakik.com\/?p=60276","name":"K\u0131rg\u0131zistan Cumhurba\u015fkan\u0131 Caparov, yerel meclisleri feshetti -","isPartOf":{"@id":"https:\/\/kibrisdakik.com\/#website"},"primaryImageOfPage":{"@id":"https:\/\/kibrisdakik.com\/?p=60276#primaryimage"},"image":{"@id":"https:\/\/kibrisdakik.com\/?p=60276#primaryimage"},"thumbnailUrl":"https:\/\/kibrisdakik.com\/wp-content\/uploads\/2024\/09\/qgorqg-740x420.jpg","datePublished":"2024-09-07T07:11:16+00:00","author":{"@id":"https:\/\/kibrisdakik.com\/#\/schema\/person\/9cd9d437bbb44f72b73ba127e06d8e79"},"breadcrumb":{"@id":"https:\/\/kibrisdakik.com\/?p=60276#breadcrumb"},"inLanguage":"tr","potentialAction":[{"@type":"ReadAction","target":["https:\/\/kibrisdakik.com\/?p=60276"]}]},{"@type":"ImageObject","inLanguage":"tr","@id":"https:\/\/kibrisdakik.com\/?p=60276#primaryimage","url":"https:\/\/kibrisdakik.com\/wp-content\/uploads\/2024\/09\/qgorqg-740x420.jpg","contentUrl":"https:\/\/kibrisdakik.com\/wp-content\/uploads\/2024\/09\/qgorqg-740x420.jpg","width":864,"height":486},{"@type":"BreadcrumbList","@id":"https:\/\/kibrisdakik.com\/?p=60276#breadcrumb","itemListElement":[{"@type":"ListItem","position":1,"name":"Home","item":"https:\/\/kibrisdakik.com\/"},{"@type":"ListItem","position":2,"name":"K\u0131rg\u0131zistan Cumhurba\u015fkan\u0131 Caparov, yerel meclisleri feshetti"}]},{"@type":"WebSite","@id":"https:\/\/kibrisdakik.com\/#website","url":"https:\/\/kibrisdakik.com\/","name":"","description":"Tam vaktinde haber","potentialAction":[{"@type":"SearchAction","target":{"@type":"EntryPoint","urlTemplate":"https:\/\/kibrisdakik.com\/?s={search_term_string}"},"query-input":{"@type":"PropertyValueSpecification","valueRequired":true,"valueName":"search_term_string"}}],"inLanguage":"tr"},{"@type":"Person","@id":"https:\/\/kibrisdakik.com\/#\/schema\/person\/9cd9d437bbb44f72b73ba127e06d8e79","name":"admin","image":{"@type":"ImageObject","inLanguage":"tr","@id":"https:\/\/secure.gravatar.com\/avatar\/ccc17943b9d660506c869530f897617f7cb1c21a4bf30023f252596d83e1f007?s=96&d=mm&r=g","url":"https:\/\/secure.gravatar.com\/avatar\/ccc17943b9d660506c869530f897617f7cb1c21a4bf30023f252596d83e1f007?s=96&d=mm&r=g","contentUrl":"https:\/\/secure.gravatar.com\/avatar\/ccc17943b9d660506c869530f897617f7cb1c21a4bf30023f252596d83e1f007?s=96&d=mm&r=g","caption":"admin"},"sameAs":["https:\/\/kibrisdakik.com"],"url":"https:\/\/kibrisdakik.com\/?author=1"}]}},"_links":{"self":[{"href":"https:\/\/kibrisdakik.com\/index.php?rest_route=\/wp\/v2\/posts\/60276","targetHints":{"allow":["GET"]}}],"collection":[{"href":"https:\/\/kibrisdakik.com\/index.php?rest_route=\/wp\/v2\/posts"}],"about":[{"href":"https:\/\/kibrisdakik.com\/index.php?rest_route=\/wp\/v2\/types\/post"}],"author":[{"embeddable":true,"href":"https:\/\/kibrisdakik.com\/index.php?rest_route=\/wp\/v2\/users\/1"}],"replies":[{"embeddable":true,"href":"https:\/\/kibrisdakik.com\/index.php?rest_route=%2Fwp%2Fv2%2Fcomments&post=60276"}],"version-history":[{"count":0,"href":"https:\/\/kibrisdakik.com\/index.php?rest_route=\/wp\/v2\/posts\/60276\/revisions"}],"wp:featuredmedia":[{"embeddable":true,"href":"https:\/\/kibrisdakik.com\/index.php?rest_route=\/wp\/v2\/media\/60277"}],"wp:attachment":[{"href":"https:\/\/kibrisdakik.com\/index.php?rest_route=%2Fwp%2Fv2%2Fmedia&parent=60276"}],"wp:term":[{"taxonomy":"category","embeddable":true,"href":"https:\/\/kibrisdakik.com\/index.php?rest_route=%2Fwp%2Fv2%2Fcategories&post=60276"},{"taxonomy":"post_tag","embeddable":true,"href":"https:\/\/kibrisdakik.com\/index.php?rest_route=%2Fwp%2Fv2%2Ftags&post=60276"}],"curies":[{"name":"wp","href":"https:\/\/api.w.org\/{rel}","templated":true}]}}