{"id":60289,"date":"2024-09-07T11:33:32","date_gmt":"2024-09-07T08:33:32","guid":{"rendered":"https:\/\/kibrisdakik.com\/index.php\/2024\/09\/07\/devrim-ozkan-ve-lucas-torreiradan-bir-bomba-poz-daha\/"},"modified":"2024-09-07T11:33:32","modified_gmt":"2024-09-07T08:33:32","slug":"devrim-ozkan-ve-lucas-torreiradan-bir-bomba-poz-daha","status":"publish","type":"post","link":"https:\/\/kibrisdakik.com\/?p=60289","title":{"rendered":"Devrim \u00d6zkan ve Lucas Torreira&#8217;dan bir bomba poz daha"},"content":{"rendered":"<p><\/p>\n<div id=\"\">\n<p>Sevgilisi  <a class=\"keyword\" href=\"https:\/\/www.haberler.com\/lucas-torreira\/\" title=\"Lucas Torreira Haberleri, Lucas Torreira Haberi, Lucas Torreira Haber\"><strong>Lucas Torreira<\/strong><\/a>&#8216;n\u0131n s\u0131rt\u0131na \u00e7\u0131karak havuzda poz veren \u00d6zkan, Instagram hesab\u0131ndan payla\u015f\u0131m yapmay\u0131 ihmal etmiyor. Ara ara a\u015fk payla\u015f\u0131mlar\u0131 yapan oyuncu Devrim \u00d6zkan ve futbolcu Lucas Torreira bu kez havuz pozu ile g\u00fcndem oldu.<\/p>\n<h3>BU KEZ HAVUZDA POZ VERD\u0130LER<\/h3>\n<p>Sevgilisi Torreira ile birlikte havuza giren \u00d6zkan, sevgilisinin s\u0131rt\u0131na \u00e7\u0131karak poz verdi. \u00d6zkan, havuz payla\u015f\u0131m\u0131na \u0130spanyolca&#8217;da &#8216;a\u015fk\u0131m&#8217; anlam\u0131na gelen &#8216;mi amor&#8217; notunu ekledi. Lucas Torreira ise sevgilisinin payla\u015f\u0131m\u0131na, \u0130spanyolca&#8217;da &#8216;Seni seviyorum sevgilim&#8217; anlam\u0131na gelen &#8216;Te amo mi vida&#8217; \u015feklinde yorum yapt\u0131.<\/p>\n<p><strong>\u0130\u015fte o poz;<\/strong> <\/p>\n<p><img loading=\"lazy\" decoding=\"async\" class=\"hbptMainImage lazyload ImgDetay\" src=\"https:\/\/foto.haberler.com\/haber\/2024\/09\/07\/devrim-ozkan-ve-lucas-torreira-dan-havuzda-ask-17796132_7682_m.jpg\" alt=\"Devrim \u00d6zkan ve Lucas Torreira'dan havuzda a\u015fk pozu\" width=\"640\" height=\"467\"\/><\/p>\n<h4 id=\"nwsKeywords\"> <a href=\"https:\/\/www.haberler.com\/lucas-torreira\/\" title=\"Lucas Torreira\" class=\"hbptTag\">Lucas Torreira<\/a>  <a href=\"https:\/\/www.haberler.com\/devrim-ozkan\/\" title=\"Devrim \u00d6zkan\" class=\"hbptTag\">Devrim \u00d6zkan<\/a> <\/h4>\n<\/div>\n","protected":false},"excerpt":{"rendered":"<p>Sevgilisi Lucas Torreira&#8216;n\u0131n s\u0131rt\u0131na \u00e7\u0131karak havuzda poz veren \u00d6zkan, Instagram hesab\u0131ndan payla\u015f\u0131m yapmay\u0131 ihmal etmiyor. Ara ara a\u015fk payla\u015f\u0131mlar\u0131 yapan oyuncu Devrim \u00d6zkan ve futbolcu Lucas Torreira bu kez havuz pozu ile g\u00fcndem oldu. BU KEZ HAVUZDA POZ VERD\u0130LER Sevgilisi Torreira ile birlikte havuza giren \u00d6zkan, sevgilisinin s\u0131rt\u0131na \u00e7\u0131karak poz verdi. \u00d6zkan, havuz payla\u015f\u0131m\u0131na \u0130spanyolca&#8217;da<\/p>\n","protected":false},"author":1,"featured_media":60290,"comment_status":"open","ping_status":"open","sticky":false,"template":"","format":"standard","meta":{"footnotes":""},"categories":[83],"tags":[],"class_list":["post-60289","post","type-post","status-publish","format-standard","has-post-thumbnail","hentry","category-magazin"],"yoast_head":"<!-- This site is optimized with the Yoast SEO plugin v27.5 - https:\/\/yoast.com\/product\/yoast-seo-wordpress\/ -->\n<title>Devrim \u00d6zkan ve Lucas Torreira&#039;dan bir bomba poz daha -<\/title>\n<meta name=\"robots\" content=\"index, follow, max-snippet:-1, max-image-preview:large, max-video-preview:-1\" \/>\n<link rel=\"canonical\" href=\"https:\/\/kibrisdakik.com\/?p=60289\" \/>\n<meta property=\"og:locale\" content=\"tr_TR\" \/>\n<meta property=\"og:type\" content=\"article\" \/>\n<meta property=\"og:title\" content=\"Devrim \u00d6zkan ve Lucas Torreira&#039;dan bir bomba poz daha -\" \/>\n<meta property=\"og:description\" content=\"Sevgilisi Lucas Torreira&#8216;n\u0131n s\u0131rt\u0131na \u00e7\u0131karak havuzda poz veren \u00d6zkan, Instagram hesab\u0131ndan payla\u015f\u0131m yapmay\u0131 ihmal etmiyor. Ara ara a\u015fk payla\u015f\u0131mlar\u0131 yapan oyuncu Devrim \u00d6zkan ve futbolcu Lucas Torreira bu kez havuz pozu ile g\u00fcndem oldu. BU KEZ HAVUZDA POZ VERD\u0130LER Sevgilisi Torreira ile birlikte havuza giren \u00d6zkan, sevgilisinin s\u0131rt\u0131na \u00e7\u0131karak poz verdi. \u00d6zkan, havuz payla\u015f\u0131m\u0131na \u0130spanyolca&#8217;da\" \/>\n<meta property=\"og:url\" content=\"https:\/\/kibrisdakik.com\/?p=60289\" \/>\n<meta property=\"article:published_time\" content=\"2024-09-07T08:33:32+00:00\" \/>\n<meta property=\"og:image\" content=\"https:\/\/kibrisdakik.com\/wp-content\/uploads\/2024\/09\/devrim-ozkan-ve-lucas-torreira-dan-havuzda-ask-17796132_7682_m-640x420.jpg\" \/>\n\t<meta property=\"og:image:width\" content=\"640\" \/>\n\t<meta property=\"og:image:height\" content=\"467\" \/>\n\t<meta property=\"og:image:type\" content=\"image\/jpeg\" \/>\n<meta name=\"author\" content=\"admin\" \/>\n<meta name=\"twitter:card\" content=\"summary_large_image\" \/>\n<meta name=\"twitter:label1\" content=\"Yazan:\" \/>\n\t<meta name=\"twitter:data1\" content=\"admin\" \/>\n\t<meta name=\"twitter:label2\" content=\"Tahmini okuma s\u00fcresi\" \/>\n\t<meta name=\"twitter:data2\" content=\"1 dakika\" \/>\n<script type=\"application\/ld+json\" class=\"yoast-schema-graph\">{\"@context\":\"https:\\\/\\\/schema.org\",\"@graph\":[{\"@type\":\"Article\",\"@id\":\"https:\\\/\\\/kibrisdakik.com\\\/?p=60289#article\",\"isPartOf\":{\"@id\":\"https:\\\/\\\/kibrisdakik.com\\\/?p=60289\"},\"author\":{\"name\":\"admin\",\"@id\":\"https:\\\/\\\/kibrisdakik.com\\\/#\\\/schema\\\/person\\\/9cd9d437bbb44f72b73ba127e06d8e79\"},\"headline\":\"Devrim \u00d6zkan ve Lucas Torreira&#8217;dan bir bomba poz daha\",\"datePublished\":\"2024-09-07T08:33:32+00:00\",\"mainEntityOfPage\":{\"@id\":\"https:\\\/\\\/kibrisdakik.com\\\/?p=60289\"},\"wordCount\":116,\"commentCount\":0,\"image\":{\"@id\":\"https:\\\/\\\/kibrisdakik.com\\\/?p=60289#primaryimage\"},\"thumbnailUrl\":\"https:\\\/\\\/kibrisdakik.com\\\/wp-content\\\/uploads\\\/2024\\\/09\\\/devrim-ozkan-ve-lucas-torreira-dan-havuzda-ask-17796132_7682_m-640x420.jpg\",\"articleSection\":[\"Magazin\"],\"inLanguage\":\"tr\",\"potentialAction\":[{\"@type\":\"CommentAction\",\"name\":\"Comment\",\"target\":[\"https:\\\/\\\/kibrisdakik.com\\\/?p=60289#respond\"]}]},{\"@type\":\"WebPage\",\"@id\":\"https:\\\/\\\/kibrisdakik.com\\\/?p=60289\",\"url\":\"https:\\\/\\\/kibrisdakik.com\\\/?p=60289\",\"name\":\"Devrim \u00d6zkan ve Lucas Torreira'dan bir bomba poz daha -\",\"isPartOf\":{\"@id\":\"https:\\\/\\\/kibrisdakik.com\\\/#website\"},\"primaryImageOfPage\":{\"@id\":\"https:\\\/\\\/kibrisdakik.com\\\/?p=60289#primaryimage\"},\"image\":{\"@id\":\"https:\\\/\\\/kibrisdakik.com\\\/?p=60289#primaryimage\"},\"thumbnailUrl\":\"https:\\\/\\\/kibrisdakik.com\\\/wp-content\\\/uploads\\\/2024\\\/09\\\/devrim-ozkan-ve-lucas-torreira-dan-havuzda-ask-17796132_7682_m-640x420.jpg\",\"datePublished\":\"2024-09-07T08:33:32+00:00\",\"author\":{\"@id\":\"https:\\\/\\\/kibrisdakik.com\\\/#\\\/schema\\\/person\\\/9cd9d437bbb44f72b73ba127e06d8e79\"},\"breadcrumb\":{\"@id\":\"https:\\\/\\\/kibrisdakik.com\\\/?p=60289#breadcrumb\"},\"inLanguage\":\"tr\",\"potentialAction\":[{\"@type\":\"ReadAction\",\"target\":[\"https:\\\/\\\/kibrisdakik.com\\\/?p=60289\"]}]},{\"@type\":\"ImageObject\",\"inLanguage\":\"tr\",\"@id\":\"https:\\\/\\\/kibrisdakik.com\\\/?p=60289#primaryimage\",\"url\":\"https:\\\/\\\/kibrisdakik.com\\\/wp-content\\\/uploads\\\/2024\\\/09\\\/devrim-ozkan-ve-lucas-torreira-dan-havuzda-ask-17796132_7682_m-640x420.jpg\",\"contentUrl\":\"https:\\\/\\\/kibrisdakik.com\\\/wp-content\\\/uploads\\\/2024\\\/09\\\/devrim-ozkan-ve-lucas-torreira-dan-havuzda-ask-17796132_7682_m-640x420.jpg\",\"width\":640,\"height\":467},{\"@type\":\"BreadcrumbList\",\"@id\":\"https:\\\/\\\/kibrisdakik.com\\\/?p=60289#breadcrumb\",\"itemListElement\":[{\"@type\":\"ListItem\",\"position\":1,\"name\":\"Home\",\"item\":\"https:\\\/\\\/kibrisdakik.com\\\/\"},{\"@type\":\"ListItem\",\"position\":2,\"name\":\"Devrim \u00d6zkan ve Lucas Torreira&#8217;dan bir bomba poz daha\"}]},{\"@type\":\"WebSite\",\"@id\":\"https:\\\/\\\/kibrisdakik.com\\\/#website\",\"url\":\"https:\\\/\\\/kibrisdakik.com\\\/\",\"name\":\"\",\"description\":\"Tam vaktinde haber\",\"potentialAction\":[{\"@type\":\"SearchAction\",\"target\":{\"@type\":\"EntryPoint\",\"urlTemplate\":\"https:\\\/\\\/kibrisdakik.com\\\/?s={search_term_string}\"},\"query-input\":{\"@type\":\"PropertyValueSpecification\",\"valueRequired\":true,\"valueName\":\"search_term_string\"}}],\"inLanguage\":\"tr\"},{\"@type\":\"Person\",\"@id\":\"https:\\\/\\\/kibrisdakik.com\\\/#\\\/schema\\\/person\\\/9cd9d437bbb44f72b73ba127e06d8e79\",\"name\":\"admin\",\"image\":{\"@type\":\"ImageObject\",\"inLanguage\":\"tr\",\"@id\":\"https:\\\/\\\/secure.gravatar.com\\\/avatar\\\/ccc17943b9d660506c869530f897617f7cb1c21a4bf30023f252596d83e1f007?s=96&d=mm&r=g\",\"url\":\"https:\\\/\\\/secure.gravatar.com\\\/avatar\\\/ccc17943b9d660506c869530f897617f7cb1c21a4bf30023f252596d83e1f007?s=96&d=mm&r=g\",\"contentUrl\":\"https:\\\/\\\/secure.gravatar.com\\\/avatar\\\/ccc17943b9d660506c869530f897617f7cb1c21a4bf30023f252596d83e1f007?s=96&d=mm&r=g\",\"caption\":\"admin\"},\"sameAs\":[\"https:\\\/\\\/kibrisdakik.com\"],\"url\":\"https:\\\/\\\/kibrisdakik.com\\\/?author=1\"}]}<\/script>\n<!-- \/ Yoast SEO plugin. -->","yoast_head_json":{"title":"Devrim \u00d6zkan ve Lucas Torreira'dan bir bomba poz daha -","robots":{"index":"index","follow":"follow","max-snippet":"max-snippet:-1","max-image-preview":"max-image-preview:large","max-video-preview":"max-video-preview:-1"},"canonical":"https:\/\/kibrisdakik.com\/?p=60289","og_locale":"tr_TR","og_type":"article","og_title":"Devrim \u00d6zkan ve Lucas Torreira'dan bir bomba poz daha -","og_description":"Sevgilisi Lucas Torreira&#8216;n\u0131n s\u0131rt\u0131na \u00e7\u0131karak havuzda poz veren \u00d6zkan, Instagram hesab\u0131ndan payla\u015f\u0131m yapmay\u0131 ihmal etmiyor. Ara ara a\u015fk payla\u015f\u0131mlar\u0131 yapan oyuncu Devrim \u00d6zkan ve futbolcu Lucas Torreira bu kez havuz pozu ile g\u00fcndem oldu. BU KEZ HAVUZDA POZ VERD\u0130LER Sevgilisi Torreira ile birlikte havuza giren \u00d6zkan, sevgilisinin s\u0131rt\u0131na \u00e7\u0131karak poz verdi. \u00d6zkan, havuz payla\u015f\u0131m\u0131na \u0130spanyolca&#8217;da","og_url":"https:\/\/kibrisdakik.com\/?p=60289","article_published_time":"2024-09-07T08:33:32+00:00","og_image":[{"width":640,"height":467,"url":"https:\/\/kibrisdakik.com\/wp-content\/uploads\/2024\/09\/devrim-ozkan-ve-lucas-torreira-dan-havuzda-ask-17796132_7682_m-640x420.jpg","type":"image\/jpeg"}],"author":"admin","twitter_card":"summary_large_image","twitter_misc":{"Yazan:":"admin","Tahmini okuma s\u00fcresi":"1 dakika"},"schema":{"@context":"https:\/\/schema.org","@graph":[{"@type":"Article","@id":"https:\/\/kibrisdakik.com\/?p=60289#article","isPartOf":{"@id":"https:\/\/kibrisdakik.com\/?p=60289"},"author":{"name":"admin","@id":"https:\/\/kibrisdakik.com\/#\/schema\/person\/9cd9d437bbb44f72b73ba127e06d8e79"},"headline":"Devrim \u00d6zkan ve Lucas Torreira&#8217;dan bir bomba poz daha","datePublished":"2024-09-07T08:33:32+00:00","mainEntityOfPage":{"@id":"https:\/\/kibrisdakik.com\/?p=60289"},"wordCount":116,"commentCount":0,"image":{"@id":"https:\/\/kibrisdakik.com\/?p=60289#primaryimage"},"thumbnailUrl":"https:\/\/kibrisdakik.com\/wp-content\/uploads\/2024\/09\/devrim-ozkan-ve-lucas-torreira-dan-havuzda-ask-17796132_7682_m-640x420.jpg","articleSection":["Magazin"],"inLanguage":"tr","potentialAction":[{"@type":"CommentAction","name":"Comment","target":["https:\/\/kibrisdakik.com\/?p=60289#respond"]}]},{"@type":"WebPage","@id":"https:\/\/kibrisdakik.com\/?p=60289","url":"https:\/\/kibrisdakik.com\/?p=60289","name":"Devrim \u00d6zkan ve Lucas Torreira'dan bir bomba poz daha -","isPartOf":{"@id":"https:\/\/kibrisdakik.com\/#website"},"primaryImageOfPage":{"@id":"https:\/\/kibrisdakik.com\/?p=60289#primaryimage"},"image":{"@id":"https:\/\/kibrisdakik.com\/?p=60289#primaryimage"},"thumbnailUrl":"https:\/\/kibrisdakik.com\/wp-content\/uploads\/2024\/09\/devrim-ozkan-ve-lucas-torreira-dan-havuzda-ask-17796132_7682_m-640x420.jpg","datePublished":"2024-09-07T08:33:32+00:00","author":{"@id":"https:\/\/kibrisdakik.com\/#\/schema\/person\/9cd9d437bbb44f72b73ba127e06d8e79"},"breadcrumb":{"@id":"https:\/\/kibrisdakik.com\/?p=60289#breadcrumb"},"inLanguage":"tr","potentialAction":[{"@type":"ReadAction","target":["https:\/\/kibrisdakik.com\/?p=60289"]}]},{"@type":"ImageObject","inLanguage":"tr","@id":"https:\/\/kibrisdakik.com\/?p=60289#primaryimage","url":"https:\/\/kibrisdakik.com\/wp-content\/uploads\/2024\/09\/devrim-ozkan-ve-lucas-torreira-dan-havuzda-ask-17796132_7682_m-640x420.jpg","contentUrl":"https:\/\/kibrisdakik.com\/wp-content\/uploads\/2024\/09\/devrim-ozkan-ve-lucas-torreira-dan-havuzda-ask-17796132_7682_m-640x420.jpg","width":640,"height":467},{"@type":"BreadcrumbList","@id":"https:\/\/kibrisdakik.com\/?p=60289#breadcrumb","itemListElement":[{"@type":"ListItem","position":1,"name":"Home","item":"https:\/\/kibrisdakik.com\/"},{"@type":"ListItem","position":2,"name":"Devrim \u00d6zkan ve Lucas Torreira&#8217;dan bir bomba poz daha"}]},{"@type":"WebSite","@id":"https:\/\/kibrisdakik.com\/#website","url":"https:\/\/kibrisdakik.com\/","name":"","description":"Tam vaktinde haber","potentialAction":[{"@type":"SearchAction","target":{"@type":"EntryPoint","urlTemplate":"https:\/\/kibrisdakik.com\/?s={search_term_string}"},"query-input":{"@type":"PropertyValueSpecification","valueRequired":true,"valueName":"search_term_string"}}],"inLanguage":"tr"},{"@type":"Person","@id":"https:\/\/kibrisdakik.com\/#\/schema\/person\/9cd9d437bbb44f72b73ba127e06d8e79","name":"admin","image":{"@type":"ImageObject","inLanguage":"tr","@id":"https:\/\/secure.gravatar.com\/avatar\/ccc17943b9d660506c869530f897617f7cb1c21a4bf30023f252596d83e1f007?s=96&d=mm&r=g","url":"https:\/\/secure.gravatar.com\/avatar\/ccc17943b9d660506c869530f897617f7cb1c21a4bf30023f252596d83e1f007?s=96&d=mm&r=g","contentUrl":"https:\/\/secure.gravatar.com\/avatar\/ccc17943b9d660506c869530f897617f7cb1c21a4bf30023f252596d83e1f007?s=96&d=mm&r=g","caption":"admin"},"sameAs":["https:\/\/kibrisdakik.com"],"url":"https:\/\/kibrisdakik.com\/?author=1"}]}},"_links":{"self":[{"href":"https:\/\/kibrisdakik.com\/index.php?rest_route=\/wp\/v2\/posts\/60289","targetHints":{"allow":["GET"]}}],"collection":[{"href":"https:\/\/kibrisdakik.com\/index.php?rest_route=\/wp\/v2\/posts"}],"about":[{"href":"https:\/\/kibrisdakik.com\/index.php?rest_route=\/wp\/v2\/types\/post"}],"author":[{"embeddable":true,"href":"https:\/\/kibrisdakik.com\/index.php?rest_route=\/wp\/v2\/users\/1"}],"replies":[{"embeddable":true,"href":"https:\/\/kibrisdakik.com\/index.php?rest_route=%2Fwp%2Fv2%2Fcomments&post=60289"}],"version-history":[{"count":0,"href":"https:\/\/kibrisdakik.com\/index.php?rest_route=\/wp\/v2\/posts\/60289\/revisions"}],"wp:featuredmedia":[{"embeddable":true,"href":"https:\/\/kibrisdakik.com\/index.php?rest_route=\/wp\/v2\/media\/60290"}],"wp:attachment":[{"href":"https:\/\/kibrisdakik.com\/index.php?rest_route=%2Fwp%2Fv2%2Fmedia&parent=60289"}],"wp:term":[{"taxonomy":"category","embeddable":true,"href":"https:\/\/kibrisdakik.com\/index.php?rest_route=%2Fwp%2Fv2%2Fcategories&post=60289"},{"taxonomy":"post_tag","embeddable":true,"href":"https:\/\/kibrisdakik.com\/index.php?rest_route=%2Fwp%2Fv2%2Ftags&post=60289"}],"curies":[{"name":"wp","href":"https:\/\/api.w.org\/{rel}","templated":true}]}}