{"id":60405,"date":"2024-09-07T19:04:57","date_gmt":"2024-09-07T16:04:57","guid":{"rendered":"https:\/\/kibrisdakik.com\/index.php\/2024\/09\/07\/kiyameti-andiran-goruntuler-trabzondan-selale-az-kalsin-turistleri-yutuyordu\/"},"modified":"2024-09-07T19:04:57","modified_gmt":"2024-09-07T16:04:57","slug":"kiyameti-andiran-goruntuler-trabzondan-selale-az-kalsin-turistleri-yutuyordu","status":"publish","type":"post","link":"https:\/\/kibrisdakik.com\/?p=60405","title":{"rendered":"K\u0131yameti and\u0131ran g\u00f6r\u00fcnt\u00fcler Trabzon&#8217;dan! \u015eelale az kals\u0131n turistleri yutuyordu"},"content":{"rendered":"<p><\/p>\n<div id=\"\">\n<p>Trabzon&#8217;un D\u00fczk\u00f6y il\u00e7esinde sa\u011fanak etkili olan sa\u011fanak ya\u011f\u0131\u015f, \u00c7al Ma\u011faras\u0131&#8217;n\u0131n \u00fcst k\u0131sm\u0131ndaki \u015felalenin ta\u015fmas\u0131na neden oldu. Ma\u011fara giri\u015fi ta\u015fan suyla g\u00f6le d\u00f6nd\u00fc. O anlar cep telefonu kameras\u0131na yans\u0131rken, mahsur kalan turistler ekipler taraf\u0131ndan kurtar\u0131ld\u0131.<\/p>\n<p><img loading=\"lazy\" decoding=\"async\" class=\"hbptMainImage lazyload ImgDetay\" src=\"https:\/\/foto.haberler.com\/haber\/2024\/09\/07\/kiyameti-andiran-goruntuler-trabzon-dan-selale-17797530_6055_m.jpg\" alt=\"K\u0131yameti and\u0131ran g\u00f6r\u00fcnt\u00fcler Trabzon'dan! \u015eelale az kals\u0131n turistleri yutuyordu\" width=\"462\" height=\"834\"\/><\/p>\n<h3>\u015eELALE TA\u015eTI<\/h3>\n<p>\u0130l\u00e7ede ak\u015fam saatlerinde sa\u011fanak etkili oldu. Zaman zaman \u015fiddetini art\u0131ran ya\u011f\u0131\u015f sonras\u0131 b\u00f6lgedeki turizm merkezlerinden olan \u00c7al Ma\u011faras\u0131&#8217;n\u0131n \u00fcst k\u0131sm\u0131nda bulunan \u015felale, ta\u015ft\u0131. Ma\u011fara giri\u015finin ta\u015fan suyla g\u00f6le d\u00f6nd\u00fc\u011f\u00fc anlar kameraya yans\u0131rken, ya\u011f\u0131\u015f nedeniyle ma\u011fara tedbir ama\u00e7l\u0131 ziyaret\u00e7i giri\u015f-\u00e7\u0131k\u0131\u015f\u0131na kapat\u0131ld\u0131.<\/p>\n<p><img loading=\"lazy\" decoding=\"async\" class=\"hbptMainImage lazyload ImgDetay\" src=\"https:\/\/foto.haberler.com\/haber\/2024\/09\/07\/kiyameti-andiran-goruntuler-trabzon-dan-selale-17797530_3370_m.jpg\" alt=\"K\u0131yameti and\u0131ran g\u00f6r\u00fcnt\u00fcler Trabzon'dan! \u015eelale az kals\u0131n turistleri yutuyordu\" width=\"464\" height=\"802\"\/><\/p>\n<h3>MAHSUR KALAN TUR\u0130STLER KURTARILDI<\/h3>\n<p>Giri\u015fi suyla kaplanan ma\u011faradaki ziyaret\u00e7iler i\u00e7eride mahsur kal\u0131rken, b\u00f6lgeye gelen Trabzon B\u00fcy\u00fck\u015fehir Belediyesi ile AFAD ekipleri, meydana gelen sel ve su ta\u015fk\u0131nlar\u0131na m\u00fcdahalede bulundu. Ma\u011fara i\u00e7indeki ziyaret\u00e7iler bulunduklar\u0131 yerden al\u0131narak, g\u00fcvenli alana \u00e7\u0131kar\u0131ld\u0131.<\/p>\n<p><img loading=\"lazy\" decoding=\"async\" class=\"hbptMainImage lazyload ImgDetay\" src=\"https:\/\/foto.haberler.com\/haber\/2024\/09\/07\/kiyameti-andiran-goruntuler-trabzon-dan-selale-17797530_7725_m.jpg\" alt=\"K\u0131yameti and\u0131ran g\u00f6r\u00fcnt\u00fcler Trabzon'dan! \u015eelale az kals\u0131n turistleri yutuyordu\" width=\"496\" height=\"830\"\/><\/p>\n<h3>BELED\u0130YEDEN A\u00c7IKLAMA GELD\u0130<\/h3>\n<p>Trabzon B\u00fcy\u00fck\u015fehir Belediyesi&#8217;nden yap\u0131lan a\u00e7\u0131klamada, &#8220;\u00c7al Ma\u011faras\u0131&#8217;nda meydana gelen sel ve su ta\u015fk\u0131nlar\u0131n\u0131n ard\u0131ndan \u0130tfaiye ve AFAD ekiplerimiz b\u00f6lgeye y\u00f6nlendirilmi\u015ftir. Ekiplerimiz ba\u015far\u0131l\u0131 bir operasyonla vatanda\u015flar\u0131m\u0131z\u0131 g\u00fcvenli \u015fekilde bulunduklar\u0131 yerden \u00e7\u0131karm\u0131\u015ft\u0131r. Vatanda\u015flar\u0131m\u0131z\u0131n sa\u011fl\u0131k durumlar\u0131nda herhangi bir olumsuzluk yoktur. B\u00f6lgede ekiplerimizin \u00e7al\u0131\u015fmalar\u0131 s\u00fcr\u00fcyor. T\u00fcm vatanda\u015flar\u0131m\u0131za ge\u00e7mi\u015f olsun dileklerimizi iletiyoruz&#8221; denildi.<\/p>\n<figure class=\"type:primaryimage hbhOrder\" style=\"margin-bottom: 20px;\"><img loading=\"lazy\" decoding=\"async\" width=\"1202\" height=\"675\" class=\"hbptMainImage\" id=\"HaberImage\" src=\"https:\/\/foto.haberler.com\/resize\/601x337\/haber\/2024\/09\/07\/trabzon-da-saganak-nedeniyle-mahsur-kalan-17797530_130_amp.jpg\"\/><\/figure>\n<div class=\"editorSade\">Kaynak: Demir\u00f6ren Haber Ajans\u0131 \/  <a href=\"https:\/\/www.haberler.com\/guncel\/\" title=\"G\u00fcncel Haberleri\">G\u00fcncel<\/a> <\/div>\n<h4 id=\"nwsKeywords\"> <a href=\"https:\/\/www.haberler.com\/itfaiye\/\" title=\"\u0130tfaiye\" class=\"hbptTag\">\u0130tfaiye<\/a>  <a href=\"https:\/\/www.haberler.com\/trabzon\/\" title=\"trabzon\" class=\"hbptTag\">trabzon<\/a>  <a href=\"https:\/\/www.haberler.com\/duzkoy\/\" title=\"D\u00fczk\u00f6y\" class=\"hbptTag\">D\u00fczk\u00f6y<\/a>  <a href=\"https:\/\/www.haberler.com\/turizm\/\" title=\"Turizm\" class=\"hbptTag\">Turizm<\/a>  <a href=\"https:\/\/www.haberler.com\/guncel\/\" title=\"G\u00fcncel\" class=\"hbptTag\">G\u00fcncel<\/a>  <a href=\"https:\/\/www.haberler.com\/afad\/\" title=\"AFAD\" class=\"hbptTag\">AFAD<\/a>  <a href=\"https:\/\/www.haberler.com\/cal\/\" title=\"\u00c7al\" class=\"hbptTag\">\u00c7al<\/a> <\/h4>\n<\/div>\n","protected":false},"excerpt":{"rendered":"<p>Trabzon&#8217;un D\u00fczk\u00f6y il\u00e7esinde sa\u011fanak etkili olan sa\u011fanak ya\u011f\u0131\u015f, \u00c7al Ma\u011faras\u0131&#8217;n\u0131n \u00fcst k\u0131sm\u0131ndaki \u015felalenin ta\u015fmas\u0131na neden oldu. Ma\u011fara giri\u015fi ta\u015fan suyla g\u00f6le d\u00f6nd\u00fc. O anlar cep telefonu kameras\u0131na yans\u0131rken, mahsur kalan turistler ekipler taraf\u0131ndan kurtar\u0131ld\u0131. \u015eELALE TA\u015eTI \u0130l\u00e7ede ak\u015fam saatlerinde sa\u011fanak etkili oldu. Zaman zaman \u015fiddetini art\u0131ran ya\u011f\u0131\u015f sonras\u0131 b\u00f6lgedeki turizm merkezlerinden olan \u00c7al Ma\u011faras\u0131&#8217;n\u0131n \u00fcst<\/p>\n","protected":false},"author":1,"featured_media":60406,"comment_status":"open","ping_status":"open","sticky":false,"template":"","format":"standard","meta":{"footnotes":""},"categories":[83],"tags":[],"class_list":["post-60405","post","type-post","status-publish","format-standard","has-post-thumbnail","hentry","category-magazin"],"yoast_head":"<!-- This site is optimized with the Yoast SEO plugin v27.4 - https:\/\/yoast.com\/product\/yoast-seo-wordpress\/ -->\n<title>K\u0131yameti and\u0131ran g\u00f6r\u00fcnt\u00fcler Trabzon&#039;dan! \u015eelale az kals\u0131n turistleri yutuyordu -<\/title>\n<meta name=\"robots\" content=\"index, follow, max-snippet:-1, max-image-preview:large, max-video-preview:-1\" \/>\n<link rel=\"canonical\" href=\"https:\/\/kibrisdakik.com\/?p=60405\" \/>\n<meta property=\"og:locale\" content=\"tr_TR\" \/>\n<meta property=\"og:type\" content=\"article\" \/>\n<meta property=\"og:title\" content=\"K\u0131yameti and\u0131ran g\u00f6r\u00fcnt\u00fcler Trabzon&#039;dan! \u015eelale az kals\u0131n turistleri yutuyordu -\" \/>\n<meta property=\"og:description\" content=\"Trabzon&#8217;un D\u00fczk\u00f6y il\u00e7esinde sa\u011fanak etkili olan sa\u011fanak ya\u011f\u0131\u015f, \u00c7al Ma\u011faras\u0131&#8217;n\u0131n \u00fcst k\u0131sm\u0131ndaki \u015felalenin ta\u015fmas\u0131na neden oldu. Ma\u011fara giri\u015fi ta\u015fan suyla g\u00f6le d\u00f6nd\u00fc. O anlar cep telefonu kameras\u0131na yans\u0131rken, mahsur kalan turistler ekipler taraf\u0131ndan kurtar\u0131ld\u0131. \u015eELALE TA\u015eTI \u0130l\u00e7ede ak\u015fam saatlerinde sa\u011fanak etkili oldu. Zaman zaman \u015fiddetini art\u0131ran ya\u011f\u0131\u015f sonras\u0131 b\u00f6lgedeki turizm merkezlerinden olan \u00c7al Ma\u011faras\u0131&#8217;n\u0131n \u00fcst\" \/>\n<meta property=\"og:url\" content=\"https:\/\/kibrisdakik.com\/?p=60405\" \/>\n<meta property=\"article:published_time\" content=\"2024-09-07T16:04:57+00:00\" \/>\n<meta property=\"og:image\" content=\"https:\/\/kibrisdakik.com\/wp-content\/uploads\/2024\/09\/kiyameti-andiran-goruntuler-trabzon-dan-selale-17797530_6055_m-462x420.jpg\" \/>\n\t<meta property=\"og:image:width\" content=\"462\" \/>\n\t<meta property=\"og:image:height\" content=\"834\" \/>\n\t<meta property=\"og:image:type\" content=\"image\/jpeg\" \/>\n<meta name=\"author\" content=\"admin\" \/>\n<meta name=\"twitter:card\" content=\"summary_large_image\" \/>\n<meta name=\"twitter:label1\" content=\"Yazan:\" \/>\n\t<meta name=\"twitter:data1\" content=\"admin\" \/>\n\t<meta name=\"twitter:label2\" content=\"Tahmini okuma s\u00fcresi\" \/>\n\t<meta name=\"twitter:data2\" content=\"1 dakika\" \/>\n<script type=\"application\/ld+json\" class=\"yoast-schema-graph\">{\"@context\":\"https:\\\/\\\/schema.org\",\"@graph\":[{\"@type\":\"Article\",\"@id\":\"https:\\\/\\\/kibrisdakik.com\\\/?p=60405#article\",\"isPartOf\":{\"@id\":\"https:\\\/\\\/kibrisdakik.com\\\/?p=60405\"},\"author\":{\"name\":\"admin\",\"@id\":\"https:\\\/\\\/kibrisdakik.com\\\/#\\\/schema\\\/person\\\/9cd9d437bbb44f72b73ba127e06d8e79\"},\"headline\":\"K\u0131yameti and\u0131ran g\u00f6r\u00fcnt\u00fcler Trabzon&#8217;dan! \u015eelale az kals\u0131n turistleri yutuyordu\",\"datePublished\":\"2024-09-07T16:04:57+00:00\",\"mainEntityOfPage\":{\"@id\":\"https:\\\/\\\/kibrisdakik.com\\\/?p=60405\"},\"wordCount\":303,\"commentCount\":0,\"image\":{\"@id\":\"https:\\\/\\\/kibrisdakik.com\\\/?p=60405#primaryimage\"},\"thumbnailUrl\":\"https:\\\/\\\/kibrisdakik.com\\\/wp-content\\\/uploads\\\/2024\\\/09\\\/kiyameti-andiran-goruntuler-trabzon-dan-selale-17797530_6055_m-462x420.jpg\",\"articleSection\":[\"Magazin\"],\"inLanguage\":\"tr\",\"potentialAction\":[{\"@type\":\"CommentAction\",\"name\":\"Comment\",\"target\":[\"https:\\\/\\\/kibrisdakik.com\\\/?p=60405#respond\"]}]},{\"@type\":\"WebPage\",\"@id\":\"https:\\\/\\\/kibrisdakik.com\\\/?p=60405\",\"url\":\"https:\\\/\\\/kibrisdakik.com\\\/?p=60405\",\"name\":\"K\u0131yameti and\u0131ran g\u00f6r\u00fcnt\u00fcler Trabzon'dan! \u015eelale az kals\u0131n turistleri yutuyordu -\",\"isPartOf\":{\"@id\":\"https:\\\/\\\/kibrisdakik.com\\\/#website\"},\"primaryImageOfPage\":{\"@id\":\"https:\\\/\\\/kibrisdakik.com\\\/?p=60405#primaryimage\"},\"image\":{\"@id\":\"https:\\\/\\\/kibrisdakik.com\\\/?p=60405#primaryimage\"},\"thumbnailUrl\":\"https:\\\/\\\/kibrisdakik.com\\\/wp-content\\\/uploads\\\/2024\\\/09\\\/kiyameti-andiran-goruntuler-trabzon-dan-selale-17797530_6055_m-462x420.jpg\",\"datePublished\":\"2024-09-07T16:04:57+00:00\",\"author\":{\"@id\":\"https:\\\/\\\/kibrisdakik.com\\\/#\\\/schema\\\/person\\\/9cd9d437bbb44f72b73ba127e06d8e79\"},\"breadcrumb\":{\"@id\":\"https:\\\/\\\/kibrisdakik.com\\\/?p=60405#breadcrumb\"},\"inLanguage\":\"tr\",\"potentialAction\":[{\"@type\":\"ReadAction\",\"target\":[\"https:\\\/\\\/kibrisdakik.com\\\/?p=60405\"]}]},{\"@type\":\"ImageObject\",\"inLanguage\":\"tr\",\"@id\":\"https:\\\/\\\/kibrisdakik.com\\\/?p=60405#primaryimage\",\"url\":\"https:\\\/\\\/kibrisdakik.com\\\/wp-content\\\/uploads\\\/2024\\\/09\\\/kiyameti-andiran-goruntuler-trabzon-dan-selale-17797530_6055_m-462x420.jpg\",\"contentUrl\":\"https:\\\/\\\/kibrisdakik.com\\\/wp-content\\\/uploads\\\/2024\\\/09\\\/kiyameti-andiran-goruntuler-trabzon-dan-selale-17797530_6055_m-462x420.jpg\",\"width\":462,\"height\":834},{\"@type\":\"BreadcrumbList\",\"@id\":\"https:\\\/\\\/kibrisdakik.com\\\/?p=60405#breadcrumb\",\"itemListElement\":[{\"@type\":\"ListItem\",\"position\":1,\"name\":\"Home\",\"item\":\"https:\\\/\\\/kibrisdakik.com\\\/\"},{\"@type\":\"ListItem\",\"position\":2,\"name\":\"K\u0131yameti and\u0131ran g\u00f6r\u00fcnt\u00fcler Trabzon&#8217;dan! \u015eelale az kals\u0131n turistleri yutuyordu\"}]},{\"@type\":\"WebSite\",\"@id\":\"https:\\\/\\\/kibrisdakik.com\\\/#website\",\"url\":\"https:\\\/\\\/kibrisdakik.com\\\/\",\"name\":\"\",\"description\":\"Tam vaktinde haber\",\"potentialAction\":[{\"@type\":\"SearchAction\",\"target\":{\"@type\":\"EntryPoint\",\"urlTemplate\":\"https:\\\/\\\/kibrisdakik.com\\\/?s={search_term_string}\"},\"query-input\":{\"@type\":\"PropertyValueSpecification\",\"valueRequired\":true,\"valueName\":\"search_term_string\"}}],\"inLanguage\":\"tr\"},{\"@type\":\"Person\",\"@id\":\"https:\\\/\\\/kibrisdakik.com\\\/#\\\/schema\\\/person\\\/9cd9d437bbb44f72b73ba127e06d8e79\",\"name\":\"admin\",\"image\":{\"@type\":\"ImageObject\",\"inLanguage\":\"tr\",\"@id\":\"https:\\\/\\\/secure.gravatar.com\\\/avatar\\\/ccc17943b9d660506c869530f897617f7cb1c21a4bf30023f252596d83e1f007?s=96&d=mm&r=g\",\"url\":\"https:\\\/\\\/secure.gravatar.com\\\/avatar\\\/ccc17943b9d660506c869530f897617f7cb1c21a4bf30023f252596d83e1f007?s=96&d=mm&r=g\",\"contentUrl\":\"https:\\\/\\\/secure.gravatar.com\\\/avatar\\\/ccc17943b9d660506c869530f897617f7cb1c21a4bf30023f252596d83e1f007?s=96&d=mm&r=g\",\"caption\":\"admin\"},\"sameAs\":[\"https:\\\/\\\/kibrisdakik.com\"],\"url\":\"https:\\\/\\\/kibrisdakik.com\\\/?author=1\"}]}<\/script>\n<!-- \/ Yoast SEO plugin. -->","yoast_head_json":{"title":"K\u0131yameti and\u0131ran g\u00f6r\u00fcnt\u00fcler Trabzon'dan! \u015eelale az kals\u0131n turistleri yutuyordu -","robots":{"index":"index","follow":"follow","max-snippet":"max-snippet:-1","max-image-preview":"max-image-preview:large","max-video-preview":"max-video-preview:-1"},"canonical":"https:\/\/kibrisdakik.com\/?p=60405","og_locale":"tr_TR","og_type":"article","og_title":"K\u0131yameti and\u0131ran g\u00f6r\u00fcnt\u00fcler Trabzon'dan! \u015eelale az kals\u0131n turistleri yutuyordu -","og_description":"Trabzon&#8217;un D\u00fczk\u00f6y il\u00e7esinde sa\u011fanak etkili olan sa\u011fanak ya\u011f\u0131\u015f, \u00c7al Ma\u011faras\u0131&#8217;n\u0131n \u00fcst k\u0131sm\u0131ndaki \u015felalenin ta\u015fmas\u0131na neden oldu. Ma\u011fara giri\u015fi ta\u015fan suyla g\u00f6le d\u00f6nd\u00fc. O anlar cep telefonu kameras\u0131na yans\u0131rken, mahsur kalan turistler ekipler taraf\u0131ndan kurtar\u0131ld\u0131. \u015eELALE TA\u015eTI \u0130l\u00e7ede ak\u015fam saatlerinde sa\u011fanak etkili oldu. Zaman zaman \u015fiddetini art\u0131ran ya\u011f\u0131\u015f sonras\u0131 b\u00f6lgedeki turizm merkezlerinden olan \u00c7al Ma\u011faras\u0131&#8217;n\u0131n \u00fcst","og_url":"https:\/\/kibrisdakik.com\/?p=60405","article_published_time":"2024-09-07T16:04:57+00:00","og_image":[{"width":462,"height":834,"url":"https:\/\/kibrisdakik.com\/wp-content\/uploads\/2024\/09\/kiyameti-andiran-goruntuler-trabzon-dan-selale-17797530_6055_m-462x420.jpg","type":"image\/jpeg"}],"author":"admin","twitter_card":"summary_large_image","twitter_misc":{"Yazan:":"admin","Tahmini okuma s\u00fcresi":"1 dakika"},"schema":{"@context":"https:\/\/schema.org","@graph":[{"@type":"Article","@id":"https:\/\/kibrisdakik.com\/?p=60405#article","isPartOf":{"@id":"https:\/\/kibrisdakik.com\/?p=60405"},"author":{"name":"admin","@id":"https:\/\/kibrisdakik.com\/#\/schema\/person\/9cd9d437bbb44f72b73ba127e06d8e79"},"headline":"K\u0131yameti and\u0131ran g\u00f6r\u00fcnt\u00fcler Trabzon&#8217;dan! \u015eelale az kals\u0131n turistleri yutuyordu","datePublished":"2024-09-07T16:04:57+00:00","mainEntityOfPage":{"@id":"https:\/\/kibrisdakik.com\/?p=60405"},"wordCount":303,"commentCount":0,"image":{"@id":"https:\/\/kibrisdakik.com\/?p=60405#primaryimage"},"thumbnailUrl":"https:\/\/kibrisdakik.com\/wp-content\/uploads\/2024\/09\/kiyameti-andiran-goruntuler-trabzon-dan-selale-17797530_6055_m-462x420.jpg","articleSection":["Magazin"],"inLanguage":"tr","potentialAction":[{"@type":"CommentAction","name":"Comment","target":["https:\/\/kibrisdakik.com\/?p=60405#respond"]}]},{"@type":"WebPage","@id":"https:\/\/kibrisdakik.com\/?p=60405","url":"https:\/\/kibrisdakik.com\/?p=60405","name":"K\u0131yameti and\u0131ran g\u00f6r\u00fcnt\u00fcler Trabzon'dan! \u015eelale az kals\u0131n turistleri yutuyordu -","isPartOf":{"@id":"https:\/\/kibrisdakik.com\/#website"},"primaryImageOfPage":{"@id":"https:\/\/kibrisdakik.com\/?p=60405#primaryimage"},"image":{"@id":"https:\/\/kibrisdakik.com\/?p=60405#primaryimage"},"thumbnailUrl":"https:\/\/kibrisdakik.com\/wp-content\/uploads\/2024\/09\/kiyameti-andiran-goruntuler-trabzon-dan-selale-17797530_6055_m-462x420.jpg","datePublished":"2024-09-07T16:04:57+00:00","author":{"@id":"https:\/\/kibrisdakik.com\/#\/schema\/person\/9cd9d437bbb44f72b73ba127e06d8e79"},"breadcrumb":{"@id":"https:\/\/kibrisdakik.com\/?p=60405#breadcrumb"},"inLanguage":"tr","potentialAction":[{"@type":"ReadAction","target":["https:\/\/kibrisdakik.com\/?p=60405"]}]},{"@type":"ImageObject","inLanguage":"tr","@id":"https:\/\/kibrisdakik.com\/?p=60405#primaryimage","url":"https:\/\/kibrisdakik.com\/wp-content\/uploads\/2024\/09\/kiyameti-andiran-goruntuler-trabzon-dan-selale-17797530_6055_m-462x420.jpg","contentUrl":"https:\/\/kibrisdakik.com\/wp-content\/uploads\/2024\/09\/kiyameti-andiran-goruntuler-trabzon-dan-selale-17797530_6055_m-462x420.jpg","width":462,"height":834},{"@type":"BreadcrumbList","@id":"https:\/\/kibrisdakik.com\/?p=60405#breadcrumb","itemListElement":[{"@type":"ListItem","position":1,"name":"Home","item":"https:\/\/kibrisdakik.com\/"},{"@type":"ListItem","position":2,"name":"K\u0131yameti and\u0131ran g\u00f6r\u00fcnt\u00fcler Trabzon&#8217;dan! \u015eelale az kals\u0131n turistleri yutuyordu"}]},{"@type":"WebSite","@id":"https:\/\/kibrisdakik.com\/#website","url":"https:\/\/kibrisdakik.com\/","name":"","description":"Tam vaktinde haber","potentialAction":[{"@type":"SearchAction","target":{"@type":"EntryPoint","urlTemplate":"https:\/\/kibrisdakik.com\/?s={search_term_string}"},"query-input":{"@type":"PropertyValueSpecification","valueRequired":true,"valueName":"search_term_string"}}],"inLanguage":"tr"},{"@type":"Person","@id":"https:\/\/kibrisdakik.com\/#\/schema\/person\/9cd9d437bbb44f72b73ba127e06d8e79","name":"admin","image":{"@type":"ImageObject","inLanguage":"tr","@id":"https:\/\/secure.gravatar.com\/avatar\/ccc17943b9d660506c869530f897617f7cb1c21a4bf30023f252596d83e1f007?s=96&d=mm&r=g","url":"https:\/\/secure.gravatar.com\/avatar\/ccc17943b9d660506c869530f897617f7cb1c21a4bf30023f252596d83e1f007?s=96&d=mm&r=g","contentUrl":"https:\/\/secure.gravatar.com\/avatar\/ccc17943b9d660506c869530f897617f7cb1c21a4bf30023f252596d83e1f007?s=96&d=mm&r=g","caption":"admin"},"sameAs":["https:\/\/kibrisdakik.com"],"url":"https:\/\/kibrisdakik.com\/?author=1"}]}},"_links":{"self":[{"href":"https:\/\/kibrisdakik.com\/index.php?rest_route=\/wp\/v2\/posts\/60405","targetHints":{"allow":["GET"]}}],"collection":[{"href":"https:\/\/kibrisdakik.com\/index.php?rest_route=\/wp\/v2\/posts"}],"about":[{"href":"https:\/\/kibrisdakik.com\/index.php?rest_route=\/wp\/v2\/types\/post"}],"author":[{"embeddable":true,"href":"https:\/\/kibrisdakik.com\/index.php?rest_route=\/wp\/v2\/users\/1"}],"replies":[{"embeddable":true,"href":"https:\/\/kibrisdakik.com\/index.php?rest_route=%2Fwp%2Fv2%2Fcomments&post=60405"}],"version-history":[{"count":0,"href":"https:\/\/kibrisdakik.com\/index.php?rest_route=\/wp\/v2\/posts\/60405\/revisions"}],"wp:featuredmedia":[{"embeddable":true,"href":"https:\/\/kibrisdakik.com\/index.php?rest_route=\/wp\/v2\/media\/60406"}],"wp:attachment":[{"href":"https:\/\/kibrisdakik.com\/index.php?rest_route=%2Fwp%2Fv2%2Fmedia&parent=60405"}],"wp:term":[{"taxonomy":"category","embeddable":true,"href":"https:\/\/kibrisdakik.com\/index.php?rest_route=%2Fwp%2Fv2%2Fcategories&post=60405"},{"taxonomy":"post_tag","embeddable":true,"href":"https:\/\/kibrisdakik.com\/index.php?rest_route=%2Fwp%2Fv2%2Ftags&post=60405"}],"curies":[{"name":"wp","href":"https:\/\/api.w.org\/{rel}","templated":true}]}}