{"id":60421,"date":"2024-09-07T23:59:45","date_gmt":"2024-09-07T20:59:45","guid":{"rendered":"https:\/\/kibrisdakik.com\/index.php\/2024\/09\/07\/olumden-donen-cubbeli-isim-verdi-bu-olay-onun-tezahurudur\/"},"modified":"2024-09-07T23:59:45","modified_gmt":"2024-09-07T20:59:45","slug":"olumden-donen-cubbeli-isim-verdi-bu-olay-onun-tezahurudur","status":"publish","type":"post","link":"https:\/\/kibrisdakik.com\/?p=60421","title":{"rendered":"\u00d6l\u00fcmden d\u00f6nen C\u00fcbbeli isim verdi: Bu olay onun tezah\u00fcr\u00fcd\u00fcr"},"content":{"rendered":"<p><img decoding=\"async\" src=\"https:\/\/foto.haberler.com\/haber\/2024\/09\/08\/olumden-donen-cubbeli-isim-verdi-bu-olay-onun-17798251_7868_amp.jpg\" \/><\/p>\n<div id=\"\">\n<p>Kamuoyunda C\u00fcbbeli Ahmet Hoca olarak tan\u0131nan  <a class=\"keyword\" href=\"https:\/\/www.haberler.com\/ahmet-mahmut-unlu\/\" title=\"Ahmet Mahmut \u00dcnl\u00fc Haberleri, Ahmet Mahmut \u00dcnl\u00fc Haberi, Ahmet Mahmut \u00dcnl\u00fc Haber\"><strong>Ahmet Mahmut \u00dcnl\u00fc<\/strong><\/a>, \u0130stanbul&#8217;da bir sohbet \u00e7\u0131k\u0131\u015f\u0131 sald\u0131r\u0131ya u\u011frad\u0131. Kalabal\u0131\u011f\u0131n aras\u0131ndan h\u0131zla yakla\u015fan bir ki\u015fi, \u00dcnl\u00fc&#8217;n\u00fcn bo\u011faz\u0131na sar\u0131l\u0131p k\u00fcfretti. Korumalar sald\u0131rgan\u0131 an\u0131nda etkisiz hale getirip ihbar \u00fczerine olay yerine gelen polis ekiplerine teslim etti.<\/p>\n<p>Olayla ilgili Ahmet Mahmut \u00dcnl\u00fc&#8217;den a\u00e7\u0131klama geldi. \u00dcnl\u00fc&#8217;n\u00fcn sosyal medya hesab\u0131ndan yap\u0131lan a\u00e7\u0131klamada, ter\u00f6r \u00f6rg\u00fct\u00fc DEA\u015e i\u015faret edildi. A\u00e7\u0131klamada \u015fu ifadelere yer verildi: &#8220;C\u00fcbbeli Ahmet Hoca, zaten \u0130\u015e\u0130D&#8217;in Telegram kanal\u0131nda 2 ay evvel bu foto\u011fraf payla\u015f\u0131larak nerede bulursan\u0131z &#8220;\u00f6ld\u00fcr&#8221; tehdidine maruz kalm\u0131\u015ft\u0131. Bu olay da onu tezah\u00fcr\u00fc olabilir. \u015eu anda Emniyet Birimleri i\u015fi derinlemesine ara\u015ft\u0131r\u0131yor. Bir bilgi olursa payla\u015f\u0131lacakt\u0131r.<\/p>\n<h4 id=\"nwsKeywords\"> <a href=\"https:\/\/www.haberler.com\/cubbeli-ahmet-hoca\/\" title=\"C\u00fcbbeli Ahmet Hoca\" class=\"hbptTag\">C\u00fcbbeli Ahmet Hoca<\/a>  <a href=\"https:\/\/www.haberler.com\/ahmet-mahmut-unlu\/\" title=\"Ahmet Mahmut \u00dcnl\u00fc\" class=\"hbptTag\">Ahmet Mahmut \u00dcnl\u00fc<\/a> <\/h4>\n<\/div>\n","protected":false},"excerpt":{"rendered":"<p>Kamuoyunda C\u00fcbbeli Ahmet Hoca olarak tan\u0131nan Ahmet Mahmut \u00dcnl\u00fc, \u0130stanbul&#8217;da bir sohbet \u00e7\u0131k\u0131\u015f\u0131 sald\u0131r\u0131ya u\u011frad\u0131. Kalabal\u0131\u011f\u0131n aras\u0131ndan h\u0131zla yakla\u015fan bir ki\u015fi, \u00dcnl\u00fc&#8217;n\u00fcn bo\u011faz\u0131na sar\u0131l\u0131p k\u00fcfretti. Korumalar sald\u0131rgan\u0131 an\u0131nda etkisiz hale getirip ihbar \u00fczerine olay yerine gelen polis ekiplerine teslim etti. Olayla ilgili Ahmet Mahmut \u00dcnl\u00fc&#8217;den a\u00e7\u0131klama geldi. \u00dcnl\u00fc&#8217;n\u00fcn sosyal medya hesab\u0131ndan yap\u0131lan a\u00e7\u0131klamada, ter\u00f6r \u00f6rg\u00fct\u00fc<\/p>\n","protected":false},"author":1,"featured_media":60422,"comment_status":"open","ping_status":"open","sticky":false,"template":"","format":"standard","meta":{"footnotes":""},"categories":[83],"tags":[],"class_list":["post-60421","post","type-post","status-publish","format-standard","has-post-thumbnail","hentry","category-magazin"],"yoast_head":"<!-- This site is optimized with the Yoast SEO plugin v27.4 - https:\/\/yoast.com\/product\/yoast-seo-wordpress\/ -->\n<title>\u00d6l\u00fcmden d\u00f6nen C\u00fcbbeli isim verdi: Bu olay onun tezah\u00fcr\u00fcd\u00fcr -<\/title>\n<meta name=\"robots\" content=\"index, follow, max-snippet:-1, max-image-preview:large, max-video-preview:-1\" \/>\n<link rel=\"canonical\" href=\"https:\/\/kibrisdakik.com\/?p=60421\" \/>\n<meta property=\"og:locale\" content=\"tr_TR\" \/>\n<meta property=\"og:type\" content=\"article\" \/>\n<meta property=\"og:title\" content=\"\u00d6l\u00fcmden d\u00f6nen C\u00fcbbeli isim verdi: Bu olay onun tezah\u00fcr\u00fcd\u00fcr -\" \/>\n<meta property=\"og:description\" content=\"Kamuoyunda C\u00fcbbeli Ahmet Hoca olarak tan\u0131nan Ahmet Mahmut \u00dcnl\u00fc, \u0130stanbul&#8217;da bir sohbet \u00e7\u0131k\u0131\u015f\u0131 sald\u0131r\u0131ya u\u011frad\u0131. Kalabal\u0131\u011f\u0131n aras\u0131ndan h\u0131zla yakla\u015fan bir ki\u015fi, \u00dcnl\u00fc&#8217;n\u00fcn bo\u011faz\u0131na sar\u0131l\u0131p k\u00fcfretti. Korumalar sald\u0131rgan\u0131 an\u0131nda etkisiz hale getirip ihbar \u00fczerine olay yerine gelen polis ekiplerine teslim etti. Olayla ilgili Ahmet Mahmut \u00dcnl\u00fc&#8217;den a\u00e7\u0131klama geldi. \u00dcnl\u00fc&#8217;n\u00fcn sosyal medya hesab\u0131ndan yap\u0131lan a\u00e7\u0131klamada, ter\u00f6r \u00f6rg\u00fct\u00fc\" \/>\n<meta property=\"og:url\" content=\"https:\/\/kibrisdakik.com\/?p=60421\" \/>\n<meta property=\"article:published_time\" content=\"2024-09-07T20:59:45+00:00\" \/>\n<meta property=\"og:image\" content=\"https:\/\/kibrisdakik.com\/wp-content\/uploads\/2024\/09\/olumden-donen-cubbeli-isim-verdi-bu-olay-onun-17798251_7868_amp.jpg\" \/>\n\t<meta property=\"og:image:width\" content=\"1200\" \/>\n\t<meta property=\"og:image:height\" content=\"685\" \/>\n\t<meta property=\"og:image:type\" content=\"image\/jpeg\" \/>\n<meta name=\"author\" content=\"admin\" \/>\n<meta name=\"twitter:card\" content=\"summary_large_image\" \/>\n<meta name=\"twitter:label1\" content=\"Yazan:\" \/>\n\t<meta name=\"twitter:data1\" content=\"admin\" \/>\n\t<meta name=\"twitter:label2\" content=\"Tahmini okuma s\u00fcresi\" \/>\n\t<meta name=\"twitter:data2\" content=\"1 dakika\" \/>\n<script type=\"application\/ld+json\" class=\"yoast-schema-graph\">{\"@context\":\"https:\\\/\\\/schema.org\",\"@graph\":[{\"@type\":\"Article\",\"@id\":\"https:\\\/\\\/kibrisdakik.com\\\/?p=60421#article\",\"isPartOf\":{\"@id\":\"https:\\\/\\\/kibrisdakik.com\\\/?p=60421\"},\"author\":{\"name\":\"admin\",\"@id\":\"https:\\\/\\\/kibrisdakik.com\\\/#\\\/schema\\\/person\\\/9cd9d437bbb44f72b73ba127e06d8e79\"},\"headline\":\"\u00d6l\u00fcmden d\u00f6nen C\u00fcbbeli isim verdi: Bu olay onun tezah\u00fcr\u00fcd\u00fcr\",\"datePublished\":\"2024-09-07T20:59:45+00:00\",\"mainEntityOfPage\":{\"@id\":\"https:\\\/\\\/kibrisdakik.com\\\/?p=60421\"},\"wordCount\":164,\"commentCount\":0,\"image\":{\"@id\":\"https:\\\/\\\/kibrisdakik.com\\\/?p=60421#primaryimage\"},\"thumbnailUrl\":\"https:\\\/\\\/kibrisdakik.com\\\/wp-content\\\/uploads\\\/2024\\\/09\\\/olumden-donen-cubbeli-isim-verdi-bu-olay-onun-17798251_7868_amp.jpg\",\"articleSection\":[\"Magazin\"],\"inLanguage\":\"tr\",\"potentialAction\":[{\"@type\":\"CommentAction\",\"name\":\"Comment\",\"target\":[\"https:\\\/\\\/kibrisdakik.com\\\/?p=60421#respond\"]}]},{\"@type\":\"WebPage\",\"@id\":\"https:\\\/\\\/kibrisdakik.com\\\/?p=60421\",\"url\":\"https:\\\/\\\/kibrisdakik.com\\\/?p=60421\",\"name\":\"\u00d6l\u00fcmden d\u00f6nen C\u00fcbbeli isim verdi: Bu olay onun tezah\u00fcr\u00fcd\u00fcr -\",\"isPartOf\":{\"@id\":\"https:\\\/\\\/kibrisdakik.com\\\/#website\"},\"primaryImageOfPage\":{\"@id\":\"https:\\\/\\\/kibrisdakik.com\\\/?p=60421#primaryimage\"},\"image\":{\"@id\":\"https:\\\/\\\/kibrisdakik.com\\\/?p=60421#primaryimage\"},\"thumbnailUrl\":\"https:\\\/\\\/kibrisdakik.com\\\/wp-content\\\/uploads\\\/2024\\\/09\\\/olumden-donen-cubbeli-isim-verdi-bu-olay-onun-17798251_7868_amp.jpg\",\"datePublished\":\"2024-09-07T20:59:45+00:00\",\"author\":{\"@id\":\"https:\\\/\\\/kibrisdakik.com\\\/#\\\/schema\\\/person\\\/9cd9d437bbb44f72b73ba127e06d8e79\"},\"breadcrumb\":{\"@id\":\"https:\\\/\\\/kibrisdakik.com\\\/?p=60421#breadcrumb\"},\"inLanguage\":\"tr\",\"potentialAction\":[{\"@type\":\"ReadAction\",\"target\":[\"https:\\\/\\\/kibrisdakik.com\\\/?p=60421\"]}]},{\"@type\":\"ImageObject\",\"inLanguage\":\"tr\",\"@id\":\"https:\\\/\\\/kibrisdakik.com\\\/?p=60421#primaryimage\",\"url\":\"https:\\\/\\\/kibrisdakik.com\\\/wp-content\\\/uploads\\\/2024\\\/09\\\/olumden-donen-cubbeli-isim-verdi-bu-olay-onun-17798251_7868_amp.jpg\",\"contentUrl\":\"https:\\\/\\\/kibrisdakik.com\\\/wp-content\\\/uploads\\\/2024\\\/09\\\/olumden-donen-cubbeli-isim-verdi-bu-olay-onun-17798251_7868_amp.jpg\",\"width\":1200,\"height\":685},{\"@type\":\"BreadcrumbList\",\"@id\":\"https:\\\/\\\/kibrisdakik.com\\\/?p=60421#breadcrumb\",\"itemListElement\":[{\"@type\":\"ListItem\",\"position\":1,\"name\":\"Home\",\"item\":\"https:\\\/\\\/kibrisdakik.com\\\/\"},{\"@type\":\"ListItem\",\"position\":2,\"name\":\"\u00d6l\u00fcmden d\u00f6nen C\u00fcbbeli isim verdi: Bu olay onun tezah\u00fcr\u00fcd\u00fcr\"}]},{\"@type\":\"WebSite\",\"@id\":\"https:\\\/\\\/kibrisdakik.com\\\/#website\",\"url\":\"https:\\\/\\\/kibrisdakik.com\\\/\",\"name\":\"\",\"description\":\"Tam vaktinde haber\",\"potentialAction\":[{\"@type\":\"SearchAction\",\"target\":{\"@type\":\"EntryPoint\",\"urlTemplate\":\"https:\\\/\\\/kibrisdakik.com\\\/?s={search_term_string}\"},\"query-input\":{\"@type\":\"PropertyValueSpecification\",\"valueRequired\":true,\"valueName\":\"search_term_string\"}}],\"inLanguage\":\"tr\"},{\"@type\":\"Person\",\"@id\":\"https:\\\/\\\/kibrisdakik.com\\\/#\\\/schema\\\/person\\\/9cd9d437bbb44f72b73ba127e06d8e79\",\"name\":\"admin\",\"image\":{\"@type\":\"ImageObject\",\"inLanguage\":\"tr\",\"@id\":\"https:\\\/\\\/secure.gravatar.com\\\/avatar\\\/ccc17943b9d660506c869530f897617f7cb1c21a4bf30023f252596d83e1f007?s=96&d=mm&r=g\",\"url\":\"https:\\\/\\\/secure.gravatar.com\\\/avatar\\\/ccc17943b9d660506c869530f897617f7cb1c21a4bf30023f252596d83e1f007?s=96&d=mm&r=g\",\"contentUrl\":\"https:\\\/\\\/secure.gravatar.com\\\/avatar\\\/ccc17943b9d660506c869530f897617f7cb1c21a4bf30023f252596d83e1f007?s=96&d=mm&r=g\",\"caption\":\"admin\"},\"sameAs\":[\"https:\\\/\\\/kibrisdakik.com\"],\"url\":\"https:\\\/\\\/kibrisdakik.com\\\/?author=1\"}]}<\/script>\n<!-- \/ Yoast SEO plugin. -->","yoast_head_json":{"title":"\u00d6l\u00fcmden d\u00f6nen C\u00fcbbeli isim verdi: Bu olay onun tezah\u00fcr\u00fcd\u00fcr -","robots":{"index":"index","follow":"follow","max-snippet":"max-snippet:-1","max-image-preview":"max-image-preview:large","max-video-preview":"max-video-preview:-1"},"canonical":"https:\/\/kibrisdakik.com\/?p=60421","og_locale":"tr_TR","og_type":"article","og_title":"\u00d6l\u00fcmden d\u00f6nen C\u00fcbbeli isim verdi: Bu olay onun tezah\u00fcr\u00fcd\u00fcr -","og_description":"Kamuoyunda C\u00fcbbeli Ahmet Hoca olarak tan\u0131nan Ahmet Mahmut \u00dcnl\u00fc, \u0130stanbul&#8217;da bir sohbet \u00e7\u0131k\u0131\u015f\u0131 sald\u0131r\u0131ya u\u011frad\u0131. Kalabal\u0131\u011f\u0131n aras\u0131ndan h\u0131zla yakla\u015fan bir ki\u015fi, \u00dcnl\u00fc&#8217;n\u00fcn bo\u011faz\u0131na sar\u0131l\u0131p k\u00fcfretti. Korumalar sald\u0131rgan\u0131 an\u0131nda etkisiz hale getirip ihbar \u00fczerine olay yerine gelen polis ekiplerine teslim etti. Olayla ilgili Ahmet Mahmut \u00dcnl\u00fc&#8217;den a\u00e7\u0131klama geldi. \u00dcnl\u00fc&#8217;n\u00fcn sosyal medya hesab\u0131ndan yap\u0131lan a\u00e7\u0131klamada, ter\u00f6r \u00f6rg\u00fct\u00fc","og_url":"https:\/\/kibrisdakik.com\/?p=60421","article_published_time":"2024-09-07T20:59:45+00:00","og_image":[{"width":1200,"height":685,"url":"https:\/\/kibrisdakik.com\/wp-content\/uploads\/2024\/09\/olumden-donen-cubbeli-isim-verdi-bu-olay-onun-17798251_7868_amp.jpg","type":"image\/jpeg"}],"author":"admin","twitter_card":"summary_large_image","twitter_misc":{"Yazan:":"admin","Tahmini okuma s\u00fcresi":"1 dakika"},"schema":{"@context":"https:\/\/schema.org","@graph":[{"@type":"Article","@id":"https:\/\/kibrisdakik.com\/?p=60421#article","isPartOf":{"@id":"https:\/\/kibrisdakik.com\/?p=60421"},"author":{"name":"admin","@id":"https:\/\/kibrisdakik.com\/#\/schema\/person\/9cd9d437bbb44f72b73ba127e06d8e79"},"headline":"\u00d6l\u00fcmden d\u00f6nen C\u00fcbbeli isim verdi: Bu olay onun tezah\u00fcr\u00fcd\u00fcr","datePublished":"2024-09-07T20:59:45+00:00","mainEntityOfPage":{"@id":"https:\/\/kibrisdakik.com\/?p=60421"},"wordCount":164,"commentCount":0,"image":{"@id":"https:\/\/kibrisdakik.com\/?p=60421#primaryimage"},"thumbnailUrl":"https:\/\/kibrisdakik.com\/wp-content\/uploads\/2024\/09\/olumden-donen-cubbeli-isim-verdi-bu-olay-onun-17798251_7868_amp.jpg","articleSection":["Magazin"],"inLanguage":"tr","potentialAction":[{"@type":"CommentAction","name":"Comment","target":["https:\/\/kibrisdakik.com\/?p=60421#respond"]}]},{"@type":"WebPage","@id":"https:\/\/kibrisdakik.com\/?p=60421","url":"https:\/\/kibrisdakik.com\/?p=60421","name":"\u00d6l\u00fcmden d\u00f6nen C\u00fcbbeli isim verdi: Bu olay onun tezah\u00fcr\u00fcd\u00fcr -","isPartOf":{"@id":"https:\/\/kibrisdakik.com\/#website"},"primaryImageOfPage":{"@id":"https:\/\/kibrisdakik.com\/?p=60421#primaryimage"},"image":{"@id":"https:\/\/kibrisdakik.com\/?p=60421#primaryimage"},"thumbnailUrl":"https:\/\/kibrisdakik.com\/wp-content\/uploads\/2024\/09\/olumden-donen-cubbeli-isim-verdi-bu-olay-onun-17798251_7868_amp.jpg","datePublished":"2024-09-07T20:59:45+00:00","author":{"@id":"https:\/\/kibrisdakik.com\/#\/schema\/person\/9cd9d437bbb44f72b73ba127e06d8e79"},"breadcrumb":{"@id":"https:\/\/kibrisdakik.com\/?p=60421#breadcrumb"},"inLanguage":"tr","potentialAction":[{"@type":"ReadAction","target":["https:\/\/kibrisdakik.com\/?p=60421"]}]},{"@type":"ImageObject","inLanguage":"tr","@id":"https:\/\/kibrisdakik.com\/?p=60421#primaryimage","url":"https:\/\/kibrisdakik.com\/wp-content\/uploads\/2024\/09\/olumden-donen-cubbeli-isim-verdi-bu-olay-onun-17798251_7868_amp.jpg","contentUrl":"https:\/\/kibrisdakik.com\/wp-content\/uploads\/2024\/09\/olumden-donen-cubbeli-isim-verdi-bu-olay-onun-17798251_7868_amp.jpg","width":1200,"height":685},{"@type":"BreadcrumbList","@id":"https:\/\/kibrisdakik.com\/?p=60421#breadcrumb","itemListElement":[{"@type":"ListItem","position":1,"name":"Home","item":"https:\/\/kibrisdakik.com\/"},{"@type":"ListItem","position":2,"name":"\u00d6l\u00fcmden d\u00f6nen C\u00fcbbeli isim verdi: Bu olay onun tezah\u00fcr\u00fcd\u00fcr"}]},{"@type":"WebSite","@id":"https:\/\/kibrisdakik.com\/#website","url":"https:\/\/kibrisdakik.com\/","name":"","description":"Tam vaktinde haber","potentialAction":[{"@type":"SearchAction","target":{"@type":"EntryPoint","urlTemplate":"https:\/\/kibrisdakik.com\/?s={search_term_string}"},"query-input":{"@type":"PropertyValueSpecification","valueRequired":true,"valueName":"search_term_string"}}],"inLanguage":"tr"},{"@type":"Person","@id":"https:\/\/kibrisdakik.com\/#\/schema\/person\/9cd9d437bbb44f72b73ba127e06d8e79","name":"admin","image":{"@type":"ImageObject","inLanguage":"tr","@id":"https:\/\/secure.gravatar.com\/avatar\/ccc17943b9d660506c869530f897617f7cb1c21a4bf30023f252596d83e1f007?s=96&d=mm&r=g","url":"https:\/\/secure.gravatar.com\/avatar\/ccc17943b9d660506c869530f897617f7cb1c21a4bf30023f252596d83e1f007?s=96&d=mm&r=g","contentUrl":"https:\/\/secure.gravatar.com\/avatar\/ccc17943b9d660506c869530f897617f7cb1c21a4bf30023f252596d83e1f007?s=96&d=mm&r=g","caption":"admin"},"sameAs":["https:\/\/kibrisdakik.com"],"url":"https:\/\/kibrisdakik.com\/?author=1"}]}},"_links":{"self":[{"href":"https:\/\/kibrisdakik.com\/index.php?rest_route=\/wp\/v2\/posts\/60421","targetHints":{"allow":["GET"]}}],"collection":[{"href":"https:\/\/kibrisdakik.com\/index.php?rest_route=\/wp\/v2\/posts"}],"about":[{"href":"https:\/\/kibrisdakik.com\/index.php?rest_route=\/wp\/v2\/types\/post"}],"author":[{"embeddable":true,"href":"https:\/\/kibrisdakik.com\/index.php?rest_route=\/wp\/v2\/users\/1"}],"replies":[{"embeddable":true,"href":"https:\/\/kibrisdakik.com\/index.php?rest_route=%2Fwp%2Fv2%2Fcomments&post=60421"}],"version-history":[{"count":0,"href":"https:\/\/kibrisdakik.com\/index.php?rest_route=\/wp\/v2\/posts\/60421\/revisions"}],"wp:featuredmedia":[{"embeddable":true,"href":"https:\/\/kibrisdakik.com\/index.php?rest_route=\/wp\/v2\/media\/60422"}],"wp:attachment":[{"href":"https:\/\/kibrisdakik.com\/index.php?rest_route=%2Fwp%2Fv2%2Fmedia&parent=60421"}],"wp:term":[{"taxonomy":"category","embeddable":true,"href":"https:\/\/kibrisdakik.com\/index.php?rest_route=%2Fwp%2Fv2%2Fcategories&post=60421"},{"taxonomy":"post_tag","embeddable":true,"href":"https:\/\/kibrisdakik.com\/index.php?rest_route=%2Fwp%2Fv2%2Ftags&post=60421"}],"curies":[{"name":"wp","href":"https:\/\/api.w.org\/{rel}","templated":true}]}}