{"id":60455,"date":"2024-09-08T10:35:30","date_gmt":"2024-09-08T07:35:30","guid":{"rendered":"https:\/\/kibrisdakik.com\/index.php\/2024\/09\/08\/erhurmandan-enerji-aciklamasiada-turkiyenin-de-dahil-oldugu-sekilde-enterkonnekte-olmali\/"},"modified":"2024-09-08T10:35:30","modified_gmt":"2024-09-08T07:35:30","slug":"erhurmandan-enerji-aciklamasiada-turkiyenin-de-dahil-oldugu-sekilde-enterkonnekte-olmali","status":"publish","type":"post","link":"https:\/\/kibrisdakik.com\/?p=60455","title":{"rendered":"Erh\u00fcrman\u2019dan enerji a\u00e7\u0131klamas\u0131:\u201cAda, T\u00fcrkiye\u2019nin de dahil oldu\u011fu \u015fekilde enterkonnekte olmal\u0131\u201d"},"content":{"rendered":"<div>\n<div class=\"mariselle-image-container center\">\n                                            <\/div>\n<p>Anamuhalefet CTP Genel Ba\u015fkan\u0131 Tufan Erh\u00fcrman, Ada etraf\u0131nda devam eden enerji iletim tart\u0131\u015fmalar\u0131 ile ilgili a\u00e7\u0131klama yapt\u0131. Erh\u00fcrman, \u201c fizibilite ve siyasi, hukuki, jeopolitik riskler a\u00e7\u0131s\u0131ndan en do\u011frusu, en rasyonel olan\u0131, Ada\u2019n\u0131n T\u00fcrkiye\u2019nin de dahil oldu\u011fu \u015fekilde enterkonnekte olmas\u0131\u201d dedi.<\/p>\n<p>Erh\u00fcrman,  G\u00fcney K\u0131br\u0131s\u2019ta  \u201cGreat Sea Interconnector\u201d projesi \u00fczerinde ciddi tart\u0131\u015fmalar\u0131n devam etti\u011fini hat\u0131rlatt\u0131.<\/p>\n<p>\u201c\u0130srail, Yunanistan ve K\u0131br\u0131s\u2019\u0131n elektrikte enterkonnekte olmas\u0131, K\u0131br\u0131s\u2019\u0131n AB b\u00fcy\u00fck sistemine ba\u011flanmas\u0131 konusunda hem fizibilite, hem de T\u00fcrkiye \u00e7er\u00e7evesinde \u201cjeopolitik riskler\u201d a\u00e7\u0131s\u0131ndan endi\u015feler var\u201d diyen Erh\u00fcrman, T\u00fcrkiye ile KKTC\u2018nin enterkonnekte olmas\u0131yla ilgili olarak da hem fizibilite hem de ENTSO-E \u00fczerinden siyasi-hukuki engel ihtimallerinin yaratt\u0131\u011f\u0131 tart\u0131\u015fmalar var. Bu arada herkes biliyor ki fizibilite ve siyasi\/hukuki\/jeopolitik riskler a\u00e7\u0131s\u0131ndan en do\u011frusu, en rasyonel olan\u0131, adan\u0131n T\u00fcrkiye\u2019nin de dahil oldu\u011fu \u015fekilde enterkonnekte olmas\u0131\u201d ifadelerini kulland\u0131. <\/p>\n<p>Erh\u00fcrman, \u201cG\u00f6r\u00fc\u015flerimizi birka\u00e7 g\u00fcn \u00f6nce, Great Sea Interconnector projesine mali destek verecek olan AB yetkililerine de bir kez daha aktard\u0131k. Ada\u2019da akl\u0131n yolu bir kez daha birlikte i\u015f yapmay\u0131, \u00e7\u00f6z\u00fcm\u00fc, bar\u0131\u015f\u0131 g\u00f6steriyor\u201d diye ekledi.<\/p>\n<\/p><\/div>\n<p><script async\n                    defer\n                    crossorigin=\"anonymous\"\n                    src=\"https:\/\/connect.facebook.net\/tr_TR\/sdk.js#xfbml=1&#038;version=v3.3\"\n            ><\/script><\/p>\n","protected":false},"excerpt":{"rendered":"<p>Anamuhalefet CTP Genel Ba\u015fkan\u0131 Tufan Erh\u00fcrman, Ada etraf\u0131nda devam eden enerji iletim tart\u0131\u015fmalar\u0131 ile ilgili a\u00e7\u0131klama yapt\u0131. Erh\u00fcrman, \u201c fizibilite ve siyasi, hukuki, jeopolitik riskler a\u00e7\u0131s\u0131ndan en do\u011frusu, en rasyonel olan\u0131, Ada\u2019n\u0131n T\u00fcrkiye\u2019nin de dahil oldu\u011fu \u015fekilde enterkonnekte olmas\u0131\u201d dedi. Erh\u00fcrman, G\u00fcney K\u0131br\u0131s\u2019ta \u201cGreat Sea Interconnector\u201d projesi \u00fczerinde ciddi tart\u0131\u015fmalar\u0131n devam etti\u011fini hat\u0131rlatt\u0131. \u201c\u0130srail, Yunanistan<\/p>\n","protected":false},"author":1,"featured_media":46929,"comment_status":"open","ping_status":"open","sticky":false,"template":"","format":"standard","meta":{"footnotes":""},"categories":[81],"tags":[],"class_list":["post-60455","post","type-post","status-publish","format-standard","has-post-thumbnail","hentry","category-kibris"],"yoast_head":"<!-- This site is optimized with the Yoast SEO plugin v27.5 - https:\/\/yoast.com\/product\/yoast-seo-wordpress\/ -->\n<title>Erh\u00fcrman\u2019dan enerji a\u00e7\u0131klamas\u0131:\u201cAda, T\u00fcrkiye\u2019nin de dahil oldu\u011fu \u015fekilde enterkonnekte olmal\u0131\u201d -<\/title>\n<meta name=\"robots\" content=\"index, follow, max-snippet:-1, max-image-preview:large, max-video-preview:-1\" \/>\n<link rel=\"canonical\" href=\"https:\/\/kibrisdakik.com\/?p=60455\" \/>\n<meta property=\"og:locale\" content=\"tr_TR\" \/>\n<meta property=\"og:type\" content=\"article\" \/>\n<meta property=\"og:title\" content=\"Erh\u00fcrman\u2019dan enerji a\u00e7\u0131klamas\u0131:\u201cAda, T\u00fcrkiye\u2019nin de dahil oldu\u011fu \u015fekilde enterkonnekte olmal\u0131\u201d -\" \/>\n<meta property=\"og:description\" content=\"Anamuhalefet CTP Genel Ba\u015fkan\u0131 Tufan Erh\u00fcrman, Ada etraf\u0131nda devam eden enerji iletim tart\u0131\u015fmalar\u0131 ile ilgili a\u00e7\u0131klama yapt\u0131. Erh\u00fcrman, \u201c fizibilite ve siyasi, hukuki, jeopolitik riskler a\u00e7\u0131s\u0131ndan en do\u011frusu, en rasyonel olan\u0131, Ada\u2019n\u0131n T\u00fcrkiye\u2019nin de dahil oldu\u011fu \u015fekilde enterkonnekte olmas\u0131\u201d dedi. Erh\u00fcrman, G\u00fcney K\u0131br\u0131s\u2019ta \u201cGreat Sea Interconnector\u201d projesi \u00fczerinde ciddi tart\u0131\u015fmalar\u0131n devam etti\u011fini hat\u0131rlatt\u0131. \u201c\u0130srail, Yunanistan\" \/>\n<meta property=\"og:url\" content=\"https:\/\/kibrisdakik.com\/?p=60455\" \/>\n<meta property=\"article:published_time\" content=\"2024-09-08T07:35:30+00:00\" \/>\n<meta property=\"og:image\" content=\"https:\/\/kibrisdakik.com\/wp-content\/uploads\/2024\/06\/erhurman-232-740x420.jpg\" \/>\n\t<meta property=\"og:image:width\" content=\"2480\" \/>\n\t<meta property=\"og:image:height\" content=\"1656\" \/>\n\t<meta property=\"og:image:type\" content=\"image\/jpeg\" \/>\n<meta name=\"author\" content=\"admin\" \/>\n<meta name=\"twitter:card\" content=\"summary_large_image\" \/>\n<meta name=\"twitter:label1\" content=\"Yazan:\" \/>\n\t<meta name=\"twitter:data1\" content=\"admin\" \/>\n\t<meta name=\"twitter:label2\" content=\"Tahmini okuma s\u00fcresi\" \/>\n\t<meta name=\"twitter:data2\" content=\"1 dakika\" \/>\n<script type=\"application\/ld+json\" class=\"yoast-schema-graph\">{\"@context\":\"https:\\\/\\\/schema.org\",\"@graph\":[{\"@type\":\"Article\",\"@id\":\"https:\\\/\\\/kibrisdakik.com\\\/?p=60455#article\",\"isPartOf\":{\"@id\":\"https:\\\/\\\/kibrisdakik.com\\\/?p=60455\"},\"author\":{\"name\":\"admin\",\"@id\":\"https:\\\/\\\/kibrisdakik.com\\\/#\\\/schema\\\/person\\\/9cd9d437bbb44f72b73ba127e06d8e79\"},\"headline\":\"Erh\u00fcrman\u2019dan enerji a\u00e7\u0131klamas\u0131:\u201cAda, T\u00fcrkiye\u2019nin de dahil oldu\u011fu \u015fekilde enterkonnekte olmal\u0131\u201d\",\"datePublished\":\"2024-09-08T07:35:30+00:00\",\"mainEntityOfPage\":{\"@id\":\"https:\\\/\\\/kibrisdakik.com\\\/?p=60455\"},\"wordCount\":234,\"commentCount\":0,\"image\":{\"@id\":\"https:\\\/\\\/kibrisdakik.com\\\/?p=60455#primaryimage\"},\"thumbnailUrl\":\"https:\\\/\\\/kibrisdakik.com\\\/wp-content\\\/uploads\\\/2024\\\/06\\\/erhurman-232-740x420.jpg\",\"articleSection\":[\"K\u0131br\u0131s\"],\"inLanguage\":\"tr\",\"potentialAction\":[{\"@type\":\"CommentAction\",\"name\":\"Comment\",\"target\":[\"https:\\\/\\\/kibrisdakik.com\\\/?p=60455#respond\"]}]},{\"@type\":\"WebPage\",\"@id\":\"https:\\\/\\\/kibrisdakik.com\\\/?p=60455\",\"url\":\"https:\\\/\\\/kibrisdakik.com\\\/?p=60455\",\"name\":\"Erh\u00fcrman\u2019dan enerji a\u00e7\u0131klamas\u0131:\u201cAda, T\u00fcrkiye\u2019nin de dahil oldu\u011fu \u015fekilde enterkonnekte olmal\u0131\u201d -\",\"isPartOf\":{\"@id\":\"https:\\\/\\\/kibrisdakik.com\\\/#website\"},\"primaryImageOfPage\":{\"@id\":\"https:\\\/\\\/kibrisdakik.com\\\/?p=60455#primaryimage\"},\"image\":{\"@id\":\"https:\\\/\\\/kibrisdakik.com\\\/?p=60455#primaryimage\"},\"thumbnailUrl\":\"https:\\\/\\\/kibrisdakik.com\\\/wp-content\\\/uploads\\\/2024\\\/06\\\/erhurman-232-740x420.jpg\",\"datePublished\":\"2024-09-08T07:35:30+00:00\",\"author\":{\"@id\":\"https:\\\/\\\/kibrisdakik.com\\\/#\\\/schema\\\/person\\\/9cd9d437bbb44f72b73ba127e06d8e79\"},\"breadcrumb\":{\"@id\":\"https:\\\/\\\/kibrisdakik.com\\\/?p=60455#breadcrumb\"},\"inLanguage\":\"tr\",\"potentialAction\":[{\"@type\":\"ReadAction\",\"target\":[\"https:\\\/\\\/kibrisdakik.com\\\/?p=60455\"]}]},{\"@type\":\"ImageObject\",\"inLanguage\":\"tr\",\"@id\":\"https:\\\/\\\/kibrisdakik.com\\\/?p=60455#primaryimage\",\"url\":\"https:\\\/\\\/kibrisdakik.com\\\/wp-content\\\/uploads\\\/2024\\\/06\\\/erhurman-232-740x420.jpg\",\"contentUrl\":\"https:\\\/\\\/kibrisdakik.com\\\/wp-content\\\/uploads\\\/2024\\\/06\\\/erhurman-232-740x420.jpg\",\"width\":2480,\"height\":1656},{\"@type\":\"BreadcrumbList\",\"@id\":\"https:\\\/\\\/kibrisdakik.com\\\/?p=60455#breadcrumb\",\"itemListElement\":[{\"@type\":\"ListItem\",\"position\":1,\"name\":\"Home\",\"item\":\"https:\\\/\\\/kibrisdakik.com\\\/\"},{\"@type\":\"ListItem\",\"position\":2,\"name\":\"Erh\u00fcrman\u2019dan enerji a\u00e7\u0131klamas\u0131:\u201cAda, T\u00fcrkiye\u2019nin de dahil oldu\u011fu \u015fekilde enterkonnekte olmal\u0131\u201d\"}]},{\"@type\":\"WebSite\",\"@id\":\"https:\\\/\\\/kibrisdakik.com\\\/#website\",\"url\":\"https:\\\/\\\/kibrisdakik.com\\\/\",\"name\":\"\",\"description\":\"Tam vaktinde haber\",\"potentialAction\":[{\"@type\":\"SearchAction\",\"target\":{\"@type\":\"EntryPoint\",\"urlTemplate\":\"https:\\\/\\\/kibrisdakik.com\\\/?s={search_term_string}\"},\"query-input\":{\"@type\":\"PropertyValueSpecification\",\"valueRequired\":true,\"valueName\":\"search_term_string\"}}],\"inLanguage\":\"tr\"},{\"@type\":\"Person\",\"@id\":\"https:\\\/\\\/kibrisdakik.com\\\/#\\\/schema\\\/person\\\/9cd9d437bbb44f72b73ba127e06d8e79\",\"name\":\"admin\",\"image\":{\"@type\":\"ImageObject\",\"inLanguage\":\"tr\",\"@id\":\"https:\\\/\\\/secure.gravatar.com\\\/avatar\\\/ccc17943b9d660506c869530f897617f7cb1c21a4bf30023f252596d83e1f007?s=96&d=mm&r=g\",\"url\":\"https:\\\/\\\/secure.gravatar.com\\\/avatar\\\/ccc17943b9d660506c869530f897617f7cb1c21a4bf30023f252596d83e1f007?s=96&d=mm&r=g\",\"contentUrl\":\"https:\\\/\\\/secure.gravatar.com\\\/avatar\\\/ccc17943b9d660506c869530f897617f7cb1c21a4bf30023f252596d83e1f007?s=96&d=mm&r=g\",\"caption\":\"admin\"},\"sameAs\":[\"https:\\\/\\\/kibrisdakik.com\"],\"url\":\"https:\\\/\\\/kibrisdakik.com\\\/?author=1\"}]}<\/script>\n<!-- \/ Yoast SEO plugin. -->","yoast_head_json":{"title":"Erh\u00fcrman\u2019dan enerji a\u00e7\u0131klamas\u0131:\u201cAda, T\u00fcrkiye\u2019nin de dahil oldu\u011fu \u015fekilde enterkonnekte olmal\u0131\u201d -","robots":{"index":"index","follow":"follow","max-snippet":"max-snippet:-1","max-image-preview":"max-image-preview:large","max-video-preview":"max-video-preview:-1"},"canonical":"https:\/\/kibrisdakik.com\/?p=60455","og_locale":"tr_TR","og_type":"article","og_title":"Erh\u00fcrman\u2019dan enerji a\u00e7\u0131klamas\u0131:\u201cAda, T\u00fcrkiye\u2019nin de dahil oldu\u011fu \u015fekilde enterkonnekte olmal\u0131\u201d -","og_description":"Anamuhalefet CTP Genel Ba\u015fkan\u0131 Tufan Erh\u00fcrman, Ada etraf\u0131nda devam eden enerji iletim tart\u0131\u015fmalar\u0131 ile ilgili a\u00e7\u0131klama yapt\u0131. Erh\u00fcrman, \u201c fizibilite ve siyasi, hukuki, jeopolitik riskler a\u00e7\u0131s\u0131ndan en do\u011frusu, en rasyonel olan\u0131, Ada\u2019n\u0131n T\u00fcrkiye\u2019nin de dahil oldu\u011fu \u015fekilde enterkonnekte olmas\u0131\u201d dedi. Erh\u00fcrman, G\u00fcney K\u0131br\u0131s\u2019ta \u201cGreat Sea Interconnector\u201d projesi \u00fczerinde ciddi tart\u0131\u015fmalar\u0131n devam etti\u011fini hat\u0131rlatt\u0131. \u201c\u0130srail, Yunanistan","og_url":"https:\/\/kibrisdakik.com\/?p=60455","article_published_time":"2024-09-08T07:35:30+00:00","og_image":[{"width":2480,"height":1656,"url":"https:\/\/kibrisdakik.com\/wp-content\/uploads\/2024\/06\/erhurman-232-740x420.jpg","type":"image\/jpeg"}],"author":"admin","twitter_card":"summary_large_image","twitter_misc":{"Yazan:":"admin","Tahmini okuma s\u00fcresi":"1 dakika"},"schema":{"@context":"https:\/\/schema.org","@graph":[{"@type":"Article","@id":"https:\/\/kibrisdakik.com\/?p=60455#article","isPartOf":{"@id":"https:\/\/kibrisdakik.com\/?p=60455"},"author":{"name":"admin","@id":"https:\/\/kibrisdakik.com\/#\/schema\/person\/9cd9d437bbb44f72b73ba127e06d8e79"},"headline":"Erh\u00fcrman\u2019dan enerji a\u00e7\u0131klamas\u0131:\u201cAda, T\u00fcrkiye\u2019nin de dahil oldu\u011fu \u015fekilde enterkonnekte olmal\u0131\u201d","datePublished":"2024-09-08T07:35:30+00:00","mainEntityOfPage":{"@id":"https:\/\/kibrisdakik.com\/?p=60455"},"wordCount":234,"commentCount":0,"image":{"@id":"https:\/\/kibrisdakik.com\/?p=60455#primaryimage"},"thumbnailUrl":"https:\/\/kibrisdakik.com\/wp-content\/uploads\/2024\/06\/erhurman-232-740x420.jpg","articleSection":["K\u0131br\u0131s"],"inLanguage":"tr","potentialAction":[{"@type":"CommentAction","name":"Comment","target":["https:\/\/kibrisdakik.com\/?p=60455#respond"]}]},{"@type":"WebPage","@id":"https:\/\/kibrisdakik.com\/?p=60455","url":"https:\/\/kibrisdakik.com\/?p=60455","name":"Erh\u00fcrman\u2019dan enerji a\u00e7\u0131klamas\u0131:\u201cAda, T\u00fcrkiye\u2019nin de dahil oldu\u011fu \u015fekilde enterkonnekte olmal\u0131\u201d -","isPartOf":{"@id":"https:\/\/kibrisdakik.com\/#website"},"primaryImageOfPage":{"@id":"https:\/\/kibrisdakik.com\/?p=60455#primaryimage"},"image":{"@id":"https:\/\/kibrisdakik.com\/?p=60455#primaryimage"},"thumbnailUrl":"https:\/\/kibrisdakik.com\/wp-content\/uploads\/2024\/06\/erhurman-232-740x420.jpg","datePublished":"2024-09-08T07:35:30+00:00","author":{"@id":"https:\/\/kibrisdakik.com\/#\/schema\/person\/9cd9d437bbb44f72b73ba127e06d8e79"},"breadcrumb":{"@id":"https:\/\/kibrisdakik.com\/?p=60455#breadcrumb"},"inLanguage":"tr","potentialAction":[{"@type":"ReadAction","target":["https:\/\/kibrisdakik.com\/?p=60455"]}]},{"@type":"ImageObject","inLanguage":"tr","@id":"https:\/\/kibrisdakik.com\/?p=60455#primaryimage","url":"https:\/\/kibrisdakik.com\/wp-content\/uploads\/2024\/06\/erhurman-232-740x420.jpg","contentUrl":"https:\/\/kibrisdakik.com\/wp-content\/uploads\/2024\/06\/erhurman-232-740x420.jpg","width":2480,"height":1656},{"@type":"BreadcrumbList","@id":"https:\/\/kibrisdakik.com\/?p=60455#breadcrumb","itemListElement":[{"@type":"ListItem","position":1,"name":"Home","item":"https:\/\/kibrisdakik.com\/"},{"@type":"ListItem","position":2,"name":"Erh\u00fcrman\u2019dan enerji a\u00e7\u0131klamas\u0131:\u201cAda, T\u00fcrkiye\u2019nin de dahil oldu\u011fu \u015fekilde enterkonnekte olmal\u0131\u201d"}]},{"@type":"WebSite","@id":"https:\/\/kibrisdakik.com\/#website","url":"https:\/\/kibrisdakik.com\/","name":"","description":"Tam vaktinde haber","potentialAction":[{"@type":"SearchAction","target":{"@type":"EntryPoint","urlTemplate":"https:\/\/kibrisdakik.com\/?s={search_term_string}"},"query-input":{"@type":"PropertyValueSpecification","valueRequired":true,"valueName":"search_term_string"}}],"inLanguage":"tr"},{"@type":"Person","@id":"https:\/\/kibrisdakik.com\/#\/schema\/person\/9cd9d437bbb44f72b73ba127e06d8e79","name":"admin","image":{"@type":"ImageObject","inLanguage":"tr","@id":"https:\/\/secure.gravatar.com\/avatar\/ccc17943b9d660506c869530f897617f7cb1c21a4bf30023f252596d83e1f007?s=96&d=mm&r=g","url":"https:\/\/secure.gravatar.com\/avatar\/ccc17943b9d660506c869530f897617f7cb1c21a4bf30023f252596d83e1f007?s=96&d=mm&r=g","contentUrl":"https:\/\/secure.gravatar.com\/avatar\/ccc17943b9d660506c869530f897617f7cb1c21a4bf30023f252596d83e1f007?s=96&d=mm&r=g","caption":"admin"},"sameAs":["https:\/\/kibrisdakik.com"],"url":"https:\/\/kibrisdakik.com\/?author=1"}]}},"_links":{"self":[{"href":"https:\/\/kibrisdakik.com\/index.php?rest_route=\/wp\/v2\/posts\/60455","targetHints":{"allow":["GET"]}}],"collection":[{"href":"https:\/\/kibrisdakik.com\/index.php?rest_route=\/wp\/v2\/posts"}],"about":[{"href":"https:\/\/kibrisdakik.com\/index.php?rest_route=\/wp\/v2\/types\/post"}],"author":[{"embeddable":true,"href":"https:\/\/kibrisdakik.com\/index.php?rest_route=\/wp\/v2\/users\/1"}],"replies":[{"embeddable":true,"href":"https:\/\/kibrisdakik.com\/index.php?rest_route=%2Fwp%2Fv2%2Fcomments&post=60455"}],"version-history":[{"count":0,"href":"https:\/\/kibrisdakik.com\/index.php?rest_route=\/wp\/v2\/posts\/60455\/revisions"}],"wp:featuredmedia":[{"embeddable":true,"href":"https:\/\/kibrisdakik.com\/index.php?rest_route=\/wp\/v2\/media\/46929"}],"wp:attachment":[{"href":"https:\/\/kibrisdakik.com\/index.php?rest_route=%2Fwp%2Fv2%2Fmedia&parent=60455"}],"wp:term":[{"taxonomy":"category","embeddable":true,"href":"https:\/\/kibrisdakik.com\/index.php?rest_route=%2Fwp%2Fv2%2Fcategories&post=60455"},{"taxonomy":"post_tag","embeddable":true,"href":"https:\/\/kibrisdakik.com\/index.php?rest_route=%2Fwp%2Fv2%2Ftags&post=60455"}],"curies":[{"name":"wp","href":"https:\/\/api.w.org\/{rel}","templated":true}]}}