{"id":60464,"date":"2024-09-08T11:34:29","date_gmt":"2024-09-08T08:34:29","guid":{"rendered":"https:\/\/kibrisdakik.com\/index.php\/2024\/09\/08\/kibrisli-turk-bilim-insani-prof-dr-vamik-volkanin-kisisel-arsivi-kktc-milli-arsiv-ve-arastirma-dairesinde\/"},"modified":"2024-09-08T11:34:29","modified_gmt":"2024-09-08T08:34:29","slug":"kibrisli-turk-bilim-insani-prof-dr-vamik-volkanin-kisisel-arsivi-kktc-milli-arsiv-ve-arastirma-dairesinde","status":"publish","type":"post","link":"https:\/\/kibrisdakik.com\/?p=60464","title":{"rendered":"K\u0131br\u0131sl\u0131 T\u00fcrk Bilim \u0130nsan\u0131 Prof Dr. Vam\u0131k Volkan\u2019\u0131n ki\u015fisel ar\u015fivi, KKTC Milli Ar\u015fiv ve Ara\u015ft\u0131rma Dairesi\u2019nde"},"content":{"rendered":"<div>\n<div class=\"mariselle-image-container center\">\n                                            <\/div>\n<p>Milli Ar\u015fiv ve Ara\u015ft\u0131rma Dairesi M\u00fcd\u00fcr\u00fc Ejdan Sadrazam, yakla\u015f\u0131k iki y\u0131l s\u00fcren \u00e7al\u0131\u015fmalar sonucu d\u00fcnyaca \u00fcnl\u00fc K\u0131br\u0131sl\u0131 T\u00fcrk bilim insan\u0131 Prof Dr. Vam\u0131k Volkan\u2019\u0131n Amerika Birle\u015fik Devletleri ve \u00fclkede bulunan ki\u015fisel ar\u015fivinin KKTC Milli Ar\u015fiv ve Ara\u015ft\u0131rma Dairesi\u2019ne kazand\u0131r\u0131ld\u0131\u011f\u0131n\u0131 belirtti.<\/p>\n<p>Sadrazam, yapt\u0131\u011f\u0131 yaz\u0131l\u0131 a\u00e7\u0131klamada, Volkan\u2019\u0131n tasnif ve d\u00f6k\u00fcmantasyon i\u015flemleri tamamlanan ki\u015fisel ar\u015fivi sonras\u0131nda ar\u015five ziyarette bulundu\u011funu belirtti.<\/p>\n<p>Volkan\u2019nn yap\u0131lan \u00e7al\u0131\u015fmalar\u0131 yerinde g\u00f6rd\u00fc\u011f\u00fcn\u00fc belirten Sadrazam, \u00e7al\u0131\u015fmalar\u0131n\u0131n kendileri arac\u0131l\u0131\u011f\u0131yla ara\u015ft\u0131rmac\u0131 ve gelecek nesillere aktar\u0131lmak \u00fczere korunmas\u0131ndan dolay\u0131 da memnuniyetini dile getirdi\u011fini belirtti.<\/p>\n<p>Sadrazam\u2019\u0131n a\u00e7\u0131klamas\u0131na g\u00f6re, Prof. Dr. Vam\u0131k Volkan, ziyarette \u201cAtat\u00fcrk ve K\u0131br\u0131s T\u00fcrkleri\u201d ili\u015fkisi hakk\u0131nda yapt\u0131\u011f\u0131 a\u00e7\u0131klamada ise \u201cAtat\u00fcrk hakk\u0131nda iki tane kitap yazd\u0131m. Bunlardan birincisi \u2018\u00d6l\u00fcms\u00fcz Atat\u00fcrk\u2019 ve ikincisi ise \u2018Atat\u00fcrk-Anat\u00fcrk\u2019. Atat\u00fcrk, bizim i\u00e7in, ben b\u00fcy\u00fcrken bizi temsil etti. \u015eahs\u0131nda T\u00fcrkiye\u2019yi temsil etti. Biliyorsunuz sava\u015flar, yeni T\u00fcrkiye\u2019nin kurulu\u015fu s\u0131ras\u0131nda T\u00fcrkiye\u2019yi temsil eden isim; sembol Atat\u00fcrk\u2019t\u00fcr.\u201d ifadelerine yer verdi.<\/p>\n<p>Kendilerinin de burada bir baba fig\u00fcr\u00fc arad\u0131klar\u0131n\u0131, \u0130ngilizlerden kurtaracak bir kurtar\u0131c\u0131 arad\u0131klar\u0131n\u0131 kaydeden Volkan, \u201cAtat\u00fcrk \u00e7ok derin bir etkiye sahiptir.\u201d dedi.<\/p>\n<p>\u201cBenim babam \u00c7atozluydu. Yedi karde\u015fi vard\u0131 ve ailede tek okuyan ki\u015fiydi. Onun i\u00e7in her \u015fey Atat\u00fcrk\u00e7\u00fcl\u00fckt\u00fc. Beni al\u0131p Karde\u015f Oca\u011f\u0131\u2019na g\u00f6t\u00fcrd\u00fc. Oraya girer girmez kar\u015f\u0131da Atat\u00fcrk resmi vard\u0131. Resme bakt\u0131\u011f\u0131m\u0131z zaman i\u00e7imiz titrerdi. \u00c7ok duygulan\u0131rd\u0131k. O i\u00e7in ben bu kitab\u0131 yazd\u0131m, sonra bir kitap daha yazd\u0131m.\u201d diye konu\u015fan Volkan, ilk kitab\u0131nda bir tak\u0131m terminolojik terimlerin oldu\u011funu ve ikinci kitab\u0131na da yazd\u0131\u011f\u0131n\u0131 aktard\u0131.<\/p>\n<p>Volkan, \u201c\u0130kinciyi yazmadan \u00f6nce Atat\u00fcrk\u2019\u00fcn ailesinin kom\u015fular\u0131n\u0131 buldum. Ankara\u2019dayd\u0131m, ailesini tan\u0131yanlarla konu\u015ftum. Onlardan daha geni\u015f malumat ald\u0131m, epeyi bir \u015feyler buldum ve \u2018Atat\u00fcrk-Anat\u00fcrk\u2019 kitab\u0131n\u0131 yazd\u0131m. Kitap \u00fczerine yedi sene \u00e7al\u0131\u015ft\u0131m. Atat\u00fcrk bizim i\u00e7in kurtulu\u015fun sembol\u00fc oldu.\u201d diye konu\u015ftu.<\/p>\n<p>Atat\u00fcrk\u2019\u00fcn ak\u0131ll\u0131 biri oldu\u011funu ve i\u00e7erisinde kurtar\u0131c\u0131l\u0131k misyonu ta\u015f\u0131d\u0131\u011f\u0131n\u0131 belirten Volkan, \u201cD\u00fc\u015f\u00fcn\u00fcn \u00e7ocuklar\u0131 \u00f6lm\u00fc\u015f, keder tutan bir anne\u2026 Annesini bu kederinden kurtarmak istiyor. Felakete u\u011frayan anne ile felakete u\u011frayan \u00fclkeyi kafas\u0131nda birle\u015ftirmi\u015fti bilmeden\u2026 Onu kurtarmak i\u00e7in ona tekrar bir hayat vermek i\u00e7in \u00e7al\u0131\u015ft\u0131. Hayattaki en \u00f6nemli i\u00e7g\u00fcd\u00fcs\u00fc buydu.\u201d dedi.<\/p>\n<p>Bir s\u00fcr\u00fc kurtar\u0131c\u0131 liderler oldu\u011funu belirten Volkan, \u015f\u00f6yle devam etti:<\/p>\n<p>\u201cMesela Putin. Onun durumu da ayn\u0131. 1940\u2019larda Naziler kald\u0131\u011f\u0131 \u015fehri abluka etmi\u015f. Bir karde\u015fi \u00f6l\u00fcyor. Bir karde\u015fini Naziler al\u0131yor. Bebe\u011fin nereye g\u00f6m\u00fcld\u00fc\u011f\u00fcn\u00fc bilmiyorlar. Dokuz sene sonra Putin do\u011fuyor. B\u00f6yle bir aile var, yas tutan anne var. Babas\u0131n\u0131n baca\u011f\u0131nda Nazi kur\u015funu var. Ama onun kurtar\u0131c\u0131l\u0131\u011f\u0131 Atat\u00fcrk\u2019\u00fcn kurtar\u0131c\u0131l\u0131\u011f\u0131ndan \u00e7ok daha de\u011fi\u015fik. Atat\u00fcrk\u2019\u00fcnki tamir edici, onunki y\u0131k\u0131c\u0131\u2026\u201d<\/p>\n<\/p><\/div>\n<p><script async\n                    defer\n                    crossorigin=\"anonymous\"\n                    src=\"https:\/\/connect.facebook.net\/tr_TR\/sdk.js#xfbml=1&#038;version=v3.3\"\n            ><\/script><\/p>\n","protected":false},"excerpt":{"rendered":"<p>Milli Ar\u015fiv ve Ara\u015ft\u0131rma Dairesi M\u00fcd\u00fcr\u00fc Ejdan Sadrazam, yakla\u015f\u0131k iki y\u0131l s\u00fcren \u00e7al\u0131\u015fmalar sonucu d\u00fcnyaca \u00fcnl\u00fc K\u0131br\u0131sl\u0131 T\u00fcrk bilim insan\u0131 Prof Dr. Vam\u0131k Volkan\u2019\u0131n Amerika Birle\u015fik Devletleri ve \u00fclkede bulunan ki\u015fisel ar\u015fivinin KKTC Milli Ar\u015fiv ve Ara\u015ft\u0131rma Dairesi\u2019ne kazand\u0131r\u0131ld\u0131\u011f\u0131n\u0131 belirtti. Sadrazam, yapt\u0131\u011f\u0131 yaz\u0131l\u0131 a\u00e7\u0131klamada, Volkan\u2019\u0131n tasnif ve d\u00f6k\u00fcmantasyon i\u015flemleri tamamlanan ki\u015fisel ar\u015fivi sonras\u0131nda ar\u015five ziyarette<\/p>\n","protected":false},"author":1,"featured_media":60465,"comment_status":"open","ping_status":"open","sticky":false,"template":"","format":"standard","meta":{"footnotes":""},"categories":[81],"tags":[],"class_list":["post-60464","post","type-post","status-publish","format-standard","has-post-thumbnail","hentry","category-kibris"],"yoast_head":"<!-- This site is optimized with the Yoast SEO plugin v27.5 - https:\/\/yoast.com\/product\/yoast-seo-wordpress\/ -->\n<title>K\u0131br\u0131sl\u0131 T\u00fcrk Bilim \u0130nsan\u0131 Prof Dr. Vam\u0131k Volkan\u2019\u0131n ki\u015fisel ar\u015fivi, KKTC Milli Ar\u015fiv ve Ara\u015ft\u0131rma Dairesi\u2019nde -<\/title>\n<meta name=\"robots\" content=\"index, follow, max-snippet:-1, max-image-preview:large, max-video-preview:-1\" \/>\n<link rel=\"canonical\" href=\"https:\/\/kibrisdakik.com\/?p=60464\" \/>\n<meta property=\"og:locale\" content=\"tr_TR\" \/>\n<meta property=\"og:type\" content=\"article\" \/>\n<meta property=\"og:title\" content=\"K\u0131br\u0131sl\u0131 T\u00fcrk Bilim \u0130nsan\u0131 Prof Dr. Vam\u0131k Volkan\u2019\u0131n ki\u015fisel ar\u015fivi, KKTC Milli Ar\u015fiv ve Ara\u015ft\u0131rma Dairesi\u2019nde -\" \/>\n<meta property=\"og:description\" content=\"Milli Ar\u015fiv ve Ara\u015ft\u0131rma Dairesi M\u00fcd\u00fcr\u00fc Ejdan Sadrazam, yakla\u015f\u0131k iki y\u0131l s\u00fcren \u00e7al\u0131\u015fmalar sonucu d\u00fcnyaca \u00fcnl\u00fc K\u0131br\u0131sl\u0131 T\u00fcrk bilim insan\u0131 Prof Dr. Vam\u0131k Volkan\u2019\u0131n Amerika Birle\u015fik Devletleri ve \u00fclkede bulunan ki\u015fisel ar\u015fivinin KKTC Milli Ar\u015fiv ve Ara\u015ft\u0131rma Dairesi\u2019ne kazand\u0131r\u0131ld\u0131\u011f\u0131n\u0131 belirtti. Sadrazam, yapt\u0131\u011f\u0131 yaz\u0131l\u0131 a\u00e7\u0131klamada, Volkan\u2019\u0131n tasnif ve d\u00f6k\u00fcmantasyon i\u015flemleri tamamlanan ki\u015fisel ar\u015fivi sonras\u0131nda ar\u015five ziyarette\" \/>\n<meta property=\"og:url\" content=\"https:\/\/kibrisdakik.com\/?p=60464\" \/>\n<meta property=\"article:published_time\" content=\"2024-09-08T08:34:29+00:00\" \/>\n<meta property=\"og:image\" content=\"https:\/\/kibrisdakik.com\/wp-content\/uploads\/2024\/09\/vamik-volkan-740x420.png\" \/>\n\t<meta property=\"og:image:width\" content=\"1171\" \/>\n\t<meta property=\"og:image:height\" content=\"621\" \/>\n\t<meta property=\"og:image:type\" content=\"image\/png\" \/>\n<meta name=\"author\" content=\"admin\" \/>\n<meta name=\"twitter:card\" content=\"summary_large_image\" \/>\n<meta name=\"twitter:label1\" content=\"Yazan:\" \/>\n\t<meta name=\"twitter:data1\" content=\"admin\" \/>\n\t<meta name=\"twitter:label2\" content=\"Tahmini okuma s\u00fcresi\" \/>\n\t<meta name=\"twitter:data2\" content=\"3 dakika\" \/>\n<script type=\"application\/ld+json\" class=\"yoast-schema-graph\">{\"@context\":\"https:\\\/\\\/schema.org\",\"@graph\":[{\"@type\":\"Article\",\"@id\":\"https:\\\/\\\/kibrisdakik.com\\\/?p=60464#article\",\"isPartOf\":{\"@id\":\"https:\\\/\\\/kibrisdakik.com\\\/?p=60464\"},\"author\":{\"name\":\"admin\",\"@id\":\"https:\\\/\\\/kibrisdakik.com\\\/#\\\/schema\\\/person\\\/9cd9d437bbb44f72b73ba127e06d8e79\"},\"headline\":\"K\u0131br\u0131sl\u0131 T\u00fcrk Bilim \u0130nsan\u0131 Prof Dr. Vam\u0131k Volkan\u2019\u0131n ki\u015fisel ar\u015fivi, KKTC Milli Ar\u015fiv ve Ara\u015ft\u0131rma Dairesi\u2019nde\",\"datePublished\":\"2024-09-08T08:34:29+00:00\",\"mainEntityOfPage\":{\"@id\":\"https:\\\/\\\/kibrisdakik.com\\\/?p=60464\"},\"wordCount\":593,\"commentCount\":0,\"image\":{\"@id\":\"https:\\\/\\\/kibrisdakik.com\\\/?p=60464#primaryimage\"},\"thumbnailUrl\":\"https:\\\/\\\/kibrisdakik.com\\\/wp-content\\\/uploads\\\/2024\\\/09\\\/vamik-volkan-740x420.png\",\"articleSection\":[\"K\u0131br\u0131s\"],\"inLanguage\":\"tr\",\"potentialAction\":[{\"@type\":\"CommentAction\",\"name\":\"Comment\",\"target\":[\"https:\\\/\\\/kibrisdakik.com\\\/?p=60464#respond\"]}]},{\"@type\":\"WebPage\",\"@id\":\"https:\\\/\\\/kibrisdakik.com\\\/?p=60464\",\"url\":\"https:\\\/\\\/kibrisdakik.com\\\/?p=60464\",\"name\":\"K\u0131br\u0131sl\u0131 T\u00fcrk Bilim \u0130nsan\u0131 Prof Dr. Vam\u0131k Volkan\u2019\u0131n ki\u015fisel ar\u015fivi, KKTC Milli Ar\u015fiv ve Ara\u015ft\u0131rma Dairesi\u2019nde -\",\"isPartOf\":{\"@id\":\"https:\\\/\\\/kibrisdakik.com\\\/#website\"},\"primaryImageOfPage\":{\"@id\":\"https:\\\/\\\/kibrisdakik.com\\\/?p=60464#primaryimage\"},\"image\":{\"@id\":\"https:\\\/\\\/kibrisdakik.com\\\/?p=60464#primaryimage\"},\"thumbnailUrl\":\"https:\\\/\\\/kibrisdakik.com\\\/wp-content\\\/uploads\\\/2024\\\/09\\\/vamik-volkan-740x420.png\",\"datePublished\":\"2024-09-08T08:34:29+00:00\",\"author\":{\"@id\":\"https:\\\/\\\/kibrisdakik.com\\\/#\\\/schema\\\/person\\\/9cd9d437bbb44f72b73ba127e06d8e79\"},\"breadcrumb\":{\"@id\":\"https:\\\/\\\/kibrisdakik.com\\\/?p=60464#breadcrumb\"},\"inLanguage\":\"tr\",\"potentialAction\":[{\"@type\":\"ReadAction\",\"target\":[\"https:\\\/\\\/kibrisdakik.com\\\/?p=60464\"]}]},{\"@type\":\"ImageObject\",\"inLanguage\":\"tr\",\"@id\":\"https:\\\/\\\/kibrisdakik.com\\\/?p=60464#primaryimage\",\"url\":\"https:\\\/\\\/kibrisdakik.com\\\/wp-content\\\/uploads\\\/2024\\\/09\\\/vamik-volkan-740x420.png\",\"contentUrl\":\"https:\\\/\\\/kibrisdakik.com\\\/wp-content\\\/uploads\\\/2024\\\/09\\\/vamik-volkan-740x420.png\",\"width\":1171,\"height\":621},{\"@type\":\"BreadcrumbList\",\"@id\":\"https:\\\/\\\/kibrisdakik.com\\\/?p=60464#breadcrumb\",\"itemListElement\":[{\"@type\":\"ListItem\",\"position\":1,\"name\":\"Home\",\"item\":\"https:\\\/\\\/kibrisdakik.com\\\/\"},{\"@type\":\"ListItem\",\"position\":2,\"name\":\"K\u0131br\u0131sl\u0131 T\u00fcrk Bilim \u0130nsan\u0131 Prof Dr. Vam\u0131k Volkan\u2019\u0131n ki\u015fisel ar\u015fivi, KKTC Milli Ar\u015fiv ve Ara\u015ft\u0131rma Dairesi\u2019nde\"}]},{\"@type\":\"WebSite\",\"@id\":\"https:\\\/\\\/kibrisdakik.com\\\/#website\",\"url\":\"https:\\\/\\\/kibrisdakik.com\\\/\",\"name\":\"\",\"description\":\"Tam vaktinde haber\",\"potentialAction\":[{\"@type\":\"SearchAction\",\"target\":{\"@type\":\"EntryPoint\",\"urlTemplate\":\"https:\\\/\\\/kibrisdakik.com\\\/?s={search_term_string}\"},\"query-input\":{\"@type\":\"PropertyValueSpecification\",\"valueRequired\":true,\"valueName\":\"search_term_string\"}}],\"inLanguage\":\"tr\"},{\"@type\":\"Person\",\"@id\":\"https:\\\/\\\/kibrisdakik.com\\\/#\\\/schema\\\/person\\\/9cd9d437bbb44f72b73ba127e06d8e79\",\"name\":\"admin\",\"image\":{\"@type\":\"ImageObject\",\"inLanguage\":\"tr\",\"@id\":\"https:\\\/\\\/secure.gravatar.com\\\/avatar\\\/ccc17943b9d660506c869530f897617f7cb1c21a4bf30023f252596d83e1f007?s=96&d=mm&r=g\",\"url\":\"https:\\\/\\\/secure.gravatar.com\\\/avatar\\\/ccc17943b9d660506c869530f897617f7cb1c21a4bf30023f252596d83e1f007?s=96&d=mm&r=g\",\"contentUrl\":\"https:\\\/\\\/secure.gravatar.com\\\/avatar\\\/ccc17943b9d660506c869530f897617f7cb1c21a4bf30023f252596d83e1f007?s=96&d=mm&r=g\",\"caption\":\"admin\"},\"sameAs\":[\"https:\\\/\\\/kibrisdakik.com\"],\"url\":\"https:\\\/\\\/kibrisdakik.com\\\/?author=1\"}]}<\/script>\n<!-- \/ Yoast SEO plugin. -->","yoast_head_json":{"title":"K\u0131br\u0131sl\u0131 T\u00fcrk Bilim \u0130nsan\u0131 Prof Dr. Vam\u0131k Volkan\u2019\u0131n ki\u015fisel ar\u015fivi, KKTC Milli Ar\u015fiv ve Ara\u015ft\u0131rma Dairesi\u2019nde -","robots":{"index":"index","follow":"follow","max-snippet":"max-snippet:-1","max-image-preview":"max-image-preview:large","max-video-preview":"max-video-preview:-1"},"canonical":"https:\/\/kibrisdakik.com\/?p=60464","og_locale":"tr_TR","og_type":"article","og_title":"K\u0131br\u0131sl\u0131 T\u00fcrk Bilim \u0130nsan\u0131 Prof Dr. Vam\u0131k Volkan\u2019\u0131n ki\u015fisel ar\u015fivi, KKTC Milli Ar\u015fiv ve Ara\u015ft\u0131rma Dairesi\u2019nde -","og_description":"Milli Ar\u015fiv ve Ara\u015ft\u0131rma Dairesi M\u00fcd\u00fcr\u00fc Ejdan Sadrazam, yakla\u015f\u0131k iki y\u0131l s\u00fcren \u00e7al\u0131\u015fmalar sonucu d\u00fcnyaca \u00fcnl\u00fc K\u0131br\u0131sl\u0131 T\u00fcrk bilim insan\u0131 Prof Dr. Vam\u0131k Volkan\u2019\u0131n Amerika Birle\u015fik Devletleri ve \u00fclkede bulunan ki\u015fisel ar\u015fivinin KKTC Milli Ar\u015fiv ve Ara\u015ft\u0131rma Dairesi\u2019ne kazand\u0131r\u0131ld\u0131\u011f\u0131n\u0131 belirtti. Sadrazam, yapt\u0131\u011f\u0131 yaz\u0131l\u0131 a\u00e7\u0131klamada, Volkan\u2019\u0131n tasnif ve d\u00f6k\u00fcmantasyon i\u015flemleri tamamlanan ki\u015fisel ar\u015fivi sonras\u0131nda ar\u015five ziyarette","og_url":"https:\/\/kibrisdakik.com\/?p=60464","article_published_time":"2024-09-08T08:34:29+00:00","og_image":[{"width":1171,"height":621,"url":"https:\/\/kibrisdakik.com\/wp-content\/uploads\/2024\/09\/vamik-volkan-740x420.png","type":"image\/png"}],"author":"admin","twitter_card":"summary_large_image","twitter_misc":{"Yazan:":"admin","Tahmini okuma s\u00fcresi":"3 dakika"},"schema":{"@context":"https:\/\/schema.org","@graph":[{"@type":"Article","@id":"https:\/\/kibrisdakik.com\/?p=60464#article","isPartOf":{"@id":"https:\/\/kibrisdakik.com\/?p=60464"},"author":{"name":"admin","@id":"https:\/\/kibrisdakik.com\/#\/schema\/person\/9cd9d437bbb44f72b73ba127e06d8e79"},"headline":"K\u0131br\u0131sl\u0131 T\u00fcrk Bilim \u0130nsan\u0131 Prof Dr. Vam\u0131k Volkan\u2019\u0131n ki\u015fisel ar\u015fivi, KKTC Milli Ar\u015fiv ve Ara\u015ft\u0131rma Dairesi\u2019nde","datePublished":"2024-09-08T08:34:29+00:00","mainEntityOfPage":{"@id":"https:\/\/kibrisdakik.com\/?p=60464"},"wordCount":593,"commentCount":0,"image":{"@id":"https:\/\/kibrisdakik.com\/?p=60464#primaryimage"},"thumbnailUrl":"https:\/\/kibrisdakik.com\/wp-content\/uploads\/2024\/09\/vamik-volkan-740x420.png","articleSection":["K\u0131br\u0131s"],"inLanguage":"tr","potentialAction":[{"@type":"CommentAction","name":"Comment","target":["https:\/\/kibrisdakik.com\/?p=60464#respond"]}]},{"@type":"WebPage","@id":"https:\/\/kibrisdakik.com\/?p=60464","url":"https:\/\/kibrisdakik.com\/?p=60464","name":"K\u0131br\u0131sl\u0131 T\u00fcrk Bilim \u0130nsan\u0131 Prof Dr. Vam\u0131k Volkan\u2019\u0131n ki\u015fisel ar\u015fivi, KKTC Milli Ar\u015fiv ve Ara\u015ft\u0131rma Dairesi\u2019nde -","isPartOf":{"@id":"https:\/\/kibrisdakik.com\/#website"},"primaryImageOfPage":{"@id":"https:\/\/kibrisdakik.com\/?p=60464#primaryimage"},"image":{"@id":"https:\/\/kibrisdakik.com\/?p=60464#primaryimage"},"thumbnailUrl":"https:\/\/kibrisdakik.com\/wp-content\/uploads\/2024\/09\/vamik-volkan-740x420.png","datePublished":"2024-09-08T08:34:29+00:00","author":{"@id":"https:\/\/kibrisdakik.com\/#\/schema\/person\/9cd9d437bbb44f72b73ba127e06d8e79"},"breadcrumb":{"@id":"https:\/\/kibrisdakik.com\/?p=60464#breadcrumb"},"inLanguage":"tr","potentialAction":[{"@type":"ReadAction","target":["https:\/\/kibrisdakik.com\/?p=60464"]}]},{"@type":"ImageObject","inLanguage":"tr","@id":"https:\/\/kibrisdakik.com\/?p=60464#primaryimage","url":"https:\/\/kibrisdakik.com\/wp-content\/uploads\/2024\/09\/vamik-volkan-740x420.png","contentUrl":"https:\/\/kibrisdakik.com\/wp-content\/uploads\/2024\/09\/vamik-volkan-740x420.png","width":1171,"height":621},{"@type":"BreadcrumbList","@id":"https:\/\/kibrisdakik.com\/?p=60464#breadcrumb","itemListElement":[{"@type":"ListItem","position":1,"name":"Home","item":"https:\/\/kibrisdakik.com\/"},{"@type":"ListItem","position":2,"name":"K\u0131br\u0131sl\u0131 T\u00fcrk Bilim \u0130nsan\u0131 Prof Dr. Vam\u0131k Volkan\u2019\u0131n ki\u015fisel ar\u015fivi, KKTC Milli Ar\u015fiv ve Ara\u015ft\u0131rma Dairesi\u2019nde"}]},{"@type":"WebSite","@id":"https:\/\/kibrisdakik.com\/#website","url":"https:\/\/kibrisdakik.com\/","name":"","description":"Tam vaktinde haber","potentialAction":[{"@type":"SearchAction","target":{"@type":"EntryPoint","urlTemplate":"https:\/\/kibrisdakik.com\/?s={search_term_string}"},"query-input":{"@type":"PropertyValueSpecification","valueRequired":true,"valueName":"search_term_string"}}],"inLanguage":"tr"},{"@type":"Person","@id":"https:\/\/kibrisdakik.com\/#\/schema\/person\/9cd9d437bbb44f72b73ba127e06d8e79","name":"admin","image":{"@type":"ImageObject","inLanguage":"tr","@id":"https:\/\/secure.gravatar.com\/avatar\/ccc17943b9d660506c869530f897617f7cb1c21a4bf30023f252596d83e1f007?s=96&d=mm&r=g","url":"https:\/\/secure.gravatar.com\/avatar\/ccc17943b9d660506c869530f897617f7cb1c21a4bf30023f252596d83e1f007?s=96&d=mm&r=g","contentUrl":"https:\/\/secure.gravatar.com\/avatar\/ccc17943b9d660506c869530f897617f7cb1c21a4bf30023f252596d83e1f007?s=96&d=mm&r=g","caption":"admin"},"sameAs":["https:\/\/kibrisdakik.com"],"url":"https:\/\/kibrisdakik.com\/?author=1"}]}},"_links":{"self":[{"href":"https:\/\/kibrisdakik.com\/index.php?rest_route=\/wp\/v2\/posts\/60464","targetHints":{"allow":["GET"]}}],"collection":[{"href":"https:\/\/kibrisdakik.com\/index.php?rest_route=\/wp\/v2\/posts"}],"about":[{"href":"https:\/\/kibrisdakik.com\/index.php?rest_route=\/wp\/v2\/types\/post"}],"author":[{"embeddable":true,"href":"https:\/\/kibrisdakik.com\/index.php?rest_route=\/wp\/v2\/users\/1"}],"replies":[{"embeddable":true,"href":"https:\/\/kibrisdakik.com\/index.php?rest_route=%2Fwp%2Fv2%2Fcomments&post=60464"}],"version-history":[{"count":0,"href":"https:\/\/kibrisdakik.com\/index.php?rest_route=\/wp\/v2\/posts\/60464\/revisions"}],"wp:featuredmedia":[{"embeddable":true,"href":"https:\/\/kibrisdakik.com\/index.php?rest_route=\/wp\/v2\/media\/60465"}],"wp:attachment":[{"href":"https:\/\/kibrisdakik.com\/index.php?rest_route=%2Fwp%2Fv2%2Fmedia&parent=60464"}],"wp:term":[{"taxonomy":"category","embeddable":true,"href":"https:\/\/kibrisdakik.com\/index.php?rest_route=%2Fwp%2Fv2%2Fcategories&post=60464"},{"taxonomy":"post_tag","embeddable":true,"href":"https:\/\/kibrisdakik.com\/index.php?rest_route=%2Fwp%2Fv2%2Ftags&post=60464"}],"curies":[{"name":"wp","href":"https:\/\/api.w.org\/{rel}","templated":true}]}}