{"id":60466,"date":"2024-09-08T11:27:44","date_gmt":"2024-09-08T08:27:44","guid":{"rendered":"https:\/\/kibrisdakik.com\/index.php\/2024\/09\/08\/milli-basketbolcu-ilkan-karaman-trafik-kazasinda-hayatini-kaybetti\/"},"modified":"2024-09-08T11:27:44","modified_gmt":"2024-09-08T08:27:44","slug":"milli-basketbolcu-ilkan-karaman-trafik-kazasinda-hayatini-kaybetti","status":"publish","type":"post","link":"https:\/\/kibrisdakik.com\/?p=60466","title":{"rendered":"Milli Basketbolcu \u0130lkan Karaman, trafik kazas\u0131nda hayat\u0131n\u0131 kaybetti"},"content":{"rendered":"<p><img decoding=\"async\" src=\"https:\/\/foto.haberler.com\/haber\/2024\/09\/08\/milli-basketbolcu-ilkan-karaman-trafik-kazasinda-17798739_4403_amp.jpg\" \/><\/p>\n<div id=\"\">\n<p>Eski milli basketbolcu \u0130lkan Karaman, Mu\u011fla&#8217;n\u0131n Dat\u00e7a il\u00e7esinde ge\u00e7irdi\u011fi trafik kazas\u0131 sonucu 34 ya\u015f\u0131nda hayat\u0131n\u0131 kaybetti. Alkoll\u00fc oldu\u011fu belirtilen bir s\u00fcr\u00fcc\u00fcn\u00fcn kontrol\u00fcndeki ara\u00e7, kald\u0131r\u0131mda bekleyen Karaman&#8217;a \u00e7arpt\u0131. Talihsiz olay\u0131n ard\u0131ndan Karaman, kaza yerinde ya\u015fam\u0131n\u0131 yitirdi.<\/p>\n<p>Dal\u0131\u015f yapmak i\u00e7in Dalaman&#8217;a giden 34 ya\u015f\u0131ndaki Karaman, arkada\u015f\u0131n\u0131n benzin ald\u0131\u011f\u0131 esnada yol kenar\u0131nda beklerken, direksiyon hakimiyetini kaybeden s\u00fcr\u00fcc\u00fcn\u00fcn arac\u0131 kald\u0131r\u0131ma \u00e7\u0131karak Karaman&#8217;a \u00e7arpt\u0131. \u00c7arpman\u0131n etkisiyle arac\u0131n alt\u0131nda kalan Karaman, olay yerinde hayat\u0131n\u0131 kaybetti.<\/p>\n<p>1990 do\u011fumlu olan \u0130lkan Karaman, TOFA\u015e altyap\u0131s\u0131nda yeti\u015fmi\u015f; kariyerinde P\u0131nar Kar\u015f\u0131yaka, Fenerbah\u00e7e, Ac\u0131badem \u00dcniversitesi, Be\u015fikta\u015f, \u0130BB, B\u00fcy\u00fck\u00e7ekmece, Cholet, Antibes, Petkim Spor, Yalovaspor, Manisa BB ve son olarak \u00c7ay\u0131rova Belediyesi formalar\u0131n\u0131 terletmi\u015fti.<\/p>\n<p>Ayn\u0131 zamanda milli tak\u0131m formas\u0131yla da sahaya \u00e7\u0131km\u0131\u015f olan Karaman, T\u00fcrk basketbolunun \u00f6nemli isimleri aras\u0131nda yer al\u0131yordu.<\/p>\n<h3>BE\u015e\u0130KTA\u015e A\u00c7IKLAMA YAPTI<\/h3>\n<p>Karaman&#8217;\u0131n vefat\u0131 hakk\u0131nda a\u00e7\u0131klama yapan Be\u015fikta\u015f, &#8220;2016-2017 sezonunda formam\u0131z\u0131 giymi\u015f milli basketbolcu \u0130lkan Karaman&#8217;\u0131n vefat etti\u011fini b\u00fcy\u00fck bir \u00fcz\u00fcnt\u00fcyle \u00f6\u011frenmi\u015f bulunmaktay\u0131z. \u0130lkan Karaman&#8217;a Allah&#8217;tan rahmet; ailesine, yak\u0131nlar\u0131na ve basketbol camias\u0131na ba\u015fsa\u011fl\u0131\u011f\u0131 dileriz.&#8221; ifadelerini kulland\u0131.<\/p>\n<div class=\"editorSade\">Kaynak: Haberler.com \/  <a href=\"https:\/\/www.haberler.com\/spor\/\" title=\"Spor Haberleri\">Spor<\/a> <\/div>\n<h4 id=\"nwsKeywords\"> <a href=\"https:\/\/www.haberler.com\/basketbol\/\" title=\"Basketbol\" class=\"hbptTag\">Basketbol<\/a> <\/h4>\n<\/div>\n","protected":false},"excerpt":{"rendered":"<p>Eski milli basketbolcu \u0130lkan Karaman, Mu\u011fla&#8217;n\u0131n Dat\u00e7a il\u00e7esinde ge\u00e7irdi\u011fi trafik kazas\u0131 sonucu 34 ya\u015f\u0131nda hayat\u0131n\u0131 kaybetti. Alkoll\u00fc oldu\u011fu belirtilen bir s\u00fcr\u00fcc\u00fcn\u00fcn kontrol\u00fcndeki ara\u00e7, kald\u0131r\u0131mda bekleyen Karaman&#8217;a \u00e7arpt\u0131. Talihsiz olay\u0131n ard\u0131ndan Karaman, kaza yerinde ya\u015fam\u0131n\u0131 yitirdi. Dal\u0131\u015f yapmak i\u00e7in Dalaman&#8217;a giden 34 ya\u015f\u0131ndaki Karaman, arkada\u015f\u0131n\u0131n benzin ald\u0131\u011f\u0131 esnada yol kenar\u0131nda beklerken, direksiyon hakimiyetini kaybeden s\u00fcr\u00fcc\u00fcn\u00fcn arac\u0131<\/p>\n","protected":false},"author":1,"featured_media":60467,"comment_status":"open","ping_status":"open","sticky":false,"template":"","format":"standard","meta":{"footnotes":""},"categories":[83],"tags":[],"class_list":["post-60466","post","type-post","status-publish","format-standard","has-post-thumbnail","hentry","category-magazin"],"yoast_head":"<!-- This site is optimized with the Yoast SEO plugin v27.5 - https:\/\/yoast.com\/product\/yoast-seo-wordpress\/ -->\n<title>Milli Basketbolcu \u0130lkan Karaman, trafik kazas\u0131nda hayat\u0131n\u0131 kaybetti -<\/title>\n<meta name=\"robots\" content=\"index, follow, max-snippet:-1, max-image-preview:large, max-video-preview:-1\" \/>\n<link rel=\"canonical\" href=\"https:\/\/kibrisdakik.com\/?p=60466\" \/>\n<meta property=\"og:locale\" content=\"tr_TR\" \/>\n<meta property=\"og:type\" content=\"article\" \/>\n<meta property=\"og:title\" content=\"Milli Basketbolcu \u0130lkan Karaman, trafik kazas\u0131nda hayat\u0131n\u0131 kaybetti -\" \/>\n<meta property=\"og:description\" content=\"Eski milli basketbolcu \u0130lkan Karaman, Mu\u011fla&#8217;n\u0131n Dat\u00e7a il\u00e7esinde ge\u00e7irdi\u011fi trafik kazas\u0131 sonucu 34 ya\u015f\u0131nda hayat\u0131n\u0131 kaybetti. Alkoll\u00fc oldu\u011fu belirtilen bir s\u00fcr\u00fcc\u00fcn\u00fcn kontrol\u00fcndeki ara\u00e7, kald\u0131r\u0131mda bekleyen Karaman&#8217;a \u00e7arpt\u0131. Talihsiz olay\u0131n ard\u0131ndan Karaman, kaza yerinde ya\u015fam\u0131n\u0131 yitirdi. Dal\u0131\u015f yapmak i\u00e7in Dalaman&#8217;a giden 34 ya\u015f\u0131ndaki Karaman, arkada\u015f\u0131n\u0131n benzin ald\u0131\u011f\u0131 esnada yol kenar\u0131nda beklerken, direksiyon hakimiyetini kaybeden s\u00fcr\u00fcc\u00fcn\u00fcn arac\u0131\" \/>\n<meta property=\"og:url\" content=\"https:\/\/kibrisdakik.com\/?p=60466\" \/>\n<meta property=\"article:published_time\" content=\"2024-09-08T08:27:44+00:00\" \/>\n<meta property=\"og:image\" content=\"https:\/\/kibrisdakik.com\/wp-content\/uploads\/2024\/09\/milli-basketbolcu-ilkan-karaman-trafik-kazasinda-17798739_4403_amp.jpg\" \/>\n\t<meta property=\"og:image:width\" content=\"1202\" \/>\n\t<meta property=\"og:image:height\" content=\"675\" \/>\n\t<meta property=\"og:image:type\" content=\"image\/jpeg\" \/>\n<meta name=\"author\" content=\"admin\" \/>\n<meta name=\"twitter:card\" content=\"summary_large_image\" \/>\n<meta name=\"twitter:label1\" content=\"Yazan:\" \/>\n\t<meta name=\"twitter:data1\" content=\"admin\" \/>\n\t<meta name=\"twitter:label2\" content=\"Tahmini okuma s\u00fcresi\" \/>\n\t<meta name=\"twitter:data2\" content=\"1 dakika\" \/>\n<script type=\"application\/ld+json\" class=\"yoast-schema-graph\">{\"@context\":\"https:\\\/\\\/schema.org\",\"@graph\":[{\"@type\":\"Article\",\"@id\":\"https:\\\/\\\/kibrisdakik.com\\\/?p=60466#article\",\"isPartOf\":{\"@id\":\"https:\\\/\\\/kibrisdakik.com\\\/?p=60466\"},\"author\":{\"name\":\"admin\",\"@id\":\"https:\\\/\\\/kibrisdakik.com\\\/#\\\/schema\\\/person\\\/9cd9d437bbb44f72b73ba127e06d8e79\"},\"headline\":\"Milli Basketbolcu \u0130lkan Karaman, trafik kazas\u0131nda hayat\u0131n\u0131 kaybetti\",\"datePublished\":\"2024-09-08T08:27:44+00:00\",\"mainEntityOfPage\":{\"@id\":\"https:\\\/\\\/kibrisdakik.com\\\/?p=60466\"},\"wordCount\":240,\"commentCount\":0,\"image\":{\"@id\":\"https:\\\/\\\/kibrisdakik.com\\\/?p=60466#primaryimage\"},\"thumbnailUrl\":\"https:\\\/\\\/kibrisdakik.com\\\/wp-content\\\/uploads\\\/2024\\\/09\\\/milli-basketbolcu-ilkan-karaman-trafik-kazasinda-17798739_4403_amp.jpg\",\"articleSection\":[\"Magazin\"],\"inLanguage\":\"tr\",\"potentialAction\":[{\"@type\":\"CommentAction\",\"name\":\"Comment\",\"target\":[\"https:\\\/\\\/kibrisdakik.com\\\/?p=60466#respond\"]}]},{\"@type\":\"WebPage\",\"@id\":\"https:\\\/\\\/kibrisdakik.com\\\/?p=60466\",\"url\":\"https:\\\/\\\/kibrisdakik.com\\\/?p=60466\",\"name\":\"Milli Basketbolcu \u0130lkan Karaman, trafik kazas\u0131nda hayat\u0131n\u0131 kaybetti -\",\"isPartOf\":{\"@id\":\"https:\\\/\\\/kibrisdakik.com\\\/#website\"},\"primaryImageOfPage\":{\"@id\":\"https:\\\/\\\/kibrisdakik.com\\\/?p=60466#primaryimage\"},\"image\":{\"@id\":\"https:\\\/\\\/kibrisdakik.com\\\/?p=60466#primaryimage\"},\"thumbnailUrl\":\"https:\\\/\\\/kibrisdakik.com\\\/wp-content\\\/uploads\\\/2024\\\/09\\\/milli-basketbolcu-ilkan-karaman-trafik-kazasinda-17798739_4403_amp.jpg\",\"datePublished\":\"2024-09-08T08:27:44+00:00\",\"author\":{\"@id\":\"https:\\\/\\\/kibrisdakik.com\\\/#\\\/schema\\\/person\\\/9cd9d437bbb44f72b73ba127e06d8e79\"},\"breadcrumb\":{\"@id\":\"https:\\\/\\\/kibrisdakik.com\\\/?p=60466#breadcrumb\"},\"inLanguage\":\"tr\",\"potentialAction\":[{\"@type\":\"ReadAction\",\"target\":[\"https:\\\/\\\/kibrisdakik.com\\\/?p=60466\"]}]},{\"@type\":\"ImageObject\",\"inLanguage\":\"tr\",\"@id\":\"https:\\\/\\\/kibrisdakik.com\\\/?p=60466#primaryimage\",\"url\":\"https:\\\/\\\/kibrisdakik.com\\\/wp-content\\\/uploads\\\/2024\\\/09\\\/milli-basketbolcu-ilkan-karaman-trafik-kazasinda-17798739_4403_amp.jpg\",\"contentUrl\":\"https:\\\/\\\/kibrisdakik.com\\\/wp-content\\\/uploads\\\/2024\\\/09\\\/milli-basketbolcu-ilkan-karaman-trafik-kazasinda-17798739_4403_amp.jpg\",\"width\":1202,\"height\":675},{\"@type\":\"BreadcrumbList\",\"@id\":\"https:\\\/\\\/kibrisdakik.com\\\/?p=60466#breadcrumb\",\"itemListElement\":[{\"@type\":\"ListItem\",\"position\":1,\"name\":\"Home\",\"item\":\"https:\\\/\\\/kibrisdakik.com\\\/\"},{\"@type\":\"ListItem\",\"position\":2,\"name\":\"Milli Basketbolcu \u0130lkan Karaman, trafik kazas\u0131nda hayat\u0131n\u0131 kaybetti\"}]},{\"@type\":\"WebSite\",\"@id\":\"https:\\\/\\\/kibrisdakik.com\\\/#website\",\"url\":\"https:\\\/\\\/kibrisdakik.com\\\/\",\"name\":\"\",\"description\":\"Tam vaktinde haber\",\"potentialAction\":[{\"@type\":\"SearchAction\",\"target\":{\"@type\":\"EntryPoint\",\"urlTemplate\":\"https:\\\/\\\/kibrisdakik.com\\\/?s={search_term_string}\"},\"query-input\":{\"@type\":\"PropertyValueSpecification\",\"valueRequired\":true,\"valueName\":\"search_term_string\"}}],\"inLanguage\":\"tr\"},{\"@type\":\"Person\",\"@id\":\"https:\\\/\\\/kibrisdakik.com\\\/#\\\/schema\\\/person\\\/9cd9d437bbb44f72b73ba127e06d8e79\",\"name\":\"admin\",\"image\":{\"@type\":\"ImageObject\",\"inLanguage\":\"tr\",\"@id\":\"https:\\\/\\\/secure.gravatar.com\\\/avatar\\\/ccc17943b9d660506c869530f897617f7cb1c21a4bf30023f252596d83e1f007?s=96&d=mm&r=g\",\"url\":\"https:\\\/\\\/secure.gravatar.com\\\/avatar\\\/ccc17943b9d660506c869530f897617f7cb1c21a4bf30023f252596d83e1f007?s=96&d=mm&r=g\",\"contentUrl\":\"https:\\\/\\\/secure.gravatar.com\\\/avatar\\\/ccc17943b9d660506c869530f897617f7cb1c21a4bf30023f252596d83e1f007?s=96&d=mm&r=g\",\"caption\":\"admin\"},\"sameAs\":[\"https:\\\/\\\/kibrisdakik.com\"],\"url\":\"https:\\\/\\\/kibrisdakik.com\\\/?author=1\"}]}<\/script>\n<!-- \/ Yoast SEO plugin. -->","yoast_head_json":{"title":"Milli Basketbolcu \u0130lkan Karaman, trafik kazas\u0131nda hayat\u0131n\u0131 kaybetti -","robots":{"index":"index","follow":"follow","max-snippet":"max-snippet:-1","max-image-preview":"max-image-preview:large","max-video-preview":"max-video-preview:-1"},"canonical":"https:\/\/kibrisdakik.com\/?p=60466","og_locale":"tr_TR","og_type":"article","og_title":"Milli Basketbolcu \u0130lkan Karaman, trafik kazas\u0131nda hayat\u0131n\u0131 kaybetti -","og_description":"Eski milli basketbolcu \u0130lkan Karaman, Mu\u011fla&#8217;n\u0131n Dat\u00e7a il\u00e7esinde ge\u00e7irdi\u011fi trafik kazas\u0131 sonucu 34 ya\u015f\u0131nda hayat\u0131n\u0131 kaybetti. Alkoll\u00fc oldu\u011fu belirtilen bir s\u00fcr\u00fcc\u00fcn\u00fcn kontrol\u00fcndeki ara\u00e7, kald\u0131r\u0131mda bekleyen Karaman&#8217;a \u00e7arpt\u0131. Talihsiz olay\u0131n ard\u0131ndan Karaman, kaza yerinde ya\u015fam\u0131n\u0131 yitirdi. Dal\u0131\u015f yapmak i\u00e7in Dalaman&#8217;a giden 34 ya\u015f\u0131ndaki Karaman, arkada\u015f\u0131n\u0131n benzin ald\u0131\u011f\u0131 esnada yol kenar\u0131nda beklerken, direksiyon hakimiyetini kaybeden s\u00fcr\u00fcc\u00fcn\u00fcn arac\u0131","og_url":"https:\/\/kibrisdakik.com\/?p=60466","article_published_time":"2024-09-08T08:27:44+00:00","og_image":[{"width":1202,"height":675,"url":"https:\/\/kibrisdakik.com\/wp-content\/uploads\/2024\/09\/milli-basketbolcu-ilkan-karaman-trafik-kazasinda-17798739_4403_amp.jpg","type":"image\/jpeg"}],"author":"admin","twitter_card":"summary_large_image","twitter_misc":{"Yazan:":"admin","Tahmini okuma s\u00fcresi":"1 dakika"},"schema":{"@context":"https:\/\/schema.org","@graph":[{"@type":"Article","@id":"https:\/\/kibrisdakik.com\/?p=60466#article","isPartOf":{"@id":"https:\/\/kibrisdakik.com\/?p=60466"},"author":{"name":"admin","@id":"https:\/\/kibrisdakik.com\/#\/schema\/person\/9cd9d437bbb44f72b73ba127e06d8e79"},"headline":"Milli Basketbolcu \u0130lkan Karaman, trafik kazas\u0131nda hayat\u0131n\u0131 kaybetti","datePublished":"2024-09-08T08:27:44+00:00","mainEntityOfPage":{"@id":"https:\/\/kibrisdakik.com\/?p=60466"},"wordCount":240,"commentCount":0,"image":{"@id":"https:\/\/kibrisdakik.com\/?p=60466#primaryimage"},"thumbnailUrl":"https:\/\/kibrisdakik.com\/wp-content\/uploads\/2024\/09\/milli-basketbolcu-ilkan-karaman-trafik-kazasinda-17798739_4403_amp.jpg","articleSection":["Magazin"],"inLanguage":"tr","potentialAction":[{"@type":"CommentAction","name":"Comment","target":["https:\/\/kibrisdakik.com\/?p=60466#respond"]}]},{"@type":"WebPage","@id":"https:\/\/kibrisdakik.com\/?p=60466","url":"https:\/\/kibrisdakik.com\/?p=60466","name":"Milli Basketbolcu \u0130lkan Karaman, trafik kazas\u0131nda hayat\u0131n\u0131 kaybetti -","isPartOf":{"@id":"https:\/\/kibrisdakik.com\/#website"},"primaryImageOfPage":{"@id":"https:\/\/kibrisdakik.com\/?p=60466#primaryimage"},"image":{"@id":"https:\/\/kibrisdakik.com\/?p=60466#primaryimage"},"thumbnailUrl":"https:\/\/kibrisdakik.com\/wp-content\/uploads\/2024\/09\/milli-basketbolcu-ilkan-karaman-trafik-kazasinda-17798739_4403_amp.jpg","datePublished":"2024-09-08T08:27:44+00:00","author":{"@id":"https:\/\/kibrisdakik.com\/#\/schema\/person\/9cd9d437bbb44f72b73ba127e06d8e79"},"breadcrumb":{"@id":"https:\/\/kibrisdakik.com\/?p=60466#breadcrumb"},"inLanguage":"tr","potentialAction":[{"@type":"ReadAction","target":["https:\/\/kibrisdakik.com\/?p=60466"]}]},{"@type":"ImageObject","inLanguage":"tr","@id":"https:\/\/kibrisdakik.com\/?p=60466#primaryimage","url":"https:\/\/kibrisdakik.com\/wp-content\/uploads\/2024\/09\/milli-basketbolcu-ilkan-karaman-trafik-kazasinda-17798739_4403_amp.jpg","contentUrl":"https:\/\/kibrisdakik.com\/wp-content\/uploads\/2024\/09\/milli-basketbolcu-ilkan-karaman-trafik-kazasinda-17798739_4403_amp.jpg","width":1202,"height":675},{"@type":"BreadcrumbList","@id":"https:\/\/kibrisdakik.com\/?p=60466#breadcrumb","itemListElement":[{"@type":"ListItem","position":1,"name":"Home","item":"https:\/\/kibrisdakik.com\/"},{"@type":"ListItem","position":2,"name":"Milli Basketbolcu \u0130lkan Karaman, trafik kazas\u0131nda hayat\u0131n\u0131 kaybetti"}]},{"@type":"WebSite","@id":"https:\/\/kibrisdakik.com\/#website","url":"https:\/\/kibrisdakik.com\/","name":"","description":"Tam vaktinde haber","potentialAction":[{"@type":"SearchAction","target":{"@type":"EntryPoint","urlTemplate":"https:\/\/kibrisdakik.com\/?s={search_term_string}"},"query-input":{"@type":"PropertyValueSpecification","valueRequired":true,"valueName":"search_term_string"}}],"inLanguage":"tr"},{"@type":"Person","@id":"https:\/\/kibrisdakik.com\/#\/schema\/person\/9cd9d437bbb44f72b73ba127e06d8e79","name":"admin","image":{"@type":"ImageObject","inLanguage":"tr","@id":"https:\/\/secure.gravatar.com\/avatar\/ccc17943b9d660506c869530f897617f7cb1c21a4bf30023f252596d83e1f007?s=96&d=mm&r=g","url":"https:\/\/secure.gravatar.com\/avatar\/ccc17943b9d660506c869530f897617f7cb1c21a4bf30023f252596d83e1f007?s=96&d=mm&r=g","contentUrl":"https:\/\/secure.gravatar.com\/avatar\/ccc17943b9d660506c869530f897617f7cb1c21a4bf30023f252596d83e1f007?s=96&d=mm&r=g","caption":"admin"},"sameAs":["https:\/\/kibrisdakik.com"],"url":"https:\/\/kibrisdakik.com\/?author=1"}]}},"_links":{"self":[{"href":"https:\/\/kibrisdakik.com\/index.php?rest_route=\/wp\/v2\/posts\/60466","targetHints":{"allow":["GET"]}}],"collection":[{"href":"https:\/\/kibrisdakik.com\/index.php?rest_route=\/wp\/v2\/posts"}],"about":[{"href":"https:\/\/kibrisdakik.com\/index.php?rest_route=\/wp\/v2\/types\/post"}],"author":[{"embeddable":true,"href":"https:\/\/kibrisdakik.com\/index.php?rest_route=\/wp\/v2\/users\/1"}],"replies":[{"embeddable":true,"href":"https:\/\/kibrisdakik.com\/index.php?rest_route=%2Fwp%2Fv2%2Fcomments&post=60466"}],"version-history":[{"count":0,"href":"https:\/\/kibrisdakik.com\/index.php?rest_route=\/wp\/v2\/posts\/60466\/revisions"}],"wp:featuredmedia":[{"embeddable":true,"href":"https:\/\/kibrisdakik.com\/index.php?rest_route=\/wp\/v2\/media\/60467"}],"wp:attachment":[{"href":"https:\/\/kibrisdakik.com\/index.php?rest_route=%2Fwp%2Fv2%2Fmedia&parent=60466"}],"wp:term":[{"taxonomy":"category","embeddable":true,"href":"https:\/\/kibrisdakik.com\/index.php?rest_route=%2Fwp%2Fv2%2Fcategories&post=60466"},{"taxonomy":"post_tag","embeddable":true,"href":"https:\/\/kibrisdakik.com\/index.php?rest_route=%2Fwp%2Fv2%2Ftags&post=60466"}],"curies":[{"name":"wp","href":"https:\/\/api.w.org\/{rel}","templated":true}]}}