{"id":60500,"date":"2024-09-08T14:30:37","date_gmt":"2024-09-08T11:30:37","guid":{"rendered":"https:\/\/kibrisdakik.com\/index.php\/2024\/09\/08\/sehit-piyade-er-allahverdi-kilic-anildi\/"},"modified":"2024-09-08T14:30:37","modified_gmt":"2024-09-08T11:30:37","slug":"sehit-piyade-er-allahverdi-kilic-anildi","status":"publish","type":"post","link":"https:\/\/kibrisdakik.com\/?p=60500","title":{"rendered":"\u015eehit Piyade Er Allahverdi K\u0131l\u0131\u00e7 an\u0131ld\u0131"},"content":{"rendered":"<div>\n<div class=\"mariselle-image-container center\">\n                                            <\/div>\n<p>Piyade Er. Allahverdi K\u0131l\u0131\u00e7, \u015eehit edildi\u011fi G\u00fcvercinlik k\u00f6y\u00fcndeki n\u00f6bet kul\u00fcbesi \u00f6n\u00fcnde ger\u00e7ekle\u015ftirilen t\u00f6renle an\u0131ld\u0131. <\/p>\n<p>Allahverdi K\u0131l\u0131\u00e7\u2019\u0131n n\u00f6bet kul\u00fcbesine \u00e7elenklerin konmas\u0131yla ba\u015flayan t\u00f6ren, Sayg\u0131 Duru\u015funda bulunulmas\u0131 ve \u0130stiklal Mar\u015f\u0131\u2019n\u0131n okunmas\u0131yla devam etti.<\/p>\n<p>T\u00f6rende konu\u015fan 4\u2019\u00fcnc\u00fc Piyade Alay Komutanl\u0131\u011f\u0131\u2019ndan Piyade \u00dcstte\u011fmen Halil Dalk\u0131l\u0131\u00e7, K\u0131br\u0131s T\u00fcrk m\u00fccahidinin d\u00fc\u015fmanlara kar\u015f\u0131 en \u015ferefli m\u00fccadeleyi verdi\u011fini vurgulayarak \u201cGerekirse Vatan\u0131m\u0131z, Bayra\u011f\u0131m\u0131z ve \u00d6zg\u00fcrl\u00fc\u011f\u00fcm\u00fcz u\u011fruna daha nice Allahverdi K\u0131l\u0131\u00e7lar\u0131 \u015eehit verece\u011fimizden kimsenin \u015f\u00fcphesi olmas\u0131n\u201d dedi.<\/p>\n<p>Dalk\u0131l\u0131\u00e7 \u201cBizler Allahverdi K\u0131l\u0131\u00e7 gibi milletimize ve Cumhuriyetimize do\u011fruluk ve muhabbetle hizmet i\u00e7in yemin ettik\u201d diyerek bu kutsal yemine son nefeslerine kadar sad\u0131k kalacaklar\u0131n\u0131n alt\u0131n\u0131 \u00e7izdi. <\/p>\n<p> \u201cT\u00fcm d\u00fcnya bilsin ki y\u0131llard\u0131r s\u00fcr\u00fcp giden Rum propagandas\u0131 kar\u015f\u0131s\u0131nda karars\u0131zl\u0131k g\u00f6stermeyece\u011fiz\u201d diyen Dalk\u0131l\u0131\u00e7, \u00f6l\u00fcrsek \u015fehit, kal\u0131rsak gazi oluruz anlay\u0131\u015f\u0131 ile hareket etmeye devam edeceklerine vurgu yapt\u0131.<\/p>\n<p>\u015eehit Aileleri ve Malul Gaziler Derne\u011fi Genel Ba\u015fkan\u0131 G\u00fcrsel Benan da \u015fehitlere seslenerek \u201cEmanetiniz Emanetimizdir\u201d dedi.<\/p>\n<p>Benan, \u015fehitlerin sahip \u00e7\u0131kt\u0131\u011f\u0131 gibi K\u0131br\u0131s T\u00fcrk halk\u0131n\u0131n da bu vatana sahip \u00e7\u0131kaca\u011f\u0131n\u0131n alt\u0131n\u0131 \u00e7izerek, \u00d6zg\u00fcrl\u00fck ve ba\u011f\u0131ms\u0131zl\u0131k u\u011fruna m\u00fccadelenin K\u0131br\u0131s T\u00fcrk\u00fc\u2019n\u00fcn asli g\u00f6revi oldu\u011funu belirtti . <\/p>\n<p>Anavatan T\u00fcrkiye\u2019nin sayesinde 20 Temmuz 1974\u2019ten bu yana K\u0131br\u0131s T\u00fcrk\u00fc\u2019n\u00fcn kendi kaderini tayin etme hakk\u0131n\u0131n var oldu\u011funu dile getiren Benan, bundan sonra da Rum propagandalar\u0131na kar\u015f\u0131 asla karars\u0131zl\u0131k g\u00f6sterilmeyece\u011fini, birlik ve beraberlik i\u00e7erisinde vatan topraklar\u0131na sahip \u00e7\u0131k\u0131laca\u011f\u0131n\u0131 ifade etti. <\/p>\n<p>T\u00f6rende Cumhurba\u015fkan\u0131 Ersin Tatar da konu\u015fma yapt\u0131.<\/p>\n<div class=\"mariselle-image-container center\">\n                <img loading=\"lazy\" decoding=\"async\" width=\"1600\" height=\"1066\" class=\"lazy-image\" alt=\"\" sizes=\"auto, (max-width: 1600px) 100vw, 1600px\" src=\"https:\/\/brtk.net\/wp-content\/uploads\/2024\/09\/08\/whatsapp-image-2024-09-08-at-12-26-02-1-.jpeg?ver=a1677e58cdcfaa007c512351df861c1d\" srcset=\"https:\/\/brtk.net\/wp-content\/uploads\/2024\/09\/08\/whatsapp-image-2024-09-08-at-12-26-02-1-.jpeg?ver=a1677e58cdcfaa007c512351df861c1d 1600w, https:\/\/brtk.net\/wp-content\/uploads\/2024\/09\/08\/whatsapp-image-2024-09-08-at-12-26-02-1--300x200.jpeg?ver=c60c5140eea7f2b91158af95f3c63b28 300w, https:\/\/brtk.net\/wp-content\/uploads\/2024\/09\/08\/whatsapp-image-2024-09-08-at-12-26-02-1--1024x682.jpeg?ver=c60c5140eea7f2b91158af95f3c63b28 1024w, https:\/\/brtk.net\/wp-content\/uploads\/2024\/09\/08\/whatsapp-image-2024-09-08-at-12-26-02-1--768x512.jpeg?ver=c60c5140eea7f2b91158af95f3c63b28 768w, https:\/\/brtk.net\/wp-content\/uploads\/2024\/09\/08\/whatsapp-image-2024-09-08-at-12-26-02-1--1536x1023.jpeg?ver=9af622e40e35ec15bebe97cce8e637cd 1536w\"\/>                            <\/div>\n<p>Tatar, \u015eehit Allahverdi K\u0131l\u0131\u00e7\u2019a s\u0131k\u0131lm\u0131\u015f kur\u015funun asl\u0131nda Kuzey K\u0131br\u0131s T\u00fcrk Cumhuriyeti\u2019ne s\u0131k\u0131lm\u0131\u015f bir kur\u015fun oldu\u011funu belirtti.<\/p>\n<p>Tatar \u201cKKTC K\u0131br\u0131s T\u00fcrk halk\u0131n\u0131n ba\u011f\u0131ms\u0131zl\u0131\u011f\u0131n\u0131n, \u00f6zg\u00fcrl\u00fc\u011f\u00fcn\u00fcn, h\u00fcrriyetinin bir ifadesidir\u201d diyerek, \u00fclkenin Do\u011fu Akdeniz\u2019de b\u00f6lgenin en b\u00fcy\u00fck ve en g\u00fc\u00e7l\u00fc \u00fclkesi olarak ve de ba\u011f\u0131ms\u0131z bir T\u00fcrk devleti olarak varl\u0131\u011f\u0131n\u0131 devam ettirdi\u011fini an\u0131msatt\u0131. <\/p>\n<p>Kuzey K\u0131br\u0131s T\u00fcrk Cumhuriyeti\u2019nin hem K\u0131br\u0131s T\u00fcrk\u00fcn\u00fcn hem de b\u00fct\u00fcn T\u00fcrk d\u00fcnyas\u0131n\u0131n Akdeniz\u2019e a\u00e7\u0131lan penceresi oldu\u011funu ifade eden Tatar, bunun bar\u0131\u015f, huzur ve g\u00fcvenlik a\u00e7\u0131s\u0131ndan b\u00fcy\u00fck \u00f6nem ta\u015f\u0131d\u0131\u011f\u0131n\u0131 s\u00f6yledi\u2026 <\/p>\n<p>Bug\u00fcnlerde K\u0131br\u0131s T\u00fcrk\u00fc \u00fczerinde, T\u00fcrk askerinin adadan \u00e7ekilmesi d\u00fc\u015f\u00fcncesiyle \u00e7e\u015fitli oynanmaya \u00e7al\u0131\u015f\u0131lan oyunlar\u0131n var oldu\u011funa da dikkat \u00e7eken Tatar, bunun m\u00fcmk\u00fcn olmad\u0131\u011f\u0131n\u0131, K\u0131br\u0131s T\u00fcrk halk\u0131n\u0131n birlik beraberlik i\u00e7inde, Anavatan T\u00fcrkiye\u2019nin de deste\u011fiyle bu oyunlara son verdi\u011fini kaydetti.<br \/>Tatar, K\u0131br\u0131s\u2019ta bir anla\u015fma olacaksa mutlaka egemenlik haklar\u0131n\u0131n tan\u0131nmas\u0131 ve iki devletli \u00e7\u00f6z\u00fcmle m\u00fcmk\u00fcn olabilece\u011fini vurgulayarak , \u201cKKTC kal\u0131c\u0131d\u0131r ve egemenli\u011fimizin bir ifadesidir\u201d dedi.<\/p>\n<\/p><\/div>\n<p><script async\n                    defer\n                    crossorigin=\"anonymous\"\n                    src=\"https:\/\/connect.facebook.net\/tr_TR\/sdk.js#xfbml=1&#038;version=v3.3\"\n            ><\/script><\/p>\n","protected":false},"excerpt":{"rendered":"<p>Piyade Er. Allahverdi K\u0131l\u0131\u00e7, \u015eehit edildi\u011fi G\u00fcvercinlik k\u00f6y\u00fcndeki n\u00f6bet kul\u00fcbesi \u00f6n\u00fcnde ger\u00e7ekle\u015ftirilen t\u00f6renle an\u0131ld\u0131. Allahverdi K\u0131l\u0131\u00e7\u2019\u0131n n\u00f6bet kul\u00fcbesine \u00e7elenklerin konmas\u0131yla ba\u015flayan t\u00f6ren, Sayg\u0131 Duru\u015funda bulunulmas\u0131 ve \u0130stiklal Mar\u015f\u0131\u2019n\u0131n okunmas\u0131yla devam etti. T\u00f6rende konu\u015fan 4\u2019\u00fcnc\u00fc Piyade Alay Komutanl\u0131\u011f\u0131\u2019ndan Piyade \u00dcstte\u011fmen Halil Dalk\u0131l\u0131\u00e7, K\u0131br\u0131s T\u00fcrk m\u00fccahidinin d\u00fc\u015fmanlara kar\u015f\u0131 en \u015ferefli m\u00fccadeleyi verdi\u011fini vurgulayarak \u201cGerekirse Vatan\u0131m\u0131z, Bayra\u011f\u0131m\u0131z ve<\/p>\n","protected":false},"author":1,"featured_media":60501,"comment_status":"open","ping_status":"open","sticky":false,"template":"","format":"standard","meta":{"footnotes":""},"categories":[81],"tags":[],"class_list":["post-60500","post","type-post","status-publish","format-standard","has-post-thumbnail","hentry","category-kibris"],"yoast_head":"<!-- This site is optimized with the Yoast SEO plugin v27.5 - https:\/\/yoast.com\/product\/yoast-seo-wordpress\/ -->\n<title>\u015eehit Piyade Er Allahverdi K\u0131l\u0131\u00e7 an\u0131ld\u0131 -<\/title>\n<meta name=\"robots\" content=\"index, follow, max-snippet:-1, max-image-preview:large, max-video-preview:-1\" \/>\n<link rel=\"canonical\" href=\"https:\/\/kibrisdakik.com\/?p=60500\" \/>\n<meta property=\"og:locale\" content=\"tr_TR\" \/>\n<meta property=\"og:type\" content=\"article\" \/>\n<meta property=\"og:title\" content=\"\u015eehit Piyade Er Allahverdi K\u0131l\u0131\u00e7 an\u0131ld\u0131 -\" \/>\n<meta property=\"og:description\" content=\"Piyade Er. Allahverdi K\u0131l\u0131\u00e7, \u015eehit edildi\u011fi G\u00fcvercinlik k\u00f6y\u00fcndeki n\u00f6bet kul\u00fcbesi \u00f6n\u00fcnde ger\u00e7ekle\u015ftirilen t\u00f6renle an\u0131ld\u0131. Allahverdi K\u0131l\u0131\u00e7\u2019\u0131n n\u00f6bet kul\u00fcbesine \u00e7elenklerin konmas\u0131yla ba\u015flayan t\u00f6ren, Sayg\u0131 Duru\u015funda bulunulmas\u0131 ve \u0130stiklal Mar\u015f\u0131\u2019n\u0131n okunmas\u0131yla devam etti. T\u00f6rende konu\u015fan 4\u2019\u00fcnc\u00fc Piyade Alay Komutanl\u0131\u011f\u0131\u2019ndan Piyade \u00dcstte\u011fmen Halil Dalk\u0131l\u0131\u00e7, K\u0131br\u0131s T\u00fcrk m\u00fccahidinin d\u00fc\u015fmanlara kar\u015f\u0131 en \u015ferefli m\u00fccadeleyi verdi\u011fini vurgulayarak \u201cGerekirse Vatan\u0131m\u0131z, Bayra\u011f\u0131m\u0131z ve\" \/>\n<meta property=\"og:url\" content=\"https:\/\/kibrisdakik.com\/?p=60500\" \/>\n<meta property=\"article:published_time\" content=\"2024-09-08T11:30:37+00:00\" \/>\n<meta property=\"og:image\" content=\"https:\/\/kibrisdakik.com\/wp-content\/uploads\/2024\/09\/whatsapp-image-2024-09-08-at-12-26-02-740x420.jpeg\" \/>\n\t<meta property=\"og:image:width\" content=\"1600\" \/>\n\t<meta property=\"og:image:height\" content=\"1066\" \/>\n\t<meta property=\"og:image:type\" content=\"image\/jpeg\" \/>\n<meta name=\"author\" content=\"admin\" \/>\n<meta name=\"twitter:card\" content=\"summary_large_image\" \/>\n<meta name=\"twitter:label1\" content=\"Yazan:\" \/>\n\t<meta name=\"twitter:data1\" content=\"admin\" \/>\n\t<meta name=\"twitter:label2\" content=\"Tahmini okuma s\u00fcresi\" \/>\n\t<meta name=\"twitter:data2\" content=\"3 dakika\" \/>\n<script type=\"application\/ld+json\" class=\"yoast-schema-graph\">{\"@context\":\"https:\\\/\\\/schema.org\",\"@graph\":[{\"@type\":\"Article\",\"@id\":\"https:\\\/\\\/kibrisdakik.com\\\/?p=60500#article\",\"isPartOf\":{\"@id\":\"https:\\\/\\\/kibrisdakik.com\\\/?p=60500\"},\"author\":{\"name\":\"admin\",\"@id\":\"https:\\\/\\\/kibrisdakik.com\\\/#\\\/schema\\\/person\\\/9cd9d437bbb44f72b73ba127e06d8e79\"},\"headline\":\"\u015eehit Piyade Er Allahverdi K\u0131l\u0131\u00e7 an\u0131ld\u0131\",\"datePublished\":\"2024-09-08T11:30:37+00:00\",\"mainEntityOfPage\":{\"@id\":\"https:\\\/\\\/kibrisdakik.com\\\/?p=60500\"},\"wordCount\":573,\"commentCount\":0,\"image\":{\"@id\":\"https:\\\/\\\/kibrisdakik.com\\\/?p=60500#primaryimage\"},\"thumbnailUrl\":\"https:\\\/\\\/kibrisdakik.com\\\/wp-content\\\/uploads\\\/2024\\\/09\\\/whatsapp-image-2024-09-08-at-12-26-02-740x420.jpeg\",\"articleSection\":[\"K\u0131br\u0131s\"],\"inLanguage\":\"tr\",\"potentialAction\":[{\"@type\":\"CommentAction\",\"name\":\"Comment\",\"target\":[\"https:\\\/\\\/kibrisdakik.com\\\/?p=60500#respond\"]}]},{\"@type\":\"WebPage\",\"@id\":\"https:\\\/\\\/kibrisdakik.com\\\/?p=60500\",\"url\":\"https:\\\/\\\/kibrisdakik.com\\\/?p=60500\",\"name\":\"\u015eehit Piyade Er Allahverdi K\u0131l\u0131\u00e7 an\u0131ld\u0131 -\",\"isPartOf\":{\"@id\":\"https:\\\/\\\/kibrisdakik.com\\\/#website\"},\"primaryImageOfPage\":{\"@id\":\"https:\\\/\\\/kibrisdakik.com\\\/?p=60500#primaryimage\"},\"image\":{\"@id\":\"https:\\\/\\\/kibrisdakik.com\\\/?p=60500#primaryimage\"},\"thumbnailUrl\":\"https:\\\/\\\/kibrisdakik.com\\\/wp-content\\\/uploads\\\/2024\\\/09\\\/whatsapp-image-2024-09-08-at-12-26-02-740x420.jpeg\",\"datePublished\":\"2024-09-08T11:30:37+00:00\",\"author\":{\"@id\":\"https:\\\/\\\/kibrisdakik.com\\\/#\\\/schema\\\/person\\\/9cd9d437bbb44f72b73ba127e06d8e79\"},\"breadcrumb\":{\"@id\":\"https:\\\/\\\/kibrisdakik.com\\\/?p=60500#breadcrumb\"},\"inLanguage\":\"tr\",\"potentialAction\":[{\"@type\":\"ReadAction\",\"target\":[\"https:\\\/\\\/kibrisdakik.com\\\/?p=60500\"]}]},{\"@type\":\"ImageObject\",\"inLanguage\":\"tr\",\"@id\":\"https:\\\/\\\/kibrisdakik.com\\\/?p=60500#primaryimage\",\"url\":\"https:\\\/\\\/kibrisdakik.com\\\/wp-content\\\/uploads\\\/2024\\\/09\\\/whatsapp-image-2024-09-08-at-12-26-02-740x420.jpeg\",\"contentUrl\":\"https:\\\/\\\/kibrisdakik.com\\\/wp-content\\\/uploads\\\/2024\\\/09\\\/whatsapp-image-2024-09-08-at-12-26-02-740x420.jpeg\",\"width\":1600,\"height\":1066},{\"@type\":\"BreadcrumbList\",\"@id\":\"https:\\\/\\\/kibrisdakik.com\\\/?p=60500#breadcrumb\",\"itemListElement\":[{\"@type\":\"ListItem\",\"position\":1,\"name\":\"Home\",\"item\":\"https:\\\/\\\/kibrisdakik.com\\\/\"},{\"@type\":\"ListItem\",\"position\":2,\"name\":\"\u015eehit Piyade Er Allahverdi K\u0131l\u0131\u00e7 an\u0131ld\u0131\"}]},{\"@type\":\"WebSite\",\"@id\":\"https:\\\/\\\/kibrisdakik.com\\\/#website\",\"url\":\"https:\\\/\\\/kibrisdakik.com\\\/\",\"name\":\"\",\"description\":\"Tam vaktinde haber\",\"potentialAction\":[{\"@type\":\"SearchAction\",\"target\":{\"@type\":\"EntryPoint\",\"urlTemplate\":\"https:\\\/\\\/kibrisdakik.com\\\/?s={search_term_string}\"},\"query-input\":{\"@type\":\"PropertyValueSpecification\",\"valueRequired\":true,\"valueName\":\"search_term_string\"}}],\"inLanguage\":\"tr\"},{\"@type\":\"Person\",\"@id\":\"https:\\\/\\\/kibrisdakik.com\\\/#\\\/schema\\\/person\\\/9cd9d437bbb44f72b73ba127e06d8e79\",\"name\":\"admin\",\"image\":{\"@type\":\"ImageObject\",\"inLanguage\":\"tr\",\"@id\":\"https:\\\/\\\/secure.gravatar.com\\\/avatar\\\/ccc17943b9d660506c869530f897617f7cb1c21a4bf30023f252596d83e1f007?s=96&d=mm&r=g\",\"url\":\"https:\\\/\\\/secure.gravatar.com\\\/avatar\\\/ccc17943b9d660506c869530f897617f7cb1c21a4bf30023f252596d83e1f007?s=96&d=mm&r=g\",\"contentUrl\":\"https:\\\/\\\/secure.gravatar.com\\\/avatar\\\/ccc17943b9d660506c869530f897617f7cb1c21a4bf30023f252596d83e1f007?s=96&d=mm&r=g\",\"caption\":\"admin\"},\"sameAs\":[\"https:\\\/\\\/kibrisdakik.com\"],\"url\":\"https:\\\/\\\/kibrisdakik.com\\\/?author=1\"}]}<\/script>\n<!-- \/ Yoast SEO plugin. -->","yoast_head_json":{"title":"\u015eehit Piyade Er Allahverdi K\u0131l\u0131\u00e7 an\u0131ld\u0131 -","robots":{"index":"index","follow":"follow","max-snippet":"max-snippet:-1","max-image-preview":"max-image-preview:large","max-video-preview":"max-video-preview:-1"},"canonical":"https:\/\/kibrisdakik.com\/?p=60500","og_locale":"tr_TR","og_type":"article","og_title":"\u015eehit Piyade Er Allahverdi K\u0131l\u0131\u00e7 an\u0131ld\u0131 -","og_description":"Piyade Er. Allahverdi K\u0131l\u0131\u00e7, \u015eehit edildi\u011fi G\u00fcvercinlik k\u00f6y\u00fcndeki n\u00f6bet kul\u00fcbesi \u00f6n\u00fcnde ger\u00e7ekle\u015ftirilen t\u00f6renle an\u0131ld\u0131. Allahverdi K\u0131l\u0131\u00e7\u2019\u0131n n\u00f6bet kul\u00fcbesine \u00e7elenklerin konmas\u0131yla ba\u015flayan t\u00f6ren, Sayg\u0131 Duru\u015funda bulunulmas\u0131 ve \u0130stiklal Mar\u015f\u0131\u2019n\u0131n okunmas\u0131yla devam etti. T\u00f6rende konu\u015fan 4\u2019\u00fcnc\u00fc Piyade Alay Komutanl\u0131\u011f\u0131\u2019ndan Piyade \u00dcstte\u011fmen Halil Dalk\u0131l\u0131\u00e7, K\u0131br\u0131s T\u00fcrk m\u00fccahidinin d\u00fc\u015fmanlara kar\u015f\u0131 en \u015ferefli m\u00fccadeleyi verdi\u011fini vurgulayarak \u201cGerekirse Vatan\u0131m\u0131z, Bayra\u011f\u0131m\u0131z ve","og_url":"https:\/\/kibrisdakik.com\/?p=60500","article_published_time":"2024-09-08T11:30:37+00:00","og_image":[{"width":1600,"height":1066,"url":"https:\/\/kibrisdakik.com\/wp-content\/uploads\/2024\/09\/whatsapp-image-2024-09-08-at-12-26-02-740x420.jpeg","type":"image\/jpeg"}],"author":"admin","twitter_card":"summary_large_image","twitter_misc":{"Yazan:":"admin","Tahmini okuma s\u00fcresi":"3 dakika"},"schema":{"@context":"https:\/\/schema.org","@graph":[{"@type":"Article","@id":"https:\/\/kibrisdakik.com\/?p=60500#article","isPartOf":{"@id":"https:\/\/kibrisdakik.com\/?p=60500"},"author":{"name":"admin","@id":"https:\/\/kibrisdakik.com\/#\/schema\/person\/9cd9d437bbb44f72b73ba127e06d8e79"},"headline":"\u015eehit Piyade Er Allahverdi K\u0131l\u0131\u00e7 an\u0131ld\u0131","datePublished":"2024-09-08T11:30:37+00:00","mainEntityOfPage":{"@id":"https:\/\/kibrisdakik.com\/?p=60500"},"wordCount":573,"commentCount":0,"image":{"@id":"https:\/\/kibrisdakik.com\/?p=60500#primaryimage"},"thumbnailUrl":"https:\/\/kibrisdakik.com\/wp-content\/uploads\/2024\/09\/whatsapp-image-2024-09-08-at-12-26-02-740x420.jpeg","articleSection":["K\u0131br\u0131s"],"inLanguage":"tr","potentialAction":[{"@type":"CommentAction","name":"Comment","target":["https:\/\/kibrisdakik.com\/?p=60500#respond"]}]},{"@type":"WebPage","@id":"https:\/\/kibrisdakik.com\/?p=60500","url":"https:\/\/kibrisdakik.com\/?p=60500","name":"\u015eehit Piyade Er Allahverdi K\u0131l\u0131\u00e7 an\u0131ld\u0131 -","isPartOf":{"@id":"https:\/\/kibrisdakik.com\/#website"},"primaryImageOfPage":{"@id":"https:\/\/kibrisdakik.com\/?p=60500#primaryimage"},"image":{"@id":"https:\/\/kibrisdakik.com\/?p=60500#primaryimage"},"thumbnailUrl":"https:\/\/kibrisdakik.com\/wp-content\/uploads\/2024\/09\/whatsapp-image-2024-09-08-at-12-26-02-740x420.jpeg","datePublished":"2024-09-08T11:30:37+00:00","author":{"@id":"https:\/\/kibrisdakik.com\/#\/schema\/person\/9cd9d437bbb44f72b73ba127e06d8e79"},"breadcrumb":{"@id":"https:\/\/kibrisdakik.com\/?p=60500#breadcrumb"},"inLanguage":"tr","potentialAction":[{"@type":"ReadAction","target":["https:\/\/kibrisdakik.com\/?p=60500"]}]},{"@type":"ImageObject","inLanguage":"tr","@id":"https:\/\/kibrisdakik.com\/?p=60500#primaryimage","url":"https:\/\/kibrisdakik.com\/wp-content\/uploads\/2024\/09\/whatsapp-image-2024-09-08-at-12-26-02-740x420.jpeg","contentUrl":"https:\/\/kibrisdakik.com\/wp-content\/uploads\/2024\/09\/whatsapp-image-2024-09-08-at-12-26-02-740x420.jpeg","width":1600,"height":1066},{"@type":"BreadcrumbList","@id":"https:\/\/kibrisdakik.com\/?p=60500#breadcrumb","itemListElement":[{"@type":"ListItem","position":1,"name":"Home","item":"https:\/\/kibrisdakik.com\/"},{"@type":"ListItem","position":2,"name":"\u015eehit Piyade Er Allahverdi K\u0131l\u0131\u00e7 an\u0131ld\u0131"}]},{"@type":"WebSite","@id":"https:\/\/kibrisdakik.com\/#website","url":"https:\/\/kibrisdakik.com\/","name":"","description":"Tam vaktinde haber","potentialAction":[{"@type":"SearchAction","target":{"@type":"EntryPoint","urlTemplate":"https:\/\/kibrisdakik.com\/?s={search_term_string}"},"query-input":{"@type":"PropertyValueSpecification","valueRequired":true,"valueName":"search_term_string"}}],"inLanguage":"tr"},{"@type":"Person","@id":"https:\/\/kibrisdakik.com\/#\/schema\/person\/9cd9d437bbb44f72b73ba127e06d8e79","name":"admin","image":{"@type":"ImageObject","inLanguage":"tr","@id":"https:\/\/secure.gravatar.com\/avatar\/ccc17943b9d660506c869530f897617f7cb1c21a4bf30023f252596d83e1f007?s=96&d=mm&r=g","url":"https:\/\/secure.gravatar.com\/avatar\/ccc17943b9d660506c869530f897617f7cb1c21a4bf30023f252596d83e1f007?s=96&d=mm&r=g","contentUrl":"https:\/\/secure.gravatar.com\/avatar\/ccc17943b9d660506c869530f897617f7cb1c21a4bf30023f252596d83e1f007?s=96&d=mm&r=g","caption":"admin"},"sameAs":["https:\/\/kibrisdakik.com"],"url":"https:\/\/kibrisdakik.com\/?author=1"}]}},"_links":{"self":[{"href":"https:\/\/kibrisdakik.com\/index.php?rest_route=\/wp\/v2\/posts\/60500","targetHints":{"allow":["GET"]}}],"collection":[{"href":"https:\/\/kibrisdakik.com\/index.php?rest_route=\/wp\/v2\/posts"}],"about":[{"href":"https:\/\/kibrisdakik.com\/index.php?rest_route=\/wp\/v2\/types\/post"}],"author":[{"embeddable":true,"href":"https:\/\/kibrisdakik.com\/index.php?rest_route=\/wp\/v2\/users\/1"}],"replies":[{"embeddable":true,"href":"https:\/\/kibrisdakik.com\/index.php?rest_route=%2Fwp%2Fv2%2Fcomments&post=60500"}],"version-history":[{"count":0,"href":"https:\/\/kibrisdakik.com\/index.php?rest_route=\/wp\/v2\/posts\/60500\/revisions"}],"wp:featuredmedia":[{"embeddable":true,"href":"https:\/\/kibrisdakik.com\/index.php?rest_route=\/wp\/v2\/media\/60501"}],"wp:attachment":[{"href":"https:\/\/kibrisdakik.com\/index.php?rest_route=%2Fwp%2Fv2%2Fmedia&parent=60500"}],"wp:term":[{"taxonomy":"category","embeddable":true,"href":"https:\/\/kibrisdakik.com\/index.php?rest_route=%2Fwp%2Fv2%2Fcategories&post=60500"},{"taxonomy":"post_tag","embeddable":true,"href":"https:\/\/kibrisdakik.com\/index.php?rest_route=%2Fwp%2Fv2%2Ftags&post=60500"}],"curies":[{"name":"wp","href":"https:\/\/api.w.org\/{rel}","templated":true}]}}