{"id":60512,"date":"2024-09-08T14:38:24","date_gmt":"2024-09-08T11:38:24","guid":{"rendered":"https:\/\/kibrisdakik.com\/index.php\/2024\/09\/08\/didem-arslandan-ses-getirecek-narin-mesaji-aile-biliyordu-sustular-yaziklar-olsun\/"},"modified":"2024-09-08T14:38:24","modified_gmt":"2024-09-08T11:38:24","slug":"didem-arslandan-ses-getirecek-narin-mesaji-aile-biliyordu-sustular-yaziklar-olsun","status":"publish","type":"post","link":"https:\/\/kibrisdakik.com\/?p=60512","title":{"rendered":"Didem Arslan&#8217;dan ses getirecek Narin mesaj\u0131: Aile biliyordu sustular, yaz\u0131klar olsun"},"content":{"rendered":"<p><\/p>\n<div id=\"\">\n<p> <a class=\"keyword\" href=\"https:\/\/www.haberler.com\/diyarbakir\/\" title=\"Diyarbak\u0131r Haberleri, Diyarbak\u0131r Haberi, Diyarbak\u0131r Haber\"><strong>Diyarbak\u0131r<\/strong><\/a>&#8216;\u0131n Ba\u011flar il\u00e7esinde kaybolan 8 ya\u015f\u0131ndaki Narin G\u00fcran&#8217;\u0131n kayb\u0131n\u0131 program\u0131nda i\u015fleyen gazeteci Didem Arslan Y\u0131lmaz, gelen ac\u0131  <a class=\"keyword\" href=\"https:\/\/www.haberler.com\/\" title=\"Haber, Haberler\"><strong>haber<\/strong><\/a> sonras\u0131nda dikkat \u00e7eken bir payla\u015f\u0131mda bulundu.<\/p>\n<h3>D\u0130DEM ARSLAN&#8217;DAN \u00c7ARPICI PAYLA\u015eIM<\/h3>\n<p>Aileyi canl\u0131 yay\u0131na \u00e7\u0131karan ve aktard\u0131\u011f\u0131 bilgiler ile kamuoyunu ayd\u0131nlatan Didem Arslan &#8220;Aile biliyordu, sustular. Yaz\u0131klar olsun&#8221; ifadelerini kulland\u0131.<\/p>\n<p><img loading=\"lazy\" decoding=\"async\" class=\"hbptMainImage lazyload ImgDetay\" src=\"https:\/\/foto.haberler.com\/haber\/2024\/09\/08\/didem-arslan-dan-ses-getirecek-narin-mesaji-aile-17799325_7584_m.jpg\" alt=\"Didem Arslan'dan ses getirecek Narin mesaj\u0131: Aile biliyordu sustular, yaz\u0131klar olsun\" width=\"485\" height=\"733\"\/><\/p>\n<h3>BAKANLARIN BA\u015eSA\u011eLI\u011eI D\u0130LEMEMES\u0130 D\u0130KKAT \u00c7EKT\u0130<\/h3>\n<p>Didem Arslan&#8217;\u0131n Narin&#8217;in ailesini yak\u0131ndan g\u00f6ren bir ki\u015fi olarak yapt\u0131\u011f\u0131 yorum b\u00fcy\u00fck \u00f6nem ta\u015f\u0131rken, bug\u00fcn 3 bakan\u0131n da Narin mesajlar\u0131nda aileye ba\u015fsa\u011fl\u0131\u011f\u0131 dilememeleri dikkat \u00e7ekti.<\/p>\n<p>\u0130\u00e7i\u015fleri Bakan\u0131 Ali Yerlikaya, Adalet Bakan\u0131 Y\u0131lmaz Tun\u00e7 ve son olarak Aile ve Sosyal Hizmet Bakan\u0131 Mahinur \u00d6zdemir G\u00f6kta\u015f&#8217;\u0131n mesajlar\u0131nda aileye ba\u015fsa\u011fl\u0131\u011f\u0131 dilememeleri cinayetin i\u00e7inde aile bireylerinden birinin olabilece\u011fi \u015feklinde yorumland\u0131.<\/p>\n<p><img loading=\"lazy\" decoding=\"async\" class=\"hbptMainImage lazyload ImgDetay\" src=\"https:\/\/foto.haberler.com\/haber\/2024\/09\/08\/didem-arslan-dan-ses-getirecek-narin-mesaji-aile-17799325_2291_m.jpg\" alt=\"Didem Arslan'dan ses getirecek Narin mesaj\u0131: Aile biliyordu sustular, yaz\u0131klar olsun\" width=\"640\" height=\"844\"\/><\/p>\n<h3>&#8220;T\u00dcM \u015e\u00dcPHELER A\u0130LEYE \u00c7EVR\u0130LD\u0130&#8221;<\/h3>\n<p>Narin ile geli\u015fmenin ard\u0131ndan canl\u0131 yay\u0131na ba\u011flanan gazeteci Emrullah Erdin\u00e7&#8217;in ifadeleri de iddialar\u0131 kuvvetlendirdi. Erdin\u00e7 &#8220;Narin&#8217;in ailesi g\u00fc\u00e7l\u00fc bir aileydi. Bu y\u00fczden k\u00f6ydeki hi\u00e7bir aile de konu\u015fam\u0131yordu. Hatta tutuklanan amcay\u0131 aile \u00fcyeleri cezaevinde ziyaret ediyordu. Bu cinayetin i\u00e7inden aileye mensup ki\u015filer \u00e7\u0131kacakt\u0131r. T\u00fcm \u015f\u00fcpheler aileye \u00e7evrildi. Amcan\u0131n daha \u00f6nce \u015f\u00fcpheli ifadeleri vard\u0131. Arabada da DNA \u00f6rneklerinin olmas\u0131 \u00fczerine \u00f6ncelikli \u015f\u00fcpheli konumunda olan amca var. Amca m\u0131 \u00f6ld\u00fcrd\u00fc, cinayeti mi biliyordu bunlar\u0131n b\u00fct\u00fcn hepsi soru\u015fturmayla ortaya \u00e7\u0131kacakt\u0131r. \u0130lk \u015f\u00fcpheliler aras\u0131nda amca var b\u00fcy\u00fck ihtimalle&#8221; dedi.<\/p>\n<p><img loading=\"lazy\" decoding=\"async\" class=\"hbptMainImage lazyload ImgDetay\" src=\"https:\/\/foto.haberler.com\/haber\/2024\/09\/08\/didem-arslan-dan-ses-getirecek-narin-mesaji-aile-17799325_9623_m.jpg\" alt=\"Didem Arslan'dan ses getirecek Narin mesaj\u0131: Aile biliyordu sustular, yaz\u0131klar olsun\" width=\"640\" height=\"772\"\/><\/p>\n<h3>NE OLMU\u015eTU?<\/h3>\n<p>21 A\u011fustos&#8217;ta Ba\u011flar il\u00e7esi Tav\u015fantepe Mahallesi&#8217;nde Kur&#8217;an kursuna giden Narin G\u00fcran \u00e7\u0131k\u0131\u015fta evlerine d\u00f6nmeyince ailesi kendi imkanlar\u0131yla aram\u0131\u015f, aramadan da sonu\u00e7 al\u0131namay\u0131nca Narin&#8217;in babas\u0131 Arif G\u00fcran ayn\u0131 g\u00fcn saat 20.00 s\u0131ralar\u0131nda k\u0131z\u0131n\u0131n kay\u0131p oldu\u011funu bildirmi\u015fti. Bunun \u00fczerine \u00e7ok say\u0131da arama kurtarma ekibinin sevk edildi\u011fi b\u00f6lgede \u00e7al\u0131\u015fmalar ba\u015flam\u0131\u015f, mahalledeki evler ve k\u00f6ye giri\u015f yapan ara\u00e7larda arama yap\u0131lm\u0131\u015ft\u0131.<\/p>\n<p>Arama \u00e7al\u0131\u015fmalar\u0131 s\u00fcrerken, soru\u015fturma kapsam\u0131nda Narin G\u00fcran&#8217;\u0131n a\u011fabeyi E.G. (18), kolundaki \u0131s\u0131r\u0131k izleri nedeniyle g\u00f6zalt\u0131na al\u0131nm\u0131\u015ft\u0131. \u0130stanbul Adli T\u0131p Kurumu&#8217;ndaki incelemede, \u0131s\u0131r\u0131k izlerinin Narin&#8217;e ait olup olmad\u0131\u011f\u0131 tespit edilemeyince E.G. serbest b\u0131rak\u0131lm\u0131\u015ft\u0131.<\/p>\n<p>Ard\u0131ndan Narin&#8217;in amcas\u0131, ayn\u0131 zamanda k\u0131rsal Tav\u015fantepe Mahallesi&#8217;nin muhtar\u0131 Salim G\u00fcran g\u00f6zalt\u0131na al\u0131nm\u0131\u015ft\u0131. Arac\u0131ndan al\u0131nan DNA \u00f6rneklerinin Narin&#8217;in k\u0131yafetlerindeki DNA \u00f6rnekleri ile e\u015fle\u015fti\u011fi belirlenen Salim G\u00fcran, &#8216;kasten \u00f6ld\u00fcrme&#8217; ve &#8216;ki\u015fiyi h\u00fcrriyetinden yoksun k\u0131lma&#8217; su\u00e7lar\u0131ndan tutuklanm\u0131\u015ft\u0131.<\/p>\n<p>Daha \u00f6nce aranan yerlere tekrar yo\u011funla\u015fan ekipler, mahalleye 2 kilometre uzakl\u0131ktaki E\u011fertutmaz Deresi&#8217;nde \u00e7al\u0131\u015fma yapt\u0131 ve Narin&#8217;in cans\u0131z bedeni, 19. g\u00fcnde bulundu. Narin&#8217;in \u00f6ld\u00fcr\u00fcld\u00fckten sonra \u00e7uvalla dereye at\u0131ld\u0131\u011f\u0131, \u00fczerinin ta\u015fla kapat\u0131ld\u0131\u011f\u0131 tespit edildi.<\/p>\n<div class=\"orderFlex\">\n<div class=\"hbptItem imgtxtarea\">\n<div class=\"hbptAuthorImg\"><img decoding=\"async\" class=\"lazyload imgelips\" src=\"https:\/\/foto.haberler.com\/genel\/editor\/2019\/06\/14\/editor--707821.jpg\" alt=\"Erdem Aksoy\"\/><\/div>\n<\/div>\n<\/div>\n<h4 id=\"nwsKeywords\"> <a href=\"https:\/\/www.haberler.com\/didem-arslan-yilmaz\/\" title=\"Didem Arslan Y\u0131lmaz\" class=\"hbptTag\">Didem Arslan Y\u0131lmaz<\/a>  <a href=\"https:\/\/www.haberler.com\/diyarbakir\/\" title=\"Diyarbak\u0131r\" class=\"hbptTag\">Diyarbak\u0131r<\/a>  <a href=\"https:\/\/www.haberler.com\/guncel\/\" title=\"G\u00fcncel\" class=\"hbptTag\">G\u00fcncel<\/a> <\/h4>\n<\/div>\n","protected":false},"excerpt":{"rendered":"<p>Diyarbak\u0131r&#8216;\u0131n Ba\u011flar il\u00e7esinde kaybolan 8 ya\u015f\u0131ndaki Narin G\u00fcran&#8217;\u0131n kayb\u0131n\u0131 program\u0131nda i\u015fleyen gazeteci Didem Arslan Y\u0131lmaz, gelen ac\u0131 haber sonras\u0131nda dikkat \u00e7eken bir payla\u015f\u0131mda bulundu. D\u0130DEM ARSLAN&#8217;DAN \u00c7ARPICI PAYLA\u015eIM Aileyi canl\u0131 yay\u0131na \u00e7\u0131karan ve aktard\u0131\u011f\u0131 bilgiler ile kamuoyunu ayd\u0131nlatan Didem Arslan &#8220;Aile biliyordu, sustular. Yaz\u0131klar olsun&#8221; ifadelerini kulland\u0131. BAKANLARIN BA\u015eSA\u011eLI\u011eI D\u0130LEMEMES\u0130 D\u0130KKAT \u00c7EKT\u0130 Didem Arslan&#8217;\u0131n Narin&#8217;in<\/p>\n","protected":false},"author":1,"featured_media":60513,"comment_status":"open","ping_status":"open","sticky":false,"template":"","format":"standard","meta":{"footnotes":""},"categories":[83],"tags":[],"class_list":["post-60512","post","type-post","status-publish","format-standard","has-post-thumbnail","hentry","category-magazin"],"yoast_head":"<!-- This site is optimized with the Yoast SEO plugin v27.4 - https:\/\/yoast.com\/product\/yoast-seo-wordpress\/ -->\n<title>Didem Arslan&#039;dan ses getirecek Narin mesaj\u0131: Aile biliyordu sustular, yaz\u0131klar olsun -<\/title>\n<meta name=\"robots\" content=\"index, follow, max-snippet:-1, max-image-preview:large, max-video-preview:-1\" \/>\n<link rel=\"canonical\" href=\"https:\/\/kibrisdakik.com\/?p=60512\" \/>\n<meta property=\"og:locale\" content=\"tr_TR\" \/>\n<meta property=\"og:type\" content=\"article\" \/>\n<meta property=\"og:title\" content=\"Didem Arslan&#039;dan ses getirecek Narin mesaj\u0131: Aile biliyordu sustular, yaz\u0131klar olsun -\" \/>\n<meta property=\"og:description\" content=\"Diyarbak\u0131r&#8216;\u0131n Ba\u011flar il\u00e7esinde kaybolan 8 ya\u015f\u0131ndaki Narin G\u00fcran&#8217;\u0131n kayb\u0131n\u0131 program\u0131nda i\u015fleyen gazeteci Didem Arslan Y\u0131lmaz, gelen ac\u0131 haber sonras\u0131nda dikkat \u00e7eken bir payla\u015f\u0131mda bulundu. D\u0130DEM ARSLAN&#8217;DAN \u00c7ARPICI PAYLA\u015eIM Aileyi canl\u0131 yay\u0131na \u00e7\u0131karan ve aktard\u0131\u011f\u0131 bilgiler ile kamuoyunu ayd\u0131nlatan Didem Arslan &#8220;Aile biliyordu, sustular. Yaz\u0131klar olsun&#8221; ifadelerini kulland\u0131. BAKANLARIN BA\u015eSA\u011eLI\u011eI D\u0130LEMEMES\u0130 D\u0130KKAT \u00c7EKT\u0130 Didem Arslan&#8217;\u0131n Narin&#8217;in\" \/>\n<meta property=\"og:url\" content=\"https:\/\/kibrisdakik.com\/?p=60512\" \/>\n<meta property=\"article:published_time\" content=\"2024-09-08T11:38:24+00:00\" \/>\n<meta property=\"og:image\" content=\"https:\/\/kibrisdakik.com\/wp-content\/uploads\/2024\/09\/didem-arslan-dan-ses-getirecek-narin-mesaji-aile-17799325_7584_m-485x420.jpg\" \/>\n\t<meta property=\"og:image:width\" content=\"485\" \/>\n\t<meta property=\"og:image:height\" content=\"733\" \/>\n\t<meta property=\"og:image:type\" content=\"image\/jpeg\" \/>\n<meta name=\"author\" content=\"admin\" \/>\n<meta name=\"twitter:card\" content=\"summary_large_image\" \/>\n<meta name=\"twitter:label1\" content=\"Yazan:\" \/>\n\t<meta name=\"twitter:data1\" content=\"admin\" \/>\n\t<meta name=\"twitter:label2\" content=\"Tahmini okuma s\u00fcresi\" \/>\n\t<meta name=\"twitter:data2\" content=\"3 dakika\" \/>\n<script type=\"application\/ld+json\" class=\"yoast-schema-graph\">{\"@context\":\"https:\\\/\\\/schema.org\",\"@graph\":[{\"@type\":\"Article\",\"@id\":\"https:\\\/\\\/kibrisdakik.com\\\/?p=60512#article\",\"isPartOf\":{\"@id\":\"https:\\\/\\\/kibrisdakik.com\\\/?p=60512\"},\"author\":{\"name\":\"admin\",\"@id\":\"https:\\\/\\\/kibrisdakik.com\\\/#\\\/schema\\\/person\\\/9cd9d437bbb44f72b73ba127e06d8e79\"},\"headline\":\"Didem Arslan&#8217;dan ses getirecek Narin mesaj\u0131: Aile biliyordu sustular, yaz\u0131klar olsun\",\"datePublished\":\"2024-09-08T11:38:24+00:00\",\"mainEntityOfPage\":{\"@id\":\"https:\\\/\\\/kibrisdakik.com\\\/?p=60512\"},\"wordCount\":527,\"commentCount\":0,\"image\":{\"@id\":\"https:\\\/\\\/kibrisdakik.com\\\/?p=60512#primaryimage\"},\"thumbnailUrl\":\"https:\\\/\\\/kibrisdakik.com\\\/wp-content\\\/uploads\\\/2024\\\/09\\\/didem-arslan-dan-ses-getirecek-narin-mesaji-aile-17799325_7584_m-485x420.jpg\",\"articleSection\":[\"Magazin\"],\"inLanguage\":\"tr\",\"potentialAction\":[{\"@type\":\"CommentAction\",\"name\":\"Comment\",\"target\":[\"https:\\\/\\\/kibrisdakik.com\\\/?p=60512#respond\"]}]},{\"@type\":\"WebPage\",\"@id\":\"https:\\\/\\\/kibrisdakik.com\\\/?p=60512\",\"url\":\"https:\\\/\\\/kibrisdakik.com\\\/?p=60512\",\"name\":\"Didem Arslan'dan ses getirecek Narin mesaj\u0131: Aile biliyordu sustular, yaz\u0131klar olsun -\",\"isPartOf\":{\"@id\":\"https:\\\/\\\/kibrisdakik.com\\\/#website\"},\"primaryImageOfPage\":{\"@id\":\"https:\\\/\\\/kibrisdakik.com\\\/?p=60512#primaryimage\"},\"image\":{\"@id\":\"https:\\\/\\\/kibrisdakik.com\\\/?p=60512#primaryimage\"},\"thumbnailUrl\":\"https:\\\/\\\/kibrisdakik.com\\\/wp-content\\\/uploads\\\/2024\\\/09\\\/didem-arslan-dan-ses-getirecek-narin-mesaji-aile-17799325_7584_m-485x420.jpg\",\"datePublished\":\"2024-09-08T11:38:24+00:00\",\"author\":{\"@id\":\"https:\\\/\\\/kibrisdakik.com\\\/#\\\/schema\\\/person\\\/9cd9d437bbb44f72b73ba127e06d8e79\"},\"breadcrumb\":{\"@id\":\"https:\\\/\\\/kibrisdakik.com\\\/?p=60512#breadcrumb\"},\"inLanguage\":\"tr\",\"potentialAction\":[{\"@type\":\"ReadAction\",\"target\":[\"https:\\\/\\\/kibrisdakik.com\\\/?p=60512\"]}]},{\"@type\":\"ImageObject\",\"inLanguage\":\"tr\",\"@id\":\"https:\\\/\\\/kibrisdakik.com\\\/?p=60512#primaryimage\",\"url\":\"https:\\\/\\\/kibrisdakik.com\\\/wp-content\\\/uploads\\\/2024\\\/09\\\/didem-arslan-dan-ses-getirecek-narin-mesaji-aile-17799325_7584_m-485x420.jpg\",\"contentUrl\":\"https:\\\/\\\/kibrisdakik.com\\\/wp-content\\\/uploads\\\/2024\\\/09\\\/didem-arslan-dan-ses-getirecek-narin-mesaji-aile-17799325_7584_m-485x420.jpg\",\"width\":485,\"height\":733},{\"@type\":\"BreadcrumbList\",\"@id\":\"https:\\\/\\\/kibrisdakik.com\\\/?p=60512#breadcrumb\",\"itemListElement\":[{\"@type\":\"ListItem\",\"position\":1,\"name\":\"Home\",\"item\":\"https:\\\/\\\/kibrisdakik.com\\\/\"},{\"@type\":\"ListItem\",\"position\":2,\"name\":\"Didem Arslan&#8217;dan ses getirecek Narin mesaj\u0131: Aile biliyordu sustular, yaz\u0131klar olsun\"}]},{\"@type\":\"WebSite\",\"@id\":\"https:\\\/\\\/kibrisdakik.com\\\/#website\",\"url\":\"https:\\\/\\\/kibrisdakik.com\\\/\",\"name\":\"\",\"description\":\"Tam vaktinde haber\",\"potentialAction\":[{\"@type\":\"SearchAction\",\"target\":{\"@type\":\"EntryPoint\",\"urlTemplate\":\"https:\\\/\\\/kibrisdakik.com\\\/?s={search_term_string}\"},\"query-input\":{\"@type\":\"PropertyValueSpecification\",\"valueRequired\":true,\"valueName\":\"search_term_string\"}}],\"inLanguage\":\"tr\"},{\"@type\":\"Person\",\"@id\":\"https:\\\/\\\/kibrisdakik.com\\\/#\\\/schema\\\/person\\\/9cd9d437bbb44f72b73ba127e06d8e79\",\"name\":\"admin\",\"image\":{\"@type\":\"ImageObject\",\"inLanguage\":\"tr\",\"@id\":\"https:\\\/\\\/secure.gravatar.com\\\/avatar\\\/ccc17943b9d660506c869530f897617f7cb1c21a4bf30023f252596d83e1f007?s=96&d=mm&r=g\",\"url\":\"https:\\\/\\\/secure.gravatar.com\\\/avatar\\\/ccc17943b9d660506c869530f897617f7cb1c21a4bf30023f252596d83e1f007?s=96&d=mm&r=g\",\"contentUrl\":\"https:\\\/\\\/secure.gravatar.com\\\/avatar\\\/ccc17943b9d660506c869530f897617f7cb1c21a4bf30023f252596d83e1f007?s=96&d=mm&r=g\",\"caption\":\"admin\"},\"sameAs\":[\"https:\\\/\\\/kibrisdakik.com\"],\"url\":\"https:\\\/\\\/kibrisdakik.com\\\/?author=1\"}]}<\/script>\n<!-- \/ Yoast SEO plugin. -->","yoast_head_json":{"title":"Didem Arslan'dan ses getirecek Narin mesaj\u0131: Aile biliyordu sustular, yaz\u0131klar olsun -","robots":{"index":"index","follow":"follow","max-snippet":"max-snippet:-1","max-image-preview":"max-image-preview:large","max-video-preview":"max-video-preview:-1"},"canonical":"https:\/\/kibrisdakik.com\/?p=60512","og_locale":"tr_TR","og_type":"article","og_title":"Didem Arslan'dan ses getirecek Narin mesaj\u0131: Aile biliyordu sustular, yaz\u0131klar olsun -","og_description":"Diyarbak\u0131r&#8216;\u0131n Ba\u011flar il\u00e7esinde kaybolan 8 ya\u015f\u0131ndaki Narin G\u00fcran&#8217;\u0131n kayb\u0131n\u0131 program\u0131nda i\u015fleyen gazeteci Didem Arslan Y\u0131lmaz, gelen ac\u0131 haber sonras\u0131nda dikkat \u00e7eken bir payla\u015f\u0131mda bulundu. D\u0130DEM ARSLAN&#8217;DAN \u00c7ARPICI PAYLA\u015eIM Aileyi canl\u0131 yay\u0131na \u00e7\u0131karan ve aktard\u0131\u011f\u0131 bilgiler ile kamuoyunu ayd\u0131nlatan Didem Arslan &#8220;Aile biliyordu, sustular. Yaz\u0131klar olsun&#8221; ifadelerini kulland\u0131. BAKANLARIN BA\u015eSA\u011eLI\u011eI D\u0130LEMEMES\u0130 D\u0130KKAT \u00c7EKT\u0130 Didem Arslan&#8217;\u0131n Narin&#8217;in","og_url":"https:\/\/kibrisdakik.com\/?p=60512","article_published_time":"2024-09-08T11:38:24+00:00","og_image":[{"width":485,"height":733,"url":"https:\/\/kibrisdakik.com\/wp-content\/uploads\/2024\/09\/didem-arslan-dan-ses-getirecek-narin-mesaji-aile-17799325_7584_m-485x420.jpg","type":"image\/jpeg"}],"author":"admin","twitter_card":"summary_large_image","twitter_misc":{"Yazan:":"admin","Tahmini okuma s\u00fcresi":"3 dakika"},"schema":{"@context":"https:\/\/schema.org","@graph":[{"@type":"Article","@id":"https:\/\/kibrisdakik.com\/?p=60512#article","isPartOf":{"@id":"https:\/\/kibrisdakik.com\/?p=60512"},"author":{"name":"admin","@id":"https:\/\/kibrisdakik.com\/#\/schema\/person\/9cd9d437bbb44f72b73ba127e06d8e79"},"headline":"Didem Arslan&#8217;dan ses getirecek Narin mesaj\u0131: Aile biliyordu sustular, yaz\u0131klar olsun","datePublished":"2024-09-08T11:38:24+00:00","mainEntityOfPage":{"@id":"https:\/\/kibrisdakik.com\/?p=60512"},"wordCount":527,"commentCount":0,"image":{"@id":"https:\/\/kibrisdakik.com\/?p=60512#primaryimage"},"thumbnailUrl":"https:\/\/kibrisdakik.com\/wp-content\/uploads\/2024\/09\/didem-arslan-dan-ses-getirecek-narin-mesaji-aile-17799325_7584_m-485x420.jpg","articleSection":["Magazin"],"inLanguage":"tr","potentialAction":[{"@type":"CommentAction","name":"Comment","target":["https:\/\/kibrisdakik.com\/?p=60512#respond"]}]},{"@type":"WebPage","@id":"https:\/\/kibrisdakik.com\/?p=60512","url":"https:\/\/kibrisdakik.com\/?p=60512","name":"Didem Arslan'dan ses getirecek Narin mesaj\u0131: Aile biliyordu sustular, yaz\u0131klar olsun -","isPartOf":{"@id":"https:\/\/kibrisdakik.com\/#website"},"primaryImageOfPage":{"@id":"https:\/\/kibrisdakik.com\/?p=60512#primaryimage"},"image":{"@id":"https:\/\/kibrisdakik.com\/?p=60512#primaryimage"},"thumbnailUrl":"https:\/\/kibrisdakik.com\/wp-content\/uploads\/2024\/09\/didem-arslan-dan-ses-getirecek-narin-mesaji-aile-17799325_7584_m-485x420.jpg","datePublished":"2024-09-08T11:38:24+00:00","author":{"@id":"https:\/\/kibrisdakik.com\/#\/schema\/person\/9cd9d437bbb44f72b73ba127e06d8e79"},"breadcrumb":{"@id":"https:\/\/kibrisdakik.com\/?p=60512#breadcrumb"},"inLanguage":"tr","potentialAction":[{"@type":"ReadAction","target":["https:\/\/kibrisdakik.com\/?p=60512"]}]},{"@type":"ImageObject","inLanguage":"tr","@id":"https:\/\/kibrisdakik.com\/?p=60512#primaryimage","url":"https:\/\/kibrisdakik.com\/wp-content\/uploads\/2024\/09\/didem-arslan-dan-ses-getirecek-narin-mesaji-aile-17799325_7584_m-485x420.jpg","contentUrl":"https:\/\/kibrisdakik.com\/wp-content\/uploads\/2024\/09\/didem-arslan-dan-ses-getirecek-narin-mesaji-aile-17799325_7584_m-485x420.jpg","width":485,"height":733},{"@type":"BreadcrumbList","@id":"https:\/\/kibrisdakik.com\/?p=60512#breadcrumb","itemListElement":[{"@type":"ListItem","position":1,"name":"Home","item":"https:\/\/kibrisdakik.com\/"},{"@type":"ListItem","position":2,"name":"Didem Arslan&#8217;dan ses getirecek Narin mesaj\u0131: Aile biliyordu sustular, yaz\u0131klar olsun"}]},{"@type":"WebSite","@id":"https:\/\/kibrisdakik.com\/#website","url":"https:\/\/kibrisdakik.com\/","name":"","description":"Tam vaktinde haber","potentialAction":[{"@type":"SearchAction","target":{"@type":"EntryPoint","urlTemplate":"https:\/\/kibrisdakik.com\/?s={search_term_string}"},"query-input":{"@type":"PropertyValueSpecification","valueRequired":true,"valueName":"search_term_string"}}],"inLanguage":"tr"},{"@type":"Person","@id":"https:\/\/kibrisdakik.com\/#\/schema\/person\/9cd9d437bbb44f72b73ba127e06d8e79","name":"admin","image":{"@type":"ImageObject","inLanguage":"tr","@id":"https:\/\/secure.gravatar.com\/avatar\/ccc17943b9d660506c869530f897617f7cb1c21a4bf30023f252596d83e1f007?s=96&d=mm&r=g","url":"https:\/\/secure.gravatar.com\/avatar\/ccc17943b9d660506c869530f897617f7cb1c21a4bf30023f252596d83e1f007?s=96&d=mm&r=g","contentUrl":"https:\/\/secure.gravatar.com\/avatar\/ccc17943b9d660506c869530f897617f7cb1c21a4bf30023f252596d83e1f007?s=96&d=mm&r=g","caption":"admin"},"sameAs":["https:\/\/kibrisdakik.com"],"url":"https:\/\/kibrisdakik.com\/?author=1"}]}},"_links":{"self":[{"href":"https:\/\/kibrisdakik.com\/index.php?rest_route=\/wp\/v2\/posts\/60512","targetHints":{"allow":["GET"]}}],"collection":[{"href":"https:\/\/kibrisdakik.com\/index.php?rest_route=\/wp\/v2\/posts"}],"about":[{"href":"https:\/\/kibrisdakik.com\/index.php?rest_route=\/wp\/v2\/types\/post"}],"author":[{"embeddable":true,"href":"https:\/\/kibrisdakik.com\/index.php?rest_route=\/wp\/v2\/users\/1"}],"replies":[{"embeddable":true,"href":"https:\/\/kibrisdakik.com\/index.php?rest_route=%2Fwp%2Fv2%2Fcomments&post=60512"}],"version-history":[{"count":0,"href":"https:\/\/kibrisdakik.com\/index.php?rest_route=\/wp\/v2\/posts\/60512\/revisions"}],"wp:featuredmedia":[{"embeddable":true,"href":"https:\/\/kibrisdakik.com\/index.php?rest_route=\/wp\/v2\/media\/60513"}],"wp:attachment":[{"href":"https:\/\/kibrisdakik.com\/index.php?rest_route=%2Fwp%2Fv2%2Fmedia&parent=60512"}],"wp:term":[{"taxonomy":"category","embeddable":true,"href":"https:\/\/kibrisdakik.com\/index.php?rest_route=%2Fwp%2Fv2%2Fcategories&post=60512"},{"taxonomy":"post_tag","embeddable":true,"href":"https:\/\/kibrisdakik.com\/index.php?rest_route=%2Fwp%2Fv2%2Ftags&post=60512"}],"curies":[{"name":"wp","href":"https:\/\/api.w.org\/{rel}","templated":true}]}}