{"id":60524,"date":"2024-09-08T15:58:37","date_gmt":"2024-09-08T12:58:37","guid":{"rendered":"https:\/\/kibrisdakik.com\/index.php\/2024\/09\/08\/yeniden-dogus-partisi-siyaset-akademisi-programi\/"},"modified":"2024-09-08T15:58:37","modified_gmt":"2024-09-08T12:58:37","slug":"yeniden-dogus-partisi-siyaset-akademisi-programi","status":"publish","type":"post","link":"https:\/\/kibrisdakik.com\/?p=60524","title":{"rendered":"Yeniden Do\u011fu\u015f Partisi Siyaset Akademisi program\u0131\u2026"},"content":{"rendered":"<div>\n<div class=\"mariselle-image-container center\">\n                                            <\/div>\n<p>Yeniden Do\u011fu\u015f Partisi (YDP), gen\u00e7 siyaset\u00e7ilere ve lider adaylar\u0131na y\u00f6nelik d\u00fczenledi\u011fi Siyaset ve Diplomasi Akademisi program\u0131n\u0131n a\u00e7\u0131l\u0131\u015f\u0131n\u0131, K\u0131br\u0131s T\u00fcrk Ticaret Odas\u0131 (KTTO) Konferans Salonu\u2019nda ger\u00e7ekle\u015ftirdi.<\/p>\n<p>YDP\u2019den yap\u0131lan a\u00e7\u0131klamaya g\u00f6re, etkinlikte a\u00e7\u0131l\u0131\u015f konu\u015fmalar\u0131n\u0131 s\u0131ras\u0131yla Lefko\u015fa \u0130l\u00e7e Ba\u015fkan\u0131 Ali Birsen, Genel Sekreter Er\u015fah Sabit Y\u0131lmaz ve YDP Genel Ba\u015fkan\u0131 Erhan Ar\u0131kl\u0131 yapt\u0131.<\/p>\n<p>\u0130lk olarak k\u00fcrs\u00fcye \u00e7\u0131kan Lefko\u015fa \u0130l\u00e7e Ba\u015fkan\u0131 Ali Birsen, akademinin gen\u00e7lere sa\u011flayaca\u011f\u0131 faydalardan bahsetti. \u201cBu akademiyle amac\u0131m\u0131z, gen\u00e7lerimize siyasetin teorik ve pratik y\u00f6nlerini \u00f6\u011fretmek. Burada \u00f6\u011frendikleri bilgileri ileride hem partimize hem de \u00fclke siyasetine ta\u015f\u0131malar\u0131n\u0131 hedefliyoruz. Gen\u00e7 liderler yeti\u015ftirmek, YDP\u2019nin en \u00f6nemli misyonlar\u0131ndan biridir\u201d ifadelerini kulland\u0131.<\/p>\n<p>Birsen\u2019in ard\u0131ndan konu\u015fan Genel Sekreter Er\u015fah Sabit Y\u0131lmaz, akademinin YDP\u2019nin temel ilkelerini gen\u00e7 nesillere aktarma amac\u0131 ta\u015f\u0131d\u0131\u011f\u0131n\u0131 belirtti. \u201cBu program, sadece bir e\u011fitim serisi de\u011fil; YDP\u2019nin temel ta\u015flar\u0131n\u0131, politik vizyonunu ve de\u011ferlerini gen\u00e7lerimize \u00f6\u011fretmek ad\u0131na b\u00fcy\u00fck bir f\u0131rsatt\u0131r. Amac\u0131m\u0131z, buradan yeti\u015fen gen\u00e7lerin, YDP\u2019nin g\u00fc\u00e7l\u00fc ideolojisiyle donan\u0131p \u00fclke siyasetine katk\u0131 sa\u011flamas\u0131d\u0131r\u201d dedi.<\/p>\n<p>Son olarak k\u00fcrs\u00fcye \u00e7\u0131kan YDP Genel Ba\u015fkan\u0131 Erhan Ar\u0131kl\u0131, partinin kurulu\u015f s\u00fcreci ve bug\u00fcne kadar kat etti\u011fi yol hakk\u0131nda gen\u00e7 kat\u0131l\u0131mc\u0131lara bilgi verdi. Ar\u0131kl\u0131, \u201c2016 y\u0131l\u0131nda kurdu\u011fumuz Yeniden Do\u011fu\u015f Partisi, K\u0131br\u0131s T\u00fcrk halk\u0131n\u0131n gelece\u011fini in\u015fa etme amac\u0131yla yola \u00e7\u0131kt\u0131. Bu akademiyle, gen\u00e7lerimizi sadece teorik bilgiyle de\u011fil, ayn\u0131 zamanda siyasi vizyonla da donatmak istiyoruz. KKTC\u2019nin gelece\u011finde s\u00f6z sahibi olacak liderler bu salonlardan \u00e7\u0131kacak\u201d \u015feklinde konu\u015ftu.<\/p>\n<p>-Siyaset ve Diplomasi Akademisi 6 Hafta S\u00fcrecek<\/p>\n<p>Siyaset ve Diplomasi Akademisi, 6 hafta boyunca her cumartesi g\u00fcn\u00fc 15:00 \u2013 18:00 saatleri aras\u0131nda d\u00fczenlenecek ve toplam 12 kurs verilecek. Kat\u0131l\u0131mc\u0131lar, YDP\u2019nin siyaset felsefesinin yan\u0131 s\u0131ra, genel siyaset, diplomasi ve liderlik konular\u0131nda da kapsaml\u0131 e\u011fitimler alacak. Program\u0131n sonunda kat\u0131l\u0131mc\u0131lara sertifika verilecek.<\/p>\n<p>YDP\u2019nin bu akademiyle, gen\u00e7lere partinin temel ilkelerini \u00f6\u011fretmenin yan\u0131 s\u0131ra, onlar\u0131n \u00fclke siyasetine etkin bir \u015fekilde kat\u0131lmalar\u0131n\u0131 sa\u011flama amac\u0131 ta\u015f\u0131d\u0131\u011f\u0131 vurguland\u0131.<\/p>\n<\/p><\/div>\n<p><script async\n                    defer\n                    crossorigin=\"anonymous\"\n                    src=\"https:\/\/connect.facebook.net\/tr_TR\/sdk.js#xfbml=1&#038;version=v3.3\"\n            ><\/script><\/p>\n","protected":false},"excerpt":{"rendered":"<p>Yeniden Do\u011fu\u015f Partisi (YDP), gen\u00e7 siyaset\u00e7ilere ve lider adaylar\u0131na y\u00f6nelik d\u00fczenledi\u011fi Siyaset ve Diplomasi Akademisi program\u0131n\u0131n a\u00e7\u0131l\u0131\u015f\u0131n\u0131, K\u0131br\u0131s T\u00fcrk Ticaret Odas\u0131 (KTTO) Konferans Salonu\u2019nda ger\u00e7ekle\u015ftirdi. YDP\u2019den yap\u0131lan a\u00e7\u0131klamaya g\u00f6re, etkinlikte a\u00e7\u0131l\u0131\u015f konu\u015fmalar\u0131n\u0131 s\u0131ras\u0131yla Lefko\u015fa \u0130l\u00e7e Ba\u015fkan\u0131 Ali Birsen, Genel Sekreter Er\u015fah Sabit Y\u0131lmaz ve YDP Genel Ba\u015fkan\u0131 Erhan Ar\u0131kl\u0131 yapt\u0131. \u0130lk olarak k\u00fcrs\u00fcye \u00e7\u0131kan Lefko\u015fa<\/p>\n","protected":false},"author":1,"featured_media":60525,"comment_status":"open","ping_status":"open","sticky":false,"template":"","format":"standard","meta":{"footnotes":""},"categories":[81],"tags":[],"class_list":["post-60524","post","type-post","status-publish","format-standard","has-post-thumbnail","hentry","category-kibris"],"yoast_head":"<!-- This site is optimized with the Yoast SEO plugin v27.5 - https:\/\/yoast.com\/product\/yoast-seo-wordpress\/ -->\n<title>Yeniden Do\u011fu\u015f Partisi Siyaset Akademisi program\u0131\u2026 -<\/title>\n<meta name=\"robots\" content=\"index, follow, max-snippet:-1, max-image-preview:large, max-video-preview:-1\" \/>\n<link rel=\"canonical\" href=\"https:\/\/kibrisdakik.com\/?p=60524\" \/>\n<meta property=\"og:locale\" content=\"tr_TR\" \/>\n<meta property=\"og:type\" content=\"article\" \/>\n<meta property=\"og:title\" content=\"Yeniden Do\u011fu\u015f Partisi Siyaset Akademisi program\u0131\u2026 -\" \/>\n<meta property=\"og:description\" content=\"Yeniden Do\u011fu\u015f Partisi (YDP), gen\u00e7 siyaset\u00e7ilere ve lider adaylar\u0131na y\u00f6nelik d\u00fczenledi\u011fi Siyaset ve Diplomasi Akademisi program\u0131n\u0131n a\u00e7\u0131l\u0131\u015f\u0131n\u0131, K\u0131br\u0131s T\u00fcrk Ticaret Odas\u0131 (KTTO) Konferans Salonu\u2019nda ger\u00e7ekle\u015ftirdi. YDP\u2019den yap\u0131lan a\u00e7\u0131klamaya g\u00f6re, etkinlikte a\u00e7\u0131l\u0131\u015f konu\u015fmalar\u0131n\u0131 s\u0131ras\u0131yla Lefko\u015fa \u0130l\u00e7e Ba\u015fkan\u0131 Ali Birsen, Genel Sekreter Er\u015fah Sabit Y\u0131lmaz ve YDP Genel Ba\u015fkan\u0131 Erhan Ar\u0131kl\u0131 yapt\u0131. \u0130lk olarak k\u00fcrs\u00fcye \u00e7\u0131kan Lefko\u015fa\" \/>\n<meta property=\"og:url\" content=\"https:\/\/kibrisdakik.com\/?p=60524\" \/>\n<meta property=\"article:published_time\" content=\"2024-09-08T12:58:37+00:00\" \/>\n<meta property=\"og:image\" content=\"https:\/\/kibrisdakik.com\/wp-content\/uploads\/2024\/09\/ydp-2-7-740x420.jpg\" \/>\n\t<meta property=\"og:image:width\" content=\"2048\" \/>\n\t<meta property=\"og:image:height\" content=\"1536\" \/>\n\t<meta property=\"og:image:type\" content=\"image\/jpeg\" \/>\n<meta name=\"author\" content=\"admin\" \/>\n<meta name=\"twitter:card\" content=\"summary_large_image\" \/>\n<meta name=\"twitter:label1\" content=\"Yazan:\" \/>\n\t<meta name=\"twitter:data1\" content=\"admin\" \/>\n\t<meta name=\"twitter:label2\" content=\"Tahmini okuma s\u00fcresi\" \/>\n\t<meta name=\"twitter:data2\" content=\"2 dakika\" \/>\n<script type=\"application\/ld+json\" class=\"yoast-schema-graph\">{\"@context\":\"https:\\\/\\\/schema.org\",\"@graph\":[{\"@type\":\"Article\",\"@id\":\"https:\\\/\\\/kibrisdakik.com\\\/?p=60524#article\",\"isPartOf\":{\"@id\":\"https:\\\/\\\/kibrisdakik.com\\\/?p=60524\"},\"author\":{\"name\":\"admin\",\"@id\":\"https:\\\/\\\/kibrisdakik.com\\\/#\\\/schema\\\/person\\\/9cd9d437bbb44f72b73ba127e06d8e79\"},\"headline\":\"Yeniden Do\u011fu\u015f Partisi Siyaset Akademisi program\u0131\u2026\",\"datePublished\":\"2024-09-08T12:58:37+00:00\",\"mainEntityOfPage\":{\"@id\":\"https:\\\/\\\/kibrisdakik.com\\\/?p=60524\"},\"wordCount\":412,\"commentCount\":0,\"image\":{\"@id\":\"https:\\\/\\\/kibrisdakik.com\\\/?p=60524#primaryimage\"},\"thumbnailUrl\":\"https:\\\/\\\/kibrisdakik.com\\\/wp-content\\\/uploads\\\/2024\\\/09\\\/ydp-2-7-740x420.jpg\",\"articleSection\":[\"K\u0131br\u0131s\"],\"inLanguage\":\"tr\",\"potentialAction\":[{\"@type\":\"CommentAction\",\"name\":\"Comment\",\"target\":[\"https:\\\/\\\/kibrisdakik.com\\\/?p=60524#respond\"]}]},{\"@type\":\"WebPage\",\"@id\":\"https:\\\/\\\/kibrisdakik.com\\\/?p=60524\",\"url\":\"https:\\\/\\\/kibrisdakik.com\\\/?p=60524\",\"name\":\"Yeniden Do\u011fu\u015f Partisi Siyaset Akademisi program\u0131\u2026 -\",\"isPartOf\":{\"@id\":\"https:\\\/\\\/kibrisdakik.com\\\/#website\"},\"primaryImageOfPage\":{\"@id\":\"https:\\\/\\\/kibrisdakik.com\\\/?p=60524#primaryimage\"},\"image\":{\"@id\":\"https:\\\/\\\/kibrisdakik.com\\\/?p=60524#primaryimage\"},\"thumbnailUrl\":\"https:\\\/\\\/kibrisdakik.com\\\/wp-content\\\/uploads\\\/2024\\\/09\\\/ydp-2-7-740x420.jpg\",\"datePublished\":\"2024-09-08T12:58:37+00:00\",\"author\":{\"@id\":\"https:\\\/\\\/kibrisdakik.com\\\/#\\\/schema\\\/person\\\/9cd9d437bbb44f72b73ba127e06d8e79\"},\"breadcrumb\":{\"@id\":\"https:\\\/\\\/kibrisdakik.com\\\/?p=60524#breadcrumb\"},\"inLanguage\":\"tr\",\"potentialAction\":[{\"@type\":\"ReadAction\",\"target\":[\"https:\\\/\\\/kibrisdakik.com\\\/?p=60524\"]}]},{\"@type\":\"ImageObject\",\"inLanguage\":\"tr\",\"@id\":\"https:\\\/\\\/kibrisdakik.com\\\/?p=60524#primaryimage\",\"url\":\"https:\\\/\\\/kibrisdakik.com\\\/wp-content\\\/uploads\\\/2024\\\/09\\\/ydp-2-7-740x420.jpg\",\"contentUrl\":\"https:\\\/\\\/kibrisdakik.com\\\/wp-content\\\/uploads\\\/2024\\\/09\\\/ydp-2-7-740x420.jpg\",\"width\":2048,\"height\":1536},{\"@type\":\"BreadcrumbList\",\"@id\":\"https:\\\/\\\/kibrisdakik.com\\\/?p=60524#breadcrumb\",\"itemListElement\":[{\"@type\":\"ListItem\",\"position\":1,\"name\":\"Home\",\"item\":\"https:\\\/\\\/kibrisdakik.com\\\/\"},{\"@type\":\"ListItem\",\"position\":2,\"name\":\"Yeniden Do\u011fu\u015f Partisi Siyaset Akademisi program\u0131\u2026\"}]},{\"@type\":\"WebSite\",\"@id\":\"https:\\\/\\\/kibrisdakik.com\\\/#website\",\"url\":\"https:\\\/\\\/kibrisdakik.com\\\/\",\"name\":\"\",\"description\":\"Tam vaktinde haber\",\"potentialAction\":[{\"@type\":\"SearchAction\",\"target\":{\"@type\":\"EntryPoint\",\"urlTemplate\":\"https:\\\/\\\/kibrisdakik.com\\\/?s={search_term_string}\"},\"query-input\":{\"@type\":\"PropertyValueSpecification\",\"valueRequired\":true,\"valueName\":\"search_term_string\"}}],\"inLanguage\":\"tr\"},{\"@type\":\"Person\",\"@id\":\"https:\\\/\\\/kibrisdakik.com\\\/#\\\/schema\\\/person\\\/9cd9d437bbb44f72b73ba127e06d8e79\",\"name\":\"admin\",\"image\":{\"@type\":\"ImageObject\",\"inLanguage\":\"tr\",\"@id\":\"https:\\\/\\\/secure.gravatar.com\\\/avatar\\\/ccc17943b9d660506c869530f897617f7cb1c21a4bf30023f252596d83e1f007?s=96&d=mm&r=g\",\"url\":\"https:\\\/\\\/secure.gravatar.com\\\/avatar\\\/ccc17943b9d660506c869530f897617f7cb1c21a4bf30023f252596d83e1f007?s=96&d=mm&r=g\",\"contentUrl\":\"https:\\\/\\\/secure.gravatar.com\\\/avatar\\\/ccc17943b9d660506c869530f897617f7cb1c21a4bf30023f252596d83e1f007?s=96&d=mm&r=g\",\"caption\":\"admin\"},\"sameAs\":[\"https:\\\/\\\/kibrisdakik.com\"],\"url\":\"https:\\\/\\\/kibrisdakik.com\\\/?author=1\"}]}<\/script>\n<!-- \/ Yoast SEO plugin. -->","yoast_head_json":{"title":"Yeniden Do\u011fu\u015f Partisi Siyaset Akademisi program\u0131\u2026 -","robots":{"index":"index","follow":"follow","max-snippet":"max-snippet:-1","max-image-preview":"max-image-preview:large","max-video-preview":"max-video-preview:-1"},"canonical":"https:\/\/kibrisdakik.com\/?p=60524","og_locale":"tr_TR","og_type":"article","og_title":"Yeniden Do\u011fu\u015f Partisi Siyaset Akademisi program\u0131\u2026 -","og_description":"Yeniden Do\u011fu\u015f Partisi (YDP), gen\u00e7 siyaset\u00e7ilere ve lider adaylar\u0131na y\u00f6nelik d\u00fczenledi\u011fi Siyaset ve Diplomasi Akademisi program\u0131n\u0131n a\u00e7\u0131l\u0131\u015f\u0131n\u0131, K\u0131br\u0131s T\u00fcrk Ticaret Odas\u0131 (KTTO) Konferans Salonu\u2019nda ger\u00e7ekle\u015ftirdi. YDP\u2019den yap\u0131lan a\u00e7\u0131klamaya g\u00f6re, etkinlikte a\u00e7\u0131l\u0131\u015f konu\u015fmalar\u0131n\u0131 s\u0131ras\u0131yla Lefko\u015fa \u0130l\u00e7e Ba\u015fkan\u0131 Ali Birsen, Genel Sekreter Er\u015fah Sabit Y\u0131lmaz ve YDP Genel Ba\u015fkan\u0131 Erhan Ar\u0131kl\u0131 yapt\u0131. \u0130lk olarak k\u00fcrs\u00fcye \u00e7\u0131kan Lefko\u015fa","og_url":"https:\/\/kibrisdakik.com\/?p=60524","article_published_time":"2024-09-08T12:58:37+00:00","og_image":[{"width":2048,"height":1536,"url":"https:\/\/kibrisdakik.com\/wp-content\/uploads\/2024\/09\/ydp-2-7-740x420.jpg","type":"image\/jpeg"}],"author":"admin","twitter_card":"summary_large_image","twitter_misc":{"Yazan:":"admin","Tahmini okuma s\u00fcresi":"2 dakika"},"schema":{"@context":"https:\/\/schema.org","@graph":[{"@type":"Article","@id":"https:\/\/kibrisdakik.com\/?p=60524#article","isPartOf":{"@id":"https:\/\/kibrisdakik.com\/?p=60524"},"author":{"name":"admin","@id":"https:\/\/kibrisdakik.com\/#\/schema\/person\/9cd9d437bbb44f72b73ba127e06d8e79"},"headline":"Yeniden Do\u011fu\u015f Partisi Siyaset Akademisi program\u0131\u2026","datePublished":"2024-09-08T12:58:37+00:00","mainEntityOfPage":{"@id":"https:\/\/kibrisdakik.com\/?p=60524"},"wordCount":412,"commentCount":0,"image":{"@id":"https:\/\/kibrisdakik.com\/?p=60524#primaryimage"},"thumbnailUrl":"https:\/\/kibrisdakik.com\/wp-content\/uploads\/2024\/09\/ydp-2-7-740x420.jpg","articleSection":["K\u0131br\u0131s"],"inLanguage":"tr","potentialAction":[{"@type":"CommentAction","name":"Comment","target":["https:\/\/kibrisdakik.com\/?p=60524#respond"]}]},{"@type":"WebPage","@id":"https:\/\/kibrisdakik.com\/?p=60524","url":"https:\/\/kibrisdakik.com\/?p=60524","name":"Yeniden Do\u011fu\u015f Partisi Siyaset Akademisi program\u0131\u2026 -","isPartOf":{"@id":"https:\/\/kibrisdakik.com\/#website"},"primaryImageOfPage":{"@id":"https:\/\/kibrisdakik.com\/?p=60524#primaryimage"},"image":{"@id":"https:\/\/kibrisdakik.com\/?p=60524#primaryimage"},"thumbnailUrl":"https:\/\/kibrisdakik.com\/wp-content\/uploads\/2024\/09\/ydp-2-7-740x420.jpg","datePublished":"2024-09-08T12:58:37+00:00","author":{"@id":"https:\/\/kibrisdakik.com\/#\/schema\/person\/9cd9d437bbb44f72b73ba127e06d8e79"},"breadcrumb":{"@id":"https:\/\/kibrisdakik.com\/?p=60524#breadcrumb"},"inLanguage":"tr","potentialAction":[{"@type":"ReadAction","target":["https:\/\/kibrisdakik.com\/?p=60524"]}]},{"@type":"ImageObject","inLanguage":"tr","@id":"https:\/\/kibrisdakik.com\/?p=60524#primaryimage","url":"https:\/\/kibrisdakik.com\/wp-content\/uploads\/2024\/09\/ydp-2-7-740x420.jpg","contentUrl":"https:\/\/kibrisdakik.com\/wp-content\/uploads\/2024\/09\/ydp-2-7-740x420.jpg","width":2048,"height":1536},{"@type":"BreadcrumbList","@id":"https:\/\/kibrisdakik.com\/?p=60524#breadcrumb","itemListElement":[{"@type":"ListItem","position":1,"name":"Home","item":"https:\/\/kibrisdakik.com\/"},{"@type":"ListItem","position":2,"name":"Yeniden Do\u011fu\u015f Partisi Siyaset Akademisi program\u0131\u2026"}]},{"@type":"WebSite","@id":"https:\/\/kibrisdakik.com\/#website","url":"https:\/\/kibrisdakik.com\/","name":"","description":"Tam vaktinde haber","potentialAction":[{"@type":"SearchAction","target":{"@type":"EntryPoint","urlTemplate":"https:\/\/kibrisdakik.com\/?s={search_term_string}"},"query-input":{"@type":"PropertyValueSpecification","valueRequired":true,"valueName":"search_term_string"}}],"inLanguage":"tr"},{"@type":"Person","@id":"https:\/\/kibrisdakik.com\/#\/schema\/person\/9cd9d437bbb44f72b73ba127e06d8e79","name":"admin","image":{"@type":"ImageObject","inLanguage":"tr","@id":"https:\/\/secure.gravatar.com\/avatar\/ccc17943b9d660506c869530f897617f7cb1c21a4bf30023f252596d83e1f007?s=96&d=mm&r=g","url":"https:\/\/secure.gravatar.com\/avatar\/ccc17943b9d660506c869530f897617f7cb1c21a4bf30023f252596d83e1f007?s=96&d=mm&r=g","contentUrl":"https:\/\/secure.gravatar.com\/avatar\/ccc17943b9d660506c869530f897617f7cb1c21a4bf30023f252596d83e1f007?s=96&d=mm&r=g","caption":"admin"},"sameAs":["https:\/\/kibrisdakik.com"],"url":"https:\/\/kibrisdakik.com\/?author=1"}]}},"_links":{"self":[{"href":"https:\/\/kibrisdakik.com\/index.php?rest_route=\/wp\/v2\/posts\/60524","targetHints":{"allow":["GET"]}}],"collection":[{"href":"https:\/\/kibrisdakik.com\/index.php?rest_route=\/wp\/v2\/posts"}],"about":[{"href":"https:\/\/kibrisdakik.com\/index.php?rest_route=\/wp\/v2\/types\/post"}],"author":[{"embeddable":true,"href":"https:\/\/kibrisdakik.com\/index.php?rest_route=\/wp\/v2\/users\/1"}],"replies":[{"embeddable":true,"href":"https:\/\/kibrisdakik.com\/index.php?rest_route=%2Fwp%2Fv2%2Fcomments&post=60524"}],"version-history":[{"count":0,"href":"https:\/\/kibrisdakik.com\/index.php?rest_route=\/wp\/v2\/posts\/60524\/revisions"}],"wp:featuredmedia":[{"embeddable":true,"href":"https:\/\/kibrisdakik.com\/index.php?rest_route=\/wp\/v2\/media\/60525"}],"wp:attachment":[{"href":"https:\/\/kibrisdakik.com\/index.php?rest_route=%2Fwp%2Fv2%2Fmedia&parent=60524"}],"wp:term":[{"taxonomy":"category","embeddable":true,"href":"https:\/\/kibrisdakik.com\/index.php?rest_route=%2Fwp%2Fv2%2Fcategories&post=60524"},{"taxonomy":"post_tag","embeddable":true,"href":"https:\/\/kibrisdakik.com\/index.php?rest_route=%2Fwp%2Fv2%2Ftags&post=60524"}],"curies":[{"name":"wp","href":"https:\/\/api.w.org\/{rel}","templated":true}]}}