{"id":60532,"date":"2024-09-08T15:59:28","date_gmt":"2024-09-08T12:59:28","guid":{"rendered":"https:\/\/kibrisdakik.com\/index.php\/2024\/09\/08\/haspolatta-is-kazasi-yaklasik-2-metre-yukseklikten-dusen-sahis-yaralandi\/"},"modified":"2024-09-08T15:59:28","modified_gmt":"2024-09-08T12:59:28","slug":"haspolatta-is-kazasi-yaklasik-2-metre-yukseklikten-dusen-sahis-yaralandi","status":"publish","type":"post","link":"https:\/\/kibrisdakik.com\/?p=60532","title":{"rendered":"Haspolat\u2019ta i\u015f kazas\u0131\u2026 Yakla\u015f\u0131k 2 metre y\u00fckseklikten d\u00fc\u015fen \u015fah\u0131s yaraland\u0131"},"content":{"rendered":"<p><\/p>\n<div>\n<div class=\"mariselle-image-container center\">\n                <img loading=\"lazy\" decoding=\"async\" width=\"1920\" height=\"1280\" class=\"lazy-image\" alt=\"\" sizes=\"auto, (max-width: 1920px) 100vw, 1920px\" src=\"https:\/\/brtk.net\/wp-content\/uploads\/2024\/09\/08\/is-kazasi172.jpg?ver=5e880735af66cdde1aefbbe1e0499e42\" srcset=\"https:\/\/brtk.net\/wp-content\/uploads\/2024\/09\/08\/is-kazasi172.jpg?ver=5e880735af66cdde1aefbbe1e0499e42 1920w, https:\/\/brtk.net\/wp-content\/uploads\/2024\/09\/08\/is-kazasi172-300x200.jpg?ver=5e880735af66cdde1aefbbe1e0499e42 300w, https:\/\/brtk.net\/wp-content\/uploads\/2024\/09\/08\/is-kazasi172-1024x683.jpg?ver=0b160a594d979f50978e79aaa92070ea 1024w, https:\/\/brtk.net\/wp-content\/uploads\/2024\/09\/08\/is-kazasi172-768x512.jpg?ver=0b160a594d979f50978e79aaa92070ea 768w, https:\/\/brtk.net\/wp-content\/uploads\/2024\/09\/08\/is-kazasi172-1536x1024.jpg?ver=22994b4c79751a5af60b931f450e83ca 1536w\"\/>                            <\/div>\n<p>Haspolat\u2019ta faaliyet g\u00f6steren bir i\u015f yerinde, d\u00fcn meydana gelen i\u015f kazas\u0131nda bir ki\u015fi yaraland\u0131.<\/p>\n<p>Polis Bas\u0131n B\u00fclteni\u2019ne g\u00f6re, saat 16.30\u2019da meydana gelen olayda Cuma Kahraman, i\u015fyerinin \u00fcst kat\u0131nda bulunan g\u00fcne\u015f panellerini temizledi\u011fi s\u0131rada dengesini kaybetti, yakla\u015f\u0131k 2 metre y\u00fckseklikten yerde bulunan sandvi\u00e7 panelin \u00fczerine d\u00fc\u015ft\u00fc.<\/p>\n<p>Kahraman, kald\u0131r\u0131ld\u0131\u011f\u0131 Lefko\u015fa Dr. Burhan Nalbanto\u011flu Devlet Hastanesi\u2019nde, sol omuz k\u00f6pr\u00fcc\u00fck kemi\u011finde k\u0131r\u0131k te\u015fhisiyle yap\u0131lan tedavisinin ard\u0131ndan taburcu oldu.<\/p>\n<p>Polisin soru\u015fturmas\u0131 s\u00fcr\u00fcyor.<\/p>\n<\/p><\/div>\n<p><script async\n                    defer\n                    crossorigin=\"anonymous\"\n                    src=\"https:\/\/connect.facebook.net\/tr_TR\/sdk.js#xfbml=1&#038;version=v3.3\"\n            ><\/script><\/p>\n","protected":false},"excerpt":{"rendered":"<p>Haspolat\u2019ta faaliyet g\u00f6steren bir i\u015f yerinde, d\u00fcn meydana gelen i\u015f kazas\u0131nda bir ki\u015fi yaraland\u0131. Polis Bas\u0131n B\u00fclteni\u2019ne g\u00f6re, saat 16.30\u2019da meydana gelen olayda Cuma Kahraman, i\u015fyerinin \u00fcst kat\u0131nda bulunan g\u00fcne\u015f panellerini temizledi\u011fi s\u0131rada dengesini kaybetti, yakla\u015f\u0131k 2 metre y\u00fckseklikten yerde bulunan sandvi\u00e7 panelin \u00fczerine d\u00fc\u015ft\u00fc. Kahraman, kald\u0131r\u0131ld\u0131\u011f\u0131 Lefko\u015fa Dr. Burhan Nalbanto\u011flu Devlet Hastanesi\u2019nde, sol omuz<\/p>\n","protected":false},"author":1,"featured_media":60533,"comment_status":"open","ping_status":"open","sticky":false,"template":"","format":"standard","meta":{"footnotes":""},"categories":[1],"tags":[],"class_list":["post-60532","post","type-post","status-publish","format-standard","has-post-thumbnail","hentry","category-gundem"],"yoast_head":"<!-- This site is optimized with the Yoast SEO plugin v27.4 - https:\/\/yoast.com\/product\/yoast-seo-wordpress\/ -->\n<title>Haspolat\u2019ta i\u015f kazas\u0131\u2026 Yakla\u015f\u0131k 2 metre y\u00fckseklikten d\u00fc\u015fen \u015fah\u0131s yaraland\u0131 -<\/title>\n<meta name=\"robots\" content=\"index, follow, max-snippet:-1, max-image-preview:large, max-video-preview:-1\" \/>\n<link rel=\"canonical\" href=\"https:\/\/kibrisdakik.com\/?p=60532\" \/>\n<meta property=\"og:locale\" content=\"tr_TR\" \/>\n<meta property=\"og:type\" content=\"article\" \/>\n<meta property=\"og:title\" content=\"Haspolat\u2019ta i\u015f kazas\u0131\u2026 Yakla\u015f\u0131k 2 metre y\u00fckseklikten d\u00fc\u015fen \u015fah\u0131s yaraland\u0131 -\" \/>\n<meta property=\"og:description\" content=\"Haspolat\u2019ta faaliyet g\u00f6steren bir i\u015f yerinde, d\u00fcn meydana gelen i\u015f kazas\u0131nda bir ki\u015fi yaraland\u0131. Polis Bas\u0131n B\u00fclteni\u2019ne g\u00f6re, saat 16.30\u2019da meydana gelen olayda Cuma Kahraman, i\u015fyerinin \u00fcst kat\u0131nda bulunan g\u00fcne\u015f panellerini temizledi\u011fi s\u0131rada dengesini kaybetti, yakla\u015f\u0131k 2 metre y\u00fckseklikten yerde bulunan sandvi\u00e7 panelin \u00fczerine d\u00fc\u015ft\u00fc. Kahraman, kald\u0131r\u0131ld\u0131\u011f\u0131 Lefko\u015fa Dr. Burhan Nalbanto\u011flu Devlet Hastanesi\u2019nde, sol omuz\" \/>\n<meta property=\"og:url\" content=\"https:\/\/kibrisdakik.com\/?p=60532\" \/>\n<meta property=\"article:published_time\" content=\"2024-09-08T12:59:28+00:00\" \/>\n<meta property=\"og:image\" content=\"https:\/\/kibrisdakik.com\/wp-content\/uploads\/2024\/09\/is-kazasi172-740x420.jpg\" \/>\n\t<meta property=\"og:image:width\" content=\"1920\" \/>\n\t<meta property=\"og:image:height\" content=\"1280\" \/>\n\t<meta property=\"og:image:type\" content=\"image\/jpeg\" \/>\n<meta name=\"author\" content=\"admin\" \/>\n<meta name=\"twitter:card\" content=\"summary_large_image\" \/>\n<meta name=\"twitter:label1\" content=\"Yazan:\" \/>\n\t<meta name=\"twitter:data1\" content=\"admin\" \/>\n\t<meta name=\"twitter:label2\" content=\"Tahmini okuma s\u00fcresi\" \/>\n\t<meta name=\"twitter:data2\" content=\"1 dakika\" \/>\n<script type=\"application\/ld+json\" class=\"yoast-schema-graph\">{\"@context\":\"https:\\\/\\\/schema.org\",\"@graph\":[{\"@type\":\"Article\",\"@id\":\"https:\\\/\\\/kibrisdakik.com\\\/?p=60532#article\",\"isPartOf\":{\"@id\":\"https:\\\/\\\/kibrisdakik.com\\\/?p=60532\"},\"author\":{\"name\":\"admin\",\"@id\":\"https:\\\/\\\/kibrisdakik.com\\\/#\\\/schema\\\/person\\\/9cd9d437bbb44f72b73ba127e06d8e79\"},\"headline\":\"Haspolat\u2019ta i\u015f kazas\u0131\u2026 Yakla\u015f\u0131k 2 metre y\u00fckseklikten d\u00fc\u015fen \u015fah\u0131s yaraland\u0131\",\"datePublished\":\"2024-09-08T12:59:28+00:00\",\"mainEntityOfPage\":{\"@id\":\"https:\\\/\\\/kibrisdakik.com\\\/?p=60532\"},\"wordCount\":114,\"commentCount\":0,\"image\":{\"@id\":\"https:\\\/\\\/kibrisdakik.com\\\/?p=60532#primaryimage\"},\"thumbnailUrl\":\"https:\\\/\\\/kibrisdakik.com\\\/wp-content\\\/uploads\\\/2024\\\/09\\\/is-kazasi172-740x420.jpg\",\"articleSection\":[\"G\u00fcndem\"],\"inLanguage\":\"tr\",\"potentialAction\":[{\"@type\":\"CommentAction\",\"name\":\"Comment\",\"target\":[\"https:\\\/\\\/kibrisdakik.com\\\/?p=60532#respond\"]}]},{\"@type\":\"WebPage\",\"@id\":\"https:\\\/\\\/kibrisdakik.com\\\/?p=60532\",\"url\":\"https:\\\/\\\/kibrisdakik.com\\\/?p=60532\",\"name\":\"Haspolat\u2019ta i\u015f kazas\u0131\u2026 Yakla\u015f\u0131k 2 metre y\u00fckseklikten d\u00fc\u015fen \u015fah\u0131s yaraland\u0131 -\",\"isPartOf\":{\"@id\":\"https:\\\/\\\/kibrisdakik.com\\\/#website\"},\"primaryImageOfPage\":{\"@id\":\"https:\\\/\\\/kibrisdakik.com\\\/?p=60532#primaryimage\"},\"image\":{\"@id\":\"https:\\\/\\\/kibrisdakik.com\\\/?p=60532#primaryimage\"},\"thumbnailUrl\":\"https:\\\/\\\/kibrisdakik.com\\\/wp-content\\\/uploads\\\/2024\\\/09\\\/is-kazasi172-740x420.jpg\",\"datePublished\":\"2024-09-08T12:59:28+00:00\",\"author\":{\"@id\":\"https:\\\/\\\/kibrisdakik.com\\\/#\\\/schema\\\/person\\\/9cd9d437bbb44f72b73ba127e06d8e79\"},\"breadcrumb\":{\"@id\":\"https:\\\/\\\/kibrisdakik.com\\\/?p=60532#breadcrumb\"},\"inLanguage\":\"tr\",\"potentialAction\":[{\"@type\":\"ReadAction\",\"target\":[\"https:\\\/\\\/kibrisdakik.com\\\/?p=60532\"]}]},{\"@type\":\"ImageObject\",\"inLanguage\":\"tr\",\"@id\":\"https:\\\/\\\/kibrisdakik.com\\\/?p=60532#primaryimage\",\"url\":\"https:\\\/\\\/kibrisdakik.com\\\/wp-content\\\/uploads\\\/2024\\\/09\\\/is-kazasi172-740x420.jpg\",\"contentUrl\":\"https:\\\/\\\/kibrisdakik.com\\\/wp-content\\\/uploads\\\/2024\\\/09\\\/is-kazasi172-740x420.jpg\",\"width\":1920,\"height\":1280},{\"@type\":\"BreadcrumbList\",\"@id\":\"https:\\\/\\\/kibrisdakik.com\\\/?p=60532#breadcrumb\",\"itemListElement\":[{\"@type\":\"ListItem\",\"position\":1,\"name\":\"Home\",\"item\":\"https:\\\/\\\/kibrisdakik.com\\\/\"},{\"@type\":\"ListItem\",\"position\":2,\"name\":\"Haspolat\u2019ta i\u015f kazas\u0131\u2026 Yakla\u015f\u0131k 2 metre y\u00fckseklikten d\u00fc\u015fen \u015fah\u0131s yaraland\u0131\"}]},{\"@type\":\"WebSite\",\"@id\":\"https:\\\/\\\/kibrisdakik.com\\\/#website\",\"url\":\"https:\\\/\\\/kibrisdakik.com\\\/\",\"name\":\"\",\"description\":\"Tam vaktinde haber\",\"potentialAction\":[{\"@type\":\"SearchAction\",\"target\":{\"@type\":\"EntryPoint\",\"urlTemplate\":\"https:\\\/\\\/kibrisdakik.com\\\/?s={search_term_string}\"},\"query-input\":{\"@type\":\"PropertyValueSpecification\",\"valueRequired\":true,\"valueName\":\"search_term_string\"}}],\"inLanguage\":\"tr\"},{\"@type\":\"Person\",\"@id\":\"https:\\\/\\\/kibrisdakik.com\\\/#\\\/schema\\\/person\\\/9cd9d437bbb44f72b73ba127e06d8e79\",\"name\":\"admin\",\"image\":{\"@type\":\"ImageObject\",\"inLanguage\":\"tr\",\"@id\":\"https:\\\/\\\/secure.gravatar.com\\\/avatar\\\/ccc17943b9d660506c869530f897617f7cb1c21a4bf30023f252596d83e1f007?s=96&d=mm&r=g\",\"url\":\"https:\\\/\\\/secure.gravatar.com\\\/avatar\\\/ccc17943b9d660506c869530f897617f7cb1c21a4bf30023f252596d83e1f007?s=96&d=mm&r=g\",\"contentUrl\":\"https:\\\/\\\/secure.gravatar.com\\\/avatar\\\/ccc17943b9d660506c869530f897617f7cb1c21a4bf30023f252596d83e1f007?s=96&d=mm&r=g\",\"caption\":\"admin\"},\"sameAs\":[\"https:\\\/\\\/kibrisdakik.com\"],\"url\":\"https:\\\/\\\/kibrisdakik.com\\\/?author=1\"}]}<\/script>\n<!-- \/ Yoast SEO plugin. -->","yoast_head_json":{"title":"Haspolat\u2019ta i\u015f kazas\u0131\u2026 Yakla\u015f\u0131k 2 metre y\u00fckseklikten d\u00fc\u015fen \u015fah\u0131s yaraland\u0131 -","robots":{"index":"index","follow":"follow","max-snippet":"max-snippet:-1","max-image-preview":"max-image-preview:large","max-video-preview":"max-video-preview:-1"},"canonical":"https:\/\/kibrisdakik.com\/?p=60532","og_locale":"tr_TR","og_type":"article","og_title":"Haspolat\u2019ta i\u015f kazas\u0131\u2026 Yakla\u015f\u0131k 2 metre y\u00fckseklikten d\u00fc\u015fen \u015fah\u0131s yaraland\u0131 -","og_description":"Haspolat\u2019ta faaliyet g\u00f6steren bir i\u015f yerinde, d\u00fcn meydana gelen i\u015f kazas\u0131nda bir ki\u015fi yaraland\u0131. Polis Bas\u0131n B\u00fclteni\u2019ne g\u00f6re, saat 16.30\u2019da meydana gelen olayda Cuma Kahraman, i\u015fyerinin \u00fcst kat\u0131nda bulunan g\u00fcne\u015f panellerini temizledi\u011fi s\u0131rada dengesini kaybetti, yakla\u015f\u0131k 2 metre y\u00fckseklikten yerde bulunan sandvi\u00e7 panelin \u00fczerine d\u00fc\u015ft\u00fc. Kahraman, kald\u0131r\u0131ld\u0131\u011f\u0131 Lefko\u015fa Dr. Burhan Nalbanto\u011flu Devlet Hastanesi\u2019nde, sol omuz","og_url":"https:\/\/kibrisdakik.com\/?p=60532","article_published_time":"2024-09-08T12:59:28+00:00","og_image":[{"width":1920,"height":1280,"url":"https:\/\/kibrisdakik.com\/wp-content\/uploads\/2024\/09\/is-kazasi172-740x420.jpg","type":"image\/jpeg"}],"author":"admin","twitter_card":"summary_large_image","twitter_misc":{"Yazan:":"admin","Tahmini okuma s\u00fcresi":"1 dakika"},"schema":{"@context":"https:\/\/schema.org","@graph":[{"@type":"Article","@id":"https:\/\/kibrisdakik.com\/?p=60532#article","isPartOf":{"@id":"https:\/\/kibrisdakik.com\/?p=60532"},"author":{"name":"admin","@id":"https:\/\/kibrisdakik.com\/#\/schema\/person\/9cd9d437bbb44f72b73ba127e06d8e79"},"headline":"Haspolat\u2019ta i\u015f kazas\u0131\u2026 Yakla\u015f\u0131k 2 metre y\u00fckseklikten d\u00fc\u015fen \u015fah\u0131s yaraland\u0131","datePublished":"2024-09-08T12:59:28+00:00","mainEntityOfPage":{"@id":"https:\/\/kibrisdakik.com\/?p=60532"},"wordCount":114,"commentCount":0,"image":{"@id":"https:\/\/kibrisdakik.com\/?p=60532#primaryimage"},"thumbnailUrl":"https:\/\/kibrisdakik.com\/wp-content\/uploads\/2024\/09\/is-kazasi172-740x420.jpg","articleSection":["G\u00fcndem"],"inLanguage":"tr","potentialAction":[{"@type":"CommentAction","name":"Comment","target":["https:\/\/kibrisdakik.com\/?p=60532#respond"]}]},{"@type":"WebPage","@id":"https:\/\/kibrisdakik.com\/?p=60532","url":"https:\/\/kibrisdakik.com\/?p=60532","name":"Haspolat\u2019ta i\u015f kazas\u0131\u2026 Yakla\u015f\u0131k 2 metre y\u00fckseklikten d\u00fc\u015fen \u015fah\u0131s yaraland\u0131 -","isPartOf":{"@id":"https:\/\/kibrisdakik.com\/#website"},"primaryImageOfPage":{"@id":"https:\/\/kibrisdakik.com\/?p=60532#primaryimage"},"image":{"@id":"https:\/\/kibrisdakik.com\/?p=60532#primaryimage"},"thumbnailUrl":"https:\/\/kibrisdakik.com\/wp-content\/uploads\/2024\/09\/is-kazasi172-740x420.jpg","datePublished":"2024-09-08T12:59:28+00:00","author":{"@id":"https:\/\/kibrisdakik.com\/#\/schema\/person\/9cd9d437bbb44f72b73ba127e06d8e79"},"breadcrumb":{"@id":"https:\/\/kibrisdakik.com\/?p=60532#breadcrumb"},"inLanguage":"tr","potentialAction":[{"@type":"ReadAction","target":["https:\/\/kibrisdakik.com\/?p=60532"]}]},{"@type":"ImageObject","inLanguage":"tr","@id":"https:\/\/kibrisdakik.com\/?p=60532#primaryimage","url":"https:\/\/kibrisdakik.com\/wp-content\/uploads\/2024\/09\/is-kazasi172-740x420.jpg","contentUrl":"https:\/\/kibrisdakik.com\/wp-content\/uploads\/2024\/09\/is-kazasi172-740x420.jpg","width":1920,"height":1280},{"@type":"BreadcrumbList","@id":"https:\/\/kibrisdakik.com\/?p=60532#breadcrumb","itemListElement":[{"@type":"ListItem","position":1,"name":"Home","item":"https:\/\/kibrisdakik.com\/"},{"@type":"ListItem","position":2,"name":"Haspolat\u2019ta i\u015f kazas\u0131\u2026 Yakla\u015f\u0131k 2 metre y\u00fckseklikten d\u00fc\u015fen \u015fah\u0131s yaraland\u0131"}]},{"@type":"WebSite","@id":"https:\/\/kibrisdakik.com\/#website","url":"https:\/\/kibrisdakik.com\/","name":"","description":"Tam vaktinde haber","potentialAction":[{"@type":"SearchAction","target":{"@type":"EntryPoint","urlTemplate":"https:\/\/kibrisdakik.com\/?s={search_term_string}"},"query-input":{"@type":"PropertyValueSpecification","valueRequired":true,"valueName":"search_term_string"}}],"inLanguage":"tr"},{"@type":"Person","@id":"https:\/\/kibrisdakik.com\/#\/schema\/person\/9cd9d437bbb44f72b73ba127e06d8e79","name":"admin","image":{"@type":"ImageObject","inLanguage":"tr","@id":"https:\/\/secure.gravatar.com\/avatar\/ccc17943b9d660506c869530f897617f7cb1c21a4bf30023f252596d83e1f007?s=96&d=mm&r=g","url":"https:\/\/secure.gravatar.com\/avatar\/ccc17943b9d660506c869530f897617f7cb1c21a4bf30023f252596d83e1f007?s=96&d=mm&r=g","contentUrl":"https:\/\/secure.gravatar.com\/avatar\/ccc17943b9d660506c869530f897617f7cb1c21a4bf30023f252596d83e1f007?s=96&d=mm&r=g","caption":"admin"},"sameAs":["https:\/\/kibrisdakik.com"],"url":"https:\/\/kibrisdakik.com\/?author=1"}]}},"_links":{"self":[{"href":"https:\/\/kibrisdakik.com\/index.php?rest_route=\/wp\/v2\/posts\/60532","targetHints":{"allow":["GET"]}}],"collection":[{"href":"https:\/\/kibrisdakik.com\/index.php?rest_route=\/wp\/v2\/posts"}],"about":[{"href":"https:\/\/kibrisdakik.com\/index.php?rest_route=\/wp\/v2\/types\/post"}],"author":[{"embeddable":true,"href":"https:\/\/kibrisdakik.com\/index.php?rest_route=\/wp\/v2\/users\/1"}],"replies":[{"embeddable":true,"href":"https:\/\/kibrisdakik.com\/index.php?rest_route=%2Fwp%2Fv2%2Fcomments&post=60532"}],"version-history":[{"count":0,"href":"https:\/\/kibrisdakik.com\/index.php?rest_route=\/wp\/v2\/posts\/60532\/revisions"}],"wp:featuredmedia":[{"embeddable":true,"href":"https:\/\/kibrisdakik.com\/index.php?rest_route=\/wp\/v2\/media\/60533"}],"wp:attachment":[{"href":"https:\/\/kibrisdakik.com\/index.php?rest_route=%2Fwp%2Fv2%2Fmedia&parent=60532"}],"wp:term":[{"taxonomy":"category","embeddable":true,"href":"https:\/\/kibrisdakik.com\/index.php?rest_route=%2Fwp%2Fv2%2Fcategories&post=60532"},{"taxonomy":"post_tag","embeddable":true,"href":"https:\/\/kibrisdakik.com\/index.php?rest_route=%2Fwp%2Fv2%2Ftags&post=60532"}],"curies":[{"name":"wp","href":"https:\/\/api.w.org\/{rel}","templated":true}]}}