{"id":60547,"date":"2024-09-08T18:44:26","date_gmt":"2024-09-08T15:44:26","guid":{"rendered":"https:\/\/kibrisdakik.com\/index.php\/2024\/09\/08\/cumhurbaskani-tatar-bir-dizi-temaslarda-bulunmak-uzere-yarin-londraya-gidiyor\/"},"modified":"2024-09-08T18:44:26","modified_gmt":"2024-09-08T15:44:26","slug":"cumhurbaskani-tatar-bir-dizi-temaslarda-bulunmak-uzere-yarin-londraya-gidiyor","status":"publish","type":"post","link":"https:\/\/kibrisdakik.com\/?p=60547","title":{"rendered":"Cumhurba\u015fkan\u0131 Tatar, bir dizi temaslarda bulunmak \u00fczere yar\u0131n Londra\u2019ya gidiyor"},"content":{"rendered":"<div>\n<div class=\"mariselle-image-container center\">\n                                            <\/div>\n<p>Cumhurba\u015fkan\u0131 Ersin Tatar, bir dizi temaslarda bulunmak \u00fczere yar\u0131n Londra\u2019ya gidiyor.<\/p>\n<p>Cumhurba\u015fkan\u0131 Ersin Tatar, Kuzey K\u0131br\u0131s i\u00e7in \u00d6zg\u00fcrl\u00fck ve Adalet kampanyas\u0131n\u0131n\u0131 daveti \u00fczerine gidece\u011fi Londra temaslar\u0131 kapsam\u0131nda Birle\u015fik Krall\u0131k Parlamento \u00fcyeleriyle bir araya gelecek.<\/p>\n<p>Cumhurba\u015fkan\u0131 Tatar ayr\u0131ca; canl\u0131 yay\u0131nlara kat\u0131lacak, g\u00f6rsel ve yaz\u0131l\u0131 bas\u0131na m\u00fclakatlar verecek. Cumhurba\u015fkan\u0131 Ersin Tatar, K\u0131br\u0131sl\u0131 T\u00fcrk i\u015f insanlar\u0131, meslek \u00f6rg\u00fct\u00fc ve sivil toplum temsilcileriyle de g\u00f6r\u00fc\u015fecek.<\/p>\n<p>11 Eyl\u00fcl\u2019de temaslar\u0131n\u0131 tamamlamas\u0131 beklenen Cumhurba\u015fkan\u0131 Tatar\u2019a Londra ziyareti s\u0131ras\u0131nda, \u00d6zel Temsilci G\u00fcne\u015f Onar ve D\u0131\u015f Bas\u0131n Sorumlusu Kerem Haser e\u015flik edecek<\/p>\n<\/p><\/div>\n<p><script async\n                    defer\n                    crossorigin=\"anonymous\"\n                    src=\"https:\/\/connect.facebook.net\/tr_TR\/sdk.js#xfbml=1&#038;version=v3.3\"\n            ><\/script><\/p>\n","protected":false},"excerpt":{"rendered":"<p>Cumhurba\u015fkan\u0131 Ersin Tatar, bir dizi temaslarda bulunmak \u00fczere yar\u0131n Londra\u2019ya gidiyor. Cumhurba\u015fkan\u0131 Ersin Tatar, Kuzey K\u0131br\u0131s i\u00e7in \u00d6zg\u00fcrl\u00fck ve Adalet kampanyas\u0131n\u0131n\u0131 daveti \u00fczerine gidece\u011fi Londra temaslar\u0131 kapsam\u0131nda Birle\u015fik Krall\u0131k Parlamento \u00fcyeleriyle bir araya gelecek. Cumhurba\u015fkan\u0131 Tatar ayr\u0131ca; canl\u0131 yay\u0131nlara kat\u0131lacak, g\u00f6rsel ve yaz\u0131l\u0131 bas\u0131na m\u00fclakatlar verecek. Cumhurba\u015fkan\u0131 Ersin Tatar, K\u0131br\u0131sl\u0131 T\u00fcrk i\u015f insanlar\u0131, meslek \u00f6rg\u00fct\u00fc<\/p>\n","protected":false},"author":1,"featured_media":58601,"comment_status":"open","ping_status":"open","sticky":false,"template":"","format":"standard","meta":{"footnotes":""},"categories":[81],"tags":[],"class_list":["post-60547","post","type-post","status-publish","format-standard","has-post-thumbnail","hentry","category-kibris"],"yoast_head":"<!-- This site is optimized with the Yoast SEO plugin v27.5 - https:\/\/yoast.com\/product\/yoast-seo-wordpress\/ -->\n<title>Cumhurba\u015fkan\u0131 Tatar, bir dizi temaslarda bulunmak \u00fczere yar\u0131n Londra\u2019ya gidiyor -<\/title>\n<meta name=\"robots\" content=\"index, follow, max-snippet:-1, max-image-preview:large, max-video-preview:-1\" \/>\n<link rel=\"canonical\" href=\"https:\/\/kibrisdakik.com\/?p=60547\" \/>\n<meta property=\"og:locale\" content=\"tr_TR\" \/>\n<meta property=\"og:type\" content=\"article\" \/>\n<meta property=\"og:title\" content=\"Cumhurba\u015fkan\u0131 Tatar, bir dizi temaslarda bulunmak \u00fczere yar\u0131n Londra\u2019ya gidiyor -\" \/>\n<meta property=\"og:description\" content=\"Cumhurba\u015fkan\u0131 Ersin Tatar, bir dizi temaslarda bulunmak \u00fczere yar\u0131n Londra\u2019ya gidiyor. Cumhurba\u015fkan\u0131 Ersin Tatar, Kuzey K\u0131br\u0131s i\u00e7in \u00d6zg\u00fcrl\u00fck ve Adalet kampanyas\u0131n\u0131n\u0131 daveti \u00fczerine gidece\u011fi Londra temaslar\u0131 kapsam\u0131nda Birle\u015fik Krall\u0131k Parlamento \u00fcyeleriyle bir araya gelecek. Cumhurba\u015fkan\u0131 Tatar ayr\u0131ca; canl\u0131 yay\u0131nlara kat\u0131lacak, g\u00f6rsel ve yaz\u0131l\u0131 bas\u0131na m\u00fclakatlar verecek. Cumhurba\u015fkan\u0131 Ersin Tatar, K\u0131br\u0131sl\u0131 T\u00fcrk i\u015f insanlar\u0131, meslek \u00f6rg\u00fct\u00fc\" \/>\n<meta property=\"og:url\" content=\"https:\/\/kibrisdakik.com\/?p=60547\" \/>\n<meta property=\"article:published_time\" content=\"2024-09-08T15:44:26+00:00\" \/>\n<meta property=\"og:image\" content=\"https:\/\/kibrisdakik.com\/wp-content\/uploads\/2024\/09\/TATAR-740x420.jpg\" \/>\n\t<meta property=\"og:image:width\" content=\"864\" \/>\n\t<meta property=\"og:image:height\" content=\"486\" \/>\n\t<meta property=\"og:image:type\" content=\"image\/jpeg\" \/>\n<meta name=\"author\" content=\"admin\" \/>\n<meta name=\"twitter:card\" content=\"summary_large_image\" \/>\n<meta name=\"twitter:label1\" content=\"Yazan:\" \/>\n\t<meta name=\"twitter:data1\" content=\"admin\" \/>\n\t<meta name=\"twitter:label2\" content=\"Tahmini okuma s\u00fcresi\" \/>\n\t<meta name=\"twitter:data2\" content=\"1 dakika\" \/>\n<script type=\"application\/ld+json\" class=\"yoast-schema-graph\">{\"@context\":\"https:\\\/\\\/schema.org\",\"@graph\":[{\"@type\":\"Article\",\"@id\":\"https:\\\/\\\/kibrisdakik.com\\\/?p=60547#article\",\"isPartOf\":{\"@id\":\"https:\\\/\\\/kibrisdakik.com\\\/?p=60547\"},\"author\":{\"name\":\"admin\",\"@id\":\"https:\\\/\\\/kibrisdakik.com\\\/#\\\/schema\\\/person\\\/9cd9d437bbb44f72b73ba127e06d8e79\"},\"headline\":\"Cumhurba\u015fkan\u0131 Tatar, bir dizi temaslarda bulunmak \u00fczere yar\u0131n Londra\u2019ya gidiyor\",\"datePublished\":\"2024-09-08T15:44:26+00:00\",\"mainEntityOfPage\":{\"@id\":\"https:\\\/\\\/kibrisdakik.com\\\/?p=60547\"},\"wordCount\":135,\"commentCount\":0,\"image\":{\"@id\":\"https:\\\/\\\/kibrisdakik.com\\\/?p=60547#primaryimage\"},\"thumbnailUrl\":\"https:\\\/\\\/kibrisdakik.com\\\/wp-content\\\/uploads\\\/2024\\\/09\\\/TATAR-740x420.jpg\",\"articleSection\":[\"K\u0131br\u0131s\"],\"inLanguage\":\"tr\",\"potentialAction\":[{\"@type\":\"CommentAction\",\"name\":\"Comment\",\"target\":[\"https:\\\/\\\/kibrisdakik.com\\\/?p=60547#respond\"]}]},{\"@type\":\"WebPage\",\"@id\":\"https:\\\/\\\/kibrisdakik.com\\\/?p=60547\",\"url\":\"https:\\\/\\\/kibrisdakik.com\\\/?p=60547\",\"name\":\"Cumhurba\u015fkan\u0131 Tatar, bir dizi temaslarda bulunmak \u00fczere yar\u0131n Londra\u2019ya gidiyor -\",\"isPartOf\":{\"@id\":\"https:\\\/\\\/kibrisdakik.com\\\/#website\"},\"primaryImageOfPage\":{\"@id\":\"https:\\\/\\\/kibrisdakik.com\\\/?p=60547#primaryimage\"},\"image\":{\"@id\":\"https:\\\/\\\/kibrisdakik.com\\\/?p=60547#primaryimage\"},\"thumbnailUrl\":\"https:\\\/\\\/kibrisdakik.com\\\/wp-content\\\/uploads\\\/2024\\\/09\\\/TATAR-740x420.jpg\",\"datePublished\":\"2024-09-08T15:44:26+00:00\",\"author\":{\"@id\":\"https:\\\/\\\/kibrisdakik.com\\\/#\\\/schema\\\/person\\\/9cd9d437bbb44f72b73ba127e06d8e79\"},\"breadcrumb\":{\"@id\":\"https:\\\/\\\/kibrisdakik.com\\\/?p=60547#breadcrumb\"},\"inLanguage\":\"tr\",\"potentialAction\":[{\"@type\":\"ReadAction\",\"target\":[\"https:\\\/\\\/kibrisdakik.com\\\/?p=60547\"]}]},{\"@type\":\"ImageObject\",\"inLanguage\":\"tr\",\"@id\":\"https:\\\/\\\/kibrisdakik.com\\\/?p=60547#primaryimage\",\"url\":\"https:\\\/\\\/kibrisdakik.com\\\/wp-content\\\/uploads\\\/2024\\\/09\\\/TATAR-740x420.jpg\",\"contentUrl\":\"https:\\\/\\\/kibrisdakik.com\\\/wp-content\\\/uploads\\\/2024\\\/09\\\/TATAR-740x420.jpg\",\"width\":864,\"height\":486},{\"@type\":\"BreadcrumbList\",\"@id\":\"https:\\\/\\\/kibrisdakik.com\\\/?p=60547#breadcrumb\",\"itemListElement\":[{\"@type\":\"ListItem\",\"position\":1,\"name\":\"Home\",\"item\":\"https:\\\/\\\/kibrisdakik.com\\\/\"},{\"@type\":\"ListItem\",\"position\":2,\"name\":\"Cumhurba\u015fkan\u0131 Tatar, bir dizi temaslarda bulunmak \u00fczere yar\u0131n Londra\u2019ya gidiyor\"}]},{\"@type\":\"WebSite\",\"@id\":\"https:\\\/\\\/kibrisdakik.com\\\/#website\",\"url\":\"https:\\\/\\\/kibrisdakik.com\\\/\",\"name\":\"\",\"description\":\"Tam vaktinde haber\",\"potentialAction\":[{\"@type\":\"SearchAction\",\"target\":{\"@type\":\"EntryPoint\",\"urlTemplate\":\"https:\\\/\\\/kibrisdakik.com\\\/?s={search_term_string}\"},\"query-input\":{\"@type\":\"PropertyValueSpecification\",\"valueRequired\":true,\"valueName\":\"search_term_string\"}}],\"inLanguage\":\"tr\"},{\"@type\":\"Person\",\"@id\":\"https:\\\/\\\/kibrisdakik.com\\\/#\\\/schema\\\/person\\\/9cd9d437bbb44f72b73ba127e06d8e79\",\"name\":\"admin\",\"image\":{\"@type\":\"ImageObject\",\"inLanguage\":\"tr\",\"@id\":\"https:\\\/\\\/secure.gravatar.com\\\/avatar\\\/ccc17943b9d660506c869530f897617f7cb1c21a4bf30023f252596d83e1f007?s=96&d=mm&r=g\",\"url\":\"https:\\\/\\\/secure.gravatar.com\\\/avatar\\\/ccc17943b9d660506c869530f897617f7cb1c21a4bf30023f252596d83e1f007?s=96&d=mm&r=g\",\"contentUrl\":\"https:\\\/\\\/secure.gravatar.com\\\/avatar\\\/ccc17943b9d660506c869530f897617f7cb1c21a4bf30023f252596d83e1f007?s=96&d=mm&r=g\",\"caption\":\"admin\"},\"sameAs\":[\"https:\\\/\\\/kibrisdakik.com\"],\"url\":\"https:\\\/\\\/kibrisdakik.com\\\/?author=1\"}]}<\/script>\n<!-- \/ Yoast SEO plugin. -->","yoast_head_json":{"title":"Cumhurba\u015fkan\u0131 Tatar, bir dizi temaslarda bulunmak \u00fczere yar\u0131n Londra\u2019ya gidiyor -","robots":{"index":"index","follow":"follow","max-snippet":"max-snippet:-1","max-image-preview":"max-image-preview:large","max-video-preview":"max-video-preview:-1"},"canonical":"https:\/\/kibrisdakik.com\/?p=60547","og_locale":"tr_TR","og_type":"article","og_title":"Cumhurba\u015fkan\u0131 Tatar, bir dizi temaslarda bulunmak \u00fczere yar\u0131n Londra\u2019ya gidiyor -","og_description":"Cumhurba\u015fkan\u0131 Ersin Tatar, bir dizi temaslarda bulunmak \u00fczere yar\u0131n Londra\u2019ya gidiyor. Cumhurba\u015fkan\u0131 Ersin Tatar, Kuzey K\u0131br\u0131s i\u00e7in \u00d6zg\u00fcrl\u00fck ve Adalet kampanyas\u0131n\u0131n\u0131 daveti \u00fczerine gidece\u011fi Londra temaslar\u0131 kapsam\u0131nda Birle\u015fik Krall\u0131k Parlamento \u00fcyeleriyle bir araya gelecek. Cumhurba\u015fkan\u0131 Tatar ayr\u0131ca; canl\u0131 yay\u0131nlara kat\u0131lacak, g\u00f6rsel ve yaz\u0131l\u0131 bas\u0131na m\u00fclakatlar verecek. Cumhurba\u015fkan\u0131 Ersin Tatar, K\u0131br\u0131sl\u0131 T\u00fcrk i\u015f insanlar\u0131, meslek \u00f6rg\u00fct\u00fc","og_url":"https:\/\/kibrisdakik.com\/?p=60547","article_published_time":"2024-09-08T15:44:26+00:00","og_image":[{"width":864,"height":486,"url":"https:\/\/kibrisdakik.com\/wp-content\/uploads\/2024\/09\/TATAR-740x420.jpg","type":"image\/jpeg"}],"author":"admin","twitter_card":"summary_large_image","twitter_misc":{"Yazan:":"admin","Tahmini okuma s\u00fcresi":"1 dakika"},"schema":{"@context":"https:\/\/schema.org","@graph":[{"@type":"Article","@id":"https:\/\/kibrisdakik.com\/?p=60547#article","isPartOf":{"@id":"https:\/\/kibrisdakik.com\/?p=60547"},"author":{"name":"admin","@id":"https:\/\/kibrisdakik.com\/#\/schema\/person\/9cd9d437bbb44f72b73ba127e06d8e79"},"headline":"Cumhurba\u015fkan\u0131 Tatar, bir dizi temaslarda bulunmak \u00fczere yar\u0131n Londra\u2019ya gidiyor","datePublished":"2024-09-08T15:44:26+00:00","mainEntityOfPage":{"@id":"https:\/\/kibrisdakik.com\/?p=60547"},"wordCount":135,"commentCount":0,"image":{"@id":"https:\/\/kibrisdakik.com\/?p=60547#primaryimage"},"thumbnailUrl":"https:\/\/kibrisdakik.com\/wp-content\/uploads\/2024\/09\/TATAR-740x420.jpg","articleSection":["K\u0131br\u0131s"],"inLanguage":"tr","potentialAction":[{"@type":"CommentAction","name":"Comment","target":["https:\/\/kibrisdakik.com\/?p=60547#respond"]}]},{"@type":"WebPage","@id":"https:\/\/kibrisdakik.com\/?p=60547","url":"https:\/\/kibrisdakik.com\/?p=60547","name":"Cumhurba\u015fkan\u0131 Tatar, bir dizi temaslarda bulunmak \u00fczere yar\u0131n Londra\u2019ya gidiyor -","isPartOf":{"@id":"https:\/\/kibrisdakik.com\/#website"},"primaryImageOfPage":{"@id":"https:\/\/kibrisdakik.com\/?p=60547#primaryimage"},"image":{"@id":"https:\/\/kibrisdakik.com\/?p=60547#primaryimage"},"thumbnailUrl":"https:\/\/kibrisdakik.com\/wp-content\/uploads\/2024\/09\/TATAR-740x420.jpg","datePublished":"2024-09-08T15:44:26+00:00","author":{"@id":"https:\/\/kibrisdakik.com\/#\/schema\/person\/9cd9d437bbb44f72b73ba127e06d8e79"},"breadcrumb":{"@id":"https:\/\/kibrisdakik.com\/?p=60547#breadcrumb"},"inLanguage":"tr","potentialAction":[{"@type":"ReadAction","target":["https:\/\/kibrisdakik.com\/?p=60547"]}]},{"@type":"ImageObject","inLanguage":"tr","@id":"https:\/\/kibrisdakik.com\/?p=60547#primaryimage","url":"https:\/\/kibrisdakik.com\/wp-content\/uploads\/2024\/09\/TATAR-740x420.jpg","contentUrl":"https:\/\/kibrisdakik.com\/wp-content\/uploads\/2024\/09\/TATAR-740x420.jpg","width":864,"height":486},{"@type":"BreadcrumbList","@id":"https:\/\/kibrisdakik.com\/?p=60547#breadcrumb","itemListElement":[{"@type":"ListItem","position":1,"name":"Home","item":"https:\/\/kibrisdakik.com\/"},{"@type":"ListItem","position":2,"name":"Cumhurba\u015fkan\u0131 Tatar, bir dizi temaslarda bulunmak \u00fczere yar\u0131n Londra\u2019ya gidiyor"}]},{"@type":"WebSite","@id":"https:\/\/kibrisdakik.com\/#website","url":"https:\/\/kibrisdakik.com\/","name":"","description":"Tam vaktinde haber","potentialAction":[{"@type":"SearchAction","target":{"@type":"EntryPoint","urlTemplate":"https:\/\/kibrisdakik.com\/?s={search_term_string}"},"query-input":{"@type":"PropertyValueSpecification","valueRequired":true,"valueName":"search_term_string"}}],"inLanguage":"tr"},{"@type":"Person","@id":"https:\/\/kibrisdakik.com\/#\/schema\/person\/9cd9d437bbb44f72b73ba127e06d8e79","name":"admin","image":{"@type":"ImageObject","inLanguage":"tr","@id":"https:\/\/secure.gravatar.com\/avatar\/ccc17943b9d660506c869530f897617f7cb1c21a4bf30023f252596d83e1f007?s=96&d=mm&r=g","url":"https:\/\/secure.gravatar.com\/avatar\/ccc17943b9d660506c869530f897617f7cb1c21a4bf30023f252596d83e1f007?s=96&d=mm&r=g","contentUrl":"https:\/\/secure.gravatar.com\/avatar\/ccc17943b9d660506c869530f897617f7cb1c21a4bf30023f252596d83e1f007?s=96&d=mm&r=g","caption":"admin"},"sameAs":["https:\/\/kibrisdakik.com"],"url":"https:\/\/kibrisdakik.com\/?author=1"}]}},"_links":{"self":[{"href":"https:\/\/kibrisdakik.com\/index.php?rest_route=\/wp\/v2\/posts\/60547","targetHints":{"allow":["GET"]}}],"collection":[{"href":"https:\/\/kibrisdakik.com\/index.php?rest_route=\/wp\/v2\/posts"}],"about":[{"href":"https:\/\/kibrisdakik.com\/index.php?rest_route=\/wp\/v2\/types\/post"}],"author":[{"embeddable":true,"href":"https:\/\/kibrisdakik.com\/index.php?rest_route=\/wp\/v2\/users\/1"}],"replies":[{"embeddable":true,"href":"https:\/\/kibrisdakik.com\/index.php?rest_route=%2Fwp%2Fv2%2Fcomments&post=60547"}],"version-history":[{"count":0,"href":"https:\/\/kibrisdakik.com\/index.php?rest_route=\/wp\/v2\/posts\/60547\/revisions"}],"wp:featuredmedia":[{"embeddable":true,"href":"https:\/\/kibrisdakik.com\/index.php?rest_route=\/wp\/v2\/media\/58601"}],"wp:attachment":[{"href":"https:\/\/kibrisdakik.com\/index.php?rest_route=%2Fwp%2Fv2%2Fmedia&parent=60547"}],"wp:term":[{"taxonomy":"category","embeddable":true,"href":"https:\/\/kibrisdakik.com\/index.php?rest_route=%2Fwp%2Fv2%2Fcategories&post=60547"},{"taxonomy":"post_tag","embeddable":true,"href":"https:\/\/kibrisdakik.com\/index.php?rest_route=%2Fwp%2Fv2%2Ftags&post=60547"}],"curies":[{"name":"wp","href":"https:\/\/api.w.org\/{rel}","templated":true}]}}