{"id":60574,"date":"2024-09-09T01:57:41","date_gmt":"2024-09-08T22:57:41","guid":{"rendered":"https:\/\/kibrisdakik.com\/?p=60574"},"modified":"2024-09-09T01:57:41","modified_gmt":"2024-09-08T22:57:41","slug":"narin-cinayetini-cozecek-gelisme-turkiye-metadan-verileri-istedi","status":"publish","type":"post","link":"https:\/\/kibrisdakik.com\/?p=60574","title":{"rendered":"Narin cinayetini \u00e7\u00f6zecek geli\u015fme: T\u00fcrkiye META&#8217;dan verileri istedi"},"content":{"rendered":"<p><img decoding=\"async\" src=\"https:\/\/foto.haberler.com\/haber\/2024\/09\/08\/narin-cinayetini-cozecek-gelisme-turkiye-meta-17800500_3662_amp.jpg\" \/><\/p>\n<div id=\"\">\n<p> <a class=\"keyword\" href=\"https:\/\/www.haberler.com\/turkiye\/\" title=\"T\u00fcrkiye Haberleri, T\u00fcrkiye Haberi, T\u00fcrkiye Haber\"><strong>T\u00fcrkiye<\/strong><\/a> kaybolduktan 19 g\u00fcn sonra cans\u0131z bedeni bulunan Narin G\u00fcran&#8217;a kahroldu. Dava soru\u015fturmas\u0131 kapsam\u0131nda aralar\u0131nda \u00e7ok say\u0131da aile \u00fcyesinin de oldu\u011fu 23 ki\u015fi g\u00f6zalt\u0131na al\u0131n\u0131rken soru\u015fturma kapsam\u0131nda tutuklanan amca Salim G\u00fcran&#8217;\u0131n silinen Wats App kay\u0131tlar\u0131 i\u00e7in T\u00fcrkiye&#8217;nin harekete ge\u00e7ti\u011fi \u00f6\u011frenildi.<\/p>\n<h3>19 G\u00dcN SONRA ACI HABER GELD\u0130<\/h3>\n<p>T\u00fcm T\u00fcrkiye&#8217;yi yasa bo\u011fan ac\u0131  <a class=\"keyword\" href=\"https:\/\/www.haberler.com\/\" title=\"Haber, Haberler\"><strong>haber<\/strong><\/a> bug\u00fcn geldi. 19 g\u00fcnd\u00fcr Diyarbak\u0131r&#8217;da didik didik aranan Narin G\u00fcran&#8217;\u0131n cans\u0131z bedeni daha \u00f6nce defalarca aranan derede bulundu. Olay\u0131n ard\u0131ndan Diyarbak\u0131r Cumhuriyet Ba\u015fsavc\u0131l\u0131\u011f\u0131nca y\u00fcr\u00fct\u00fclen soru\u015fturma kapsam\u0131nda 23 ki\u015fi g\u00f6zalt\u0131na al\u0131nd\u0131. G\u00f6zalt\u0131na al\u0131nanlar\u0131n aras\u0131nda; annesi, babas\u0131, 2 a\u011fabeyi, 3 amcas\u0131 ve 2 Eyl\u00fcl&#8217;de tutuklanan amcas\u0131 Salim G\u00fcran&#8217;\u0131n e\u015finin de bulundu\u011fu \u00f6\u011frenildi. \u015e\u00fcphelilerin jandarmadaki i\u015flemleri s\u00fcr\u00fcyor. G\u00f6zalt\u0131na al\u0131nan 2 a\u011fabeyden birinin daha \u00f6nce g\u00f6zalt\u0131na al\u0131nan ve kolundaki \u0131s\u0131r\u0131k izi \u0130stanbul Adli T\u0131p Kurumunda yap\u0131lan i\u015flemlerde Narin G\u00fcran&#8217;a ait olmad\u0131\u011f\u0131 belirlenerek, serbest b\u0131rak\u0131lan E.G. (18) oldu\u011fu belirtildi.<\/p>\n<h3>\u0130LK G\u00d6ZALTINA ALINAN A\u011eABEY\u0130 OLMU\u015eTU<\/h3>\n<p>8 ya\u015f\u0131ndaki Narin&#8217;in kaybolmas\u0131na ili\u015fkin ilk g\u00f6zalt\u0131na al\u0131nan isim a\u011fabeyi olmu\u015f ancak a\u011fabey k\u0131sa s\u00fcrede serbest b\u0131rak\u0131lm\u0131\u015ft\u0131. 18 ya\u015f\u0131ndaki a\u011fabey; kolunda g\u00f6r\u00fclen \u0131s\u0131r\u0131k izleri nedeniyle g\u00f6zalt\u0131na al\u0131nm\u0131\u015ft\u0131. Narin&#8217;e ait foto\u011fraflardan elde edilen \u00e7ene yap\u0131s\u0131 \u00f6rnekleriyle kar\u015f\u0131la\u015ft\u0131rma i\u00e7in \u0130stanbul Adli T\u0131p Kurumu&#8217;na g\u00f6nderilmi\u015fti. Ancak \u0131s\u0131r\u0131k izinin kime ait oldu\u011fu konusunda bir bulgu elde edilememi\u015fti. A\u011fabey bunun \u00fczerine serbest b\u0131rak\u0131lm\u0131\u015ft\u0131.<\/p>\n<h3>NAR\u0130N&#8217;\u0130N AMCASI TUTUKLANDI<\/h3>\n<p>Kay\u0131p Narin&#8217;i arama \u00e7al\u0131\u015fmalar\u0131n\u0131n 11&#8217;inci g\u00fcn\u00fcnde yeni g\u00f6zalt\u0131 haberi gelmi\u015fti. Narin&#8217;in amcas\u0131 ve ayn\u0131 zamanda Tav\u015fantepe Mahallesi&#8217;nin muhtar\u0131 olan Salim G\u00fcran g\u00f6zalt\u0131na al\u0131nm\u0131\u015ft\u0131. Salim G\u00fcran, \u00e7\u0131kar\u0131ld\u0131\u011f\u0131 mahkemede tutuklanm\u0131\u015ft\u0131. Mahkemeye tutuklamaya gerek\u00e7e olarak, ki\u015fiyi h\u00fcrriyetinden yoksun b\u0131rakma ve kasten \u00f6ld\u00fcrme su\u00e7lamalar\u0131n\u0131 g\u00f6stermi\u015fti.<\/p>\n<h3>AMCANIN S\u0130L\u0130NEN WATS APP KAYITLARI META&#8217;DAN \u0130STEND\u0130<\/h3>\n<p>Amcan\u0131n tutuklu oldu\u011fu dava soru\u015fturmas\u0131nda yeni bir geli\u015fme ya\u015fand\u0131. Amca Salim G\u00fcran&#8217;\u0131n t\u00fcm Wats App yaz\u0131\u015fmalar\u0131n\u0131 sildi\u011fi belirlenmi\u015fti. Gazeteci \u00d6zlem G\u00fcrses T\u00fcrkiye&#8217;nin silinen kay\u0131tlar i\u00e7in META ile ileti\u015fime ge\u00e7ti\u011fini duyurdu. G\u00fcrses sosyal medya hesab\u0131ndan yapt\u0131\u011f\u0131 duyuruda &#8220;T\u00fcrkiye Meta&#8217;yla g\u00f6r\u00fc\u015fm\u00fc\u015f. Narin cinayetinde amcan\u0131n yok etti\u011fi sildi\u011fi b\u00fct\u00fcn yaz\u0131\u015fmalar\u0131n bulunmas\u0131 an meselesi imi\u015f\u2026 Sal\u0131&#8217;ya kadar dosya \u00f6nemli \u00f6l\u00e7\u00fcde ayd\u0131nlanm\u0131\u015f olacak anla\u015f\u0131lan&#8221; ifadelerini kulland\u0131.<\/p>\n<h3>NE OLMU\u015eTU?<\/h3>\n<p>21 A\u011fustos&#8217;ta Ba\u011flar il\u00e7esi Tav\u015fantepe Mahallesi&#8217;nde Kur&#8217;an kursuna giden Narin G\u00fcran \u00e7\u0131k\u0131\u015fta evlerine d\u00f6nmeyince ailesi kendi imkanlar\u0131yla aram\u0131\u015f, aramadan da sonu\u00e7 al\u0131namay\u0131nca Narin&#8217;in babas\u0131 Arif G\u00fcran ayn\u0131 g\u00fcn saat 20.00 s\u0131ralar\u0131nda k\u0131z\u0131n\u0131n kay\u0131p oldu\u011funu bildirmi\u015fti. Bunun \u00fczerine \u00e7ok say\u0131da arama kurtarma ekibinin sevk edildi\u011fi b\u00f6lgede \u00e7al\u0131\u015fmalar ba\u015flam\u0131\u015f, mahalledeki evler ve k\u00f6ye giri\u015f yapan ara\u00e7larda arama yap\u0131lm\u0131\u015ft\u0131.<\/p>\n<p>Arama \u00e7al\u0131\u015fmalar\u0131 s\u00fcrerken, soru\u015fturma kapsam\u0131nda Narin G\u00fcran&#8217;\u0131n a\u011fabeyi E.G. (18), kolundaki \u0131s\u0131r\u0131k izleri nedeniyle g\u00f6zalt\u0131na al\u0131nm\u0131\u015ft\u0131. \u0130stanbul Adli T\u0131p Kurumu&#8217;ndaki incelemede, \u0131s\u0131r\u0131k izlerinin Narin&#8217;e ait olup olmad\u0131\u011f\u0131 tespit edilemeyince E.G. serbest b\u0131rak\u0131lm\u0131\u015ft\u0131.<\/p>\n<p>Ard\u0131ndan Narin&#8217;in amcas\u0131, ayn\u0131 zamanda k\u0131rsal Tav\u015fantepe Mahallesi&#8217;nin muhtar\u0131 Salim G\u00fcran g\u00f6zalt\u0131na al\u0131nm\u0131\u015ft\u0131. Arac\u0131ndan al\u0131nan DNA \u00f6rneklerinin Narin&#8217;in k\u0131yafetlerindeki DNA \u00f6rnekleri ile e\u015fle\u015fti\u011fi belirlenen Salim G\u00fcran, &#8216;kasten \u00f6ld\u00fcrme&#8217; ve &#8216;ki\u015fiyi h\u00fcrriyetinden yoksun k\u0131lma&#8217; su\u00e7lar\u0131ndan tutuklanm\u0131\u015ft\u0131.<\/p>\n<p>Daha \u00f6nce aranan yerlere tekrar yo\u011funla\u015fan ekipler, mahalleye 2 kilometre uzakl\u0131ktaki E\u011fertutmaz Deresi&#8217;nde \u00e7al\u0131\u015fma yapt\u0131 ve Narin&#8217;in cans\u0131z bedeni, 19. g\u00fcnde bulundu. Narin&#8217;in \u00f6ld\u00fcr\u00fcld\u00fckten sonra \u00e7uvalla dereye at\u0131ld\u0131\u011f\u0131, \u00fczerinin ta\u015fla kapat\u0131ld\u0131\u011f\u0131 tespit edildi.<\/p>\n<h4 id=\"nwsKeywords\"> <a href=\"https:\/\/www.haberler.com\/turkiye\/\" title=\"T\u00fcrkiye\" class=\"hbptTag\">T\u00fcrkiye<\/a> <\/h4>\n<\/div>\n","protected":false},"excerpt":{"rendered":"<p>T\u00fcrkiye kaybolduktan 19 g\u00fcn sonra cans\u0131z bedeni bulunan Narin G\u00fcran&#8217;a kahroldu. Dava soru\u015fturmas\u0131 kapsam\u0131nda aralar\u0131nda \u00e7ok say\u0131da aile \u00fcyesinin de oldu\u011fu 23 ki\u015fi g\u00f6zalt\u0131na al\u0131n\u0131rken soru\u015fturma kapsam\u0131nda tutuklanan amca Salim G\u00fcran&#8217;\u0131n silinen Wats App kay\u0131tlar\u0131 i\u00e7in T\u00fcrkiye&#8217;nin harekete ge\u00e7ti\u011fi \u00f6\u011frenildi. 19 G\u00dcN SONRA ACI HABER GELD\u0130 T\u00fcm T\u00fcrkiye&#8217;yi yasa bo\u011fan ac\u0131 haber bug\u00fcn geldi. 19<\/p>\n","protected":false},"author":1,"featured_media":60575,"comment_status":"open","ping_status":"open","sticky":false,"template":"","format":"standard","meta":{"footnotes":""},"categories":[83],"tags":[],"class_list":["post-60574","post","type-post","status-publish","format-standard","has-post-thumbnail","hentry","category-magazin"],"yoast_head":"<!-- This site is optimized with the Yoast SEO plugin v27.5 - https:\/\/yoast.com\/product\/yoast-seo-wordpress\/ -->\n<title>Narin cinayetini \u00e7\u00f6zecek geli\u015fme: T\u00fcrkiye META&#039;dan verileri istedi -<\/title>\n<meta name=\"robots\" content=\"index, follow, max-snippet:-1, max-image-preview:large, max-video-preview:-1\" \/>\n<link rel=\"canonical\" href=\"https:\/\/kibrisdakik.com\/?p=60574\" \/>\n<meta property=\"og:locale\" content=\"tr_TR\" \/>\n<meta property=\"og:type\" content=\"article\" \/>\n<meta property=\"og:title\" content=\"Narin cinayetini \u00e7\u00f6zecek geli\u015fme: T\u00fcrkiye META&#039;dan verileri istedi -\" \/>\n<meta property=\"og:description\" content=\"T\u00fcrkiye kaybolduktan 19 g\u00fcn sonra cans\u0131z bedeni bulunan Narin G\u00fcran&#8217;a kahroldu. Dava soru\u015fturmas\u0131 kapsam\u0131nda aralar\u0131nda \u00e7ok say\u0131da aile \u00fcyesinin de oldu\u011fu 23 ki\u015fi g\u00f6zalt\u0131na al\u0131n\u0131rken soru\u015fturma kapsam\u0131nda tutuklanan amca Salim G\u00fcran&#8217;\u0131n silinen Wats App kay\u0131tlar\u0131 i\u00e7in T\u00fcrkiye&#8217;nin harekete ge\u00e7ti\u011fi \u00f6\u011frenildi. 19 G\u00dcN SONRA ACI HABER GELD\u0130 T\u00fcm T\u00fcrkiye&#8217;yi yasa bo\u011fan ac\u0131 haber bug\u00fcn geldi. 19\" \/>\n<meta property=\"og:url\" content=\"https:\/\/kibrisdakik.com\/?p=60574\" \/>\n<meta property=\"article:published_time\" content=\"2024-09-08T22:57:41+00:00\" \/>\n<meta property=\"og:image\" content=\"https:\/\/kibrisdakik.com\/wp-content\/uploads\/2024\/09\/narin-cinayetini-cozecek-gelisme-turkiye-meta-17800500_3662_amp.jpg\" \/>\n\t<meta property=\"og:image:width\" content=\"1202\" \/>\n\t<meta property=\"og:image:height\" content=\"675\" \/>\n\t<meta property=\"og:image:type\" content=\"image\/jpeg\" \/>\n<meta name=\"author\" content=\"admin\" \/>\n<meta name=\"twitter:card\" content=\"summary_large_image\" \/>\n<meta name=\"twitter:label1\" content=\"Yazan:\" \/>\n\t<meta name=\"twitter:data1\" content=\"admin\" \/>\n\t<meta name=\"twitter:label2\" content=\"Tahmini okuma s\u00fcresi\" \/>\n\t<meta name=\"twitter:data2\" content=\"4 dakika\" \/>\n<script type=\"application\/ld+json\" class=\"yoast-schema-graph\">{\"@context\":\"https:\\\/\\\/schema.org\",\"@graph\":[{\"@type\":\"Article\",\"@id\":\"https:\\\/\\\/kibrisdakik.com\\\/?p=60574#article\",\"isPartOf\":{\"@id\":\"https:\\\/\\\/kibrisdakik.com\\\/?p=60574\"},\"author\":{\"name\":\"admin\",\"@id\":\"https:\\\/\\\/kibrisdakik.com\\\/#\\\/schema\\\/person\\\/9cd9d437bbb44f72b73ba127e06d8e79\"},\"headline\":\"Narin cinayetini \u00e7\u00f6zecek geli\u015fme: T\u00fcrkiye META&#8217;dan verileri istedi\",\"datePublished\":\"2024-09-08T22:57:41+00:00\",\"mainEntityOfPage\":{\"@id\":\"https:\\\/\\\/kibrisdakik.com\\\/?p=60574\"},\"wordCount\":739,\"commentCount\":0,\"image\":{\"@id\":\"https:\\\/\\\/kibrisdakik.com\\\/?p=60574#primaryimage\"},\"thumbnailUrl\":\"https:\\\/\\\/kibrisdakik.com\\\/wp-content\\\/uploads\\\/2024\\\/09\\\/narin-cinayetini-cozecek-gelisme-turkiye-meta-17800500_3662_amp.jpg\",\"articleSection\":[\"Magazin\"],\"inLanguage\":\"tr\",\"potentialAction\":[{\"@type\":\"CommentAction\",\"name\":\"Comment\",\"target\":[\"https:\\\/\\\/kibrisdakik.com\\\/?p=60574#respond\"]}]},{\"@type\":\"WebPage\",\"@id\":\"https:\\\/\\\/kibrisdakik.com\\\/?p=60574\",\"url\":\"https:\\\/\\\/kibrisdakik.com\\\/?p=60574\",\"name\":\"Narin cinayetini \u00e7\u00f6zecek geli\u015fme: T\u00fcrkiye META'dan verileri istedi -\",\"isPartOf\":{\"@id\":\"https:\\\/\\\/kibrisdakik.com\\\/#website\"},\"primaryImageOfPage\":{\"@id\":\"https:\\\/\\\/kibrisdakik.com\\\/?p=60574#primaryimage\"},\"image\":{\"@id\":\"https:\\\/\\\/kibrisdakik.com\\\/?p=60574#primaryimage\"},\"thumbnailUrl\":\"https:\\\/\\\/kibrisdakik.com\\\/wp-content\\\/uploads\\\/2024\\\/09\\\/narin-cinayetini-cozecek-gelisme-turkiye-meta-17800500_3662_amp.jpg\",\"datePublished\":\"2024-09-08T22:57:41+00:00\",\"author\":{\"@id\":\"https:\\\/\\\/kibrisdakik.com\\\/#\\\/schema\\\/person\\\/9cd9d437bbb44f72b73ba127e06d8e79\"},\"breadcrumb\":{\"@id\":\"https:\\\/\\\/kibrisdakik.com\\\/?p=60574#breadcrumb\"},\"inLanguage\":\"tr\",\"potentialAction\":[{\"@type\":\"ReadAction\",\"target\":[\"https:\\\/\\\/kibrisdakik.com\\\/?p=60574\"]}]},{\"@type\":\"ImageObject\",\"inLanguage\":\"tr\",\"@id\":\"https:\\\/\\\/kibrisdakik.com\\\/?p=60574#primaryimage\",\"url\":\"https:\\\/\\\/kibrisdakik.com\\\/wp-content\\\/uploads\\\/2024\\\/09\\\/narin-cinayetini-cozecek-gelisme-turkiye-meta-17800500_3662_amp.jpg\",\"contentUrl\":\"https:\\\/\\\/kibrisdakik.com\\\/wp-content\\\/uploads\\\/2024\\\/09\\\/narin-cinayetini-cozecek-gelisme-turkiye-meta-17800500_3662_amp.jpg\",\"width\":1202,\"height\":675},{\"@type\":\"BreadcrumbList\",\"@id\":\"https:\\\/\\\/kibrisdakik.com\\\/?p=60574#breadcrumb\",\"itemListElement\":[{\"@type\":\"ListItem\",\"position\":1,\"name\":\"Home\",\"item\":\"https:\\\/\\\/kibrisdakik.com\\\/\"},{\"@type\":\"ListItem\",\"position\":2,\"name\":\"Narin cinayetini \u00e7\u00f6zecek geli\u015fme: T\u00fcrkiye META&#8217;dan verileri istedi\"}]},{\"@type\":\"WebSite\",\"@id\":\"https:\\\/\\\/kibrisdakik.com\\\/#website\",\"url\":\"https:\\\/\\\/kibrisdakik.com\\\/\",\"name\":\"\",\"description\":\"Tam vaktinde haber\",\"potentialAction\":[{\"@type\":\"SearchAction\",\"target\":{\"@type\":\"EntryPoint\",\"urlTemplate\":\"https:\\\/\\\/kibrisdakik.com\\\/?s={search_term_string}\"},\"query-input\":{\"@type\":\"PropertyValueSpecification\",\"valueRequired\":true,\"valueName\":\"search_term_string\"}}],\"inLanguage\":\"tr\"},{\"@type\":\"Person\",\"@id\":\"https:\\\/\\\/kibrisdakik.com\\\/#\\\/schema\\\/person\\\/9cd9d437bbb44f72b73ba127e06d8e79\",\"name\":\"admin\",\"image\":{\"@type\":\"ImageObject\",\"inLanguage\":\"tr\",\"@id\":\"https:\\\/\\\/secure.gravatar.com\\\/avatar\\\/ccc17943b9d660506c869530f897617f7cb1c21a4bf30023f252596d83e1f007?s=96&d=mm&r=g\",\"url\":\"https:\\\/\\\/secure.gravatar.com\\\/avatar\\\/ccc17943b9d660506c869530f897617f7cb1c21a4bf30023f252596d83e1f007?s=96&d=mm&r=g\",\"contentUrl\":\"https:\\\/\\\/secure.gravatar.com\\\/avatar\\\/ccc17943b9d660506c869530f897617f7cb1c21a4bf30023f252596d83e1f007?s=96&d=mm&r=g\",\"caption\":\"admin\"},\"sameAs\":[\"https:\\\/\\\/kibrisdakik.com\"],\"url\":\"https:\\\/\\\/kibrisdakik.com\\\/?author=1\"}]}<\/script>\n<!-- \/ Yoast SEO plugin. -->","yoast_head_json":{"title":"Narin cinayetini \u00e7\u00f6zecek geli\u015fme: T\u00fcrkiye META'dan verileri istedi -","robots":{"index":"index","follow":"follow","max-snippet":"max-snippet:-1","max-image-preview":"max-image-preview:large","max-video-preview":"max-video-preview:-1"},"canonical":"https:\/\/kibrisdakik.com\/?p=60574","og_locale":"tr_TR","og_type":"article","og_title":"Narin cinayetini \u00e7\u00f6zecek geli\u015fme: T\u00fcrkiye META'dan verileri istedi -","og_description":"T\u00fcrkiye kaybolduktan 19 g\u00fcn sonra cans\u0131z bedeni bulunan Narin G\u00fcran&#8217;a kahroldu. Dava soru\u015fturmas\u0131 kapsam\u0131nda aralar\u0131nda \u00e7ok say\u0131da aile \u00fcyesinin de oldu\u011fu 23 ki\u015fi g\u00f6zalt\u0131na al\u0131n\u0131rken soru\u015fturma kapsam\u0131nda tutuklanan amca Salim G\u00fcran&#8217;\u0131n silinen Wats App kay\u0131tlar\u0131 i\u00e7in T\u00fcrkiye&#8217;nin harekete ge\u00e7ti\u011fi \u00f6\u011frenildi. 19 G\u00dcN SONRA ACI HABER GELD\u0130 T\u00fcm T\u00fcrkiye&#8217;yi yasa bo\u011fan ac\u0131 haber bug\u00fcn geldi. 19","og_url":"https:\/\/kibrisdakik.com\/?p=60574","article_published_time":"2024-09-08T22:57:41+00:00","og_image":[{"width":1202,"height":675,"url":"https:\/\/kibrisdakik.com\/wp-content\/uploads\/2024\/09\/narin-cinayetini-cozecek-gelisme-turkiye-meta-17800500_3662_amp.jpg","type":"image\/jpeg"}],"author":"admin","twitter_card":"summary_large_image","twitter_misc":{"Yazan:":"admin","Tahmini okuma s\u00fcresi":"4 dakika"},"schema":{"@context":"https:\/\/schema.org","@graph":[{"@type":"Article","@id":"https:\/\/kibrisdakik.com\/?p=60574#article","isPartOf":{"@id":"https:\/\/kibrisdakik.com\/?p=60574"},"author":{"name":"admin","@id":"https:\/\/kibrisdakik.com\/#\/schema\/person\/9cd9d437bbb44f72b73ba127e06d8e79"},"headline":"Narin cinayetini \u00e7\u00f6zecek geli\u015fme: T\u00fcrkiye META&#8217;dan verileri istedi","datePublished":"2024-09-08T22:57:41+00:00","mainEntityOfPage":{"@id":"https:\/\/kibrisdakik.com\/?p=60574"},"wordCount":739,"commentCount":0,"image":{"@id":"https:\/\/kibrisdakik.com\/?p=60574#primaryimage"},"thumbnailUrl":"https:\/\/kibrisdakik.com\/wp-content\/uploads\/2024\/09\/narin-cinayetini-cozecek-gelisme-turkiye-meta-17800500_3662_amp.jpg","articleSection":["Magazin"],"inLanguage":"tr","potentialAction":[{"@type":"CommentAction","name":"Comment","target":["https:\/\/kibrisdakik.com\/?p=60574#respond"]}]},{"@type":"WebPage","@id":"https:\/\/kibrisdakik.com\/?p=60574","url":"https:\/\/kibrisdakik.com\/?p=60574","name":"Narin cinayetini \u00e7\u00f6zecek geli\u015fme: T\u00fcrkiye META'dan verileri istedi -","isPartOf":{"@id":"https:\/\/kibrisdakik.com\/#website"},"primaryImageOfPage":{"@id":"https:\/\/kibrisdakik.com\/?p=60574#primaryimage"},"image":{"@id":"https:\/\/kibrisdakik.com\/?p=60574#primaryimage"},"thumbnailUrl":"https:\/\/kibrisdakik.com\/wp-content\/uploads\/2024\/09\/narin-cinayetini-cozecek-gelisme-turkiye-meta-17800500_3662_amp.jpg","datePublished":"2024-09-08T22:57:41+00:00","author":{"@id":"https:\/\/kibrisdakik.com\/#\/schema\/person\/9cd9d437bbb44f72b73ba127e06d8e79"},"breadcrumb":{"@id":"https:\/\/kibrisdakik.com\/?p=60574#breadcrumb"},"inLanguage":"tr","potentialAction":[{"@type":"ReadAction","target":["https:\/\/kibrisdakik.com\/?p=60574"]}]},{"@type":"ImageObject","inLanguage":"tr","@id":"https:\/\/kibrisdakik.com\/?p=60574#primaryimage","url":"https:\/\/kibrisdakik.com\/wp-content\/uploads\/2024\/09\/narin-cinayetini-cozecek-gelisme-turkiye-meta-17800500_3662_amp.jpg","contentUrl":"https:\/\/kibrisdakik.com\/wp-content\/uploads\/2024\/09\/narin-cinayetini-cozecek-gelisme-turkiye-meta-17800500_3662_amp.jpg","width":1202,"height":675},{"@type":"BreadcrumbList","@id":"https:\/\/kibrisdakik.com\/?p=60574#breadcrumb","itemListElement":[{"@type":"ListItem","position":1,"name":"Home","item":"https:\/\/kibrisdakik.com\/"},{"@type":"ListItem","position":2,"name":"Narin cinayetini \u00e7\u00f6zecek geli\u015fme: T\u00fcrkiye META&#8217;dan verileri istedi"}]},{"@type":"WebSite","@id":"https:\/\/kibrisdakik.com\/#website","url":"https:\/\/kibrisdakik.com\/","name":"","description":"Tam vaktinde haber","potentialAction":[{"@type":"SearchAction","target":{"@type":"EntryPoint","urlTemplate":"https:\/\/kibrisdakik.com\/?s={search_term_string}"},"query-input":{"@type":"PropertyValueSpecification","valueRequired":true,"valueName":"search_term_string"}}],"inLanguage":"tr"},{"@type":"Person","@id":"https:\/\/kibrisdakik.com\/#\/schema\/person\/9cd9d437bbb44f72b73ba127e06d8e79","name":"admin","image":{"@type":"ImageObject","inLanguage":"tr","@id":"https:\/\/secure.gravatar.com\/avatar\/ccc17943b9d660506c869530f897617f7cb1c21a4bf30023f252596d83e1f007?s=96&d=mm&r=g","url":"https:\/\/secure.gravatar.com\/avatar\/ccc17943b9d660506c869530f897617f7cb1c21a4bf30023f252596d83e1f007?s=96&d=mm&r=g","contentUrl":"https:\/\/secure.gravatar.com\/avatar\/ccc17943b9d660506c869530f897617f7cb1c21a4bf30023f252596d83e1f007?s=96&d=mm&r=g","caption":"admin"},"sameAs":["https:\/\/kibrisdakik.com"],"url":"https:\/\/kibrisdakik.com\/?author=1"}]}},"_links":{"self":[{"href":"https:\/\/kibrisdakik.com\/index.php?rest_route=\/wp\/v2\/posts\/60574","targetHints":{"allow":["GET"]}}],"collection":[{"href":"https:\/\/kibrisdakik.com\/index.php?rest_route=\/wp\/v2\/posts"}],"about":[{"href":"https:\/\/kibrisdakik.com\/index.php?rest_route=\/wp\/v2\/types\/post"}],"author":[{"embeddable":true,"href":"https:\/\/kibrisdakik.com\/index.php?rest_route=\/wp\/v2\/users\/1"}],"replies":[{"embeddable":true,"href":"https:\/\/kibrisdakik.com\/index.php?rest_route=%2Fwp%2Fv2%2Fcomments&post=60574"}],"version-history":[{"count":1,"href":"https:\/\/kibrisdakik.com\/index.php?rest_route=\/wp\/v2\/posts\/60574\/revisions"}],"predecessor-version":[{"id":60586,"href":"https:\/\/kibrisdakik.com\/index.php?rest_route=\/wp\/v2\/posts\/60574\/revisions\/60586"}],"wp:featuredmedia":[{"embeddable":true,"href":"https:\/\/kibrisdakik.com\/index.php?rest_route=\/wp\/v2\/media\/60575"}],"wp:attachment":[{"href":"https:\/\/kibrisdakik.com\/index.php?rest_route=%2Fwp%2Fv2%2Fmedia&parent=60574"}],"wp:term":[{"taxonomy":"category","embeddable":true,"href":"https:\/\/kibrisdakik.com\/index.php?rest_route=%2Fwp%2Fv2%2Fcategories&post=60574"},{"taxonomy":"post_tag","embeddable":true,"href":"https:\/\/kibrisdakik.com\/index.php?rest_route=%2Fwp%2Fv2%2Ftags&post=60574"}],"curies":[{"name":"wp","href":"https:\/\/api.w.org\/{rel}","templated":true}]}}