{"id":60580,"date":"2024-09-09T00:50:51","date_gmt":"2024-09-08T21:50:51","guid":{"rendered":"https:\/\/kibrisdakik.com\/index.php\/2024\/09\/09\/melike-sahin-narinin-aci-haberiyle-gozyaslarina-boguldu-ve-seyircinin-tepkisine-sert-karsilik-verdi\/"},"modified":"2024-09-09T00:50:51","modified_gmt":"2024-09-08T21:50:51","slug":"melike-sahin-narinin-aci-haberiyle-gozyaslarina-boguldu-ve-seyircinin-tepkisine-sert-karsilik-verdi","status":"publish","type":"post","link":"https:\/\/kibrisdakik.com\/?p=60580","title":{"rendered":"Melike \u015eahin, Narin&#8217;in ac\u0131 haberiyle g\u00f6zya\u015flar\u0131na bo\u011fuldu ve seyircinin tepkisine sert kar\u015f\u0131l\u0131k verdi"},"content":{"rendered":"<p><\/p>\n<div id=\"\">\n<p>T\u00fcm T\u00fcrkiye bug\u00fcn Narin&#8217;in ac\u0131 haberiyle yasa bo\u011fuldu. \u00dcnl\u00fc isimlerin de tepkisiz kalmad\u0131\u011f\u0131 Narin cinayeti i\u00e7in \u00fcnl\u00fc \u015fark\u0131c\u0131 Melike \u015eahin de g\u00f6zya\u015f\u0131 d\u00f6kt\u00fc. Konser s\u0131ras\u0131nda duygular\u0131n\u0131 ifade ederken g\u00f6zya\u015flar\u0131n\u0131 tutamayan \u015eahin, seyircilerin i\u00e7inden gelen &#8216;A\u011flama&#8217; tepkisine \u00e7ok sinirlendi.<\/p>\n<h3>A\u0130LE \u00dcYELER\u0130 G\u00d6ZALTINA ALINDI<\/h3>\n<p>Minik Narin&#8217;in cans\u0131z bedeni bu sabah kaybolduktan 19 g\u00fcn sonra bulundu. T\u00fcm T\u00fcrkiye&#8217;yi yasa bo\u011fan haberin ard\u0131ndan soru\u015fturma kapsam\u0131nda aile \u00fcyelerinin de aralar\u0131nda oldu\u011fu 23 ki\u015fi g\u00f6zalt\u0131na al\u0131nd\u0131. <\/p>\n<p><img loading=\"lazy\" decoding=\"async\" class=\"hbptMainImage lazyload ImgDetay\" src=\"https:\/\/foto.haberler.com\/haber\/2024\/09\/09\/melike-sahin-narin-in-aci-haberiyle-gozyaslarina-17800685_1276_m.jpg\" alt=\"Melike \u015eahin, Narin'in ac\u0131 haberiyle g\u00f6zya\u015flar\u0131na bo\u011fuldu ve seyircinin tepkisine sert kar\u015f\u0131l\u0131k verdi\" width=\"640\" height=\"360\"\/><\/p>\n<h3>ADL\u0130 TIP \u00d6N RAPORU: BOYNUNDA BO\u011eMA \u0130Z\u0130 VAR<\/h3>\n<p>K\u00fc\u00e7\u00fck k\u0131z\u0131n cenazesi otopsi i\u00e7in adli t\u0131p kurumuna kald\u0131r\u0131l\u0131rken, detaylar da belli olmaya ba\u015flad\u0131. Gazeteci Emrullah Erdin\u00e7, sosyal medya hesab\u0131ndan yapt\u0131\u011f\u0131 a\u00e7\u0131klamada, &#8220;Narin G\u00fcran&#8217;\u0131n adli t\u0131p \u00f6n raporuna g\u00f6re; boynunda bo\u011fma izi bulundu\u011fu, 15 g\u00fcn suda kald\u0131\u011f\u0131, aya\u011f\u0131nda k\u0131r\u0131k oldu\u011fu tespit edildi.&#8221; dedi.<\/p>\n<h3>KAHREDEN DETAY: ELiFBA&#8217;SI, \u00c7ANTASI, TERL\u0130KLER\u0130 DE TORBADAYDI<\/h3>\n<p>Narin G\u00fcran&#8217;\u0131n otopsi i\u015flemlerinin s\u00fcrd\u00fc\u011f\u00fc Adli T\u0131p Kurumu&#8217;na gelerek kahreden detay\u0131 a\u00e7\u0131klayan Diyarbak\u0131r Baro Ba\u015fkan\u0131 Nahit Eren Eren, &#8220;Torba ve i\u00e7erisindeki Narin&#8217;e ait e\u015fyalar, Elifba&#8217;s\u0131, \u00e7antas\u0131, terlikleri de torbadayd\u0131. Bunlar\u0131n hepsi delil ve inceleniyor. \u015eu an i\u00e7in \u00f6n rapor bir \u015fekilde haz\u0131rlanacak ancak patolojik ve biyolojik incelemeler, ara\u015ft\u0131rmalar, raporlar gelmedi\u011fi s\u00fcrece \u015fu an i\u00e7in bir \u015fey s\u00f6ylemek zor. \u0130\u00e7eride yakla\u015f\u0131k 13-14 uzman \u00e7al\u0131\u015f\u0131yor&#8221; dedi.<\/p>\n<p><img loading=\"lazy\" decoding=\"async\" class=\"hbptMainImage lazyload ImgDetay\" src=\"https:\/\/foto.haberler.com\/haber\/2024\/09\/09\/melike-sahin-narin-in-aci-haberiyle-gozyaslarina-17800685_715_m.jpg\" alt=\"Melike \u015eahin, Narin'in ac\u0131 haberiyle g\u00f6zya\u015flar\u0131na bo\u011fuldu ve seyircinin tepkisine sert kar\u015f\u0131l\u0131k verdi\" width=\"640\" height=\"640\"\/><\/p>\n<h3>&#8220;\u00c7UVAL \u0130\u00c7ER\u0130S\u0130NE KONUP DEREYE GET\u0130R\u0130LM\u0130\u015e&#8221;<\/h3>\n<p>Olaya ili\u015fkin detaylar\u0131 veren Diyarbak\u0131r Valisi Zorluo\u011flu, &#8220;\u00d6ld\u00fcr\u00fcld\u00fckten sonra bir \u00e7uval\u0131n i\u00e7erisine konup dere kenar\u0131na getirildi\u011fi, suyun i\u00e7erisine yerle\u015ftirildi\u011fi, \u00fczerinin a\u011fa\u00e7 dallar\u0131 ve ta\u015flarla \u015f\u00fcphe uyand\u0131rmayacak \u015fekilde ve do\u011fal bir g\u00f6r\u00fcnt\u00fc verilerek kapat\u0131ld\u0131\u011f\u0131 anla\u015f\u0131lm\u0131\u015ft\u0131r&#8221; dedi.<\/p>\n<h3>&#8220;\u00dcZER\u0130NDE SON G\u00d6R\u00dcLD\u00dc\u011e\u00dc KIYAFETLER VARDI&#8221;<\/h3>\n<p>Narin&#8217;in \u00f6ld\u00fcr\u00fclmesiyle ilgili detaylar\u0131 payla\u015fan Diyarbak\u0131r Valisi Murat Zorluo\u011flu \u015funlar\u0131 s\u00f6yledi: &#8220;Kay\u0131p \u00e7ocuk Narin G\u00fcran en son g\u00f6r\u00fcld\u00fc\u011f\u00fcnde \u00fczerinde g\u00f6r\u00fcnen \u015fahsi k\u0131yafetleriyle birlikte dere kenar\u0131nda \u00e7uval i\u00e7erisinde \u00fczeri ta\u015fla gizlenmi\u015f vaziyette, sabah saat 08.45 s\u0131ralar\u0131nda maalesef \u00f6l\u00fc olarak bulunmu\u015ftur.<\/p>\n<p><img loading=\"lazy\" decoding=\"async\" class=\"hbptMainImage lazyload ImgDetay\" src=\"https:\/\/foto.haberler.com\/haber\/2024\/09\/09\/melike-sahin-narin-in-aci-haberiyle-gozyaslarina-17800685_1963_m.jpg\" alt=\"Melike \u015eahin, Narin'in ac\u0131 haberiyle g\u00f6zya\u015flar\u0131na bo\u011fuldu ve seyircinin tepkisine sert kar\u015f\u0131l\u0131k verdi\" width=\"640\" height=\"425\"\/><\/p>\n<h3>&#8220;SUYUN \u0130\u00c7ER\u0130S\u0130NE YERLE\u015eT\u0130R\u0130LM\u0130\u015e&#8221;<\/h3>\n<p>\u0130lk bulgulara g\u00f6re kay\u0131p Narin G\u00fcran&#8217;\u0131n \u00f6ld\u00fcr\u00fcld\u00fckten sonra bir \u00e7uval\u0131n i\u00e7erisine konup dere kenar\u0131na getirildi\u011fi, suyun i\u00e7erisine yerle\u015ftirildi\u011fi, \u00fczerinin a\u011fa\u00e7 dallar\u0131 ve ta\u015flarla \u015f\u00fcphe uyand\u0131rmayacak \u015fekilde ve do\u011fal bir g\u00f6r\u00fcnt\u00fc verilerek kapat\u0131ld\u0131\u011f\u0131 anla\u015f\u0131lm\u0131\u015ft\u0131r. Daha \u00f6nce aran\u0131lan t\u00fcm b\u00f6lgelerin yeniden aranmas\u0131 \u00e7al\u0131\u015fmam\u0131z kapsam\u0131nda E\u011fertutmaz Deresi&#8217;nin bu b\u00f6lgesi yeniden aranm\u0131\u015f ve uzman jandarma ekiplerimizce kay\u0131p k\u0131z\u0131m\u0131z\u0131n cenazesine ula\u015f\u0131lm\u0131\u015ft\u0131r&#8221; a\u00e7\u0131klamas\u0131 yapt\u0131.<\/p>\n<p><img loading=\"lazy\" decoding=\"async\" class=\"hbptMainImage lazyload ImgDetay\" src=\"https:\/\/foto.haberler.com\/haber\/2024\/09\/09\/melike-sahin-narin-in-aci-haberiyle-gozyaslarina-17800685_9728_m.jpg\" alt=\"Melike \u015eahin, Narin'in ac\u0131 haberiyle g\u00f6zya\u015flar\u0131na bo\u011fuldu ve seyircinin tepkisine sert kar\u015f\u0131l\u0131k verdi\" width=\"640\" height=\"458\"\/><\/p>\n<h3>\u00dcNL\u00dc \u0130S\u0130MLER TEPK\u0130S\u0130Z KALMADI<\/h3>\n<p>Her detay\u0131yla t\u00fcm \u00fclkeyi yasa bo\u011fan ac\u0131 habere \u00fcnl\u00fc isimler de tepki g\u00f6sterdi. Bu isimlerden biri de \u00fcnl\u00fc \u015fark\u0131c\u0131 Melike \u015eahin oldu. \u015eahin, konser verdi\u011fi s\u0131rada duygular\u0131n\u0131 ifade etmek istedi. O anlarda duygusalla\u015f\u0131p a\u011flamaya ba\u015flayan \u015eahin, &#8220;Bu duygusall\u0131\u011f\u0131m i\u00e7in \u00fczg\u00fcn\u00fcm ama bunu sizden saklayamam&#8221; dedi.<\/p>\n<p><img loading=\"lazy\" decoding=\"async\" class=\"hbptMainImage lazyload ImgDetay\" src=\"https:\/\/foto.haberler.com\/haber\/2024\/09\/09\/melike-sahin-narin-in-aci-haberiyle-gozyaslarina-17800685_5841_m.jpg\" alt=\"Melike \u015eahin, Narin'in ac\u0131 haberiyle g\u00f6zya\u015flar\u0131na bo\u011fuldu ve seyircinin tepkisine sert kar\u015f\u0131l\u0131k verdi\" width=\"640\" height=\"972\"\/><\/p>\n<h3>&#8216;A\u011eLAMA&#8217; DEY\u0130NCE FENA AZARLADI<\/h3>\n<p>Seyircilerden biri &#8216;A\u011flama&#8217; diye ba\u011f\u0131r\u0131nca Melike \u015eahin, &#8220;Sana sormayaca\u011f\u0131m a\u011flay\u0131p a\u011flamayaca\u011f\u0131m\u0131. Kimseye sormayaca\u011f\u0131m&#8221; dedi. Bu s\u00f6zlerin ard\u0131ndan seyirciler b\u00fcy\u00fck bir co\u015fku ile alk\u0131\u015f tuttu.<\/p>\n<p><img loading=\"lazy\" decoding=\"async\" class=\"hbptMainImage lazyload ImgDetay\" src=\"https:\/\/foto.haberler.com\/haber\/2024\/09\/09\/melike-sahin-narin-in-aci-haberiyle-gozyaslarina-17800685_4636_m.jpg\" alt=\"Melike \u015eahin, Narin'in ac\u0131 haberiyle g\u00f6zya\u015flar\u0131na bo\u011fuldu ve seyircinin tepkisine sert kar\u015f\u0131l\u0131k verdi\" width=\"640\" height=\"958\"\/><\/p>\n<h3>NE OLMU\u015eTU?<\/h3>\n<p>21 A\u011fustos&#8217;ta Ba\u011flar il\u00e7esi Tav\u015fantepe Mahallesi&#8217;nde Kur&#8217;an kursuna giden Narin G\u00fcran \u00e7\u0131k\u0131\u015fta evlerine d\u00f6nmeyince ailesi kendi imkanlar\u0131yla aram\u0131\u015f, aramadan da sonu\u00e7 al\u0131namay\u0131nca Narin&#8217;in babas\u0131 Arif G\u00fcran ayn\u0131 g\u00fcn saat 20.00 s\u0131ralar\u0131nda k\u0131z\u0131n\u0131n kay\u0131p oldu\u011funu bildirmi\u015fti. Bunun \u00fczerine \u00e7ok say\u0131da arama kurtarma ekibinin sevk edildi\u011fi b\u00f6lgede \u00e7al\u0131\u015fmalar ba\u015flam\u0131\u015f, mahalledeki evler ve k\u00f6ye giri\u015f yapan ara\u00e7larda arama yap\u0131lm\u0131\u015ft\u0131.<\/p>\n<p>Arama \u00e7al\u0131\u015fmalar\u0131 s\u00fcrerken, soru\u015fturma kapsam\u0131nda Narin G\u00fcran&#8217;\u0131n a\u011fabeyi E.G. (18), kolundaki \u0131s\u0131r\u0131k izleri nedeniyle g\u00f6zalt\u0131na al\u0131nm\u0131\u015ft\u0131. \u0130stanbul Adli T\u0131p Kurumu&#8217;ndaki incelemede, \u0131s\u0131r\u0131k izlerinin Narin&#8217;e ait olup olmad\u0131\u011f\u0131 tespit edilemeyince E.G. serbest b\u0131rak\u0131lm\u0131\u015ft\u0131.<\/p>\n<p>Ard\u0131ndan Narin&#8217;in amcas\u0131, ayn\u0131 zamanda k\u0131rsal Tav\u015fantepe Mahallesi&#8217;nin muhtar\u0131 Salim G\u00fcran g\u00f6zalt\u0131na al\u0131nm\u0131\u015ft\u0131. Arac\u0131ndan al\u0131nan DNA \u00f6rneklerinin Narin&#8217;in k\u0131yafetlerindeki DNA \u00f6rnekleri ile e\u015fle\u015fti\u011fi belirlenen Salim G\u00fcran, &#8216;kasten \u00f6ld\u00fcrme&#8217; ve &#8216;ki\u015fiyi h\u00fcrriyetinden yoksun k\u0131lma&#8217; su\u00e7lar\u0131ndan tutuklanm\u0131\u015ft\u0131.<\/p>\n<p>Daha \u00f6nce aranan yerlere tekrar yo\u011funla\u015fan ekipler, mahalleye 2 kilometre uzakl\u0131ktaki E\u011fertutmaz Deresi&#8217;nde \u00e7al\u0131\u015fma yapt\u0131 ve Narin&#8217;in cans\u0131z bedeni, 19. g\u00fcnde bulundu. Narin&#8217;in \u00f6ld\u00fcr\u00fcld\u00fckten sonra \u00e7uvalla dereye at\u0131ld\u0131\u011f\u0131, \u00fczerinin ta\u015fla kapat\u0131ld\u0131\u011f\u0131 tespit edildi.<\/p>\n<h4 id=\"nwsKeywords\"> <a href=\"https:\/\/www.haberler.com\/melike-sahin\/\" title=\"Melike \u015eahin\" class=\"hbptTag\">Melike \u015eahin<\/a> <\/h4>\n<\/div>\n","protected":false},"excerpt":{"rendered":"<p>T\u00fcm T\u00fcrkiye bug\u00fcn Narin&#8217;in ac\u0131 haberiyle yasa bo\u011fuldu. \u00dcnl\u00fc isimlerin de tepkisiz kalmad\u0131\u011f\u0131 Narin cinayeti i\u00e7in \u00fcnl\u00fc \u015fark\u0131c\u0131 Melike \u015eahin de g\u00f6zya\u015f\u0131 d\u00f6kt\u00fc. Konser s\u0131ras\u0131nda duygular\u0131n\u0131 ifade ederken g\u00f6zya\u015flar\u0131n\u0131 tutamayan \u015eahin, seyircilerin i\u00e7inden gelen &#8216;A\u011flama&#8217; tepkisine \u00e7ok sinirlendi. A\u0130LE \u00dcYELER\u0130 G\u00d6ZALTINA ALINDI Minik Narin&#8217;in cans\u0131z bedeni bu sabah kaybolduktan 19 g\u00fcn sonra bulundu. T\u00fcm T\u00fcrkiye&#8217;yi<\/p>\n","protected":false},"author":1,"featured_media":60581,"comment_status":"open","ping_status":"open","sticky":false,"template":"","format":"standard","meta":{"footnotes":""},"categories":[83],"tags":[],"class_list":["post-60580","post","type-post","status-publish","format-standard","has-post-thumbnail","hentry","category-magazin"],"yoast_head":"<!-- This site is optimized with the Yoast SEO plugin v27.5 - https:\/\/yoast.com\/product\/yoast-seo-wordpress\/ -->\n<title>Melike \u015eahin, Narin&#039;in ac\u0131 haberiyle g\u00f6zya\u015flar\u0131na bo\u011fuldu ve seyircinin tepkisine sert kar\u015f\u0131l\u0131k verdi -<\/title>\n<meta name=\"robots\" content=\"index, follow, max-snippet:-1, max-image-preview:large, max-video-preview:-1\" \/>\n<link rel=\"canonical\" href=\"https:\/\/kibrisdakik.com\/?p=60580\" \/>\n<meta property=\"og:locale\" content=\"tr_TR\" \/>\n<meta property=\"og:type\" content=\"article\" \/>\n<meta property=\"og:title\" content=\"Melike \u015eahin, Narin&#039;in ac\u0131 haberiyle g\u00f6zya\u015flar\u0131na bo\u011fuldu ve seyircinin tepkisine sert kar\u015f\u0131l\u0131k verdi -\" \/>\n<meta property=\"og:description\" content=\"T\u00fcm T\u00fcrkiye bug\u00fcn Narin&#8217;in ac\u0131 haberiyle yasa bo\u011fuldu. \u00dcnl\u00fc isimlerin de tepkisiz kalmad\u0131\u011f\u0131 Narin cinayeti i\u00e7in \u00fcnl\u00fc \u015fark\u0131c\u0131 Melike \u015eahin de g\u00f6zya\u015f\u0131 d\u00f6kt\u00fc. Konser s\u0131ras\u0131nda duygular\u0131n\u0131 ifade ederken g\u00f6zya\u015flar\u0131n\u0131 tutamayan \u015eahin, seyircilerin i\u00e7inden gelen &#8216;A\u011flama&#8217; tepkisine \u00e7ok sinirlendi. A\u0130LE \u00dcYELER\u0130 G\u00d6ZALTINA ALINDI Minik Narin&#8217;in cans\u0131z bedeni bu sabah kaybolduktan 19 g\u00fcn sonra bulundu. T\u00fcm T\u00fcrkiye&#8217;yi\" \/>\n<meta property=\"og:url\" content=\"https:\/\/kibrisdakik.com\/?p=60580\" \/>\n<meta property=\"article:published_time\" content=\"2024-09-08T21:50:51+00:00\" \/>\n<meta property=\"og:image\" content=\"https:\/\/kibrisdakik.com\/wp-content\/uploads\/2024\/09\/melike-sahin-narin-in-aci-haberiyle-gozyaslarina-17800685_1276_m.jpg\" \/>\n\t<meta property=\"og:image:width\" content=\"640\" \/>\n\t<meta property=\"og:image:height\" content=\"359\" \/>\n\t<meta property=\"og:image:type\" content=\"image\/jpeg\" \/>\n<meta name=\"author\" content=\"admin\" \/>\n<meta name=\"twitter:card\" content=\"summary_large_image\" \/>\n<meta name=\"twitter:label1\" content=\"Yazan:\" \/>\n\t<meta name=\"twitter:data1\" content=\"admin\" \/>\n\t<meta name=\"twitter:label2\" content=\"Tahmini okuma s\u00fcresi\" \/>\n\t<meta name=\"twitter:data2\" content=\"4 dakika\" \/>\n<script type=\"application\/ld+json\" class=\"yoast-schema-graph\">{\"@context\":\"https:\\\/\\\/schema.org\",\"@graph\":[{\"@type\":\"Article\",\"@id\":\"https:\\\/\\\/kibrisdakik.com\\\/?p=60580#article\",\"isPartOf\":{\"@id\":\"https:\\\/\\\/kibrisdakik.com\\\/?p=60580\"},\"author\":{\"name\":\"admin\",\"@id\":\"https:\\\/\\\/kibrisdakik.com\\\/#\\\/schema\\\/person\\\/9cd9d437bbb44f72b73ba127e06d8e79\"},\"headline\":\"Melike \u015eahin, Narin&#8217;in ac\u0131 haberiyle g\u00f6zya\u015flar\u0131na bo\u011fuldu ve seyircinin tepkisine sert kar\u015f\u0131l\u0131k verdi\",\"datePublished\":\"2024-09-08T21:50:51+00:00\",\"mainEntityOfPage\":{\"@id\":\"https:\\\/\\\/kibrisdakik.com\\\/?p=60580\"},\"wordCount\":877,\"commentCount\":0,\"image\":{\"@id\":\"https:\\\/\\\/kibrisdakik.com\\\/?p=60580#primaryimage\"},\"thumbnailUrl\":\"https:\\\/\\\/kibrisdakik.com\\\/wp-content\\\/uploads\\\/2024\\\/09\\\/melike-sahin-narin-in-aci-haberiyle-gozyaslarina-17800685_1276_m.jpg\",\"articleSection\":[\"Magazin\"],\"inLanguage\":\"tr\",\"potentialAction\":[{\"@type\":\"CommentAction\",\"name\":\"Comment\",\"target\":[\"https:\\\/\\\/kibrisdakik.com\\\/?p=60580#respond\"]}]},{\"@type\":\"WebPage\",\"@id\":\"https:\\\/\\\/kibrisdakik.com\\\/?p=60580\",\"url\":\"https:\\\/\\\/kibrisdakik.com\\\/?p=60580\",\"name\":\"Melike \u015eahin, Narin'in ac\u0131 haberiyle g\u00f6zya\u015flar\u0131na bo\u011fuldu ve seyircinin tepkisine sert kar\u015f\u0131l\u0131k verdi -\",\"isPartOf\":{\"@id\":\"https:\\\/\\\/kibrisdakik.com\\\/#website\"},\"primaryImageOfPage\":{\"@id\":\"https:\\\/\\\/kibrisdakik.com\\\/?p=60580#primaryimage\"},\"image\":{\"@id\":\"https:\\\/\\\/kibrisdakik.com\\\/?p=60580#primaryimage\"},\"thumbnailUrl\":\"https:\\\/\\\/kibrisdakik.com\\\/wp-content\\\/uploads\\\/2024\\\/09\\\/melike-sahin-narin-in-aci-haberiyle-gozyaslarina-17800685_1276_m.jpg\",\"datePublished\":\"2024-09-08T21:50:51+00:00\",\"author\":{\"@id\":\"https:\\\/\\\/kibrisdakik.com\\\/#\\\/schema\\\/person\\\/9cd9d437bbb44f72b73ba127e06d8e79\"},\"breadcrumb\":{\"@id\":\"https:\\\/\\\/kibrisdakik.com\\\/?p=60580#breadcrumb\"},\"inLanguage\":\"tr\",\"potentialAction\":[{\"@type\":\"ReadAction\",\"target\":[\"https:\\\/\\\/kibrisdakik.com\\\/?p=60580\"]}]},{\"@type\":\"ImageObject\",\"inLanguage\":\"tr\",\"@id\":\"https:\\\/\\\/kibrisdakik.com\\\/?p=60580#primaryimage\",\"url\":\"https:\\\/\\\/kibrisdakik.com\\\/wp-content\\\/uploads\\\/2024\\\/09\\\/melike-sahin-narin-in-aci-haberiyle-gozyaslarina-17800685_1276_m.jpg\",\"contentUrl\":\"https:\\\/\\\/kibrisdakik.com\\\/wp-content\\\/uploads\\\/2024\\\/09\\\/melike-sahin-narin-in-aci-haberiyle-gozyaslarina-17800685_1276_m.jpg\",\"width\":640,\"height\":359},{\"@type\":\"BreadcrumbList\",\"@id\":\"https:\\\/\\\/kibrisdakik.com\\\/?p=60580#breadcrumb\",\"itemListElement\":[{\"@type\":\"ListItem\",\"position\":1,\"name\":\"Home\",\"item\":\"https:\\\/\\\/kibrisdakik.com\\\/\"},{\"@type\":\"ListItem\",\"position\":2,\"name\":\"Melike \u015eahin, Narin&#8217;in ac\u0131 haberiyle g\u00f6zya\u015flar\u0131na bo\u011fuldu ve seyircinin tepkisine sert kar\u015f\u0131l\u0131k verdi\"}]},{\"@type\":\"WebSite\",\"@id\":\"https:\\\/\\\/kibrisdakik.com\\\/#website\",\"url\":\"https:\\\/\\\/kibrisdakik.com\\\/\",\"name\":\"\",\"description\":\"Tam vaktinde haber\",\"potentialAction\":[{\"@type\":\"SearchAction\",\"target\":{\"@type\":\"EntryPoint\",\"urlTemplate\":\"https:\\\/\\\/kibrisdakik.com\\\/?s={search_term_string}\"},\"query-input\":{\"@type\":\"PropertyValueSpecification\",\"valueRequired\":true,\"valueName\":\"search_term_string\"}}],\"inLanguage\":\"tr\"},{\"@type\":\"Person\",\"@id\":\"https:\\\/\\\/kibrisdakik.com\\\/#\\\/schema\\\/person\\\/9cd9d437bbb44f72b73ba127e06d8e79\",\"name\":\"admin\",\"image\":{\"@type\":\"ImageObject\",\"inLanguage\":\"tr\",\"@id\":\"https:\\\/\\\/secure.gravatar.com\\\/avatar\\\/ccc17943b9d660506c869530f897617f7cb1c21a4bf30023f252596d83e1f007?s=96&d=mm&r=g\",\"url\":\"https:\\\/\\\/secure.gravatar.com\\\/avatar\\\/ccc17943b9d660506c869530f897617f7cb1c21a4bf30023f252596d83e1f007?s=96&d=mm&r=g\",\"contentUrl\":\"https:\\\/\\\/secure.gravatar.com\\\/avatar\\\/ccc17943b9d660506c869530f897617f7cb1c21a4bf30023f252596d83e1f007?s=96&d=mm&r=g\",\"caption\":\"admin\"},\"sameAs\":[\"https:\\\/\\\/kibrisdakik.com\"],\"url\":\"https:\\\/\\\/kibrisdakik.com\\\/?author=1\"}]}<\/script>\n<!-- \/ Yoast SEO plugin. -->","yoast_head_json":{"title":"Melike \u015eahin, Narin'in ac\u0131 haberiyle g\u00f6zya\u015flar\u0131na bo\u011fuldu ve seyircinin tepkisine sert kar\u015f\u0131l\u0131k verdi -","robots":{"index":"index","follow":"follow","max-snippet":"max-snippet:-1","max-image-preview":"max-image-preview:large","max-video-preview":"max-video-preview:-1"},"canonical":"https:\/\/kibrisdakik.com\/?p=60580","og_locale":"tr_TR","og_type":"article","og_title":"Melike \u015eahin, Narin'in ac\u0131 haberiyle g\u00f6zya\u015flar\u0131na bo\u011fuldu ve seyircinin tepkisine sert kar\u015f\u0131l\u0131k verdi -","og_description":"T\u00fcm T\u00fcrkiye bug\u00fcn Narin&#8217;in ac\u0131 haberiyle yasa bo\u011fuldu. \u00dcnl\u00fc isimlerin de tepkisiz kalmad\u0131\u011f\u0131 Narin cinayeti i\u00e7in \u00fcnl\u00fc \u015fark\u0131c\u0131 Melike \u015eahin de g\u00f6zya\u015f\u0131 d\u00f6kt\u00fc. Konser s\u0131ras\u0131nda duygular\u0131n\u0131 ifade ederken g\u00f6zya\u015flar\u0131n\u0131 tutamayan \u015eahin, seyircilerin i\u00e7inden gelen &#8216;A\u011flama&#8217; tepkisine \u00e7ok sinirlendi. A\u0130LE \u00dcYELER\u0130 G\u00d6ZALTINA ALINDI Minik Narin&#8217;in cans\u0131z bedeni bu sabah kaybolduktan 19 g\u00fcn sonra bulundu. T\u00fcm T\u00fcrkiye&#8217;yi","og_url":"https:\/\/kibrisdakik.com\/?p=60580","article_published_time":"2024-09-08T21:50:51+00:00","og_image":[{"width":640,"height":359,"url":"https:\/\/kibrisdakik.com\/wp-content\/uploads\/2024\/09\/melike-sahin-narin-in-aci-haberiyle-gozyaslarina-17800685_1276_m.jpg","type":"image\/jpeg"}],"author":"admin","twitter_card":"summary_large_image","twitter_misc":{"Yazan:":"admin","Tahmini okuma s\u00fcresi":"4 dakika"},"schema":{"@context":"https:\/\/schema.org","@graph":[{"@type":"Article","@id":"https:\/\/kibrisdakik.com\/?p=60580#article","isPartOf":{"@id":"https:\/\/kibrisdakik.com\/?p=60580"},"author":{"name":"admin","@id":"https:\/\/kibrisdakik.com\/#\/schema\/person\/9cd9d437bbb44f72b73ba127e06d8e79"},"headline":"Melike \u015eahin, Narin&#8217;in ac\u0131 haberiyle g\u00f6zya\u015flar\u0131na bo\u011fuldu ve seyircinin tepkisine sert kar\u015f\u0131l\u0131k verdi","datePublished":"2024-09-08T21:50:51+00:00","mainEntityOfPage":{"@id":"https:\/\/kibrisdakik.com\/?p=60580"},"wordCount":877,"commentCount":0,"image":{"@id":"https:\/\/kibrisdakik.com\/?p=60580#primaryimage"},"thumbnailUrl":"https:\/\/kibrisdakik.com\/wp-content\/uploads\/2024\/09\/melike-sahin-narin-in-aci-haberiyle-gozyaslarina-17800685_1276_m.jpg","articleSection":["Magazin"],"inLanguage":"tr","potentialAction":[{"@type":"CommentAction","name":"Comment","target":["https:\/\/kibrisdakik.com\/?p=60580#respond"]}]},{"@type":"WebPage","@id":"https:\/\/kibrisdakik.com\/?p=60580","url":"https:\/\/kibrisdakik.com\/?p=60580","name":"Melike \u015eahin, Narin'in ac\u0131 haberiyle g\u00f6zya\u015flar\u0131na bo\u011fuldu ve seyircinin tepkisine sert kar\u015f\u0131l\u0131k verdi -","isPartOf":{"@id":"https:\/\/kibrisdakik.com\/#website"},"primaryImageOfPage":{"@id":"https:\/\/kibrisdakik.com\/?p=60580#primaryimage"},"image":{"@id":"https:\/\/kibrisdakik.com\/?p=60580#primaryimage"},"thumbnailUrl":"https:\/\/kibrisdakik.com\/wp-content\/uploads\/2024\/09\/melike-sahin-narin-in-aci-haberiyle-gozyaslarina-17800685_1276_m.jpg","datePublished":"2024-09-08T21:50:51+00:00","author":{"@id":"https:\/\/kibrisdakik.com\/#\/schema\/person\/9cd9d437bbb44f72b73ba127e06d8e79"},"breadcrumb":{"@id":"https:\/\/kibrisdakik.com\/?p=60580#breadcrumb"},"inLanguage":"tr","potentialAction":[{"@type":"ReadAction","target":["https:\/\/kibrisdakik.com\/?p=60580"]}]},{"@type":"ImageObject","inLanguage":"tr","@id":"https:\/\/kibrisdakik.com\/?p=60580#primaryimage","url":"https:\/\/kibrisdakik.com\/wp-content\/uploads\/2024\/09\/melike-sahin-narin-in-aci-haberiyle-gozyaslarina-17800685_1276_m.jpg","contentUrl":"https:\/\/kibrisdakik.com\/wp-content\/uploads\/2024\/09\/melike-sahin-narin-in-aci-haberiyle-gozyaslarina-17800685_1276_m.jpg","width":640,"height":359},{"@type":"BreadcrumbList","@id":"https:\/\/kibrisdakik.com\/?p=60580#breadcrumb","itemListElement":[{"@type":"ListItem","position":1,"name":"Home","item":"https:\/\/kibrisdakik.com\/"},{"@type":"ListItem","position":2,"name":"Melike \u015eahin, Narin&#8217;in ac\u0131 haberiyle g\u00f6zya\u015flar\u0131na bo\u011fuldu ve seyircinin tepkisine sert kar\u015f\u0131l\u0131k verdi"}]},{"@type":"WebSite","@id":"https:\/\/kibrisdakik.com\/#website","url":"https:\/\/kibrisdakik.com\/","name":"","description":"Tam vaktinde haber","potentialAction":[{"@type":"SearchAction","target":{"@type":"EntryPoint","urlTemplate":"https:\/\/kibrisdakik.com\/?s={search_term_string}"},"query-input":{"@type":"PropertyValueSpecification","valueRequired":true,"valueName":"search_term_string"}}],"inLanguage":"tr"},{"@type":"Person","@id":"https:\/\/kibrisdakik.com\/#\/schema\/person\/9cd9d437bbb44f72b73ba127e06d8e79","name":"admin","image":{"@type":"ImageObject","inLanguage":"tr","@id":"https:\/\/secure.gravatar.com\/avatar\/ccc17943b9d660506c869530f897617f7cb1c21a4bf30023f252596d83e1f007?s=96&d=mm&r=g","url":"https:\/\/secure.gravatar.com\/avatar\/ccc17943b9d660506c869530f897617f7cb1c21a4bf30023f252596d83e1f007?s=96&d=mm&r=g","contentUrl":"https:\/\/secure.gravatar.com\/avatar\/ccc17943b9d660506c869530f897617f7cb1c21a4bf30023f252596d83e1f007?s=96&d=mm&r=g","caption":"admin"},"sameAs":["https:\/\/kibrisdakik.com"],"url":"https:\/\/kibrisdakik.com\/?author=1"}]}},"_links":{"self":[{"href":"https:\/\/kibrisdakik.com\/index.php?rest_route=\/wp\/v2\/posts\/60580","targetHints":{"allow":["GET"]}}],"collection":[{"href":"https:\/\/kibrisdakik.com\/index.php?rest_route=\/wp\/v2\/posts"}],"about":[{"href":"https:\/\/kibrisdakik.com\/index.php?rest_route=\/wp\/v2\/types\/post"}],"author":[{"embeddable":true,"href":"https:\/\/kibrisdakik.com\/index.php?rest_route=\/wp\/v2\/users\/1"}],"replies":[{"embeddable":true,"href":"https:\/\/kibrisdakik.com\/index.php?rest_route=%2Fwp%2Fv2%2Fcomments&post=60580"}],"version-history":[{"count":0,"href":"https:\/\/kibrisdakik.com\/index.php?rest_route=\/wp\/v2\/posts\/60580\/revisions"}],"wp:featuredmedia":[{"embeddable":true,"href":"https:\/\/kibrisdakik.com\/index.php?rest_route=\/wp\/v2\/media\/60581"}],"wp:attachment":[{"href":"https:\/\/kibrisdakik.com\/index.php?rest_route=%2Fwp%2Fv2%2Fmedia&parent=60580"}],"wp:term":[{"taxonomy":"category","embeddable":true,"href":"https:\/\/kibrisdakik.com\/index.php?rest_route=%2Fwp%2Fv2%2Fcategories&post=60580"},{"taxonomy":"post_tag","embeddable":true,"href":"https:\/\/kibrisdakik.com\/index.php?rest_route=%2Fwp%2Fv2%2Ftags&post=60580"}],"curies":[{"name":"wp","href":"https:\/\/api.w.org\/{rel}","templated":true}]}}