{"id":60607,"date":"2024-09-09T08:30:15","date_gmt":"2024-09-09T05:30:15","guid":{"rendered":"https:\/\/kibrisdakik.com\/index.php\/2024\/09\/09\/brezilyali-futbolcu-josef-de-souza-silahli-saldirinin-hedefi-oldu\/"},"modified":"2024-09-09T08:30:15","modified_gmt":"2024-09-09T05:30:15","slug":"brezilyali-futbolcu-josef-de-souza-silahli-saldirinin-hedefi-oldu","status":"publish","type":"post","link":"https:\/\/kibrisdakik.com\/?p=60607","title":{"rendered":"Brezilyal\u0131 Futbolcu Josef de Souza, Silahl\u0131 Sald\u0131r\u0131n\u0131n Hedefi Oldu"},"content":{"rendered":"<p><img decoding=\"async\" src=\"https:\/\/foto.haberler.com\/haber\/2024\/09\/09\/brezilyali-futbolcu-josef-de-souza-silahli-17800851_3759_amp.jpg\" \/><\/p>\n<div id=\"\">\n<p>S\u00fcper Lig&#8217;de Fenerbah\u00e7e, Be\u015fikta\u015f ve Ba\u015fak\u015fehir gibi \u00f6nemli tak\u0131mlar\u0131n formas\u0131n\u0131 giymi\u015f olan Brezilyal\u0131 futbolcu Josef de Souza, \u00fclkesinde silahl\u0131 bir sald\u0131r\u0131n\u0131n hedefi oldu. Souza, olay sonras\u0131 yapt\u0131\u011f\u0131 a\u00e7\u0131klamada, &#8220;Aya\u011f\u0131mdaki terli\u011fi bile ald\u0131lar,&#8221; diyerek ya\u015fad\u0131\u011f\u0131 korku dolu anlar\u0131 anlatt\u0131.<\/p>\n<p>T\u00fcrkiye&#8217;ye ilk kez 2015&#8217;te Fenerbah\u00e7e&#8217;ye transfer olarak ad\u0131m atan Josef de Souza, 2018&#8217;de Suudi Arabistan ekibi Al-Ahli&#8217;ye gitmi\u015f, ard\u0131ndan 2020&#8217;de Be\u015fikta\u015f&#8217;a d\u00f6nerek siyah-beyazl\u0131 formayla 1 S\u00fcper Lig ve 1 T\u00fcrkiye Kupas\u0131 \u015fampiyonlu\u011fu ya\u015fam\u0131\u015ft\u0131. 2023&#8217;te \u00c7in&#8217;in Beijing Guoan tak\u0131m\u0131na transfer olan Brezilyal\u0131 oyuncu, 2024 y\u0131l\u0131n\u0131n Ocak ay\u0131nda Ba\u015fak\u015fehir&#8217;e kat\u0131lm\u0131\u015f ve Temmuz 2024&#8217;te  <a class=\"keyword\" href=\"https:\/\/www.haberler.com\/brezilya\/\" title=\"Brezilya Haberleri, Brezilya Haberi, Brezilya Haber\"><strong>Brezilya<\/strong><\/a>&#8216;n\u0131n Vasco da Gama kul\u00fcb\u00fcne geri d\u00f6nm\u00fc\u015ft\u00fc.<\/p>\n<p>Silahl\u0131 soyguna u\u011frad\u0131<\/p>\n<p>Kariyerini  <a class=\"keyword\" href=\"https:\/\/www.haberler.com\/brezilya\/\" title=\"Brezilya Haberleri, Brezilya Haberi, Brezilya Haber\"><strong>Brezilya<\/strong><\/a>&#8216;da s\u00fcrd\u00fcren 35 ya\u015f\u0131ndaki futbolcu, beklenmedik bir \u015fekilde silahl\u0131 bir soyguna u\u011frad\u0131. O\u011fluyla birlikte arabas\u0131nda seyahat ederken h\u0131rs\u0131zlar\u0131n sald\u0131r\u0131s\u0131na maruz kalan Souza, ki\u015fisel e\u015fyalar\u0131n\u0131n \u00e7al\u0131nd\u0131\u011f\u0131n\u0131 a\u00e7\u0131klad\u0131. Neyse ki hem kendisi hem de o\u011flunun sa\u011fl\u0131k durumlar\u0131n\u0131n iyi oldu\u011fu bildirildi.<\/p>\n<p>Olay sonras\u0131nda bir video mesaj\u0131 payla\u015fan Souza, &#8220;Silahl\u0131 adamlar arabam\u0131 ald\u0131lar. O\u011flumla birlikteydim ve onu d\u0131\u015far\u0131 \u00e7\u0131karmay\u0131 ba\u015fard\u0131m. \u015eu anda iyiyiz.&#8221; dedi. Brezilya polisinin olayla ilgili soru\u015fturma ba\u015flatmas\u0131n\u0131n beklendi\u011fi de gelen bilgiler aras\u0131nda.<\/p>\n<h4 id=\"nwsKeywords\"> <a href=\"https:\/\/www.haberler.com\/josef-de-souza\/\" title=\"Josef de Souza\" class=\"hbptTag\">Josef de Souza<\/a>  <a href=\"https:\/\/www.haberler.com\/brezilya\/\" title=\"Brezilya\" class=\"hbptTag\">Brezilya<\/a> <\/h4>\n<\/div>\n","protected":false},"excerpt":{"rendered":"<p>S\u00fcper Lig&#8217;de Fenerbah\u00e7e, Be\u015fikta\u015f ve Ba\u015fak\u015fehir gibi \u00f6nemli tak\u0131mlar\u0131n formas\u0131n\u0131 giymi\u015f olan Brezilyal\u0131 futbolcu Josef de Souza, \u00fclkesinde silahl\u0131 bir sald\u0131r\u0131n\u0131n hedefi oldu. Souza, olay sonras\u0131 yapt\u0131\u011f\u0131 a\u00e7\u0131klamada, &#8220;Aya\u011f\u0131mdaki terli\u011fi bile ald\u0131lar,&#8221; diyerek ya\u015fad\u0131\u011f\u0131 korku dolu anlar\u0131 anlatt\u0131. T\u00fcrkiye&#8217;ye ilk kez 2015&#8217;te Fenerbah\u00e7e&#8217;ye transfer olarak ad\u0131m atan Josef de Souza, 2018&#8217;de Suudi Arabistan ekibi Al-Ahli&#8217;ye<\/p>\n","protected":false},"author":1,"featured_media":60608,"comment_status":"open","ping_status":"open","sticky":false,"template":"","format":"standard","meta":{"footnotes":""},"categories":[83],"tags":[],"class_list":["post-60607","post","type-post","status-publish","format-standard","has-post-thumbnail","hentry","category-magazin"],"yoast_head":"<!-- This site is optimized with the Yoast SEO plugin v27.4 - https:\/\/yoast.com\/product\/yoast-seo-wordpress\/ -->\n<title>Brezilyal\u0131 Futbolcu Josef de Souza, Silahl\u0131 Sald\u0131r\u0131n\u0131n Hedefi Oldu -<\/title>\n<meta name=\"robots\" content=\"index, follow, max-snippet:-1, max-image-preview:large, max-video-preview:-1\" \/>\n<link rel=\"canonical\" href=\"https:\/\/kibrisdakik.com\/?p=60607\" \/>\n<meta property=\"og:locale\" content=\"tr_TR\" \/>\n<meta property=\"og:type\" content=\"article\" \/>\n<meta property=\"og:title\" content=\"Brezilyal\u0131 Futbolcu Josef de Souza, Silahl\u0131 Sald\u0131r\u0131n\u0131n Hedefi Oldu -\" \/>\n<meta property=\"og:description\" content=\"S\u00fcper Lig&#8217;de Fenerbah\u00e7e, Be\u015fikta\u015f ve Ba\u015fak\u015fehir gibi \u00f6nemli tak\u0131mlar\u0131n formas\u0131n\u0131 giymi\u015f olan Brezilyal\u0131 futbolcu Josef de Souza, \u00fclkesinde silahl\u0131 bir sald\u0131r\u0131n\u0131n hedefi oldu. Souza, olay sonras\u0131 yapt\u0131\u011f\u0131 a\u00e7\u0131klamada, &#8220;Aya\u011f\u0131mdaki terli\u011fi bile ald\u0131lar,&#8221; diyerek ya\u015fad\u0131\u011f\u0131 korku dolu anlar\u0131 anlatt\u0131. T\u00fcrkiye&#8217;ye ilk kez 2015&#8217;te Fenerbah\u00e7e&#8217;ye transfer olarak ad\u0131m atan Josef de Souza, 2018&#8217;de Suudi Arabistan ekibi Al-Ahli&#8217;ye\" \/>\n<meta property=\"og:url\" content=\"https:\/\/kibrisdakik.com\/?p=60607\" \/>\n<meta property=\"article:published_time\" content=\"2024-09-09T05:30:15+00:00\" \/>\n<meta property=\"og:image\" content=\"https:\/\/kibrisdakik.com\/wp-content\/uploads\/2024\/09\/brezilyali-futbolcu-josef-de-souza-silahli-17800851_3759_amp.jpg\" \/>\n\t<meta property=\"og:image:width\" content=\"1202\" \/>\n\t<meta property=\"og:image:height\" content=\"675\" \/>\n\t<meta property=\"og:image:type\" content=\"image\/jpeg\" \/>\n<meta name=\"author\" content=\"admin\" \/>\n<meta name=\"twitter:card\" content=\"summary_large_image\" \/>\n<meta name=\"twitter:label1\" content=\"Yazan:\" \/>\n\t<meta name=\"twitter:data1\" content=\"admin\" \/>\n\t<meta name=\"twitter:label2\" content=\"Tahmini okuma s\u00fcresi\" \/>\n\t<meta name=\"twitter:data2\" content=\"1 dakika\" \/>\n<script type=\"application\/ld+json\" class=\"yoast-schema-graph\">{\"@context\":\"https:\\\/\\\/schema.org\",\"@graph\":[{\"@type\":\"Article\",\"@id\":\"https:\\\/\\\/kibrisdakik.com\\\/?p=60607#article\",\"isPartOf\":{\"@id\":\"https:\\\/\\\/kibrisdakik.com\\\/?p=60607\"},\"author\":{\"name\":\"admin\",\"@id\":\"https:\\\/\\\/kibrisdakik.com\\\/#\\\/schema\\\/person\\\/9cd9d437bbb44f72b73ba127e06d8e79\"},\"headline\":\"Brezilyal\u0131 Futbolcu Josef de Souza, Silahl\u0131 Sald\u0131r\u0131n\u0131n Hedefi Oldu\",\"datePublished\":\"2024-09-09T05:30:15+00:00\",\"mainEntityOfPage\":{\"@id\":\"https:\\\/\\\/kibrisdakik.com\\\/?p=60607\"},\"wordCount\":266,\"commentCount\":0,\"image\":{\"@id\":\"https:\\\/\\\/kibrisdakik.com\\\/?p=60607#primaryimage\"},\"thumbnailUrl\":\"https:\\\/\\\/kibrisdakik.com\\\/wp-content\\\/uploads\\\/2024\\\/09\\\/brezilyali-futbolcu-josef-de-souza-silahli-17800851_3759_amp.jpg\",\"articleSection\":[\"Magazin\"],\"inLanguage\":\"tr\",\"potentialAction\":[{\"@type\":\"CommentAction\",\"name\":\"Comment\",\"target\":[\"https:\\\/\\\/kibrisdakik.com\\\/?p=60607#respond\"]}]},{\"@type\":\"WebPage\",\"@id\":\"https:\\\/\\\/kibrisdakik.com\\\/?p=60607\",\"url\":\"https:\\\/\\\/kibrisdakik.com\\\/?p=60607\",\"name\":\"Brezilyal\u0131 Futbolcu Josef de Souza, Silahl\u0131 Sald\u0131r\u0131n\u0131n Hedefi Oldu -\",\"isPartOf\":{\"@id\":\"https:\\\/\\\/kibrisdakik.com\\\/#website\"},\"primaryImageOfPage\":{\"@id\":\"https:\\\/\\\/kibrisdakik.com\\\/?p=60607#primaryimage\"},\"image\":{\"@id\":\"https:\\\/\\\/kibrisdakik.com\\\/?p=60607#primaryimage\"},\"thumbnailUrl\":\"https:\\\/\\\/kibrisdakik.com\\\/wp-content\\\/uploads\\\/2024\\\/09\\\/brezilyali-futbolcu-josef-de-souza-silahli-17800851_3759_amp.jpg\",\"datePublished\":\"2024-09-09T05:30:15+00:00\",\"author\":{\"@id\":\"https:\\\/\\\/kibrisdakik.com\\\/#\\\/schema\\\/person\\\/9cd9d437bbb44f72b73ba127e06d8e79\"},\"breadcrumb\":{\"@id\":\"https:\\\/\\\/kibrisdakik.com\\\/?p=60607#breadcrumb\"},\"inLanguage\":\"tr\",\"potentialAction\":[{\"@type\":\"ReadAction\",\"target\":[\"https:\\\/\\\/kibrisdakik.com\\\/?p=60607\"]}]},{\"@type\":\"ImageObject\",\"inLanguage\":\"tr\",\"@id\":\"https:\\\/\\\/kibrisdakik.com\\\/?p=60607#primaryimage\",\"url\":\"https:\\\/\\\/kibrisdakik.com\\\/wp-content\\\/uploads\\\/2024\\\/09\\\/brezilyali-futbolcu-josef-de-souza-silahli-17800851_3759_amp.jpg\",\"contentUrl\":\"https:\\\/\\\/kibrisdakik.com\\\/wp-content\\\/uploads\\\/2024\\\/09\\\/brezilyali-futbolcu-josef-de-souza-silahli-17800851_3759_amp.jpg\",\"width\":1202,\"height\":675},{\"@type\":\"BreadcrumbList\",\"@id\":\"https:\\\/\\\/kibrisdakik.com\\\/?p=60607#breadcrumb\",\"itemListElement\":[{\"@type\":\"ListItem\",\"position\":1,\"name\":\"Home\",\"item\":\"https:\\\/\\\/kibrisdakik.com\\\/\"},{\"@type\":\"ListItem\",\"position\":2,\"name\":\"Brezilyal\u0131 Futbolcu Josef de Souza, Silahl\u0131 Sald\u0131r\u0131n\u0131n Hedefi Oldu\"}]},{\"@type\":\"WebSite\",\"@id\":\"https:\\\/\\\/kibrisdakik.com\\\/#website\",\"url\":\"https:\\\/\\\/kibrisdakik.com\\\/\",\"name\":\"\",\"description\":\"Tam vaktinde haber\",\"potentialAction\":[{\"@type\":\"SearchAction\",\"target\":{\"@type\":\"EntryPoint\",\"urlTemplate\":\"https:\\\/\\\/kibrisdakik.com\\\/?s={search_term_string}\"},\"query-input\":{\"@type\":\"PropertyValueSpecification\",\"valueRequired\":true,\"valueName\":\"search_term_string\"}}],\"inLanguage\":\"tr\"},{\"@type\":\"Person\",\"@id\":\"https:\\\/\\\/kibrisdakik.com\\\/#\\\/schema\\\/person\\\/9cd9d437bbb44f72b73ba127e06d8e79\",\"name\":\"admin\",\"image\":{\"@type\":\"ImageObject\",\"inLanguage\":\"tr\",\"@id\":\"https:\\\/\\\/secure.gravatar.com\\\/avatar\\\/ccc17943b9d660506c869530f897617f7cb1c21a4bf30023f252596d83e1f007?s=96&d=mm&r=g\",\"url\":\"https:\\\/\\\/secure.gravatar.com\\\/avatar\\\/ccc17943b9d660506c869530f897617f7cb1c21a4bf30023f252596d83e1f007?s=96&d=mm&r=g\",\"contentUrl\":\"https:\\\/\\\/secure.gravatar.com\\\/avatar\\\/ccc17943b9d660506c869530f897617f7cb1c21a4bf30023f252596d83e1f007?s=96&d=mm&r=g\",\"caption\":\"admin\"},\"sameAs\":[\"https:\\\/\\\/kibrisdakik.com\"],\"url\":\"https:\\\/\\\/kibrisdakik.com\\\/?author=1\"}]}<\/script>\n<!-- \/ Yoast SEO plugin. -->","yoast_head_json":{"title":"Brezilyal\u0131 Futbolcu Josef de Souza, Silahl\u0131 Sald\u0131r\u0131n\u0131n Hedefi Oldu -","robots":{"index":"index","follow":"follow","max-snippet":"max-snippet:-1","max-image-preview":"max-image-preview:large","max-video-preview":"max-video-preview:-1"},"canonical":"https:\/\/kibrisdakik.com\/?p=60607","og_locale":"tr_TR","og_type":"article","og_title":"Brezilyal\u0131 Futbolcu Josef de Souza, Silahl\u0131 Sald\u0131r\u0131n\u0131n Hedefi Oldu -","og_description":"S\u00fcper Lig&#8217;de Fenerbah\u00e7e, Be\u015fikta\u015f ve Ba\u015fak\u015fehir gibi \u00f6nemli tak\u0131mlar\u0131n formas\u0131n\u0131 giymi\u015f olan Brezilyal\u0131 futbolcu Josef de Souza, \u00fclkesinde silahl\u0131 bir sald\u0131r\u0131n\u0131n hedefi oldu. Souza, olay sonras\u0131 yapt\u0131\u011f\u0131 a\u00e7\u0131klamada, &#8220;Aya\u011f\u0131mdaki terli\u011fi bile ald\u0131lar,&#8221; diyerek ya\u015fad\u0131\u011f\u0131 korku dolu anlar\u0131 anlatt\u0131. T\u00fcrkiye&#8217;ye ilk kez 2015&#8217;te Fenerbah\u00e7e&#8217;ye transfer olarak ad\u0131m atan Josef de Souza, 2018&#8217;de Suudi Arabistan ekibi Al-Ahli&#8217;ye","og_url":"https:\/\/kibrisdakik.com\/?p=60607","article_published_time":"2024-09-09T05:30:15+00:00","og_image":[{"width":1202,"height":675,"url":"https:\/\/kibrisdakik.com\/wp-content\/uploads\/2024\/09\/brezilyali-futbolcu-josef-de-souza-silahli-17800851_3759_amp.jpg","type":"image\/jpeg"}],"author":"admin","twitter_card":"summary_large_image","twitter_misc":{"Yazan:":"admin","Tahmini okuma s\u00fcresi":"1 dakika"},"schema":{"@context":"https:\/\/schema.org","@graph":[{"@type":"Article","@id":"https:\/\/kibrisdakik.com\/?p=60607#article","isPartOf":{"@id":"https:\/\/kibrisdakik.com\/?p=60607"},"author":{"name":"admin","@id":"https:\/\/kibrisdakik.com\/#\/schema\/person\/9cd9d437bbb44f72b73ba127e06d8e79"},"headline":"Brezilyal\u0131 Futbolcu Josef de Souza, Silahl\u0131 Sald\u0131r\u0131n\u0131n Hedefi Oldu","datePublished":"2024-09-09T05:30:15+00:00","mainEntityOfPage":{"@id":"https:\/\/kibrisdakik.com\/?p=60607"},"wordCount":266,"commentCount":0,"image":{"@id":"https:\/\/kibrisdakik.com\/?p=60607#primaryimage"},"thumbnailUrl":"https:\/\/kibrisdakik.com\/wp-content\/uploads\/2024\/09\/brezilyali-futbolcu-josef-de-souza-silahli-17800851_3759_amp.jpg","articleSection":["Magazin"],"inLanguage":"tr","potentialAction":[{"@type":"CommentAction","name":"Comment","target":["https:\/\/kibrisdakik.com\/?p=60607#respond"]}]},{"@type":"WebPage","@id":"https:\/\/kibrisdakik.com\/?p=60607","url":"https:\/\/kibrisdakik.com\/?p=60607","name":"Brezilyal\u0131 Futbolcu Josef de Souza, Silahl\u0131 Sald\u0131r\u0131n\u0131n Hedefi Oldu -","isPartOf":{"@id":"https:\/\/kibrisdakik.com\/#website"},"primaryImageOfPage":{"@id":"https:\/\/kibrisdakik.com\/?p=60607#primaryimage"},"image":{"@id":"https:\/\/kibrisdakik.com\/?p=60607#primaryimage"},"thumbnailUrl":"https:\/\/kibrisdakik.com\/wp-content\/uploads\/2024\/09\/brezilyali-futbolcu-josef-de-souza-silahli-17800851_3759_amp.jpg","datePublished":"2024-09-09T05:30:15+00:00","author":{"@id":"https:\/\/kibrisdakik.com\/#\/schema\/person\/9cd9d437bbb44f72b73ba127e06d8e79"},"breadcrumb":{"@id":"https:\/\/kibrisdakik.com\/?p=60607#breadcrumb"},"inLanguage":"tr","potentialAction":[{"@type":"ReadAction","target":["https:\/\/kibrisdakik.com\/?p=60607"]}]},{"@type":"ImageObject","inLanguage":"tr","@id":"https:\/\/kibrisdakik.com\/?p=60607#primaryimage","url":"https:\/\/kibrisdakik.com\/wp-content\/uploads\/2024\/09\/brezilyali-futbolcu-josef-de-souza-silahli-17800851_3759_amp.jpg","contentUrl":"https:\/\/kibrisdakik.com\/wp-content\/uploads\/2024\/09\/brezilyali-futbolcu-josef-de-souza-silahli-17800851_3759_amp.jpg","width":1202,"height":675},{"@type":"BreadcrumbList","@id":"https:\/\/kibrisdakik.com\/?p=60607#breadcrumb","itemListElement":[{"@type":"ListItem","position":1,"name":"Home","item":"https:\/\/kibrisdakik.com\/"},{"@type":"ListItem","position":2,"name":"Brezilyal\u0131 Futbolcu Josef de Souza, Silahl\u0131 Sald\u0131r\u0131n\u0131n Hedefi Oldu"}]},{"@type":"WebSite","@id":"https:\/\/kibrisdakik.com\/#website","url":"https:\/\/kibrisdakik.com\/","name":"","description":"Tam vaktinde haber","potentialAction":[{"@type":"SearchAction","target":{"@type":"EntryPoint","urlTemplate":"https:\/\/kibrisdakik.com\/?s={search_term_string}"},"query-input":{"@type":"PropertyValueSpecification","valueRequired":true,"valueName":"search_term_string"}}],"inLanguage":"tr"},{"@type":"Person","@id":"https:\/\/kibrisdakik.com\/#\/schema\/person\/9cd9d437bbb44f72b73ba127e06d8e79","name":"admin","image":{"@type":"ImageObject","inLanguage":"tr","@id":"https:\/\/secure.gravatar.com\/avatar\/ccc17943b9d660506c869530f897617f7cb1c21a4bf30023f252596d83e1f007?s=96&d=mm&r=g","url":"https:\/\/secure.gravatar.com\/avatar\/ccc17943b9d660506c869530f897617f7cb1c21a4bf30023f252596d83e1f007?s=96&d=mm&r=g","contentUrl":"https:\/\/secure.gravatar.com\/avatar\/ccc17943b9d660506c869530f897617f7cb1c21a4bf30023f252596d83e1f007?s=96&d=mm&r=g","caption":"admin"},"sameAs":["https:\/\/kibrisdakik.com"],"url":"https:\/\/kibrisdakik.com\/?author=1"}]}},"_links":{"self":[{"href":"https:\/\/kibrisdakik.com\/index.php?rest_route=\/wp\/v2\/posts\/60607","targetHints":{"allow":["GET"]}}],"collection":[{"href":"https:\/\/kibrisdakik.com\/index.php?rest_route=\/wp\/v2\/posts"}],"about":[{"href":"https:\/\/kibrisdakik.com\/index.php?rest_route=\/wp\/v2\/types\/post"}],"author":[{"embeddable":true,"href":"https:\/\/kibrisdakik.com\/index.php?rest_route=\/wp\/v2\/users\/1"}],"replies":[{"embeddable":true,"href":"https:\/\/kibrisdakik.com\/index.php?rest_route=%2Fwp%2Fv2%2Fcomments&post=60607"}],"version-history":[{"count":0,"href":"https:\/\/kibrisdakik.com\/index.php?rest_route=\/wp\/v2\/posts\/60607\/revisions"}],"wp:featuredmedia":[{"embeddable":true,"href":"https:\/\/kibrisdakik.com\/index.php?rest_route=\/wp\/v2\/media\/60608"}],"wp:attachment":[{"href":"https:\/\/kibrisdakik.com\/index.php?rest_route=%2Fwp%2Fv2%2Fmedia&parent=60607"}],"wp:term":[{"taxonomy":"category","embeddable":true,"href":"https:\/\/kibrisdakik.com\/index.php?rest_route=%2Fwp%2Fv2%2Fcategories&post=60607"},{"taxonomy":"post_tag","embeddable":true,"href":"https:\/\/kibrisdakik.com\/index.php?rest_route=%2Fwp%2Fv2%2Ftags&post=60607"}],"curies":[{"name":"wp","href":"https:\/\/api.w.org\/{rel}","templated":true}]}}