{"id":6064,"date":"2023-05-01T09:43:12","date_gmt":"2023-05-01T09:43:12","guid":{"rendered":"https:\/\/kibrisdakik.com\/index.php\/2023\/05\/01\/oguzdan-ciftcilere-kutlama\/"},"modified":"2023-05-01T09:43:12","modified_gmt":"2023-05-01T09:43:12","slug":"oguzdan-ciftcilere-kutlama","status":"publish","type":"post","link":"https:\/\/kibrisdakik.com\/?p=6064","title":{"rendered":"O\u011fuz\u2019dan \u00e7ift\u00e7ilere kutlama"},"content":{"rendered":"<p><\/p>\n<div>\n<p style=\"font-weight: 300;\"><span style=\"font-weight: 300 !important;\"><\/p>\n<div class=\"mariselle-image-container none\">\n                <img width=\"2560\" height=\"1877\" class=\"lazy-image\" alt=\"\" decoding=\"async\" loading=\"lazy\" sizes=\"auto, (max-width: 2560px) 100vw, 2560px\" src=\"https:\/\/brtk.net\/wp-content\/uploads\/2023\/05\/01\/dursun-oguz11-scaled.jpg?ver=3029ba892f6c577d06272ad234eb2337\" srcset=\"https:\/\/brtk.net\/wp-content\/uploads\/2023\/05\/01\/dursun-oguz11-scaled.jpg?ver=3029ba892f6c577d06272ad234eb2337 2560w, https:\/\/brtk.net\/wp-content\/uploads\/2023\/05\/01\/dursun-oguz11-300x220.jpg?ver=4218f0d8a3ef2842e132b784f9daa0b3 300w, https:\/\/brtk.net\/wp-content\/uploads\/2023\/05\/01\/dursun-oguz11-1024x751.jpg?ver=5752c82ba076063a8fe8309a8a27f18f 1024w, https:\/\/brtk.net\/wp-content\/uploads\/2023\/05\/01\/dursun-oguz11-768x563.jpg?ver=5752c82ba076063a8fe8309a8a27f18f 768w, https:\/\/brtk.net\/wp-content\/uploads\/2023\/05\/01\/dursun-oguz11-1536x1126.jpg?ver=f0c67a981f385a2064dd3d2605ada698 1536w, https:\/\/brtk.net\/wp-content\/uploads\/2023\/05\/01\/dursun-oguz11-2048x1501.jpg?ver=3706dde7c136054c50eddd53da779cbf 2048w\"\/>                            <\/div>\n<p><\/span><\/p>\n<p style=\"font-weight: 300;\"><span style=\"font-weight: 300 !important;\">Tar\u0131m ve Do\u011fal Kaynaklar Bakan\u0131 Dursun O\u011fuz, \u00fclkenin en b\u00fcy\u00fck sivil toplum \u00f6rg\u00fctlerinden biri olan K\u0131br\u0131s T\u00fcrk \u00c7ift\u00e7iler Birli\u011fi\u2019nin 80. kurulu\u015f y\u0131l d\u00f6n\u00fcm\u00fc nedeniyle mesaj yay\u0131mlad\u0131.<\/span><\/p>\n<p style=\"font-weight: 300;\"><span style=\"font-weight: 300 !important;\">Bakanl\u0131ktan yap\u0131lan a\u00e7\u0131klamaya g\u00f6re Tar\u0131m ve Do\u011fal Kaynaklar Bakan\u0131 Dursun O\u011fuz, 1 May\u0131s 1943\u2019te 56 K\u0131br\u0131s T\u00fcrk k\u00f6yl\u00fcs\u00fcn\u00fcn bir araya gelerek kurdu\u011fu K\u0131br\u0131s T\u00fcrk \u00c7ift\u00e7iler Birli\u011fi\u2019nin 80 y\u0131ld\u0131r g\u00fcnden g\u00fcne geli\u015ferek b\u00fcy\u00fcd\u00fc\u011f\u00fcn\u00fc g\u00f6rmenin gururunu ya\u015fad\u0131\u011f\u0131n\u0131 belirtti.<\/span><\/p>\n<p style=\"font-weight: 300;\"><span style=\"font-weight: 300 !important;\">Kuruldu\u011fu g\u00fcnden itibaren \u00fclke \u00e7ift\u00e7isinin sorunlar\u0131n\u0131n m\u00fccadelesini ba\u015far\u0131l\u0131 \u015fekilde verdi\u011fine de\u011finen Bakan O\u011fuz, \u00c7ift\u00e7iler Birli\u011fi\u2019ni toplumun yetkili organlar\u0131 ile uyumlu \u015fekilde \u00e7al\u0131\u015ft\u0131\u011f\u0131n\u0131, \u00fcstlendi\u011fi g\u00f6revi ba\u015far\u0131l\u0131 bir \u015fekilde y\u00fcr\u00fcd\u00fc\u011f\u00fcn\u00fc vurgulad\u0131.<\/span><\/p>\n<p style=\"font-weight: 300;\"><span style=\"font-weight: 300 !important;\">O\u011fuz, \u00fclke \u00e7ift\u00e7isinin zaman zaman zor d\u00f6nemlerden ge\u00e7ti\u011fini belirterek, eme\u011fin ve \u00fcretimin daha da artt\u0131\u011f\u0131 bug\u00fcnlerde her t\u00fcrl\u00fc zorlu\u011fa ra\u011fmen \u00fclke topraklar\u0131nda \u00fcretmeye devam ettiklerine dikkat \u00e7ekti.<\/span><\/p>\n<p style=\"font-weight: 300;\"><span style=\"font-weight: 300 !important;\">Bakan O\u011fuz, K\u0131br\u0131s T\u00fcrk \u00c7ift\u00e7iler Birli\u011fi\u2019nin 80. y\u0131l\u0131nda kurulu\u015funa katk\u0131 koyan herkesi rahmetle anarak bug\u00fcnlere gelmesinde eme\u011fi ge\u00e7en t\u00fcm y\u00f6neticileri ve \u00fcreticileri kutlad\u0131.<\/span><\/p>\n<p>\u00a0<\/p>\n<\/p><\/div>\n<p><script async\n                    defer\n                    crossorigin=\"anonymous\"\n                    src=\"https:\/\/connect.facebook.net\/tr_TR\/sdk.js#xfbml=1&#038;version=v3.3\"\n            ><\/script><\/p>\n","protected":false},"excerpt":{"rendered":"<p>Tar\u0131m ve Do\u011fal Kaynaklar Bakan\u0131 Dursun O\u011fuz, \u00fclkenin en b\u00fcy\u00fck sivil toplum \u00f6rg\u00fctlerinden biri olan K\u0131br\u0131s T\u00fcrk \u00c7ift\u00e7iler Birli\u011fi\u2019nin 80. kurulu\u015f y\u0131l d\u00f6n\u00fcm\u00fc nedeniyle mesaj yay\u0131mlad\u0131. Bakanl\u0131ktan yap\u0131lan a\u00e7\u0131klamaya g\u00f6re Tar\u0131m ve Do\u011fal Kaynaklar Bakan\u0131 Dursun O\u011fuz, 1 May\u0131s 1943\u2019te 56 K\u0131br\u0131s T\u00fcrk k\u00f6yl\u00fcs\u00fcn\u00fcn bir araya gelerek kurdu\u011fu K\u0131br\u0131s T\u00fcrk \u00c7ift\u00e7iler Birli\u011fi\u2019nin 80 y\u0131ld\u0131r g\u00fcnden<\/p>\n","protected":false},"author":1,"featured_media":6065,"comment_status":"open","ping_status":"open","sticky":false,"template":"","format":"standard","meta":{"footnotes":""},"categories":[1],"tags":[],"class_list":["post-6064","post","type-post","status-publish","format-standard","has-post-thumbnail","hentry","category-gundem"],"yoast_head":"<!-- This site is optimized with the Yoast SEO plugin v27.4 - https:\/\/yoast.com\/product\/yoast-seo-wordpress\/ -->\n<title>O\u011fuz\u2019dan \u00e7ift\u00e7ilere kutlama -<\/title>\n<meta name=\"robots\" content=\"index, follow, max-snippet:-1, max-image-preview:large, max-video-preview:-1\" \/>\n<link rel=\"canonical\" href=\"https:\/\/kibrisdakik.com\/?p=6064\" \/>\n<meta property=\"og:locale\" content=\"tr_TR\" \/>\n<meta property=\"og:type\" content=\"article\" \/>\n<meta property=\"og:title\" content=\"O\u011fuz\u2019dan \u00e7ift\u00e7ilere kutlama -\" \/>\n<meta property=\"og:description\" content=\"Tar\u0131m ve Do\u011fal Kaynaklar Bakan\u0131 Dursun O\u011fuz, \u00fclkenin en b\u00fcy\u00fck sivil toplum \u00f6rg\u00fctlerinden biri olan K\u0131br\u0131s T\u00fcrk \u00c7ift\u00e7iler Birli\u011fi\u2019nin 80. kurulu\u015f y\u0131l d\u00f6n\u00fcm\u00fc nedeniyle mesaj yay\u0131mlad\u0131. Bakanl\u0131ktan yap\u0131lan a\u00e7\u0131klamaya g\u00f6re Tar\u0131m ve Do\u011fal Kaynaklar Bakan\u0131 Dursun O\u011fuz, 1 May\u0131s 1943\u2019te 56 K\u0131br\u0131s T\u00fcrk k\u00f6yl\u00fcs\u00fcn\u00fcn bir araya gelerek kurdu\u011fu K\u0131br\u0131s T\u00fcrk \u00c7ift\u00e7iler Birli\u011fi\u2019nin 80 y\u0131ld\u0131r g\u00fcnden\" \/>\n<meta property=\"og:url\" content=\"https:\/\/kibrisdakik.com\/?p=6064\" \/>\n<meta property=\"article:published_time\" content=\"2023-05-01T09:43:12+00:00\" \/>\n<meta property=\"og:image\" content=\"https:\/\/kibrisdakik.com\/wp-content\/uploads\/2023\/05\/dursun-oguz11-scaled-740x420.jpg\" \/>\n\t<meta property=\"og:image:width\" content=\"2560\" \/>\n\t<meta property=\"og:image:height\" content=\"1877\" \/>\n\t<meta property=\"og:image:type\" content=\"image\/jpeg\" \/>\n<meta name=\"author\" content=\"admin\" \/>\n<meta name=\"twitter:card\" content=\"summary_large_image\" \/>\n<meta name=\"twitter:label1\" content=\"Yazan:\" \/>\n\t<meta name=\"twitter:data1\" content=\"admin\" \/>\n\t<meta name=\"twitter:label2\" content=\"Tahmini okuma s\u00fcresi\" \/>\n\t<meta name=\"twitter:data2\" content=\"1 dakika\" \/>\n<script type=\"application\/ld+json\" class=\"yoast-schema-graph\">{\"@context\":\"https:\\\/\\\/schema.org\",\"@graph\":[{\"@type\":\"Article\",\"@id\":\"https:\\\/\\\/kibrisdakik.com\\\/?p=6064#article\",\"isPartOf\":{\"@id\":\"https:\\\/\\\/kibrisdakik.com\\\/?p=6064\"},\"author\":{\"name\":\"admin\",\"@id\":\"https:\\\/\\\/kibrisdakik.com\\\/#\\\/schema\\\/person\\\/9cd9d437bbb44f72b73ba127e06d8e79\"},\"headline\":\"O\u011fuz\u2019dan \u00e7ift\u00e7ilere kutlama\",\"datePublished\":\"2023-05-01T09:43:12+00:00\",\"mainEntityOfPage\":{\"@id\":\"https:\\\/\\\/kibrisdakik.com\\\/?p=6064\"},\"wordCount\":240,\"commentCount\":0,\"image\":{\"@id\":\"https:\\\/\\\/kibrisdakik.com\\\/?p=6064#primaryimage\"},\"thumbnailUrl\":\"https:\\\/\\\/kibrisdakik.com\\\/wp-content\\\/uploads\\\/2023\\\/05\\\/dursun-oguz11-scaled-740x420.jpg\",\"articleSection\":[\"G\u00fcndem\"],\"inLanguage\":\"tr\",\"potentialAction\":[{\"@type\":\"CommentAction\",\"name\":\"Comment\",\"target\":[\"https:\\\/\\\/kibrisdakik.com\\\/?p=6064#respond\"]}]},{\"@type\":\"WebPage\",\"@id\":\"https:\\\/\\\/kibrisdakik.com\\\/?p=6064\",\"url\":\"https:\\\/\\\/kibrisdakik.com\\\/?p=6064\",\"name\":\"O\u011fuz\u2019dan \u00e7ift\u00e7ilere kutlama -\",\"isPartOf\":{\"@id\":\"https:\\\/\\\/kibrisdakik.com\\\/#website\"},\"primaryImageOfPage\":{\"@id\":\"https:\\\/\\\/kibrisdakik.com\\\/?p=6064#primaryimage\"},\"image\":{\"@id\":\"https:\\\/\\\/kibrisdakik.com\\\/?p=6064#primaryimage\"},\"thumbnailUrl\":\"https:\\\/\\\/kibrisdakik.com\\\/wp-content\\\/uploads\\\/2023\\\/05\\\/dursun-oguz11-scaled-740x420.jpg\",\"datePublished\":\"2023-05-01T09:43:12+00:00\",\"author\":{\"@id\":\"https:\\\/\\\/kibrisdakik.com\\\/#\\\/schema\\\/person\\\/9cd9d437bbb44f72b73ba127e06d8e79\"},\"breadcrumb\":{\"@id\":\"https:\\\/\\\/kibrisdakik.com\\\/?p=6064#breadcrumb\"},\"inLanguage\":\"tr\",\"potentialAction\":[{\"@type\":\"ReadAction\",\"target\":[\"https:\\\/\\\/kibrisdakik.com\\\/?p=6064\"]}]},{\"@type\":\"ImageObject\",\"inLanguage\":\"tr\",\"@id\":\"https:\\\/\\\/kibrisdakik.com\\\/?p=6064#primaryimage\",\"url\":\"https:\\\/\\\/kibrisdakik.com\\\/wp-content\\\/uploads\\\/2023\\\/05\\\/dursun-oguz11-scaled-740x420.jpg\",\"contentUrl\":\"https:\\\/\\\/kibrisdakik.com\\\/wp-content\\\/uploads\\\/2023\\\/05\\\/dursun-oguz11-scaled-740x420.jpg\",\"width\":2560,\"height\":1877},{\"@type\":\"BreadcrumbList\",\"@id\":\"https:\\\/\\\/kibrisdakik.com\\\/?p=6064#breadcrumb\",\"itemListElement\":[{\"@type\":\"ListItem\",\"position\":1,\"name\":\"Home\",\"item\":\"https:\\\/\\\/kibrisdakik.com\\\/\"},{\"@type\":\"ListItem\",\"position\":2,\"name\":\"O\u011fuz\u2019dan \u00e7ift\u00e7ilere kutlama\"}]},{\"@type\":\"WebSite\",\"@id\":\"https:\\\/\\\/kibrisdakik.com\\\/#website\",\"url\":\"https:\\\/\\\/kibrisdakik.com\\\/\",\"name\":\"\",\"description\":\"Tam vaktinde haber\",\"potentialAction\":[{\"@type\":\"SearchAction\",\"target\":{\"@type\":\"EntryPoint\",\"urlTemplate\":\"https:\\\/\\\/kibrisdakik.com\\\/?s={search_term_string}\"},\"query-input\":{\"@type\":\"PropertyValueSpecification\",\"valueRequired\":true,\"valueName\":\"search_term_string\"}}],\"inLanguage\":\"tr\"},{\"@type\":\"Person\",\"@id\":\"https:\\\/\\\/kibrisdakik.com\\\/#\\\/schema\\\/person\\\/9cd9d437bbb44f72b73ba127e06d8e79\",\"name\":\"admin\",\"image\":{\"@type\":\"ImageObject\",\"inLanguage\":\"tr\",\"@id\":\"https:\\\/\\\/secure.gravatar.com\\\/avatar\\\/ccc17943b9d660506c869530f897617f7cb1c21a4bf30023f252596d83e1f007?s=96&d=mm&r=g\",\"url\":\"https:\\\/\\\/secure.gravatar.com\\\/avatar\\\/ccc17943b9d660506c869530f897617f7cb1c21a4bf30023f252596d83e1f007?s=96&d=mm&r=g\",\"contentUrl\":\"https:\\\/\\\/secure.gravatar.com\\\/avatar\\\/ccc17943b9d660506c869530f897617f7cb1c21a4bf30023f252596d83e1f007?s=96&d=mm&r=g\",\"caption\":\"admin\"},\"sameAs\":[\"https:\\\/\\\/kibrisdakik.com\"],\"url\":\"https:\\\/\\\/kibrisdakik.com\\\/?author=1\"}]}<\/script>\n<!-- \/ Yoast SEO plugin. -->","yoast_head_json":{"title":"O\u011fuz\u2019dan \u00e7ift\u00e7ilere kutlama -","robots":{"index":"index","follow":"follow","max-snippet":"max-snippet:-1","max-image-preview":"max-image-preview:large","max-video-preview":"max-video-preview:-1"},"canonical":"https:\/\/kibrisdakik.com\/?p=6064","og_locale":"tr_TR","og_type":"article","og_title":"O\u011fuz\u2019dan \u00e7ift\u00e7ilere kutlama -","og_description":"Tar\u0131m ve Do\u011fal Kaynaklar Bakan\u0131 Dursun O\u011fuz, \u00fclkenin en b\u00fcy\u00fck sivil toplum \u00f6rg\u00fctlerinden biri olan K\u0131br\u0131s T\u00fcrk \u00c7ift\u00e7iler Birli\u011fi\u2019nin 80. kurulu\u015f y\u0131l d\u00f6n\u00fcm\u00fc nedeniyle mesaj yay\u0131mlad\u0131. Bakanl\u0131ktan yap\u0131lan a\u00e7\u0131klamaya g\u00f6re Tar\u0131m ve Do\u011fal Kaynaklar Bakan\u0131 Dursun O\u011fuz, 1 May\u0131s 1943\u2019te 56 K\u0131br\u0131s T\u00fcrk k\u00f6yl\u00fcs\u00fcn\u00fcn bir araya gelerek kurdu\u011fu K\u0131br\u0131s T\u00fcrk \u00c7ift\u00e7iler Birli\u011fi\u2019nin 80 y\u0131ld\u0131r g\u00fcnden","og_url":"https:\/\/kibrisdakik.com\/?p=6064","article_published_time":"2023-05-01T09:43:12+00:00","og_image":[{"width":2560,"height":1877,"url":"https:\/\/kibrisdakik.com\/wp-content\/uploads\/2023\/05\/dursun-oguz11-scaled-740x420.jpg","type":"image\/jpeg"}],"author":"admin","twitter_card":"summary_large_image","twitter_misc":{"Yazan:":"admin","Tahmini okuma s\u00fcresi":"1 dakika"},"schema":{"@context":"https:\/\/schema.org","@graph":[{"@type":"Article","@id":"https:\/\/kibrisdakik.com\/?p=6064#article","isPartOf":{"@id":"https:\/\/kibrisdakik.com\/?p=6064"},"author":{"name":"admin","@id":"https:\/\/kibrisdakik.com\/#\/schema\/person\/9cd9d437bbb44f72b73ba127e06d8e79"},"headline":"O\u011fuz\u2019dan \u00e7ift\u00e7ilere kutlama","datePublished":"2023-05-01T09:43:12+00:00","mainEntityOfPage":{"@id":"https:\/\/kibrisdakik.com\/?p=6064"},"wordCount":240,"commentCount":0,"image":{"@id":"https:\/\/kibrisdakik.com\/?p=6064#primaryimage"},"thumbnailUrl":"https:\/\/kibrisdakik.com\/wp-content\/uploads\/2023\/05\/dursun-oguz11-scaled-740x420.jpg","articleSection":["G\u00fcndem"],"inLanguage":"tr","potentialAction":[{"@type":"CommentAction","name":"Comment","target":["https:\/\/kibrisdakik.com\/?p=6064#respond"]}]},{"@type":"WebPage","@id":"https:\/\/kibrisdakik.com\/?p=6064","url":"https:\/\/kibrisdakik.com\/?p=6064","name":"O\u011fuz\u2019dan \u00e7ift\u00e7ilere kutlama -","isPartOf":{"@id":"https:\/\/kibrisdakik.com\/#website"},"primaryImageOfPage":{"@id":"https:\/\/kibrisdakik.com\/?p=6064#primaryimage"},"image":{"@id":"https:\/\/kibrisdakik.com\/?p=6064#primaryimage"},"thumbnailUrl":"https:\/\/kibrisdakik.com\/wp-content\/uploads\/2023\/05\/dursun-oguz11-scaled-740x420.jpg","datePublished":"2023-05-01T09:43:12+00:00","author":{"@id":"https:\/\/kibrisdakik.com\/#\/schema\/person\/9cd9d437bbb44f72b73ba127e06d8e79"},"breadcrumb":{"@id":"https:\/\/kibrisdakik.com\/?p=6064#breadcrumb"},"inLanguage":"tr","potentialAction":[{"@type":"ReadAction","target":["https:\/\/kibrisdakik.com\/?p=6064"]}]},{"@type":"ImageObject","inLanguage":"tr","@id":"https:\/\/kibrisdakik.com\/?p=6064#primaryimage","url":"https:\/\/kibrisdakik.com\/wp-content\/uploads\/2023\/05\/dursun-oguz11-scaled-740x420.jpg","contentUrl":"https:\/\/kibrisdakik.com\/wp-content\/uploads\/2023\/05\/dursun-oguz11-scaled-740x420.jpg","width":2560,"height":1877},{"@type":"BreadcrumbList","@id":"https:\/\/kibrisdakik.com\/?p=6064#breadcrumb","itemListElement":[{"@type":"ListItem","position":1,"name":"Home","item":"https:\/\/kibrisdakik.com\/"},{"@type":"ListItem","position":2,"name":"O\u011fuz\u2019dan \u00e7ift\u00e7ilere kutlama"}]},{"@type":"WebSite","@id":"https:\/\/kibrisdakik.com\/#website","url":"https:\/\/kibrisdakik.com\/","name":"","description":"Tam vaktinde haber","potentialAction":[{"@type":"SearchAction","target":{"@type":"EntryPoint","urlTemplate":"https:\/\/kibrisdakik.com\/?s={search_term_string}"},"query-input":{"@type":"PropertyValueSpecification","valueRequired":true,"valueName":"search_term_string"}}],"inLanguage":"tr"},{"@type":"Person","@id":"https:\/\/kibrisdakik.com\/#\/schema\/person\/9cd9d437bbb44f72b73ba127e06d8e79","name":"admin","image":{"@type":"ImageObject","inLanguage":"tr","@id":"https:\/\/secure.gravatar.com\/avatar\/ccc17943b9d660506c869530f897617f7cb1c21a4bf30023f252596d83e1f007?s=96&d=mm&r=g","url":"https:\/\/secure.gravatar.com\/avatar\/ccc17943b9d660506c869530f897617f7cb1c21a4bf30023f252596d83e1f007?s=96&d=mm&r=g","contentUrl":"https:\/\/secure.gravatar.com\/avatar\/ccc17943b9d660506c869530f897617f7cb1c21a4bf30023f252596d83e1f007?s=96&d=mm&r=g","caption":"admin"},"sameAs":["https:\/\/kibrisdakik.com"],"url":"https:\/\/kibrisdakik.com\/?author=1"}]}},"_links":{"self":[{"href":"https:\/\/kibrisdakik.com\/index.php?rest_route=\/wp\/v2\/posts\/6064","targetHints":{"allow":["GET"]}}],"collection":[{"href":"https:\/\/kibrisdakik.com\/index.php?rest_route=\/wp\/v2\/posts"}],"about":[{"href":"https:\/\/kibrisdakik.com\/index.php?rest_route=\/wp\/v2\/types\/post"}],"author":[{"embeddable":true,"href":"https:\/\/kibrisdakik.com\/index.php?rest_route=\/wp\/v2\/users\/1"}],"replies":[{"embeddable":true,"href":"https:\/\/kibrisdakik.com\/index.php?rest_route=%2Fwp%2Fv2%2Fcomments&post=6064"}],"version-history":[{"count":0,"href":"https:\/\/kibrisdakik.com\/index.php?rest_route=\/wp\/v2\/posts\/6064\/revisions"}],"wp:featuredmedia":[{"embeddable":true,"href":"https:\/\/kibrisdakik.com\/index.php?rest_route=\/wp\/v2\/media\/6065"}],"wp:attachment":[{"href":"https:\/\/kibrisdakik.com\/index.php?rest_route=%2Fwp%2Fv2%2Fmedia&parent=6064"}],"wp:term":[{"taxonomy":"category","embeddable":true,"href":"https:\/\/kibrisdakik.com\/index.php?rest_route=%2Fwp%2Fv2%2Fcategories&post=6064"},{"taxonomy":"post_tag","embeddable":true,"href":"https:\/\/kibrisdakik.com\/index.php?rest_route=%2Fwp%2Fv2%2Ftags&post=6064"}],"curies":[{"name":"wp","href":"https:\/\/api.w.org\/{rel}","templated":true}]}}