{"id":60659,"date":"2024-09-09T11:29:18","date_gmt":"2024-09-09T08:29:18","guid":{"rendered":"https:\/\/kibrisdakik.com\/index.php\/2024\/09\/09\/9-yasindaki-siyahi-kizina-bu-senin-kaninda-var-diyerek-basinda-pirinc-cuvali-tasitan-anne-tepki-cekti\/"},"modified":"2024-09-09T11:29:18","modified_gmt":"2024-09-09T08:29:18","slug":"9-yasindaki-siyahi-kizina-bu-senin-kaninda-var-diyerek-basinda-pirinc-cuvali-tasitan-anne-tepki-cekti","status":"publish","type":"post","link":"https:\/\/kibrisdakik.com\/?p=60659","title":{"rendered":"9 ya\u015f\u0131ndaki siyahi k\u0131z\u0131na &#8216;Bu senin kan\u0131nda var&#8217; diyerek ba\u015f\u0131nda pirin\u00e7 \u00e7uval\u0131 ta\u015f\u0131tan anne tepki \u00e7ekti"},"content":{"rendered":"<p><\/p>\n<div id=\"\">\n<p>Evlat edindi\u011fi siyahi k\u0131z\u0131na &#8220;Bu senin kan\u0131nda var&#8221; diyerek ba\u015f\u0131nda pirin\u00e7 \u00e7uval\u0131 ta\u015f\u0131tmaya \u00e7al\u0131\u015fan beyaz bir anne, \u00e7evrimi\u00e7i ortamda ald\u0131\u011f\u0131 ele\u015ftirilerin ard\u0131ndan yapt\u0131\u011f\u0131 yorumlar\u0131 savundu.<\/p>\n<p>D\u00f6rt \u00e7ocuk annesi Kaylee Wilson&#8217;\u0131n, 9 ya\u015f\u0131ndaki evlatl\u0131k k\u0131z\u0131 Wella&#8217;n\u0131n bir depo ma\u011fazas\u0131nda ba\u015f\u0131nda pirin\u00e7 \u00e7uval\u0131 dengelemeye \u00e7al\u0131\u015f\u0131rken \u00e7ekti\u011fi video, sert ele\u015ftirilere yol a\u00e7t\u0131.<\/p>\n<p>Wilson&#8217;\u0131n, Gana do\u011fumlu k\u0131z\u0131na &#8220;Bir Afrikal\u0131 gibi ba\u015f\u0131na koy&#8221; dedi\u011fi duyuluyor. Gen\u00e7 k\u0131z 9 kiloluk pirin\u00e7 \u00e7uval\u0131n\u0131 ba\u015f\u0131na koymaya \u00e7al\u0131\u015f\u0131rken zorlan\u0131rken, Wilson ona &#8220;Hadi, hadi. Bunu nas\u0131l yapaca\u011f\u0131n\u0131 bilmen gerek. Bu senin kan\u0131nda var&#8221; diyor.<\/p>\n<p>Video \u00fczerinde &#8220;Nijerya&#8217;ya vard\u0131\u011f\u0131m\u0131zda daha fazla e\u011fitim yapaca\u011f\u0131z&#8221; yazan bir altyaz\u0131 beliriyor. Daha sonra Wilson&#8217;\u0131n ayn\u0131 g\u00f6revi denedi\u011fi ve \u00e7uval\u0131n a\u011f\u0131rl\u0131\u011f\u0131n\u0131 fark etti\u011fi g\u00f6r\u00fcl\u00fcyor.<\/p>\n<p>Wilson, ele\u015ftirilere kar\u015f\u0131 Instagram&#8217;da &#8220;\u00c7e\u015fitli Afrika \u00fclkelerinde 2 y\u0131ldan fazla ya\u015fayarak k\u00fclt\u00fcr\u00fc \u00f6\u011frendik ve insanlarla zaman ge\u00e7irdik. Onlar g\u00fccenmiyor ve k\u00fclt\u00fcrlerine kat\u0131ld\u0131\u011f\u0131m\u0131zda \u00c7OK SEV\u0130N\u0130YORLAR&#8221; diye yan\u0131t verdi.<\/p>\n<p>\u00c7evrimi\u00e7i yorumcular, Wilson&#8217;\u0131n s\u00f6zlerini k\u00fclt\u00fcrel a\u00e7\u0131dan duyars\u0131z ve sayg\u0131s\u0131z bularak sert tepki g\u00f6sterdiler. Bir\u00e7ok ki\u015fi, bu davran\u0131\u015f\u0131n \u00e7ocuk istismar\u0131 oldu\u011funu ve gen\u00e7 k\u0131z\u0131n daha iyi bir aileyi hak etti\u011fini belirtti.<\/p>\n<p>Sosyal medyadaki ba\u015fka bir payla\u015f\u0131mda, ailenin bu y\u0131l i\u00e7inde Afrika&#8217;dan \u00fc\u00e7\u00fcnc\u00fc bir bebek evlat edinmeyi ve en az alt\u0131 ay boyunca Nijerya&#8217;ya ta\u015f\u0131nmay\u0131 planlad\u0131\u011f\u0131 a\u00e7\u0131kland\u0131.<\/p>\n<p>Wilson, &#8220;Son birka\u00e7 ayda daha da fark ettik ki \u00e7ocuklar\u0131 evlat edinmek bizim as\u0131l g\u00f6revimiz &#8211; Tanr\u0131&#8217;n\u0131n bize i\u015faret etti\u011fi \u00e7ocuklar\u0131 gidip almak ve onlar\u0131 \u00e7iftli\u011fimize getirerek iyile\u015fmeleri, sevilmeleri ve ailemizde b\u00fcy\u00fct\u00fclmeleri i\u00e7in&#8221; diye yazd\u0131.<\/p>\n<p><img loading=\"lazy\" decoding=\"async\" class=\"hbptMainImage lazyload ImgDetay\" src=\"https:\/\/foto.haberler.com\/haber\/2024\/09\/09\/9-yasindaki-siyahi-kizina-bu-senin-kaninda-var-17801410_2161_m.jpg\" alt=\"9 ya\u015f\u0131ndaki siyahi k\u0131z\u0131na 'Bu senin kan\u0131nda var' diyerek ba\u015f\u0131nda pirin\u00e7 \u00e7uval\u0131 ta\u015f\u0131tan anne tepki \u00e7ekti\" width=\"474\" height=\"600\"\/><\/p>\n<p><img loading=\"lazy\" decoding=\"async\" class=\"hbptMainImage lazyload ImgDetay\" src=\"https:\/\/foto.haberler.com\/haber\/2024\/09\/09\/9-yasindaki-siyahi-kizina-bu-senin-kaninda-var-17801410_4449_m.jpg\" alt=\"9 ya\u015f\u0131ndaki siyahi k\u0131z\u0131na 'Bu senin kan\u0131nda var' diyerek ba\u015f\u0131nda pirin\u00e7 \u00e7uval\u0131 ta\u015f\u0131tan anne tepki \u00e7ekti\" width=\"527\" height=\"626\"\/><\/p>\n<p><img loading=\"lazy\" decoding=\"async\" class=\"hbptMainImage lazyload ImgDetay\" src=\"https:\/\/foto.haberler.com\/haber\/2024\/09\/09\/9-yasindaki-siyahi-kizina-bu-senin-kaninda-var-17801410_5567_m.jpg\" alt=\"9 ya\u015f\u0131ndaki siyahi k\u0131z\u0131na 'Bu senin kan\u0131nda var' diyerek ba\u015f\u0131nda pirin\u00e7 \u00e7uval\u0131 ta\u015f\u0131tan anne tepki \u00e7ekti\" width=\"376\" height=\"634\"\/><\/p>\n<p><img loading=\"lazy\" decoding=\"async\" class=\"hbptMainImage lazyload ImgDetay\" src=\"https:\/\/foto.haberler.com\/haber\/2024\/09\/09\/9-yasindaki-siyahi-kizina-bu-senin-kaninda-var-17801410_1389_m.jpg\" alt=\"9 ya\u015f\u0131ndaki siyahi k\u0131z\u0131na 'Bu senin kan\u0131nda var' diyerek ba\u015f\u0131nda pirin\u00e7 \u00e7uval\u0131 ta\u015f\u0131tan anne tepki \u00e7ekti\" width=\"418\" height=\"636\"\/><\/p>\n<h4 id=\"nwsKeywords\"> <a href=\"https:\/\/www.haberler.com\/amerika-birlesik-devletleri\/\" title=\"Amerika Birle\u015fik Devletleri\" class=\"hbptTag\">Amerika Birle\u015fik Devletleri<\/a>  <a href=\"https:\/\/www.haberler.com\/birlesik-krallik\/\" title=\"Birle\u015fik Krall\u0131k\" class=\"hbptTag\">Birle\u015fik Krall\u0131k<\/a>  <a href=\"https:\/\/www.haberler.com\/sosyal-medya\/\" title=\"Sosyal Medya\" class=\"hbptTag\">Sosyal Medya<\/a> <\/h4>\n<\/div>\n","protected":false},"excerpt":{"rendered":"<p>Evlat edindi\u011fi siyahi k\u0131z\u0131na &#8220;Bu senin kan\u0131nda var&#8221; diyerek ba\u015f\u0131nda pirin\u00e7 \u00e7uval\u0131 ta\u015f\u0131tmaya \u00e7al\u0131\u015fan beyaz bir anne, \u00e7evrimi\u00e7i ortamda ald\u0131\u011f\u0131 ele\u015ftirilerin ard\u0131ndan yapt\u0131\u011f\u0131 yorumlar\u0131 savundu. D\u00f6rt \u00e7ocuk annesi Kaylee Wilson&#8217;\u0131n, 9 ya\u015f\u0131ndaki evlatl\u0131k k\u0131z\u0131 Wella&#8217;n\u0131n bir depo ma\u011fazas\u0131nda ba\u015f\u0131nda pirin\u00e7 \u00e7uval\u0131 dengelemeye \u00e7al\u0131\u015f\u0131rken \u00e7ekti\u011fi video, sert ele\u015ftirilere yol a\u00e7t\u0131. Wilson&#8217;\u0131n, Gana do\u011fumlu k\u0131z\u0131na &#8220;Bir Afrikal\u0131<\/p>\n","protected":false},"author":1,"featured_media":60660,"comment_status":"open","ping_status":"open","sticky":false,"template":"","format":"standard","meta":{"footnotes":""},"categories":[83],"tags":[],"class_list":["post-60659","post","type-post","status-publish","format-standard","has-post-thumbnail","hentry","category-magazin"],"yoast_head":"<!-- This site is optimized with the Yoast SEO plugin v27.5 - https:\/\/yoast.com\/product\/yoast-seo-wordpress\/ -->\n<title>9 ya\u015f\u0131ndaki siyahi k\u0131z\u0131na &#039;Bu senin kan\u0131nda var&#039; diyerek ba\u015f\u0131nda pirin\u00e7 \u00e7uval\u0131 ta\u015f\u0131tan anne tepki \u00e7ekti -<\/title>\n<meta name=\"robots\" content=\"index, follow, max-snippet:-1, max-image-preview:large, max-video-preview:-1\" \/>\n<link rel=\"canonical\" href=\"https:\/\/kibrisdakik.com\/?p=60659\" \/>\n<meta property=\"og:locale\" content=\"tr_TR\" \/>\n<meta property=\"og:type\" content=\"article\" \/>\n<meta property=\"og:title\" content=\"9 ya\u015f\u0131ndaki siyahi k\u0131z\u0131na &#039;Bu senin kan\u0131nda var&#039; diyerek ba\u015f\u0131nda pirin\u00e7 \u00e7uval\u0131 ta\u015f\u0131tan anne tepki \u00e7ekti -\" \/>\n<meta property=\"og:description\" content=\"Evlat edindi\u011fi siyahi k\u0131z\u0131na &#8220;Bu senin kan\u0131nda var&#8221; diyerek ba\u015f\u0131nda pirin\u00e7 \u00e7uval\u0131 ta\u015f\u0131tmaya \u00e7al\u0131\u015fan beyaz bir anne, \u00e7evrimi\u00e7i ortamda ald\u0131\u011f\u0131 ele\u015ftirilerin ard\u0131ndan yapt\u0131\u011f\u0131 yorumlar\u0131 savundu. D\u00f6rt \u00e7ocuk annesi Kaylee Wilson&#8217;\u0131n, 9 ya\u015f\u0131ndaki evlatl\u0131k k\u0131z\u0131 Wella&#8217;n\u0131n bir depo ma\u011fazas\u0131nda ba\u015f\u0131nda pirin\u00e7 \u00e7uval\u0131 dengelemeye \u00e7al\u0131\u015f\u0131rken \u00e7ekti\u011fi video, sert ele\u015ftirilere yol a\u00e7t\u0131. Wilson&#8217;\u0131n, Gana do\u011fumlu k\u0131z\u0131na &#8220;Bir Afrikal\u0131\" \/>\n<meta property=\"og:url\" content=\"https:\/\/kibrisdakik.com\/?p=60659\" \/>\n<meta property=\"article:published_time\" content=\"2024-09-09T08:29:18+00:00\" \/>\n<meta property=\"og:image\" content=\"https:\/\/kibrisdakik.com\/wp-content\/uploads\/2024\/09\/9-yasindaki-siyahi-kizina-bu-senin-kaninda-var-17801410_2161_m-474x420.jpg\" \/>\n\t<meta property=\"og:image:width\" content=\"474\" \/>\n\t<meta property=\"og:image:height\" content=\"600\" \/>\n\t<meta property=\"og:image:type\" content=\"image\/jpeg\" \/>\n<meta name=\"author\" content=\"admin\" \/>\n<meta name=\"twitter:card\" content=\"summary_large_image\" \/>\n<meta name=\"twitter:label1\" content=\"Yazan:\" \/>\n\t<meta name=\"twitter:data1\" content=\"admin\" \/>\n\t<meta name=\"twitter:label2\" content=\"Tahmini okuma s\u00fcresi\" \/>\n\t<meta name=\"twitter:data2\" content=\"2 dakika\" \/>\n<script type=\"application\/ld+json\" class=\"yoast-schema-graph\">{\"@context\":\"https:\\\/\\\/schema.org\",\"@graph\":[{\"@type\":\"Article\",\"@id\":\"https:\\\/\\\/kibrisdakik.com\\\/?p=60659#article\",\"isPartOf\":{\"@id\":\"https:\\\/\\\/kibrisdakik.com\\\/?p=60659\"},\"author\":{\"name\":\"admin\",\"@id\":\"https:\\\/\\\/kibrisdakik.com\\\/#\\\/schema\\\/person\\\/9cd9d437bbb44f72b73ba127e06d8e79\"},\"headline\":\"9 ya\u015f\u0131ndaki siyahi k\u0131z\u0131na &#8216;Bu senin kan\u0131nda var&#8217; diyerek ba\u015f\u0131nda pirin\u00e7 \u00e7uval\u0131 ta\u015f\u0131tan anne tepki \u00e7ekti\",\"datePublished\":\"2024-09-09T08:29:18+00:00\",\"mainEntityOfPage\":{\"@id\":\"https:\\\/\\\/kibrisdakik.com\\\/?p=60659\"},\"wordCount\":355,\"commentCount\":0,\"image\":{\"@id\":\"https:\\\/\\\/kibrisdakik.com\\\/?p=60659#primaryimage\"},\"thumbnailUrl\":\"https:\\\/\\\/kibrisdakik.com\\\/wp-content\\\/uploads\\\/2024\\\/09\\\/9-yasindaki-siyahi-kizina-bu-senin-kaninda-var-17801410_2161_m-474x420.jpg\",\"articleSection\":[\"Magazin\"],\"inLanguage\":\"tr\",\"potentialAction\":[{\"@type\":\"CommentAction\",\"name\":\"Comment\",\"target\":[\"https:\\\/\\\/kibrisdakik.com\\\/?p=60659#respond\"]}]},{\"@type\":\"WebPage\",\"@id\":\"https:\\\/\\\/kibrisdakik.com\\\/?p=60659\",\"url\":\"https:\\\/\\\/kibrisdakik.com\\\/?p=60659\",\"name\":\"9 ya\u015f\u0131ndaki siyahi k\u0131z\u0131na 'Bu senin kan\u0131nda var' diyerek ba\u015f\u0131nda pirin\u00e7 \u00e7uval\u0131 ta\u015f\u0131tan anne tepki \u00e7ekti -\",\"isPartOf\":{\"@id\":\"https:\\\/\\\/kibrisdakik.com\\\/#website\"},\"primaryImageOfPage\":{\"@id\":\"https:\\\/\\\/kibrisdakik.com\\\/?p=60659#primaryimage\"},\"image\":{\"@id\":\"https:\\\/\\\/kibrisdakik.com\\\/?p=60659#primaryimage\"},\"thumbnailUrl\":\"https:\\\/\\\/kibrisdakik.com\\\/wp-content\\\/uploads\\\/2024\\\/09\\\/9-yasindaki-siyahi-kizina-bu-senin-kaninda-var-17801410_2161_m-474x420.jpg\",\"datePublished\":\"2024-09-09T08:29:18+00:00\",\"author\":{\"@id\":\"https:\\\/\\\/kibrisdakik.com\\\/#\\\/schema\\\/person\\\/9cd9d437bbb44f72b73ba127e06d8e79\"},\"breadcrumb\":{\"@id\":\"https:\\\/\\\/kibrisdakik.com\\\/?p=60659#breadcrumb\"},\"inLanguage\":\"tr\",\"potentialAction\":[{\"@type\":\"ReadAction\",\"target\":[\"https:\\\/\\\/kibrisdakik.com\\\/?p=60659\"]}]},{\"@type\":\"ImageObject\",\"inLanguage\":\"tr\",\"@id\":\"https:\\\/\\\/kibrisdakik.com\\\/?p=60659#primaryimage\",\"url\":\"https:\\\/\\\/kibrisdakik.com\\\/wp-content\\\/uploads\\\/2024\\\/09\\\/9-yasindaki-siyahi-kizina-bu-senin-kaninda-var-17801410_2161_m-474x420.jpg\",\"contentUrl\":\"https:\\\/\\\/kibrisdakik.com\\\/wp-content\\\/uploads\\\/2024\\\/09\\\/9-yasindaki-siyahi-kizina-bu-senin-kaninda-var-17801410_2161_m-474x420.jpg\",\"width\":474,\"height\":600},{\"@type\":\"BreadcrumbList\",\"@id\":\"https:\\\/\\\/kibrisdakik.com\\\/?p=60659#breadcrumb\",\"itemListElement\":[{\"@type\":\"ListItem\",\"position\":1,\"name\":\"Home\",\"item\":\"https:\\\/\\\/kibrisdakik.com\\\/\"},{\"@type\":\"ListItem\",\"position\":2,\"name\":\"9 ya\u015f\u0131ndaki siyahi k\u0131z\u0131na &#8216;Bu senin kan\u0131nda var&#8217; diyerek ba\u015f\u0131nda pirin\u00e7 \u00e7uval\u0131 ta\u015f\u0131tan anne tepki \u00e7ekti\"}]},{\"@type\":\"WebSite\",\"@id\":\"https:\\\/\\\/kibrisdakik.com\\\/#website\",\"url\":\"https:\\\/\\\/kibrisdakik.com\\\/\",\"name\":\"\",\"description\":\"Tam vaktinde haber\",\"potentialAction\":[{\"@type\":\"SearchAction\",\"target\":{\"@type\":\"EntryPoint\",\"urlTemplate\":\"https:\\\/\\\/kibrisdakik.com\\\/?s={search_term_string}\"},\"query-input\":{\"@type\":\"PropertyValueSpecification\",\"valueRequired\":true,\"valueName\":\"search_term_string\"}}],\"inLanguage\":\"tr\"},{\"@type\":\"Person\",\"@id\":\"https:\\\/\\\/kibrisdakik.com\\\/#\\\/schema\\\/person\\\/9cd9d437bbb44f72b73ba127e06d8e79\",\"name\":\"admin\",\"image\":{\"@type\":\"ImageObject\",\"inLanguage\":\"tr\",\"@id\":\"https:\\\/\\\/secure.gravatar.com\\\/avatar\\\/ccc17943b9d660506c869530f897617f7cb1c21a4bf30023f252596d83e1f007?s=96&d=mm&r=g\",\"url\":\"https:\\\/\\\/secure.gravatar.com\\\/avatar\\\/ccc17943b9d660506c869530f897617f7cb1c21a4bf30023f252596d83e1f007?s=96&d=mm&r=g\",\"contentUrl\":\"https:\\\/\\\/secure.gravatar.com\\\/avatar\\\/ccc17943b9d660506c869530f897617f7cb1c21a4bf30023f252596d83e1f007?s=96&d=mm&r=g\",\"caption\":\"admin\"},\"sameAs\":[\"https:\\\/\\\/kibrisdakik.com\"],\"url\":\"https:\\\/\\\/kibrisdakik.com\\\/?author=1\"}]}<\/script>\n<!-- \/ Yoast SEO plugin. -->","yoast_head_json":{"title":"9 ya\u015f\u0131ndaki siyahi k\u0131z\u0131na 'Bu senin kan\u0131nda var' diyerek ba\u015f\u0131nda pirin\u00e7 \u00e7uval\u0131 ta\u015f\u0131tan anne tepki \u00e7ekti -","robots":{"index":"index","follow":"follow","max-snippet":"max-snippet:-1","max-image-preview":"max-image-preview:large","max-video-preview":"max-video-preview:-1"},"canonical":"https:\/\/kibrisdakik.com\/?p=60659","og_locale":"tr_TR","og_type":"article","og_title":"9 ya\u015f\u0131ndaki siyahi k\u0131z\u0131na 'Bu senin kan\u0131nda var' diyerek ba\u015f\u0131nda pirin\u00e7 \u00e7uval\u0131 ta\u015f\u0131tan anne tepki \u00e7ekti -","og_description":"Evlat edindi\u011fi siyahi k\u0131z\u0131na &#8220;Bu senin kan\u0131nda var&#8221; diyerek ba\u015f\u0131nda pirin\u00e7 \u00e7uval\u0131 ta\u015f\u0131tmaya \u00e7al\u0131\u015fan beyaz bir anne, \u00e7evrimi\u00e7i ortamda ald\u0131\u011f\u0131 ele\u015ftirilerin ard\u0131ndan yapt\u0131\u011f\u0131 yorumlar\u0131 savundu. D\u00f6rt \u00e7ocuk annesi Kaylee Wilson&#8217;\u0131n, 9 ya\u015f\u0131ndaki evlatl\u0131k k\u0131z\u0131 Wella&#8217;n\u0131n bir depo ma\u011fazas\u0131nda ba\u015f\u0131nda pirin\u00e7 \u00e7uval\u0131 dengelemeye \u00e7al\u0131\u015f\u0131rken \u00e7ekti\u011fi video, sert ele\u015ftirilere yol a\u00e7t\u0131. Wilson&#8217;\u0131n, Gana do\u011fumlu k\u0131z\u0131na &#8220;Bir Afrikal\u0131","og_url":"https:\/\/kibrisdakik.com\/?p=60659","article_published_time":"2024-09-09T08:29:18+00:00","og_image":[{"width":474,"height":600,"url":"https:\/\/kibrisdakik.com\/wp-content\/uploads\/2024\/09\/9-yasindaki-siyahi-kizina-bu-senin-kaninda-var-17801410_2161_m-474x420.jpg","type":"image\/jpeg"}],"author":"admin","twitter_card":"summary_large_image","twitter_misc":{"Yazan:":"admin","Tahmini okuma s\u00fcresi":"2 dakika"},"schema":{"@context":"https:\/\/schema.org","@graph":[{"@type":"Article","@id":"https:\/\/kibrisdakik.com\/?p=60659#article","isPartOf":{"@id":"https:\/\/kibrisdakik.com\/?p=60659"},"author":{"name":"admin","@id":"https:\/\/kibrisdakik.com\/#\/schema\/person\/9cd9d437bbb44f72b73ba127e06d8e79"},"headline":"9 ya\u015f\u0131ndaki siyahi k\u0131z\u0131na &#8216;Bu senin kan\u0131nda var&#8217; diyerek ba\u015f\u0131nda pirin\u00e7 \u00e7uval\u0131 ta\u015f\u0131tan anne tepki \u00e7ekti","datePublished":"2024-09-09T08:29:18+00:00","mainEntityOfPage":{"@id":"https:\/\/kibrisdakik.com\/?p=60659"},"wordCount":355,"commentCount":0,"image":{"@id":"https:\/\/kibrisdakik.com\/?p=60659#primaryimage"},"thumbnailUrl":"https:\/\/kibrisdakik.com\/wp-content\/uploads\/2024\/09\/9-yasindaki-siyahi-kizina-bu-senin-kaninda-var-17801410_2161_m-474x420.jpg","articleSection":["Magazin"],"inLanguage":"tr","potentialAction":[{"@type":"CommentAction","name":"Comment","target":["https:\/\/kibrisdakik.com\/?p=60659#respond"]}]},{"@type":"WebPage","@id":"https:\/\/kibrisdakik.com\/?p=60659","url":"https:\/\/kibrisdakik.com\/?p=60659","name":"9 ya\u015f\u0131ndaki siyahi k\u0131z\u0131na 'Bu senin kan\u0131nda var' diyerek ba\u015f\u0131nda pirin\u00e7 \u00e7uval\u0131 ta\u015f\u0131tan anne tepki \u00e7ekti -","isPartOf":{"@id":"https:\/\/kibrisdakik.com\/#website"},"primaryImageOfPage":{"@id":"https:\/\/kibrisdakik.com\/?p=60659#primaryimage"},"image":{"@id":"https:\/\/kibrisdakik.com\/?p=60659#primaryimage"},"thumbnailUrl":"https:\/\/kibrisdakik.com\/wp-content\/uploads\/2024\/09\/9-yasindaki-siyahi-kizina-bu-senin-kaninda-var-17801410_2161_m-474x420.jpg","datePublished":"2024-09-09T08:29:18+00:00","author":{"@id":"https:\/\/kibrisdakik.com\/#\/schema\/person\/9cd9d437bbb44f72b73ba127e06d8e79"},"breadcrumb":{"@id":"https:\/\/kibrisdakik.com\/?p=60659#breadcrumb"},"inLanguage":"tr","potentialAction":[{"@type":"ReadAction","target":["https:\/\/kibrisdakik.com\/?p=60659"]}]},{"@type":"ImageObject","inLanguage":"tr","@id":"https:\/\/kibrisdakik.com\/?p=60659#primaryimage","url":"https:\/\/kibrisdakik.com\/wp-content\/uploads\/2024\/09\/9-yasindaki-siyahi-kizina-bu-senin-kaninda-var-17801410_2161_m-474x420.jpg","contentUrl":"https:\/\/kibrisdakik.com\/wp-content\/uploads\/2024\/09\/9-yasindaki-siyahi-kizina-bu-senin-kaninda-var-17801410_2161_m-474x420.jpg","width":474,"height":600},{"@type":"BreadcrumbList","@id":"https:\/\/kibrisdakik.com\/?p=60659#breadcrumb","itemListElement":[{"@type":"ListItem","position":1,"name":"Home","item":"https:\/\/kibrisdakik.com\/"},{"@type":"ListItem","position":2,"name":"9 ya\u015f\u0131ndaki siyahi k\u0131z\u0131na &#8216;Bu senin kan\u0131nda var&#8217; diyerek ba\u015f\u0131nda pirin\u00e7 \u00e7uval\u0131 ta\u015f\u0131tan anne tepki \u00e7ekti"}]},{"@type":"WebSite","@id":"https:\/\/kibrisdakik.com\/#website","url":"https:\/\/kibrisdakik.com\/","name":"","description":"Tam vaktinde haber","potentialAction":[{"@type":"SearchAction","target":{"@type":"EntryPoint","urlTemplate":"https:\/\/kibrisdakik.com\/?s={search_term_string}"},"query-input":{"@type":"PropertyValueSpecification","valueRequired":true,"valueName":"search_term_string"}}],"inLanguage":"tr"},{"@type":"Person","@id":"https:\/\/kibrisdakik.com\/#\/schema\/person\/9cd9d437bbb44f72b73ba127e06d8e79","name":"admin","image":{"@type":"ImageObject","inLanguage":"tr","@id":"https:\/\/secure.gravatar.com\/avatar\/ccc17943b9d660506c869530f897617f7cb1c21a4bf30023f252596d83e1f007?s=96&d=mm&r=g","url":"https:\/\/secure.gravatar.com\/avatar\/ccc17943b9d660506c869530f897617f7cb1c21a4bf30023f252596d83e1f007?s=96&d=mm&r=g","contentUrl":"https:\/\/secure.gravatar.com\/avatar\/ccc17943b9d660506c869530f897617f7cb1c21a4bf30023f252596d83e1f007?s=96&d=mm&r=g","caption":"admin"},"sameAs":["https:\/\/kibrisdakik.com"],"url":"https:\/\/kibrisdakik.com\/?author=1"}]}},"_links":{"self":[{"href":"https:\/\/kibrisdakik.com\/index.php?rest_route=\/wp\/v2\/posts\/60659","targetHints":{"allow":["GET"]}}],"collection":[{"href":"https:\/\/kibrisdakik.com\/index.php?rest_route=\/wp\/v2\/posts"}],"about":[{"href":"https:\/\/kibrisdakik.com\/index.php?rest_route=\/wp\/v2\/types\/post"}],"author":[{"embeddable":true,"href":"https:\/\/kibrisdakik.com\/index.php?rest_route=\/wp\/v2\/users\/1"}],"replies":[{"embeddable":true,"href":"https:\/\/kibrisdakik.com\/index.php?rest_route=%2Fwp%2Fv2%2Fcomments&post=60659"}],"version-history":[{"count":0,"href":"https:\/\/kibrisdakik.com\/index.php?rest_route=\/wp\/v2\/posts\/60659\/revisions"}],"wp:featuredmedia":[{"embeddable":true,"href":"https:\/\/kibrisdakik.com\/index.php?rest_route=\/wp\/v2\/media\/60660"}],"wp:attachment":[{"href":"https:\/\/kibrisdakik.com\/index.php?rest_route=%2Fwp%2Fv2%2Fmedia&parent=60659"}],"wp:term":[{"taxonomy":"category","embeddable":true,"href":"https:\/\/kibrisdakik.com\/index.php?rest_route=%2Fwp%2Fv2%2Fcategories&post=60659"},{"taxonomy":"post_tag","embeddable":true,"href":"https:\/\/kibrisdakik.com\/index.php?rest_route=%2Fwp%2Fv2%2Ftags&post=60659"}],"curies":[{"name":"wp","href":"https:\/\/api.w.org\/{rel}","templated":true}]}}