{"id":60719,"date":"2024-09-09T14:45:14","date_gmt":"2024-09-09T11:45:14","guid":{"rendered":"https:\/\/kibrisdakik.com\/index.php\/2024\/09\/09\/tartuf-24-yeni-sezonu-girnede-aciyor\/"},"modified":"2024-09-09T14:45:14","modified_gmt":"2024-09-09T11:45:14","slug":"tartuf-24-yeni-sezonu-girnede-aciyor","status":"publish","type":"post","link":"https:\/\/kibrisdakik.com\/?p=60719","title":{"rendered":"\u201cTart\u00fcf 24\u201d yeni sezonu Girne\u2019de a\u00e7\u0131yor"},"content":{"rendered":"<p> <br \/>\n<\/p>\n<div>\n<div class=\"mariselle-image-container center\">\n                <img loading=\"lazy\" decoding=\"async\" width=\"1600\" height=\"1037\" class=\"lazy-image\" alt=\"\" sizes=\"auto, (max-width: 1600px) 100vw, 1600px\" src=\"https:\/\/brtk.net\/wp-content\/uploads\/2024\/09\/09\/asisldia.jpeg?ver=f2d638436e37845b3c5b769941315ada\" srcset=\"https:\/\/brtk.net\/wp-content\/uploads\/2024\/09\/09\/asisldia.jpeg?ver=f2d638436e37845b3c5b769941315ada 1600w, https:\/\/brtk.net\/wp-content\/uploads\/2024\/09\/09\/asisldia-300x194.jpeg?ver=f2d638436e37845b3c5b769941315ada 300w, https:\/\/brtk.net\/wp-content\/uploads\/2024\/09\/09\/asisldia-1024x664.jpeg?ver=f2d638436e37845b3c5b769941315ada 1024w, https:\/\/brtk.net\/wp-content\/uploads\/2024\/09\/09\/asisldia-768x498.jpeg?ver=babbaaa5243f1ee5c04b99f360b27d8f 768w, https:\/\/brtk.net\/wp-content\/uploads\/2024\/09\/09\/asisldia-1536x996.jpeg?ver=babbaaa5243f1ee5c04b99f360b27d8f 1536w\"\/>                            <\/div>\n<p> Lefko\u015fa Belediye Tiyatrosu yeni sezona \u201cTart\u00fcf 24\u201d oyunuyla, Girne Belediyesi\u2019nin d\u00fczenledi\u011fi Girne Festivali kapsam\u0131nda 11 Eyl\u00fcl \u00c7ar\u015famba ak\u015fam\u0131 saat 21.00\u2019da Girne Amfi Tiyatroda ba\u015fl\u0131yor.<\/p>\n<p>Lefko\u015fa Belediye Tiyatrosu\u2019ndan yap\u0131lan a\u00e7\u0131klamaya g\u00f6re, oyun Lefko\u015fa Belediye Tiyatrosu\u2019nun kurucular\u0131ndan bir y\u0131l \u00f6nce sonsuzlu\u011fa u\u011furlanan I\u015f\u0131n Cem\u2019e ithaf edildi.<\/p>\n<p>Moliere\u2019in yazd\u0131\u011f\u0131, Naz\u0131m Hikmet\u2019in uyarlad\u0131\u011f\u0131 \u201cTart\u00fcf 24\u201d oyunu, Ya\u015far Ersoy\u2019un \u00e7a\u011fda\u015f yorumu ve y\u00f6netimiyle sahnelendi<\/p>\n<p><strong>-Yeni Tart\u00fcf rol\u00fcnde \u0130zel Seylani var<\/strong><\/p>\n<p>Yeni sezonda \u201cTart\u00fcf 24\u201d oyunu yeni bir Tart\u00fcf\u2019le seyirciyle bulu\u015facak. Yeni Tart\u00fcf rol\u00fcnde \u0130zel Seylani rol alarak seyirciyi selamlayacak.<\/p>\n<p><strong>-Her \u00e7ar\u015famba Lefko\u015fa\u2019da\u2026<\/strong><\/p>\n<p>Oyun, Girne\u2019den sonra 18 Eyl\u00fcl \u00c7ar\u015famba ak\u015fam\u0131ndan itibaren her \u00e7ar\u015famba saat 20.00\u2019da Lefko\u015fa Belediye Tiyatrosu Salonu\u2019nda seyirciye sunulacak. Biletler, biletinial.com adresinden ve gi\u015feden sat\u0131n al\u0131nabilecek. Daha geni\u015f bilgi 227 87 82 numaradan temin edilebilecek.<\/p>\n<p><strong>-Oyun hakk\u0131nda<\/strong><\/p>\n<p>Yap\u0131lan a\u00e7\u0131klamada oyunla ilgili \u015funlar kaydedildi:<\/p>\n<p>\u201cTart\u00fcf 24 oyununda politik g\u00fcld\u00fcr\u00fcn\u00fcn oklar\u0131 iki y\u00fczl\u00fc sahtekar yobazlara f\u0131rlat\u0131l\u0131yor. \u0130nsanlar\u0131 \u00f6zellikle inan\u00e7lar\u0131 \u00fczerinden aldatarak din s\u00f6m\u00fcr\u00fcs\u00fc yaparak avcunun i\u00e7ine al\u0131p, \u00e7\u0131kar sa\u011flamay\u0131 meslek edinmi\u015f iki y\u00fczl\u00fc sahtekar yobazlar\u0131 ve bu sahtekar yobazlara k\u00f6r\u00fc k\u00f6r\u00fcne inananlar\u0131, komedinin ele\u015ftirel dili ile, \u00e7arp\u0131c\u0131 \u015fekilde g\u00f6zler \u00f6n\u00fcne seriyor\u201d<\/p>\n<\/p><\/div>\n<p><script async\n                    defer\n                    crossorigin=\"anonymous\"\n                    src=\"https:\/\/connect.facebook.net\/tr_TR\/sdk.js#xfbml=1&#038;version=v3.3\"\n            ><\/script><br \/>\n<br \/><br \/>\n<br \/><a href=\"https:\/\/brtk.net\/tartuf-24-yeni-sezonu-girnede-aciyor\/\">kpostasi <\/a><\/p>\n","protected":false},"excerpt":{"rendered":"<p>Lefko\u015fa Belediye Tiyatrosu yeni sezona \u201cTart\u00fcf 24\u201d oyunuyla, Girne Belediyesi\u2019nin d\u00fczenledi\u011fi Girne Festivali kapsam\u0131nda 11 Eyl\u00fcl \u00c7ar\u015famba ak\u015fam\u0131 saat 21.00\u2019da Girne Amfi Tiyatroda ba\u015fl\u0131yor. Lefko\u015fa Belediye Tiyatrosu\u2019ndan yap\u0131lan a\u00e7\u0131klamaya g\u00f6re, oyun Lefko\u015fa Belediye Tiyatrosu\u2019nun kurucular\u0131ndan bir y\u0131l \u00f6nce sonsuzlu\u011fa u\u011furlanan I\u015f\u0131n Cem\u2019e ithaf edildi. Moliere\u2019in yazd\u0131\u011f\u0131, Naz\u0131m Hikmet\u2019in uyarlad\u0131\u011f\u0131 \u201cTart\u00fcf 24\u201d oyunu, Ya\u015far Ersoy\u2019un \u00e7a\u011fda\u015f<\/p>\n","protected":false},"author":1,"featured_media":60720,"comment_status":"open","ping_status":"open","sticky":false,"template":"","format":"standard","meta":{"footnotes":""},"categories":[1,81],"tags":[],"class_list":["post-60719","post","type-post","status-publish","format-standard","has-post-thumbnail","hentry","category-gundem","category-kibris"],"yoast_head":"<!-- This site is optimized with the Yoast SEO plugin v27.4 - https:\/\/yoast.com\/product\/yoast-seo-wordpress\/ -->\n<title>\u201cTart\u00fcf 24\u201d yeni sezonu Girne\u2019de a\u00e7\u0131yor -<\/title>\n<meta name=\"robots\" content=\"index, follow, max-snippet:-1, max-image-preview:large, max-video-preview:-1\" \/>\n<link rel=\"canonical\" href=\"https:\/\/kibrisdakik.com\/?p=60719\" \/>\n<meta property=\"og:locale\" content=\"tr_TR\" \/>\n<meta property=\"og:type\" content=\"article\" \/>\n<meta property=\"og:title\" content=\"\u201cTart\u00fcf 24\u201d yeni sezonu Girne\u2019de a\u00e7\u0131yor -\" \/>\n<meta property=\"og:description\" content=\"Lefko\u015fa Belediye Tiyatrosu yeni sezona \u201cTart\u00fcf 24\u201d oyunuyla, Girne Belediyesi\u2019nin d\u00fczenledi\u011fi Girne Festivali kapsam\u0131nda 11 Eyl\u00fcl \u00c7ar\u015famba ak\u015fam\u0131 saat 21.00\u2019da Girne Amfi Tiyatroda ba\u015fl\u0131yor. Lefko\u015fa Belediye Tiyatrosu\u2019ndan yap\u0131lan a\u00e7\u0131klamaya g\u00f6re, oyun Lefko\u015fa Belediye Tiyatrosu\u2019nun kurucular\u0131ndan bir y\u0131l \u00f6nce sonsuzlu\u011fa u\u011furlanan I\u015f\u0131n Cem\u2019e ithaf edildi. Moliere\u2019in yazd\u0131\u011f\u0131, Naz\u0131m Hikmet\u2019in uyarlad\u0131\u011f\u0131 \u201cTart\u00fcf 24\u201d oyunu, Ya\u015far Ersoy\u2019un \u00e7a\u011fda\u015f\" \/>\n<meta property=\"og:url\" content=\"https:\/\/kibrisdakik.com\/?p=60719\" \/>\n<meta property=\"article:published_time\" content=\"2024-09-09T11:45:14+00:00\" \/>\n<meta property=\"og:image\" content=\"https:\/\/kibrisdakik.com\/wp-content\/uploads\/2024\/09\/asisldia-740x420.jpeg\" \/>\n\t<meta property=\"og:image:width\" content=\"1600\" \/>\n\t<meta property=\"og:image:height\" content=\"1037\" \/>\n\t<meta property=\"og:image:type\" content=\"image\/jpeg\" \/>\n<meta name=\"author\" content=\"admin\" \/>\n<meta name=\"twitter:card\" content=\"summary_large_image\" \/>\n<meta name=\"twitter:label1\" content=\"Yazan:\" \/>\n\t<meta name=\"twitter:data1\" content=\"admin\" \/>\n\t<meta name=\"twitter:label2\" content=\"Tahmini okuma s\u00fcresi\" \/>\n\t<meta name=\"twitter:data2\" content=\"1 dakika\" \/>\n<script type=\"application\/ld+json\" class=\"yoast-schema-graph\">{\"@context\":\"https:\\\/\\\/schema.org\",\"@graph\":[{\"@type\":\"Article\",\"@id\":\"https:\\\/\\\/kibrisdakik.com\\\/?p=60719#article\",\"isPartOf\":{\"@id\":\"https:\\\/\\\/kibrisdakik.com\\\/?p=60719\"},\"author\":{\"name\":\"admin\",\"@id\":\"https:\\\/\\\/kibrisdakik.com\\\/#\\\/schema\\\/person\\\/9cd9d437bbb44f72b73ba127e06d8e79\"},\"headline\":\"\u201cTart\u00fcf 24\u201d yeni sezonu Girne\u2019de a\u00e7\u0131yor\",\"datePublished\":\"2024-09-09T11:45:14+00:00\",\"mainEntityOfPage\":{\"@id\":\"https:\\\/\\\/kibrisdakik.com\\\/?p=60719\"},\"wordCount\":259,\"commentCount\":0,\"image\":{\"@id\":\"https:\\\/\\\/kibrisdakik.com\\\/?p=60719#primaryimage\"},\"thumbnailUrl\":\"https:\\\/\\\/kibrisdakik.com\\\/wp-content\\\/uploads\\\/2024\\\/09\\\/asisldia-740x420.jpeg\",\"articleSection\":[\"G\u00fcndem\",\"K\u0131br\u0131s\"],\"inLanguage\":\"tr\",\"potentialAction\":[{\"@type\":\"CommentAction\",\"name\":\"Comment\",\"target\":[\"https:\\\/\\\/kibrisdakik.com\\\/?p=60719#respond\"]}]},{\"@type\":\"WebPage\",\"@id\":\"https:\\\/\\\/kibrisdakik.com\\\/?p=60719\",\"url\":\"https:\\\/\\\/kibrisdakik.com\\\/?p=60719\",\"name\":\"\u201cTart\u00fcf 24\u201d yeni sezonu Girne\u2019de a\u00e7\u0131yor -\",\"isPartOf\":{\"@id\":\"https:\\\/\\\/kibrisdakik.com\\\/#website\"},\"primaryImageOfPage\":{\"@id\":\"https:\\\/\\\/kibrisdakik.com\\\/?p=60719#primaryimage\"},\"image\":{\"@id\":\"https:\\\/\\\/kibrisdakik.com\\\/?p=60719#primaryimage\"},\"thumbnailUrl\":\"https:\\\/\\\/kibrisdakik.com\\\/wp-content\\\/uploads\\\/2024\\\/09\\\/asisldia-740x420.jpeg\",\"datePublished\":\"2024-09-09T11:45:14+00:00\",\"author\":{\"@id\":\"https:\\\/\\\/kibrisdakik.com\\\/#\\\/schema\\\/person\\\/9cd9d437bbb44f72b73ba127e06d8e79\"},\"breadcrumb\":{\"@id\":\"https:\\\/\\\/kibrisdakik.com\\\/?p=60719#breadcrumb\"},\"inLanguage\":\"tr\",\"potentialAction\":[{\"@type\":\"ReadAction\",\"target\":[\"https:\\\/\\\/kibrisdakik.com\\\/?p=60719\"]}]},{\"@type\":\"ImageObject\",\"inLanguage\":\"tr\",\"@id\":\"https:\\\/\\\/kibrisdakik.com\\\/?p=60719#primaryimage\",\"url\":\"https:\\\/\\\/kibrisdakik.com\\\/wp-content\\\/uploads\\\/2024\\\/09\\\/asisldia-740x420.jpeg\",\"contentUrl\":\"https:\\\/\\\/kibrisdakik.com\\\/wp-content\\\/uploads\\\/2024\\\/09\\\/asisldia-740x420.jpeg\",\"width\":1600,\"height\":1037},{\"@type\":\"BreadcrumbList\",\"@id\":\"https:\\\/\\\/kibrisdakik.com\\\/?p=60719#breadcrumb\",\"itemListElement\":[{\"@type\":\"ListItem\",\"position\":1,\"name\":\"Home\",\"item\":\"https:\\\/\\\/kibrisdakik.com\\\/\"},{\"@type\":\"ListItem\",\"position\":2,\"name\":\"\u201cTart\u00fcf 24\u201d yeni sezonu Girne\u2019de a\u00e7\u0131yor\"}]},{\"@type\":\"WebSite\",\"@id\":\"https:\\\/\\\/kibrisdakik.com\\\/#website\",\"url\":\"https:\\\/\\\/kibrisdakik.com\\\/\",\"name\":\"\",\"description\":\"Tam vaktinde haber\",\"potentialAction\":[{\"@type\":\"SearchAction\",\"target\":{\"@type\":\"EntryPoint\",\"urlTemplate\":\"https:\\\/\\\/kibrisdakik.com\\\/?s={search_term_string}\"},\"query-input\":{\"@type\":\"PropertyValueSpecification\",\"valueRequired\":true,\"valueName\":\"search_term_string\"}}],\"inLanguage\":\"tr\"},{\"@type\":\"Person\",\"@id\":\"https:\\\/\\\/kibrisdakik.com\\\/#\\\/schema\\\/person\\\/9cd9d437bbb44f72b73ba127e06d8e79\",\"name\":\"admin\",\"image\":{\"@type\":\"ImageObject\",\"inLanguage\":\"tr\",\"@id\":\"https:\\\/\\\/secure.gravatar.com\\\/avatar\\\/ccc17943b9d660506c869530f897617f7cb1c21a4bf30023f252596d83e1f007?s=96&d=mm&r=g\",\"url\":\"https:\\\/\\\/secure.gravatar.com\\\/avatar\\\/ccc17943b9d660506c869530f897617f7cb1c21a4bf30023f252596d83e1f007?s=96&d=mm&r=g\",\"contentUrl\":\"https:\\\/\\\/secure.gravatar.com\\\/avatar\\\/ccc17943b9d660506c869530f897617f7cb1c21a4bf30023f252596d83e1f007?s=96&d=mm&r=g\",\"caption\":\"admin\"},\"sameAs\":[\"https:\\\/\\\/kibrisdakik.com\"],\"url\":\"https:\\\/\\\/kibrisdakik.com\\\/?author=1\"}]}<\/script>\n<!-- \/ Yoast SEO plugin. -->","yoast_head_json":{"title":"\u201cTart\u00fcf 24\u201d yeni sezonu Girne\u2019de a\u00e7\u0131yor -","robots":{"index":"index","follow":"follow","max-snippet":"max-snippet:-1","max-image-preview":"max-image-preview:large","max-video-preview":"max-video-preview:-1"},"canonical":"https:\/\/kibrisdakik.com\/?p=60719","og_locale":"tr_TR","og_type":"article","og_title":"\u201cTart\u00fcf 24\u201d yeni sezonu Girne\u2019de a\u00e7\u0131yor -","og_description":"Lefko\u015fa Belediye Tiyatrosu yeni sezona \u201cTart\u00fcf 24\u201d oyunuyla, Girne Belediyesi\u2019nin d\u00fczenledi\u011fi Girne Festivali kapsam\u0131nda 11 Eyl\u00fcl \u00c7ar\u015famba ak\u015fam\u0131 saat 21.00\u2019da Girne Amfi Tiyatroda ba\u015fl\u0131yor. Lefko\u015fa Belediye Tiyatrosu\u2019ndan yap\u0131lan a\u00e7\u0131klamaya g\u00f6re, oyun Lefko\u015fa Belediye Tiyatrosu\u2019nun kurucular\u0131ndan bir y\u0131l \u00f6nce sonsuzlu\u011fa u\u011furlanan I\u015f\u0131n Cem\u2019e ithaf edildi. Moliere\u2019in yazd\u0131\u011f\u0131, Naz\u0131m Hikmet\u2019in uyarlad\u0131\u011f\u0131 \u201cTart\u00fcf 24\u201d oyunu, Ya\u015far Ersoy\u2019un \u00e7a\u011fda\u015f","og_url":"https:\/\/kibrisdakik.com\/?p=60719","article_published_time":"2024-09-09T11:45:14+00:00","og_image":[{"width":1600,"height":1037,"url":"https:\/\/kibrisdakik.com\/wp-content\/uploads\/2024\/09\/asisldia-740x420.jpeg","type":"image\/jpeg"}],"author":"admin","twitter_card":"summary_large_image","twitter_misc":{"Yazan:":"admin","Tahmini okuma s\u00fcresi":"1 dakika"},"schema":{"@context":"https:\/\/schema.org","@graph":[{"@type":"Article","@id":"https:\/\/kibrisdakik.com\/?p=60719#article","isPartOf":{"@id":"https:\/\/kibrisdakik.com\/?p=60719"},"author":{"name":"admin","@id":"https:\/\/kibrisdakik.com\/#\/schema\/person\/9cd9d437bbb44f72b73ba127e06d8e79"},"headline":"\u201cTart\u00fcf 24\u201d yeni sezonu Girne\u2019de a\u00e7\u0131yor","datePublished":"2024-09-09T11:45:14+00:00","mainEntityOfPage":{"@id":"https:\/\/kibrisdakik.com\/?p=60719"},"wordCount":259,"commentCount":0,"image":{"@id":"https:\/\/kibrisdakik.com\/?p=60719#primaryimage"},"thumbnailUrl":"https:\/\/kibrisdakik.com\/wp-content\/uploads\/2024\/09\/asisldia-740x420.jpeg","articleSection":["G\u00fcndem","K\u0131br\u0131s"],"inLanguage":"tr","potentialAction":[{"@type":"CommentAction","name":"Comment","target":["https:\/\/kibrisdakik.com\/?p=60719#respond"]}]},{"@type":"WebPage","@id":"https:\/\/kibrisdakik.com\/?p=60719","url":"https:\/\/kibrisdakik.com\/?p=60719","name":"\u201cTart\u00fcf 24\u201d yeni sezonu Girne\u2019de a\u00e7\u0131yor -","isPartOf":{"@id":"https:\/\/kibrisdakik.com\/#website"},"primaryImageOfPage":{"@id":"https:\/\/kibrisdakik.com\/?p=60719#primaryimage"},"image":{"@id":"https:\/\/kibrisdakik.com\/?p=60719#primaryimage"},"thumbnailUrl":"https:\/\/kibrisdakik.com\/wp-content\/uploads\/2024\/09\/asisldia-740x420.jpeg","datePublished":"2024-09-09T11:45:14+00:00","author":{"@id":"https:\/\/kibrisdakik.com\/#\/schema\/person\/9cd9d437bbb44f72b73ba127e06d8e79"},"breadcrumb":{"@id":"https:\/\/kibrisdakik.com\/?p=60719#breadcrumb"},"inLanguage":"tr","potentialAction":[{"@type":"ReadAction","target":["https:\/\/kibrisdakik.com\/?p=60719"]}]},{"@type":"ImageObject","inLanguage":"tr","@id":"https:\/\/kibrisdakik.com\/?p=60719#primaryimage","url":"https:\/\/kibrisdakik.com\/wp-content\/uploads\/2024\/09\/asisldia-740x420.jpeg","contentUrl":"https:\/\/kibrisdakik.com\/wp-content\/uploads\/2024\/09\/asisldia-740x420.jpeg","width":1600,"height":1037},{"@type":"BreadcrumbList","@id":"https:\/\/kibrisdakik.com\/?p=60719#breadcrumb","itemListElement":[{"@type":"ListItem","position":1,"name":"Home","item":"https:\/\/kibrisdakik.com\/"},{"@type":"ListItem","position":2,"name":"\u201cTart\u00fcf 24\u201d yeni sezonu Girne\u2019de a\u00e7\u0131yor"}]},{"@type":"WebSite","@id":"https:\/\/kibrisdakik.com\/#website","url":"https:\/\/kibrisdakik.com\/","name":"","description":"Tam vaktinde haber","potentialAction":[{"@type":"SearchAction","target":{"@type":"EntryPoint","urlTemplate":"https:\/\/kibrisdakik.com\/?s={search_term_string}"},"query-input":{"@type":"PropertyValueSpecification","valueRequired":true,"valueName":"search_term_string"}}],"inLanguage":"tr"},{"@type":"Person","@id":"https:\/\/kibrisdakik.com\/#\/schema\/person\/9cd9d437bbb44f72b73ba127e06d8e79","name":"admin","image":{"@type":"ImageObject","inLanguage":"tr","@id":"https:\/\/secure.gravatar.com\/avatar\/ccc17943b9d660506c869530f897617f7cb1c21a4bf30023f252596d83e1f007?s=96&d=mm&r=g","url":"https:\/\/secure.gravatar.com\/avatar\/ccc17943b9d660506c869530f897617f7cb1c21a4bf30023f252596d83e1f007?s=96&d=mm&r=g","contentUrl":"https:\/\/secure.gravatar.com\/avatar\/ccc17943b9d660506c869530f897617f7cb1c21a4bf30023f252596d83e1f007?s=96&d=mm&r=g","caption":"admin"},"sameAs":["https:\/\/kibrisdakik.com"],"url":"https:\/\/kibrisdakik.com\/?author=1"}]}},"_links":{"self":[{"href":"https:\/\/kibrisdakik.com\/index.php?rest_route=\/wp\/v2\/posts\/60719","targetHints":{"allow":["GET"]}}],"collection":[{"href":"https:\/\/kibrisdakik.com\/index.php?rest_route=\/wp\/v2\/posts"}],"about":[{"href":"https:\/\/kibrisdakik.com\/index.php?rest_route=\/wp\/v2\/types\/post"}],"author":[{"embeddable":true,"href":"https:\/\/kibrisdakik.com\/index.php?rest_route=\/wp\/v2\/users\/1"}],"replies":[{"embeddable":true,"href":"https:\/\/kibrisdakik.com\/index.php?rest_route=%2Fwp%2Fv2%2Fcomments&post=60719"}],"version-history":[{"count":0,"href":"https:\/\/kibrisdakik.com\/index.php?rest_route=\/wp\/v2\/posts\/60719\/revisions"}],"wp:featuredmedia":[{"embeddable":true,"href":"https:\/\/kibrisdakik.com\/index.php?rest_route=\/wp\/v2\/media\/60720"}],"wp:attachment":[{"href":"https:\/\/kibrisdakik.com\/index.php?rest_route=%2Fwp%2Fv2%2Fmedia&parent=60719"}],"wp:term":[{"taxonomy":"category","embeddable":true,"href":"https:\/\/kibrisdakik.com\/index.php?rest_route=%2Fwp%2Fv2%2Fcategories&post=60719"},{"taxonomy":"post_tag","embeddable":true,"href":"https:\/\/kibrisdakik.com\/index.php?rest_route=%2Fwp%2Fv2%2Ftags&post=60719"}],"curies":[{"name":"wp","href":"https:\/\/api.w.org\/{rel}","templated":true}]}}