{"id":60762,"date":"2024-09-09T16:42:57","date_gmt":"2024-09-09T13:42:57","guid":{"rendered":"https:\/\/kibrisdakik.com\/index.php\/2024\/09\/09\/yarin-saganak-bekleniyor-3\/"},"modified":"2024-09-09T16:42:57","modified_gmt":"2024-09-09T13:42:57","slug":"yarin-saganak-bekleniyor-3","status":"publish","type":"post","link":"https:\/\/kibrisdakik.com\/?p=60762","title":{"rendered":"Yar\u0131n sa\u011fanak bekleniyor"},"content":{"rendered":"<div>\n<div class=\"mariselle-image-container center\">\n                                            <\/div>\n<p>Meteoroloji Dairesi raporuna g\u00f6re yar\u0131n sa\u011fanak bekleniyor. Rapora g\u00f6re, 16 Eyl\u00fcl\u2019e kadar b\u00f6lge al\u00e7ak bas\u0131n\u00e7 sistemi ile \u00fcst atmosferdeki serin ve nemli hava k\u00fctlesinin etkisi alt\u0131nda kalacak.<\/p>\n<p>Meteorolojik tahminlere g\u00f6re yar\u0131n yer yer sa\u011fanak bekleniyor. Sabah saatleri yer yer sisli ge\u00e7ecek, hava az bulutlu olacak.<\/p>\n<p>\u00c7ar\u015famba ve per\u015fembe g\u00fcnleri hava par\u00e7al\u0131 ve az bulutlu; cuma ve cumartesi g\u00fcnleri a\u00e7\u0131k ve az bulutlu ge\u00e7ecek. Bu pazar ve haftaya pazartesi g\u00fcnleri ise az bulutlu, \u00f6\u011fle saatlerinde par\u00e7al\u0131 bulutlu hava bekleniyor.<\/p>\n<p>Hafta boyunca en y\u00fcksek hava s\u0131cakl\u0131klar\u0131n\u0131n i\u00e7 kesimlerde 35- 38 derece, sahillerde ise 31- 34 derece dolaylar\u0131nda seyredece\u011fi tahmin ediliyor. R\u00fczg\u00e2r\u0131n ise genellikle g\u00fcney ve bat\u0131 y\u00f6nlerden orta kuvvette ve zaman zaman kuvvetli olarak esmesi bekleniyor.<\/p>\n<\/p><\/div>\n<p><script async\n                    defer\n                    crossorigin=\"anonymous\"\n                    src=\"https:\/\/connect.facebook.net\/tr_TR\/sdk.js#xfbml=1&#038;version=v3.3\"\n            ><\/script><\/p>\n","protected":false},"excerpt":{"rendered":"<p>Meteoroloji Dairesi raporuna g\u00f6re yar\u0131n sa\u011fanak bekleniyor. Rapora g\u00f6re, 16 Eyl\u00fcl\u2019e kadar b\u00f6lge al\u00e7ak bas\u0131n\u00e7 sistemi ile \u00fcst atmosferdeki serin ve nemli hava k\u00fctlesinin etkisi alt\u0131nda kalacak. Meteorolojik tahminlere g\u00f6re yar\u0131n yer yer sa\u011fanak bekleniyor. Sabah saatleri yer yer sisli ge\u00e7ecek, hava az bulutlu olacak. \u00c7ar\u015famba ve per\u015fembe g\u00fcnleri hava par\u00e7al\u0131 ve az bulutlu; cuma<\/p>\n","protected":false},"author":1,"featured_media":49376,"comment_status":"open","ping_status":"open","sticky":false,"template":"","format":"standard","meta":{"footnotes":""},"categories":[81],"tags":[],"class_list":["post-60762","post","type-post","status-publish","format-standard","has-post-thumbnail","hentry","category-kibris"],"yoast_head":"<!-- This site is optimized with the Yoast SEO plugin v27.4 - https:\/\/yoast.com\/product\/yoast-seo-wordpress\/ -->\n<title>Yar\u0131n sa\u011fanak bekleniyor -<\/title>\n<meta name=\"robots\" content=\"index, follow, max-snippet:-1, max-image-preview:large, max-video-preview:-1\" \/>\n<link rel=\"canonical\" href=\"https:\/\/kibrisdakik.com\/?p=60762\" \/>\n<meta property=\"og:locale\" content=\"tr_TR\" \/>\n<meta property=\"og:type\" content=\"article\" \/>\n<meta property=\"og:title\" content=\"Yar\u0131n sa\u011fanak bekleniyor -\" \/>\n<meta property=\"og:description\" content=\"Meteoroloji Dairesi raporuna g\u00f6re yar\u0131n sa\u011fanak bekleniyor. Rapora g\u00f6re, 16 Eyl\u00fcl\u2019e kadar b\u00f6lge al\u00e7ak bas\u0131n\u00e7 sistemi ile \u00fcst atmosferdeki serin ve nemli hava k\u00fctlesinin etkisi alt\u0131nda kalacak. Meteorolojik tahminlere g\u00f6re yar\u0131n yer yer sa\u011fanak bekleniyor. Sabah saatleri yer yer sisli ge\u00e7ecek, hava az bulutlu olacak. \u00c7ar\u015famba ve per\u015fembe g\u00fcnleri hava par\u00e7al\u0131 ve az bulutlu; cuma\" \/>\n<meta property=\"og:url\" content=\"https:\/\/kibrisdakik.com\/?p=60762\" \/>\n<meta property=\"article:published_time\" content=\"2024-09-09T13:42:57+00:00\" \/>\n<meta property=\"og:image\" content=\"https:\/\/kibrisdakik.com\/wp-content\/uploads\/2024\/07\/yagmur53-740x420.jpg\" \/>\n\t<meta property=\"og:image:width\" content=\"1600\" \/>\n\t<meta property=\"og:image:height\" content=\"900\" \/>\n\t<meta property=\"og:image:type\" content=\"image\/jpeg\" \/>\n<meta name=\"author\" content=\"admin\" \/>\n<meta name=\"twitter:card\" content=\"summary_large_image\" \/>\n<meta name=\"twitter:label1\" content=\"Yazan:\" \/>\n\t<meta name=\"twitter:data1\" content=\"admin\" \/>\n\t<meta name=\"twitter:label2\" content=\"Tahmini okuma s\u00fcresi\" \/>\n\t<meta name=\"twitter:data2\" content=\"1 dakika\" \/>\n<script type=\"application\/ld+json\" class=\"yoast-schema-graph\">{\"@context\":\"https:\\\/\\\/schema.org\",\"@graph\":[{\"@type\":\"Article\",\"@id\":\"https:\\\/\\\/kibrisdakik.com\\\/?p=60762#article\",\"isPartOf\":{\"@id\":\"https:\\\/\\\/kibrisdakik.com\\\/?p=60762\"},\"author\":{\"name\":\"admin\",\"@id\":\"https:\\\/\\\/kibrisdakik.com\\\/#\\\/schema\\\/person\\\/9cd9d437bbb44f72b73ba127e06d8e79\"},\"headline\":\"Yar\u0131n sa\u011fanak bekleniyor\",\"datePublished\":\"2024-09-09T13:42:57+00:00\",\"mainEntityOfPage\":{\"@id\":\"https:\\\/\\\/kibrisdakik.com\\\/?p=60762\"},\"wordCount\":152,\"commentCount\":0,\"image\":{\"@id\":\"https:\\\/\\\/kibrisdakik.com\\\/?p=60762#primaryimage\"},\"thumbnailUrl\":\"https:\\\/\\\/kibrisdakik.com\\\/wp-content\\\/uploads\\\/2024\\\/07\\\/yagmur53-740x420.jpg\",\"articleSection\":[\"K\u0131br\u0131s\"],\"inLanguage\":\"tr\",\"potentialAction\":[{\"@type\":\"CommentAction\",\"name\":\"Comment\",\"target\":[\"https:\\\/\\\/kibrisdakik.com\\\/?p=60762#respond\"]}]},{\"@type\":\"WebPage\",\"@id\":\"https:\\\/\\\/kibrisdakik.com\\\/?p=60762\",\"url\":\"https:\\\/\\\/kibrisdakik.com\\\/?p=60762\",\"name\":\"Yar\u0131n sa\u011fanak bekleniyor -\",\"isPartOf\":{\"@id\":\"https:\\\/\\\/kibrisdakik.com\\\/#website\"},\"primaryImageOfPage\":{\"@id\":\"https:\\\/\\\/kibrisdakik.com\\\/?p=60762#primaryimage\"},\"image\":{\"@id\":\"https:\\\/\\\/kibrisdakik.com\\\/?p=60762#primaryimage\"},\"thumbnailUrl\":\"https:\\\/\\\/kibrisdakik.com\\\/wp-content\\\/uploads\\\/2024\\\/07\\\/yagmur53-740x420.jpg\",\"datePublished\":\"2024-09-09T13:42:57+00:00\",\"author\":{\"@id\":\"https:\\\/\\\/kibrisdakik.com\\\/#\\\/schema\\\/person\\\/9cd9d437bbb44f72b73ba127e06d8e79\"},\"breadcrumb\":{\"@id\":\"https:\\\/\\\/kibrisdakik.com\\\/?p=60762#breadcrumb\"},\"inLanguage\":\"tr\",\"potentialAction\":[{\"@type\":\"ReadAction\",\"target\":[\"https:\\\/\\\/kibrisdakik.com\\\/?p=60762\"]}]},{\"@type\":\"ImageObject\",\"inLanguage\":\"tr\",\"@id\":\"https:\\\/\\\/kibrisdakik.com\\\/?p=60762#primaryimage\",\"url\":\"https:\\\/\\\/kibrisdakik.com\\\/wp-content\\\/uploads\\\/2024\\\/07\\\/yagmur53-740x420.jpg\",\"contentUrl\":\"https:\\\/\\\/kibrisdakik.com\\\/wp-content\\\/uploads\\\/2024\\\/07\\\/yagmur53-740x420.jpg\",\"width\":1600,\"height\":900},{\"@type\":\"BreadcrumbList\",\"@id\":\"https:\\\/\\\/kibrisdakik.com\\\/?p=60762#breadcrumb\",\"itemListElement\":[{\"@type\":\"ListItem\",\"position\":1,\"name\":\"Home\",\"item\":\"https:\\\/\\\/kibrisdakik.com\\\/\"},{\"@type\":\"ListItem\",\"position\":2,\"name\":\"Yar\u0131n sa\u011fanak bekleniyor\"}]},{\"@type\":\"WebSite\",\"@id\":\"https:\\\/\\\/kibrisdakik.com\\\/#website\",\"url\":\"https:\\\/\\\/kibrisdakik.com\\\/\",\"name\":\"\",\"description\":\"Tam vaktinde haber\",\"potentialAction\":[{\"@type\":\"SearchAction\",\"target\":{\"@type\":\"EntryPoint\",\"urlTemplate\":\"https:\\\/\\\/kibrisdakik.com\\\/?s={search_term_string}\"},\"query-input\":{\"@type\":\"PropertyValueSpecification\",\"valueRequired\":true,\"valueName\":\"search_term_string\"}}],\"inLanguage\":\"tr\"},{\"@type\":\"Person\",\"@id\":\"https:\\\/\\\/kibrisdakik.com\\\/#\\\/schema\\\/person\\\/9cd9d437bbb44f72b73ba127e06d8e79\",\"name\":\"admin\",\"image\":{\"@type\":\"ImageObject\",\"inLanguage\":\"tr\",\"@id\":\"https:\\\/\\\/secure.gravatar.com\\\/avatar\\\/ccc17943b9d660506c869530f897617f7cb1c21a4bf30023f252596d83e1f007?s=96&d=mm&r=g\",\"url\":\"https:\\\/\\\/secure.gravatar.com\\\/avatar\\\/ccc17943b9d660506c869530f897617f7cb1c21a4bf30023f252596d83e1f007?s=96&d=mm&r=g\",\"contentUrl\":\"https:\\\/\\\/secure.gravatar.com\\\/avatar\\\/ccc17943b9d660506c869530f897617f7cb1c21a4bf30023f252596d83e1f007?s=96&d=mm&r=g\",\"caption\":\"admin\"},\"sameAs\":[\"https:\\\/\\\/kibrisdakik.com\"],\"url\":\"https:\\\/\\\/kibrisdakik.com\\\/?author=1\"}]}<\/script>\n<!-- \/ Yoast SEO plugin. -->","yoast_head_json":{"title":"Yar\u0131n sa\u011fanak bekleniyor -","robots":{"index":"index","follow":"follow","max-snippet":"max-snippet:-1","max-image-preview":"max-image-preview:large","max-video-preview":"max-video-preview:-1"},"canonical":"https:\/\/kibrisdakik.com\/?p=60762","og_locale":"tr_TR","og_type":"article","og_title":"Yar\u0131n sa\u011fanak bekleniyor -","og_description":"Meteoroloji Dairesi raporuna g\u00f6re yar\u0131n sa\u011fanak bekleniyor. Rapora g\u00f6re, 16 Eyl\u00fcl\u2019e kadar b\u00f6lge al\u00e7ak bas\u0131n\u00e7 sistemi ile \u00fcst atmosferdeki serin ve nemli hava k\u00fctlesinin etkisi alt\u0131nda kalacak. Meteorolojik tahminlere g\u00f6re yar\u0131n yer yer sa\u011fanak bekleniyor. Sabah saatleri yer yer sisli ge\u00e7ecek, hava az bulutlu olacak. \u00c7ar\u015famba ve per\u015fembe g\u00fcnleri hava par\u00e7al\u0131 ve az bulutlu; cuma","og_url":"https:\/\/kibrisdakik.com\/?p=60762","article_published_time":"2024-09-09T13:42:57+00:00","og_image":[{"width":1600,"height":900,"url":"https:\/\/kibrisdakik.com\/wp-content\/uploads\/2024\/07\/yagmur53-740x420.jpg","type":"image\/jpeg"}],"author":"admin","twitter_card":"summary_large_image","twitter_misc":{"Yazan:":"admin","Tahmini okuma s\u00fcresi":"1 dakika"},"schema":{"@context":"https:\/\/schema.org","@graph":[{"@type":"Article","@id":"https:\/\/kibrisdakik.com\/?p=60762#article","isPartOf":{"@id":"https:\/\/kibrisdakik.com\/?p=60762"},"author":{"name":"admin","@id":"https:\/\/kibrisdakik.com\/#\/schema\/person\/9cd9d437bbb44f72b73ba127e06d8e79"},"headline":"Yar\u0131n sa\u011fanak bekleniyor","datePublished":"2024-09-09T13:42:57+00:00","mainEntityOfPage":{"@id":"https:\/\/kibrisdakik.com\/?p=60762"},"wordCount":152,"commentCount":0,"image":{"@id":"https:\/\/kibrisdakik.com\/?p=60762#primaryimage"},"thumbnailUrl":"https:\/\/kibrisdakik.com\/wp-content\/uploads\/2024\/07\/yagmur53-740x420.jpg","articleSection":["K\u0131br\u0131s"],"inLanguage":"tr","potentialAction":[{"@type":"CommentAction","name":"Comment","target":["https:\/\/kibrisdakik.com\/?p=60762#respond"]}]},{"@type":"WebPage","@id":"https:\/\/kibrisdakik.com\/?p=60762","url":"https:\/\/kibrisdakik.com\/?p=60762","name":"Yar\u0131n sa\u011fanak bekleniyor -","isPartOf":{"@id":"https:\/\/kibrisdakik.com\/#website"},"primaryImageOfPage":{"@id":"https:\/\/kibrisdakik.com\/?p=60762#primaryimage"},"image":{"@id":"https:\/\/kibrisdakik.com\/?p=60762#primaryimage"},"thumbnailUrl":"https:\/\/kibrisdakik.com\/wp-content\/uploads\/2024\/07\/yagmur53-740x420.jpg","datePublished":"2024-09-09T13:42:57+00:00","author":{"@id":"https:\/\/kibrisdakik.com\/#\/schema\/person\/9cd9d437bbb44f72b73ba127e06d8e79"},"breadcrumb":{"@id":"https:\/\/kibrisdakik.com\/?p=60762#breadcrumb"},"inLanguage":"tr","potentialAction":[{"@type":"ReadAction","target":["https:\/\/kibrisdakik.com\/?p=60762"]}]},{"@type":"ImageObject","inLanguage":"tr","@id":"https:\/\/kibrisdakik.com\/?p=60762#primaryimage","url":"https:\/\/kibrisdakik.com\/wp-content\/uploads\/2024\/07\/yagmur53-740x420.jpg","contentUrl":"https:\/\/kibrisdakik.com\/wp-content\/uploads\/2024\/07\/yagmur53-740x420.jpg","width":1600,"height":900},{"@type":"BreadcrumbList","@id":"https:\/\/kibrisdakik.com\/?p=60762#breadcrumb","itemListElement":[{"@type":"ListItem","position":1,"name":"Home","item":"https:\/\/kibrisdakik.com\/"},{"@type":"ListItem","position":2,"name":"Yar\u0131n sa\u011fanak bekleniyor"}]},{"@type":"WebSite","@id":"https:\/\/kibrisdakik.com\/#website","url":"https:\/\/kibrisdakik.com\/","name":"","description":"Tam vaktinde haber","potentialAction":[{"@type":"SearchAction","target":{"@type":"EntryPoint","urlTemplate":"https:\/\/kibrisdakik.com\/?s={search_term_string}"},"query-input":{"@type":"PropertyValueSpecification","valueRequired":true,"valueName":"search_term_string"}}],"inLanguage":"tr"},{"@type":"Person","@id":"https:\/\/kibrisdakik.com\/#\/schema\/person\/9cd9d437bbb44f72b73ba127e06d8e79","name":"admin","image":{"@type":"ImageObject","inLanguage":"tr","@id":"https:\/\/secure.gravatar.com\/avatar\/ccc17943b9d660506c869530f897617f7cb1c21a4bf30023f252596d83e1f007?s=96&d=mm&r=g","url":"https:\/\/secure.gravatar.com\/avatar\/ccc17943b9d660506c869530f897617f7cb1c21a4bf30023f252596d83e1f007?s=96&d=mm&r=g","contentUrl":"https:\/\/secure.gravatar.com\/avatar\/ccc17943b9d660506c869530f897617f7cb1c21a4bf30023f252596d83e1f007?s=96&d=mm&r=g","caption":"admin"},"sameAs":["https:\/\/kibrisdakik.com"],"url":"https:\/\/kibrisdakik.com\/?author=1"}]}},"_links":{"self":[{"href":"https:\/\/kibrisdakik.com\/index.php?rest_route=\/wp\/v2\/posts\/60762","targetHints":{"allow":["GET"]}}],"collection":[{"href":"https:\/\/kibrisdakik.com\/index.php?rest_route=\/wp\/v2\/posts"}],"about":[{"href":"https:\/\/kibrisdakik.com\/index.php?rest_route=\/wp\/v2\/types\/post"}],"author":[{"embeddable":true,"href":"https:\/\/kibrisdakik.com\/index.php?rest_route=\/wp\/v2\/users\/1"}],"replies":[{"embeddable":true,"href":"https:\/\/kibrisdakik.com\/index.php?rest_route=%2Fwp%2Fv2%2Fcomments&post=60762"}],"version-history":[{"count":0,"href":"https:\/\/kibrisdakik.com\/index.php?rest_route=\/wp\/v2\/posts\/60762\/revisions"}],"wp:featuredmedia":[{"embeddable":true,"href":"https:\/\/kibrisdakik.com\/index.php?rest_route=\/wp\/v2\/media\/49376"}],"wp:attachment":[{"href":"https:\/\/kibrisdakik.com\/index.php?rest_route=%2Fwp%2Fv2%2Fmedia&parent=60762"}],"wp:term":[{"taxonomy":"category","embeddable":true,"href":"https:\/\/kibrisdakik.com\/index.php?rest_route=%2Fwp%2Fv2%2Fcategories&post=60762"},{"taxonomy":"post_tag","embeddable":true,"href":"https:\/\/kibrisdakik.com\/index.php?rest_route=%2Fwp%2Fv2%2Ftags&post=60762"}],"curies":[{"name":"wp","href":"https:\/\/api.w.org\/{rel}","templated":true}]}}