{"id":60803,"date":"2024-09-09T19:22:36","date_gmt":"2024-09-09T16:22:36","guid":{"rendered":"https:\/\/kibrisdakik.com\/index.php\/2024\/09\/09\/koopbank-65-yasinda-genel-muduru-ataman-vurguladi-bu-ulkeye-olan-borcumuzu-sorumluluklarimizi-iyi-biliyoruz\/"},"modified":"2024-09-09T19:22:36","modified_gmt":"2024-09-09T16:22:36","slug":"koopbank-65-yasinda-genel-muduru-ataman-vurguladi-bu-ulkeye-olan-borcumuzu-sorumluluklarimizi-iyi-biliyoruz","status":"publish","type":"post","link":"https:\/\/kibrisdakik.com\/?p=60803","title":{"rendered":"Koopbank 65 ya\u015f\u0131nda\u2026 Genel M\u00fcd\u00fcr\u00fc Ataman vurgulad\u0131: \u201cBu \u00fclkeye olan borcumuzu, sorumluluklar\u0131m\u0131z\u0131 iyi biliyoruz\u201d"},"content":{"rendered":"<div>\n<div class=\"mariselle-image-container center\">\n                                            <\/div>\n<p> Koopbank Genel M\u00fcd\u00fcr\u00fc ve Y\u00f6netim Kurulu \u00dcyesi Kemal Ataman, 65\u2019inci kurulu\u015f y\u0131l d\u00f6n\u00fcm\u00fcn\u00fc kutlayan Koopbank\u2019\u0131n \u015fimdiye kadar t\u00fcm imk\u00e2nlar\u0131n\u0131, kaynaklar\u0131n\u0131, tecr\u00fcbelerini ve birikimlerini \u00fclke ekonomisinin yarar\u0131na kulland\u0131\u011f\u0131n\u0131 kaydetti.<\/p>\n<p>Ataman, \u201cBizim yakla\u015f\u0131m\u0131m\u0131z toplumun sadece refah\u0131n\u0131 payla\u015fmak de\u011fil, zorluklar\u0131n\u0131 da payla\u015fmakt\u0131r. B\u00fct\u00fcn \u00f6z kayna\u011f\u0131n\u0131 bu \u00fclkeden kazanm\u0131\u015f bir banka olarak bu \u00fclkeye olan borcumuzu, sorumluluklar\u0131m\u0131z\u0131 iyi biliyoruz\u201d dedi.<\/p>\n<p>Koopbank\u2019\u0131n kuruldu\u011fu g\u00fcnden bu yana \u00fcretimin, verimlili\u011fin devam\u0131 i\u00e7in \u00e7ift\u00e7i ve hayvanc\u0131y\u0131 destekledi\u011fini kaydeden Kemal Ataman, geleneksel faiz destekli ve s\u0131f\u0131r faizli kredilerinin yan\u0131 s\u0131ra bu y\u0131l trakt\u00f6r ve ekipman\u0131 al\u0131m\u0131 i\u00e7in de uygun faiz oranlar\u0131yla kredi paketleri sa\u011flad\u0131klar\u0131n\u0131 belirtti.<\/p>\n<p>Kemal Ataman, \u201c\u00dcretime destek i\u00e7in \u00fczerimize d\u00fc\u015feni fazlas\u0131yla yerine getirece\u011fimizden herkes emin olabilir\u201d dedi.<\/p>\n<p>Koopbank Genel M\u00fcd\u00fcr\u00fc ve Y\u00f6netim Kurulu \u00dcyesi Kemal Ataman, Koopbank\u2019\u0131n 65\u2019inci kurulu\u015f y\u0131l d\u00f6n\u00fcm\u00fc nedeniyle yaz\u0131l\u0131 a\u00e7\u0131klama yapt\u0131.<\/p>\n<p>Ataman, 9 Eyl\u00fcl 1959\u2019da tek \u015fubeyle kurulan bankan\u0131n bug\u00fcn \u00fclke geneline yayg\u0131n 20 \u015fubesi, gerek mevduat ve kredi hacmi gerekse bilan\u00e7o b\u00fcy\u00fckl\u00fc\u011f\u00fcyle Kuzey K\u0131br\u0131s bankac\u0131l\u0131k sekt\u00f6r\u00fc i\u00e7inde en b\u00fcy\u00fck paylardan birine sahip oldu\u011funu kaydetti.<\/p>\n<p>Ataman, Koopbank\u2019\u0131n 46 milyar T\u00fcrk Liras\u0131 bilan\u00e7o b\u00fcy\u00fckl\u00fc\u011f\u00fc, 3 milyar T\u00fcrk Liras\u0131n\u0131 a\u015fan \u00f6z kaynak ve sa\u011flam bir sermaye yeterlili\u011fi rasyosu ile KKTC ekonomisi i\u00e7indeki \u00f6nemi ve toplum nezdindeki yerinin net bir \u015fekilde ortada oldu\u011funu kaydetti.<\/p>\n<p>Ataman, \u201cY\u0131llard\u0131r Koopbank bir g\u00fcveni temsil ediyor, bu rastlant\u0131 de\u011fildir. \u00dclkedeki mevduat\u0131n be\u015fte birine yak\u0131n bir k\u0131sm\u0131na kar\u015f\u0131l\u0131k gelen 40 milyar T\u00fcrk Liras\u0131 bize emanet edilmi\u015f. Bu, Koopbank\u2019a duyulan g\u00fcvenin en b\u00fcy\u00fck kan\u0131t\u0131d\u0131r\u201d dedi.<\/p>\n<p>145 bini a\u015fan ve \u00e7o\u011fu kooperatif g\u00f6n\u00fcll\u00fcs\u00fc sad\u0131k m\u00fc\u015fteri portf\u00f6y\u00fcne sahip olduklar\u0131n\u0131 belirten Ataman, t\u00fcm sekt\u00f6rlere sa\u011flanan 16 milyar T\u00fcrk Liras\u0131n\u0131 a\u015fan krediler ile bankan\u0131n kuruldu\u011fu ilk g\u00fcnden itibaren halkla birlikte \u00fclkesine sahip \u00e7\u0131kan, gelece\u011fi birlikte b\u00fcy\u00fcten bir aileyi temsil etti\u011fi s\u00f6yledi.<\/p>\n<p>Koopbank\u2019\u0131n kurulu\u015fundan bu yana ge\u00e7en 65 y\u0131l\u0131n anlam\u0131n\u0131 iyi kavrayabilmek i\u00e7in onun hangi misyon ve \u015fartlarda kuruldu\u011funa iyi bak\u0131lmas\u0131 gerekti\u011fini belirten Ataman, \u201cKuruldu\u011fumuz g\u00fcnk\u00fc amac\u0131m\u0131z ne ise bug\u00fcn de ayn\u0131. 65 y\u0131ll\u0131k s\u00fcre i\u00e7erisinde kendi k\u00fclt\u00fcrel de\u011ferlerimizi, i\u015f yapma tarz\u0131m\u0131z\u0131, ekonomik misyonumuzu ve istikrarl\u0131 i\u015f anlay\u0131\u015f\u0131m\u0131z\u0131 koruyarak bu \u00f6nemli y\u0131l d\u00f6n\u00fcm\u00fcn\u00fc bug\u00fcn idrak ediyoruz.\u201d \u015feklinde devam etti.<\/p>\n<p>\u00dclkenin ekonomik nedenlere ba\u011fl\u0131 olarak zaman zaman zorlu d\u00f6nemler ge\u00e7irdi\u011fini ifade eden Ataman, \u201cNe ticari hedeflerimiz, ne de k\u00e2rl\u0131l\u0131k iste\u011fimiz \u00fclkemizin ve onun insan\u0131n\u0131n menfaatlerinin \u00fczerinde olamaz, y\u0131llard\u0131r i\u00e7inde yo\u011fruldu\u011fumuz kooperatif k\u00fclt\u00fcr\u00fc bizlere bunu a\u015f\u0131lam\u0131\u015ft\u0131r\u201d dedi.<\/p>\n<p>Koopbank\u2019\u0131n \u015fimdiye kadar t\u00fcm imk\u00e2nlar\u0131n\u0131, kaynaklar\u0131n\u0131, tecr\u00fcbelerini ve birikimlerini hep \u00fclkenin ekonomisinin yarar\u0131na kulland\u0131\u011f\u0131n\u0131 s\u00f6yleyen Ataman, \u015f\u00f6yle devam etti:<\/p>\n<p>\u201cBizim yakla\u015f\u0131m\u0131m\u0131z toplumun sadece refah\u0131n\u0131 payla\u015fmak de\u011fil, zorluklar\u0131n\u0131 da payla\u015fmakt\u0131r. B\u00fct\u00fcn \u00f6z kayna\u011f\u0131n\u0131 bu \u00fclkeden kazanm\u0131\u015f bir banka olarak bu \u00fclkeye olan borcumuzu, sorumluluklar\u0131m\u0131z\u0131 iyi biliyoruz. O g\u00fcn\u00fcn zorlu ko\u015fullar\u0131nda k\u0131t kanaat sa\u011flanan 587 bin K\u0131br\u0131s Liras\u0131 sermaye bug\u00fcnk\u00fc rakamlara getirilebilmi\u015fse ve en \u00f6nemlisi d\u0131\u015far\u0131dan ve kamudan hi\u00e7bir sermaye deste\u011fi olmadan bu ba\u015far\u0131labilmi\u015fse, bu banka ve \u00e7al\u0131\u015fanlar\u0131 i\u015flerini lay\u0131k\u0131yla yapm\u0131\u015ft\u0131r demektir. Bunun bir anlam\u0131 ve k\u0131ymeti vard\u0131r.\u201d<\/p>\n<p>-\u201c65 y\u0131lda eskimeyen tek \u015fey g\u00fcven ve samimi yakla\u015f\u0131m\u0131m\u0131z\u201d<\/p>\n<p>Zor d\u00f6nemlerde sergilenen yakla\u015f\u0131mlar\u0131n kimin bu \u00fclkeye ne kadar ba\u011fl\u0131 oldu\u011funu ortaya koydu\u011funu kaydeden Ataman, \u015f\u00f6yle devam etti:<\/p>\n<p>\u201c\u0130\u015fini, hayat\u0131n\u0131, refah\u0131n\u0131 geli\u015ftirme gayreti i\u00e7inde oldu\u011funu g\u00f6rd\u00fc\u011f\u00fcm\u00fcz, iyi niyetini, samimiyetini hissetti\u011fimiz t\u00fcm m\u00fc\u015fterilerimiz bizden ne destek istemi\u015flerse t\u00fcm imk\u00e2nlar\u0131m\u0131z\u0131 seferber ederek yerine getirdik.  M\u00fc\u015fterilerimiz bizim hangi durumda, nas\u0131l davrand\u0131\u011f\u0131m\u0131z\u0131, i\u00e7inde bulduklar\u0131 s\u00fcre\u00e7ten banka olarak hi\u00e7bir zaman fayda sa\u011flamaya \u00e7al\u0131\u015fmayaca\u011f\u0131m\u0131z\u0131 biliyorlar. Her zaman g\u00fcven duyarak kap\u0131s\u0131n\u0131 \u00e7alacaklar\u0131 bir bankalar\u0131 oldu\u011funu hissediyorlar. Kuruldu\u011fumuz g\u00fcnden beri s\u00fcregelen bu samimi yakla\u015f\u0131m\u0131m\u0131z\u0131n de\u011ferini, \u00f6nemini bildiklerine inan\u0131yoruz. Bizi olumlu y\u00f6nde ayr\u0131\u015ft\u0131ran ve k\u0131ymetli olan da budur.\u201d<\/p>\n<p>-\u201cKamu kredilerine bu y\u0131l 435 milyon T\u00fcrk liras\u0131 tahsilat sa\u011fland\u0131\u201d<\/p>\n<p>2024\u2019\u00fcn ilk yar\u0131s\u0131ndaki finansal veriler \u00fczerinden de\u011ferlendirme de yapan Koopbank Genel M\u00fcd\u00fcr\u00fc ve Y\u00f6netim Kurulu \u00dcyesi Kemal Ataman, temel b\u00fct\u00fcn kalemlerde, b\u00fcy\u00fcme, k\u00e2rl\u0131l\u0131k, aktif kalitesinin korunmas\u0131 ve sermaye y\u00f6netimi a\u00e7\u0131s\u0131ndan belirlemi\u015f olduklar\u0131 hedeflerle tutarl\u0131 sonu\u00e7lar elde ettiklerini belirtti.<\/p>\n<p>Ataman, ba\u015far\u0131l\u0131 sonu\u00e7lara eri\u015fmede her alanda benimsenen sa\u011fduyulu, dengeli ve k\u0131sa d\u00f6nem getirileri yerine, uzun vadeyi esas alan yakla\u015f\u0131m\u0131n \u00f6nemli pay\u0131 oldu\u011funu kaydetti.<\/p>\n<p>Yeni kredi kullanma talebindeki daralman\u0131n bu \u00f6zel d\u00f6nemde normal kar\u015f\u0131lanmas\u0131 gerekti\u011fine i\u015faret eden Ataman, \u00f6zellikle T\u00fcrkiye\u2019deki yeni ekonomik program\u0131n KKTC\u2019ye de yans\u0131malar\u0131 sonras\u0131 2025 y\u0131l\u0131nda ekonominin \u00e7arklar\u0131n\u0131n yeniden arzu edilen seviyede d\u00f6nmeyi ba\u015faraca\u011f\u0131n\u0131 ve bu s\u00fcre zarf\u0131nda hep beraber bu s\u0131k\u0131nt\u0131lar\u0131 payla\u015farak a\u015fmak zorunda olduklar\u0131n\u0131, gerek avantajl\u0131 krediler, gerekse yap\u0131land\u0131rmalarla piyasay\u0131 desteklemeyi s\u00fcrd\u00fcreceklerini dile getirdi.<\/p>\n<p>Y\u0131llard\u0131r \u00f6ncelikli hedefleri olan kamunun bankaya bor\u00e7lar\u0131n\u0131n \u00f6denmesi konusunda art\u0131k net bir istikrar\u0131n sa\u011fland\u0131\u011f\u0131na dikkat \u00e7eken Ataman, \u201cSon alt\u0131 y\u0131l i\u00e7inde devletimiz 1,5 milyar T\u00fcrk Liras\u0131 \u00f6deme yapt\u0131. Bu y\u0131l\u0131n ilk sekiz ay\u0131nda tahsilat rakam\u0131 435 milyon T\u00fcrk Liras\u0131 oldu. Kamu bor\u00e7lar\u0131na yap\u0131lacak olan her tahsilat sonu\u00e7ta bu toplumun daha ileriye do\u011fru geli\u015fmesi i\u00e7in yat\u0131r\u0131ma d\u00f6n\u00fc\u015fecek, halka ihtiya\u00e7lar\u0131n\u0131 \u00e7ok daha uygun maliyetli krediler ile sa\u011flamak y\u00f6n\u00fcnde \u00f6nemli bir destek olacakt\u0131r.  Kazanc\u0131m\u0131z \u00fclkemizin kazanc\u0131nad\u0131r\u201d \u015feklinde konu\u015ftu.<\/p>\n<p>-\u201cArt\u0131k \u015fube a\u00e7mak yerine mobil uygulamalara yeni fonksiyonlar kat\u0131yoruz\u201d<\/p>\n<p>Genel M\u00fcd\u00fcr Ataman, Koopbank\u2019\u0131n dijitalle\u015fmeyle ilgili \u00e7al\u0131\u015fmalar\u0131 hakk\u0131nda da bilgi vererek, Koopbank\u2019\u0131n sekt\u00f6rdeki k\u0131lavuz rol\u00fcn\u00fc bu alanda da s\u00fcrd\u00fcrd\u00fc\u011f\u00fcn\u00fc s\u00f6yledi. <\/p>\n<p>Ataman, \u015f\u00f6yle devam etti:<\/p>\n<p>\u201cHerkesin be\u011feni ile kulland\u0131\u011f\u0131 lokomotif uygulamam\u0131z KoopCep\u2019i, ard\u0131ndan ise mobil c\u00fczdan uygulamam\u0131z olan HEPi\u2019yi m\u00fc\u015fterilerimizin kullan\u0131m\u0131na sunduk. \u00c7\u0131tay\u0131 daha da yukar\u0131 ta\u015f\u0131yarak dijital servislerimizi finansal teknolojiler alan\u0131nda faaliyet g\u00f6steren kurulu\u015flar\u0131n platformlar\u0131na a\u00e7maya ba\u015flad\u0131k. Bunun ilk \u00f6rne\u011fi banka entegrasyonu baca\u011f\u0131nda yer ald\u0131\u011f\u0131m\u0131z Paycell dijital c\u00fczdan projesi oldu. Geldi\u011fimiz noktada \u015funu rahatl\u0131kla s\u00f6yleyebilirim ki art\u0131k yeni \u015fube a\u00e7mak yerine yeni mobil uygulamalar sundu\u011fumuz ve mevcut uygulamalar\u0131 da yepyeni fonksiyonlar, deneyimler, kabiliyetlerle zenginle\u015ftirerek ilerledi\u011fimiz bir d\u00f6nemdeyiz\u201d.<\/p>\n<p>-\u201c\u00dcniversiteliye ilk mobil kimlik. UniPass yak\u0131nda hizmette\u201d<\/p>\n<p>Dijitalle\u015fmenin her sekt\u00f6rde deneyimleri farkl\u0131la\u015ft\u0131rd\u0131\u011f\u0131n\u0131 ifade eden Ataman, y\u00fcksek\u00f6\u011frenim sekt\u00f6r\u00fcnde fiziki \u00f6\u011frenci kimliklerinin yerini cep telefonu \u00fczerinde yer alan dijital kimlik uygulamas\u0131n\u0131n alaca\u011f\u0131 bir projeyi sonu\u00e7land\u0131rmak \u00fczere olduklar\u0131n\u0131 s\u00f6yledi.<\/p>\n<p>Koopbank Genel M\u00fcd\u00fcr\u00fc ve Y\u00f6netim Kurulu \u00dcyesi Kemal Ataman s\u00f6zlerine \u015f\u00f6yle devam etti:<\/p>\n<p>\u201c\u00c7ok yak\u0131nda \u00fclkenin ilk dijital \u00f6\u011frenci kimli\u011fini DA\u00dc\u2019de kullan\u0131ma sunuyoruz. Bu projenin \u00fclkede bir ilk olmas\u0131 nedeniyle hem banka hem de DA\u00dc baca\u011f\u0131nda \u00e7ok heyecanl\u0131y\u0131z. UniPass ad\u0131n\u0131 verdi\u011fimiz mobil uygulama \u00fczerinde g\u00fcvenli bir \u015fekilde \u00f6\u011frencinin kimlik bilgileri tutulacak, s\u0131n\u0131f yoklamas\u0131 ve mobil c\u00fczdan ile al\u0131\u015fveri\u015f, fatura \u00f6deme, para transferi ve daha bir\u00e7ok i\u015flem yap\u0131labilecek. Bir sonraki a\u015famada UniPass ula\u015f\u0131mda da kullan\u0131labilecek\u201d. <\/p>\n<p>-\u201cOptimum ve KOOP24\u2019e yeni y\u00fcz, yeni \u00f6zellikler geliyor\u201d<\/p>\n<p>Y\u0131l sonu itibar\u0131 ile t\u00fcm kartlar\u0131n yeni tip kartlar ile yenilece\u011fini ve zenginle\u015ftirilmi\u015f \u00f6zellikler ile m\u00fc\u015fterilerine sunacaklar\u0131n\u0131 ifade eden Ataman, \u015funlar\u0131 da aktard\u0131:<\/p>\n<p> \u201cT\u00fcm Koop24 banka kartlar\u0131m\u0131za temass\u0131z \u00f6zelli\u011fi geliyor. Ayr\u0131ca farkl\u0131 m\u00fc\u015fteri gruplar\u0131na \u00f6zel haz\u0131rlanm\u0131\u015f yeni kredi kartlar\u0131m\u0131z da portf\u00f6ye ekleniyor. ATM a\u011f\u0131m\u0131zda da ciddi bir geni\u015fleme sa\u011flanm\u0131\u015f olacak. Bir\u00e7ok ATM\u2019mizi recycle \u00f6zellikli, yani yat\u0131r\u0131lan paray\u0131 \u00f6deme kabiliyetine sahip ATM\u2019ler ile yeniliyoruz. Di\u011fer taraftan, klasik pos cihazlar\u0131m\u0131z\u0131n yerini art\u0131k hayat\u0131m\u0131z\u0131n yer alan\u0131nda g\u00f6rd\u00fc\u011f\u00fcm\u00fcz Android sistemli cihazlar al\u0131yor. Bu k\u0131\u015f \u00f6deme sistemleri alan\u0131nda m\u00fc\u015fterilerimizin bir\u00e7ok yenili\u011fi g\u00f6rece\u011fi bir d\u00f6nem olacak.\u201d<\/p>\n<p>-Uluslararas\u0131 kat\u0131l\u0131ml\u0131 kooperatif\u00e7ilik paneli<\/p>\n<p>Koopbank\u2019\u0131n Uluslararas\u0131 Kooperatifler Birli\u011fi (ICA) ve Uluslararas\u0131 Kooperatif Bankac\u0131l\u0131\u011f\u0131 Birli\u011fi (ICBA) \u00fcyesi oldu\u011funa dikkat \u00e7eken Ataman, bu y\u0131lki kutlama etkinliklerinin bir par\u00e7as\u0131 olarak yar\u0131n Genel M\u00fcd\u00fcrl\u00fck Konferans Salonunda Avrupa\u2019dan ve T\u00fcrkiye\u2019den \u00e7ok de\u011ferli konu\u015fmac\u0131lar\u0131n yer alaca\u011f\u0131 bir panel d\u00fczenleyeceklerini belirtti.<\/p>\n<p>Ataman, \u2018Avrupa ve Kuzey K\u0131br\u0131s\u2019tan \u00f6rnekleriyle kooperatif\u00e7ilik\u2019 konusunun ele al\u0131naca\u011f\u0131 panelde Kuzey K\u0131br\u0131s\u2019tan ve yurtd\u0131\u015f\u0131ndan gelen kooperatif kurulu\u015flar\u0131n\u0131n de\u011ferli temsilcilerinin kendi \u00fclkelerindeki deneyimlerini ve en iyi uygulamalar\u0131n\u0131 uluslararas\u0131 bir bak\u0131\u015f a\u00e7\u0131s\u0131ndan dinleyicilerle payla\u015faca\u011f\u0131n\u0131 kaydetti.<\/p>\n<p>-\u201cKooperatifleri rekabete kar\u015f\u0131 koruyoruz\u201d<\/p>\n<p>Ataman, sorumluluklar\u0131ndan bir tanesinin kooperatifleri rekabete kar\u015f\u0131 g\u00fc\u00e7l\u00fc k\u0131lma ve onlara tasarruf sa\u011flama oldu\u011funa dikkat \u00e7ekerek, bu ama\u00e7la Koopbank\u2019\u0131n kendi m\u00fc\u015fterilerine sundu\u011fu bir\u00e7ok bankac\u0131l\u0131k hizmetini servis bankac\u0131l\u0131\u011f\u0131 platformu \u00fczerinden kooperatiflerin kullan\u0131ma verdiklerini, bu dijital servisler \u00fczerinden kooperatiflerin art\u0131k direkt kendi kulland\u0131klar\u0131 yaz\u0131l\u0131mlar i\u00e7inden fatura \u00f6deme, kredi kart\u0131 tahsilat\u0131, E\u00d6S\/EFT ve daha onlarca hizmeti kullanabilme imk\u00e2n\u0131na kavu\u015ftu\u011funu s\u00f6yledi.<\/p>\n<p>-\u201cAna g\u00f6revlerimizden biri tar\u0131m ve hayvanc\u0131l\u0131k sekt\u00f6r\u00fcn\u00fc desteklenmek\u201d<\/p>\n<p>Genel M\u00fcd\u00fcr Ataman, ana g\u00f6revlerinden birinin tar\u0131m ve hayvanc\u0131l\u0131\u011f\u0131n desteklenmesi oldu\u011funa dikkat \u00e7ekerek, bu alanda geleneksel olarak etkin ve eksiksiz bir hizmet verilmesi i\u00e7in b\u00fcy\u00fck bir gayret i\u00e7inde olduklar\u0131n\u0131 belirtti. Kulland\u0131r\u0131lan kredilerin b\u00fcy\u00fck k\u0131sm\u0131n\u0131n Koopbank taraf\u0131ndan sa\u011fland\u0131\u011f\u0131 tar\u0131m ve hayvanc\u0131l\u0131k sekt\u00f6r\u00fc hakk\u0131nda da de\u011ferlendirmelere yer verdi.<\/p>\n<p>Ataman, \u015funlar\u0131 ekledi:<\/p>\n<p>\u201cKuruldu\u011fumuz g\u00fcnden beri en \u00f6nem verdi\u011fimiz nokta \u00fclkede \u00fcretimin, verimlili\u011fin devam\u0131 i\u00e7in \u00e7ift\u00e7i ve hayvanc\u0131n\u0131n desteklenmesi oldu. Geleneksel faiz destekli ve s\u0131f\u0131r faizli kredilerinin yan\u0131nda bu sene trakt\u00f6r ve ekipman\u0131 al\u0131m\u0131 i\u00e7in de uygun faiz oranlar\u0131 ile kredi paketleri sa\u011fl\u0131yoruz. \u00dcretime destek i\u00e7in \u00fczerimize d\u00fc\u015feni fazlas\u0131yla yerine getirece\u011fimizden herkes emin olabilir.\u201d<\/p>\n<p>-\u201c\u00c7al\u0131\u015fanlar\u0131m\u0131z bankam\u0131z\u0131n en \u00f6nemli zenginli\u011fidir\u201d<\/p>\n<p>Tarihsel olarak her d\u00f6nemde Koopbank\u2019\u0131n \u00e7al\u0131\u015fanlar\u0131na b\u00fcy\u00fck de\u011fer verdi\u011fini ve onlar\u0131 her zaman bankan\u0131n birer zenginli\u011fi olarak g\u00f6rd\u00fc\u011f\u00fcn\u00fc vurgulayan Ataman, \u015funlar\u0131 da kaydetti:<\/p>\n<p>\u201cSon 7 senede banka kadrolar\u0131n\u0131 azaltarak daha verimli, daha \u00e7evik ve tasarruflu bir yap\u0131ya kavu\u015ftuk. Yeni personel al\u0131mlar\u0131nda ve terfi a\u015famas\u0131nda art\u0131k tamamen yaz\u0131l\u0131 ve s\u00f6zl\u00fc s\u0131nav sistemiyle hem hakkaniyet \u00e7er\u00e7evesinde hem de nitelik baz\u0131nda se\u00e7ilmi\u015f ki\u015filere g\u00f6rev veriyoruz. Elde etti\u011fimiz finansal sonu\u00e7larda, personel politikam\u0131zdaki bu radikal de\u011fi\u015fimler belirleyici oldu.\u201d<\/p>\n<p>-\u201cHer alanda topluma hizmet etmek misyonumuzun bir par\u00e7as\u0131\u201d<\/p>\n<p>Koopbank\u2019\u0131n her zaman toplumdan ald\u0131\u011f\u0131n\u0131 topluma verme anlay\u0131\u015f\u0131yla hareket eden bir banka oldu\u011funu ifade eden Ataman, sadece ekonomik sonu\u00e7lar\u0131 olabilecek faaliyetlerde de\u011fil, hayata ge\u00e7irdikleri e\u011fitim, \u00e7evre, spor, k\u00fclt\u00fcr ve sanat alanlar\u0131ndaki sosyal sorumluluk projeleriyle de \u00fclkeye de\u011fer katmaya devam ettiklerini belirtti.<\/p>\n<p>Ataman, \u00f6zellikle spor kul\u00fcpleri olan Koop Spor ile her ya\u015fta gence spor yapma imk\u00e2n\u0131 tan\u0131yan bir yap\u0131y\u0131 bar\u0131nd\u0131rd\u0131klar\u0131n\u0131 ve \u00fclke basketboluna \u00e7e\u015fitli seviyelerde alt\u0131 tak\u0131m ile renk katarak b\u00fcy\u00fck ba\u015far\u0131lara imza att\u0131klar\u0131n\u0131 belirtti.<\/p>\n<\/p><\/div>\n<p><script async\n                    defer\n                    crossorigin=\"anonymous\"\n                    src=\"https:\/\/connect.facebook.net\/tr_TR\/sdk.js#xfbml=1&#038;version=v3.3\"\n            ><\/script><\/p>\n","protected":false},"excerpt":{"rendered":"<p>Koopbank Genel M\u00fcd\u00fcr\u00fc ve Y\u00f6netim Kurulu \u00dcyesi Kemal Ataman, 65\u2019inci kurulu\u015f y\u0131l d\u00f6n\u00fcm\u00fcn\u00fc kutlayan Koopbank\u2019\u0131n \u015fimdiye kadar t\u00fcm imk\u00e2nlar\u0131n\u0131, kaynaklar\u0131n\u0131, tecr\u00fcbelerini ve birikimlerini \u00fclke ekonomisinin yarar\u0131na kulland\u0131\u011f\u0131n\u0131 kaydetti. Ataman, \u201cBizim yakla\u015f\u0131m\u0131m\u0131z toplumun sadece refah\u0131n\u0131 payla\u015fmak de\u011fil, zorluklar\u0131n\u0131 da payla\u015fmakt\u0131r. B\u00fct\u00fcn \u00f6z kayna\u011f\u0131n\u0131 bu \u00fclkeden kazanm\u0131\u015f bir banka olarak bu \u00fclkeye olan borcumuzu, sorumluluklar\u0131m\u0131z\u0131 iyi biliyoruz\u201d<\/p>\n","protected":false},"author":1,"featured_media":60804,"comment_status":"open","ping_status":"open","sticky":false,"template":"","format":"standard","meta":{"footnotes":""},"categories":[81],"tags":[],"class_list":["post-60803","post","type-post","status-publish","format-standard","has-post-thumbnail","hentry","category-kibris"],"yoast_head":"<!-- This site is optimized with the Yoast SEO plugin v27.4 - https:\/\/yoast.com\/product\/yoast-seo-wordpress\/ -->\n<title>Koopbank 65 ya\u015f\u0131nda\u2026 Genel M\u00fcd\u00fcr\u00fc Ataman vurgulad\u0131: \u201cBu \u00fclkeye olan borcumuzu, sorumluluklar\u0131m\u0131z\u0131 iyi biliyoruz\u201d -<\/title>\n<meta name=\"robots\" content=\"index, follow, max-snippet:-1, max-image-preview:large, max-video-preview:-1\" \/>\n<link rel=\"canonical\" href=\"https:\/\/kibrisdakik.com\/?p=60803\" \/>\n<meta property=\"og:locale\" content=\"tr_TR\" \/>\n<meta property=\"og:type\" content=\"article\" \/>\n<meta property=\"og:title\" content=\"Koopbank 65 ya\u015f\u0131nda\u2026 Genel M\u00fcd\u00fcr\u00fc Ataman vurgulad\u0131: \u201cBu \u00fclkeye olan borcumuzu, sorumluluklar\u0131m\u0131z\u0131 iyi biliyoruz\u201d -\" \/>\n<meta property=\"og:description\" content=\"Koopbank Genel M\u00fcd\u00fcr\u00fc ve Y\u00f6netim Kurulu \u00dcyesi Kemal Ataman, 65\u2019inci kurulu\u015f y\u0131l d\u00f6n\u00fcm\u00fcn\u00fc kutlayan Koopbank\u2019\u0131n \u015fimdiye kadar t\u00fcm imk\u00e2nlar\u0131n\u0131, kaynaklar\u0131n\u0131, tecr\u00fcbelerini ve birikimlerini \u00fclke ekonomisinin yarar\u0131na kulland\u0131\u011f\u0131n\u0131 kaydetti. Ataman, \u201cBizim yakla\u015f\u0131m\u0131m\u0131z toplumun sadece refah\u0131n\u0131 payla\u015fmak de\u011fil, zorluklar\u0131n\u0131 da payla\u015fmakt\u0131r. B\u00fct\u00fcn \u00f6z kayna\u011f\u0131n\u0131 bu \u00fclkeden kazanm\u0131\u015f bir banka olarak bu \u00fclkeye olan borcumuzu, sorumluluklar\u0131m\u0131z\u0131 iyi biliyoruz\u201d\" \/>\n<meta property=\"og:url\" content=\"https:\/\/kibrisdakik.com\/?p=60803\" \/>\n<meta property=\"article:published_time\" content=\"2024-09-09T16:22:36+00:00\" \/>\n<meta property=\"og:image\" content=\"https:\/\/kibrisdakik.com\/wp-content\/uploads\/2024\/09\/ataman-scaled-740x420.jpg\" \/>\n\t<meta property=\"og:image:width\" content=\"2560\" \/>\n\t<meta property=\"og:image:height\" content=\"1707\" \/>\n\t<meta property=\"og:image:type\" content=\"image\/jpeg\" \/>\n<meta name=\"author\" content=\"admin\" \/>\n<meta name=\"twitter:card\" content=\"summary_large_image\" \/>\n<meta name=\"twitter:label1\" content=\"Yazan:\" \/>\n\t<meta name=\"twitter:data1\" content=\"admin\" \/>\n\t<meta name=\"twitter:label2\" content=\"Tahmini okuma s\u00fcresi\" \/>\n\t<meta name=\"twitter:data2\" content=\"11 dakika\" \/>\n<script type=\"application\/ld+json\" class=\"yoast-schema-graph\">{\"@context\":\"https:\\\/\\\/schema.org\",\"@graph\":[{\"@type\":\"Article\",\"@id\":\"https:\\\/\\\/kibrisdakik.com\\\/?p=60803#article\",\"isPartOf\":{\"@id\":\"https:\\\/\\\/kibrisdakik.com\\\/?p=60803\"},\"author\":{\"name\":\"admin\",\"@id\":\"https:\\\/\\\/kibrisdakik.com\\\/#\\\/schema\\\/person\\\/9cd9d437bbb44f72b73ba127e06d8e79\"},\"headline\":\"Koopbank 65 ya\u015f\u0131nda\u2026 Genel M\u00fcd\u00fcr\u00fc Ataman vurgulad\u0131: \u201cBu \u00fclkeye olan borcumuzu, sorumluluklar\u0131m\u0131z\u0131 iyi biliyoruz\u201d\",\"datePublished\":\"2024-09-09T16:22:36+00:00\",\"mainEntityOfPage\":{\"@id\":\"https:\\\/\\\/kibrisdakik.com\\\/?p=60803\"},\"wordCount\":2198,\"commentCount\":0,\"image\":{\"@id\":\"https:\\\/\\\/kibrisdakik.com\\\/?p=60803#primaryimage\"},\"thumbnailUrl\":\"https:\\\/\\\/kibrisdakik.com\\\/wp-content\\\/uploads\\\/2024\\\/09\\\/ataman-scaled-740x420.jpg\",\"articleSection\":[\"K\u0131br\u0131s\"],\"inLanguage\":\"tr\",\"potentialAction\":[{\"@type\":\"CommentAction\",\"name\":\"Comment\",\"target\":[\"https:\\\/\\\/kibrisdakik.com\\\/?p=60803#respond\"]}]},{\"@type\":\"WebPage\",\"@id\":\"https:\\\/\\\/kibrisdakik.com\\\/?p=60803\",\"url\":\"https:\\\/\\\/kibrisdakik.com\\\/?p=60803\",\"name\":\"Koopbank 65 ya\u015f\u0131nda\u2026 Genel M\u00fcd\u00fcr\u00fc Ataman vurgulad\u0131: \u201cBu \u00fclkeye olan borcumuzu, sorumluluklar\u0131m\u0131z\u0131 iyi biliyoruz\u201d -\",\"isPartOf\":{\"@id\":\"https:\\\/\\\/kibrisdakik.com\\\/#website\"},\"primaryImageOfPage\":{\"@id\":\"https:\\\/\\\/kibrisdakik.com\\\/?p=60803#primaryimage\"},\"image\":{\"@id\":\"https:\\\/\\\/kibrisdakik.com\\\/?p=60803#primaryimage\"},\"thumbnailUrl\":\"https:\\\/\\\/kibrisdakik.com\\\/wp-content\\\/uploads\\\/2024\\\/09\\\/ataman-scaled-740x420.jpg\",\"datePublished\":\"2024-09-09T16:22:36+00:00\",\"author\":{\"@id\":\"https:\\\/\\\/kibrisdakik.com\\\/#\\\/schema\\\/person\\\/9cd9d437bbb44f72b73ba127e06d8e79\"},\"breadcrumb\":{\"@id\":\"https:\\\/\\\/kibrisdakik.com\\\/?p=60803#breadcrumb\"},\"inLanguage\":\"tr\",\"potentialAction\":[{\"@type\":\"ReadAction\",\"target\":[\"https:\\\/\\\/kibrisdakik.com\\\/?p=60803\"]}]},{\"@type\":\"ImageObject\",\"inLanguage\":\"tr\",\"@id\":\"https:\\\/\\\/kibrisdakik.com\\\/?p=60803#primaryimage\",\"url\":\"https:\\\/\\\/kibrisdakik.com\\\/wp-content\\\/uploads\\\/2024\\\/09\\\/ataman-scaled-740x420.jpg\",\"contentUrl\":\"https:\\\/\\\/kibrisdakik.com\\\/wp-content\\\/uploads\\\/2024\\\/09\\\/ataman-scaled-740x420.jpg\",\"width\":2560,\"height\":1707},{\"@type\":\"BreadcrumbList\",\"@id\":\"https:\\\/\\\/kibrisdakik.com\\\/?p=60803#breadcrumb\",\"itemListElement\":[{\"@type\":\"ListItem\",\"position\":1,\"name\":\"Home\",\"item\":\"https:\\\/\\\/kibrisdakik.com\\\/\"},{\"@type\":\"ListItem\",\"position\":2,\"name\":\"Koopbank 65 ya\u015f\u0131nda\u2026 Genel M\u00fcd\u00fcr\u00fc Ataman vurgulad\u0131: \u201cBu \u00fclkeye olan borcumuzu, sorumluluklar\u0131m\u0131z\u0131 iyi biliyoruz\u201d\"}]},{\"@type\":\"WebSite\",\"@id\":\"https:\\\/\\\/kibrisdakik.com\\\/#website\",\"url\":\"https:\\\/\\\/kibrisdakik.com\\\/\",\"name\":\"\",\"description\":\"Tam vaktinde haber\",\"potentialAction\":[{\"@type\":\"SearchAction\",\"target\":{\"@type\":\"EntryPoint\",\"urlTemplate\":\"https:\\\/\\\/kibrisdakik.com\\\/?s={search_term_string}\"},\"query-input\":{\"@type\":\"PropertyValueSpecification\",\"valueRequired\":true,\"valueName\":\"search_term_string\"}}],\"inLanguage\":\"tr\"},{\"@type\":\"Person\",\"@id\":\"https:\\\/\\\/kibrisdakik.com\\\/#\\\/schema\\\/person\\\/9cd9d437bbb44f72b73ba127e06d8e79\",\"name\":\"admin\",\"image\":{\"@type\":\"ImageObject\",\"inLanguage\":\"tr\",\"@id\":\"https:\\\/\\\/secure.gravatar.com\\\/avatar\\\/ccc17943b9d660506c869530f897617f7cb1c21a4bf30023f252596d83e1f007?s=96&d=mm&r=g\",\"url\":\"https:\\\/\\\/secure.gravatar.com\\\/avatar\\\/ccc17943b9d660506c869530f897617f7cb1c21a4bf30023f252596d83e1f007?s=96&d=mm&r=g\",\"contentUrl\":\"https:\\\/\\\/secure.gravatar.com\\\/avatar\\\/ccc17943b9d660506c869530f897617f7cb1c21a4bf30023f252596d83e1f007?s=96&d=mm&r=g\",\"caption\":\"admin\"},\"sameAs\":[\"https:\\\/\\\/kibrisdakik.com\"],\"url\":\"https:\\\/\\\/kibrisdakik.com\\\/?author=1\"}]}<\/script>\n<!-- \/ Yoast SEO plugin. -->","yoast_head_json":{"title":"Koopbank 65 ya\u015f\u0131nda\u2026 Genel M\u00fcd\u00fcr\u00fc Ataman vurgulad\u0131: \u201cBu \u00fclkeye olan borcumuzu, sorumluluklar\u0131m\u0131z\u0131 iyi biliyoruz\u201d -","robots":{"index":"index","follow":"follow","max-snippet":"max-snippet:-1","max-image-preview":"max-image-preview:large","max-video-preview":"max-video-preview:-1"},"canonical":"https:\/\/kibrisdakik.com\/?p=60803","og_locale":"tr_TR","og_type":"article","og_title":"Koopbank 65 ya\u015f\u0131nda\u2026 Genel M\u00fcd\u00fcr\u00fc Ataman vurgulad\u0131: \u201cBu \u00fclkeye olan borcumuzu, sorumluluklar\u0131m\u0131z\u0131 iyi biliyoruz\u201d -","og_description":"Koopbank Genel M\u00fcd\u00fcr\u00fc ve Y\u00f6netim Kurulu \u00dcyesi Kemal Ataman, 65\u2019inci kurulu\u015f y\u0131l d\u00f6n\u00fcm\u00fcn\u00fc kutlayan Koopbank\u2019\u0131n \u015fimdiye kadar t\u00fcm imk\u00e2nlar\u0131n\u0131, kaynaklar\u0131n\u0131, tecr\u00fcbelerini ve birikimlerini \u00fclke ekonomisinin yarar\u0131na kulland\u0131\u011f\u0131n\u0131 kaydetti. Ataman, \u201cBizim yakla\u015f\u0131m\u0131m\u0131z toplumun sadece refah\u0131n\u0131 payla\u015fmak de\u011fil, zorluklar\u0131n\u0131 da payla\u015fmakt\u0131r. B\u00fct\u00fcn \u00f6z kayna\u011f\u0131n\u0131 bu \u00fclkeden kazanm\u0131\u015f bir banka olarak bu \u00fclkeye olan borcumuzu, sorumluluklar\u0131m\u0131z\u0131 iyi biliyoruz\u201d","og_url":"https:\/\/kibrisdakik.com\/?p=60803","article_published_time":"2024-09-09T16:22:36+00:00","og_image":[{"width":2560,"height":1707,"url":"https:\/\/kibrisdakik.com\/wp-content\/uploads\/2024\/09\/ataman-scaled-740x420.jpg","type":"image\/jpeg"}],"author":"admin","twitter_card":"summary_large_image","twitter_misc":{"Yazan:":"admin","Tahmini okuma s\u00fcresi":"11 dakika"},"schema":{"@context":"https:\/\/schema.org","@graph":[{"@type":"Article","@id":"https:\/\/kibrisdakik.com\/?p=60803#article","isPartOf":{"@id":"https:\/\/kibrisdakik.com\/?p=60803"},"author":{"name":"admin","@id":"https:\/\/kibrisdakik.com\/#\/schema\/person\/9cd9d437bbb44f72b73ba127e06d8e79"},"headline":"Koopbank 65 ya\u015f\u0131nda\u2026 Genel M\u00fcd\u00fcr\u00fc Ataman vurgulad\u0131: \u201cBu \u00fclkeye olan borcumuzu, sorumluluklar\u0131m\u0131z\u0131 iyi biliyoruz\u201d","datePublished":"2024-09-09T16:22:36+00:00","mainEntityOfPage":{"@id":"https:\/\/kibrisdakik.com\/?p=60803"},"wordCount":2198,"commentCount":0,"image":{"@id":"https:\/\/kibrisdakik.com\/?p=60803#primaryimage"},"thumbnailUrl":"https:\/\/kibrisdakik.com\/wp-content\/uploads\/2024\/09\/ataman-scaled-740x420.jpg","articleSection":["K\u0131br\u0131s"],"inLanguage":"tr","potentialAction":[{"@type":"CommentAction","name":"Comment","target":["https:\/\/kibrisdakik.com\/?p=60803#respond"]}]},{"@type":"WebPage","@id":"https:\/\/kibrisdakik.com\/?p=60803","url":"https:\/\/kibrisdakik.com\/?p=60803","name":"Koopbank 65 ya\u015f\u0131nda\u2026 Genel M\u00fcd\u00fcr\u00fc Ataman vurgulad\u0131: \u201cBu \u00fclkeye olan borcumuzu, sorumluluklar\u0131m\u0131z\u0131 iyi biliyoruz\u201d -","isPartOf":{"@id":"https:\/\/kibrisdakik.com\/#website"},"primaryImageOfPage":{"@id":"https:\/\/kibrisdakik.com\/?p=60803#primaryimage"},"image":{"@id":"https:\/\/kibrisdakik.com\/?p=60803#primaryimage"},"thumbnailUrl":"https:\/\/kibrisdakik.com\/wp-content\/uploads\/2024\/09\/ataman-scaled-740x420.jpg","datePublished":"2024-09-09T16:22:36+00:00","author":{"@id":"https:\/\/kibrisdakik.com\/#\/schema\/person\/9cd9d437bbb44f72b73ba127e06d8e79"},"breadcrumb":{"@id":"https:\/\/kibrisdakik.com\/?p=60803#breadcrumb"},"inLanguage":"tr","potentialAction":[{"@type":"ReadAction","target":["https:\/\/kibrisdakik.com\/?p=60803"]}]},{"@type":"ImageObject","inLanguage":"tr","@id":"https:\/\/kibrisdakik.com\/?p=60803#primaryimage","url":"https:\/\/kibrisdakik.com\/wp-content\/uploads\/2024\/09\/ataman-scaled-740x420.jpg","contentUrl":"https:\/\/kibrisdakik.com\/wp-content\/uploads\/2024\/09\/ataman-scaled-740x420.jpg","width":2560,"height":1707},{"@type":"BreadcrumbList","@id":"https:\/\/kibrisdakik.com\/?p=60803#breadcrumb","itemListElement":[{"@type":"ListItem","position":1,"name":"Home","item":"https:\/\/kibrisdakik.com\/"},{"@type":"ListItem","position":2,"name":"Koopbank 65 ya\u015f\u0131nda\u2026 Genel M\u00fcd\u00fcr\u00fc Ataman vurgulad\u0131: \u201cBu \u00fclkeye olan borcumuzu, sorumluluklar\u0131m\u0131z\u0131 iyi biliyoruz\u201d"}]},{"@type":"WebSite","@id":"https:\/\/kibrisdakik.com\/#website","url":"https:\/\/kibrisdakik.com\/","name":"","description":"Tam vaktinde haber","potentialAction":[{"@type":"SearchAction","target":{"@type":"EntryPoint","urlTemplate":"https:\/\/kibrisdakik.com\/?s={search_term_string}"},"query-input":{"@type":"PropertyValueSpecification","valueRequired":true,"valueName":"search_term_string"}}],"inLanguage":"tr"},{"@type":"Person","@id":"https:\/\/kibrisdakik.com\/#\/schema\/person\/9cd9d437bbb44f72b73ba127e06d8e79","name":"admin","image":{"@type":"ImageObject","inLanguage":"tr","@id":"https:\/\/secure.gravatar.com\/avatar\/ccc17943b9d660506c869530f897617f7cb1c21a4bf30023f252596d83e1f007?s=96&d=mm&r=g","url":"https:\/\/secure.gravatar.com\/avatar\/ccc17943b9d660506c869530f897617f7cb1c21a4bf30023f252596d83e1f007?s=96&d=mm&r=g","contentUrl":"https:\/\/secure.gravatar.com\/avatar\/ccc17943b9d660506c869530f897617f7cb1c21a4bf30023f252596d83e1f007?s=96&d=mm&r=g","caption":"admin"},"sameAs":["https:\/\/kibrisdakik.com"],"url":"https:\/\/kibrisdakik.com\/?author=1"}]}},"_links":{"self":[{"href":"https:\/\/kibrisdakik.com\/index.php?rest_route=\/wp\/v2\/posts\/60803","targetHints":{"allow":["GET"]}}],"collection":[{"href":"https:\/\/kibrisdakik.com\/index.php?rest_route=\/wp\/v2\/posts"}],"about":[{"href":"https:\/\/kibrisdakik.com\/index.php?rest_route=\/wp\/v2\/types\/post"}],"author":[{"embeddable":true,"href":"https:\/\/kibrisdakik.com\/index.php?rest_route=\/wp\/v2\/users\/1"}],"replies":[{"embeddable":true,"href":"https:\/\/kibrisdakik.com\/index.php?rest_route=%2Fwp%2Fv2%2Fcomments&post=60803"}],"version-history":[{"count":0,"href":"https:\/\/kibrisdakik.com\/index.php?rest_route=\/wp\/v2\/posts\/60803\/revisions"}],"wp:featuredmedia":[{"embeddable":true,"href":"https:\/\/kibrisdakik.com\/index.php?rest_route=\/wp\/v2\/media\/60804"}],"wp:attachment":[{"href":"https:\/\/kibrisdakik.com\/index.php?rest_route=%2Fwp%2Fv2%2Fmedia&parent=60803"}],"wp:term":[{"taxonomy":"category","embeddable":true,"href":"https:\/\/kibrisdakik.com\/index.php?rest_route=%2Fwp%2Fv2%2Fcategories&post=60803"},{"taxonomy":"post_tag","embeddable":true,"href":"https:\/\/kibrisdakik.com\/index.php?rest_route=%2Fwp%2Fv2%2Ftags&post=60803"}],"curies":[{"name":"wp","href":"https:\/\/api.w.org\/{rel}","templated":true}]}}