{"id":60827,"date":"2024-09-09T21:33:31","date_gmt":"2024-09-09T18:33:31","guid":{"rendered":"https:\/\/kibrisdakik.com\/index.php\/2024\/09\/09\/zinedine-zidane-sahalara-geri-donuyor-iste-calistiracagi-takim\/"},"modified":"2024-09-09T21:33:31","modified_gmt":"2024-09-09T18:33:31","slug":"zinedine-zidane-sahalara-geri-donuyor-iste-calistiracagi-takim","status":"publish","type":"post","link":"https:\/\/kibrisdakik.com\/?p=60827","title":{"rendered":"Zinedine Zidane sahalara geri d\u00f6n\u00fcyor! \u0130\u015fte \u00e7al\u0131\u015ft\u0131raca\u011f\u0131 tak\u0131m"},"content":{"rendered":"<p><img decoding=\"async\" src=\"https:\/\/foto.haberler.com\/haber\/2024\/09\/09\/zinedine-zidane-sahalara-geri-donuyor-iste-17803856_1266_amp.jpg\" \/><\/p>\n<div id=\"\">\n<p> <a class=\"keyword\" href=\"https:\/\/www.haberler.com\/real-madrid\/\" title=\"Real Madrid Haberleri, Real Madrid Haberi, Real Madrid Haber\"><strong>Real Madrid<\/strong><\/a>&#8216;den ayr\u0131ld\u0131ktan sonra uzun s\u00fcre teknik direkt\u00f6rl\u00fck yapmayan Zinedine Zidane&#8217;nin yeni adresi hakk\u0131nda s\u00fcrpriz bir iddia ortaya at\u0131ld\u0131. Fransa Milli Tak\u0131m\u0131&#8217;n\u0131n ba\u015f\u0131na ge\u00e7meyi hayal eden Zidane, bunu ger\u00e7ekle\u015ftirememi\u015fti.<\/p>\n<h3>MANCHESTER UNITED&#8217;\u0130N BA\u015eINA GE\u00c7EB\u0130L\u0130R<\/h3>\n<p>\u0130ngiltere bas\u0131n\u0131ndan Mirror Football&#8217;un haberine g\u00f6re; Manchester United&#8217;\u0131n en b\u00fcy\u00fck yat\u0131r\u0131mc\u0131lar\u0131ndan birisi olan \u0130ngiliz milyarder Jim Ratcliffe, Zinedine Zidane&#8217;\u0131 K\u0131rm\u0131z\u0131 \u015eeytanlar&#8217;\u0131n bir sonraki teknik direkt\u00f6r\u00fc olarak g\u00f6rmek istiyor. Frans\u0131z teknik adam\u0131n Manchester&#8217;a geli\u015finin sadece devrim niteli\u011finde kalmayaca\u011f\u0131, ayn\u0131 zamanda uzun zamand\u0131r \u015fampiyonluk i\u00e7in rekabet etmeyi bekleyen taraftarlar\u0131n beklentilerini de art\u0131raca\u011f\u0131 \u00f6ne s\u00fcr\u00fcld\u00fc. <\/p>\n<h3>ERIK TEN HAG \u0130\u00c7\u0130N S\u00dcRE BA\u015eLADI<\/h3>\n<p>\u00d6te yandan Manchester United&#8217;in mevcut teknik direkt\u00f6r\u00fc Erik Ten Hag&#8217;a s\u00fcre verildi. Hollandal\u0131 \u00e7al\u0131\u015ft\u0131r\u0131c\u0131n\u0131n \u00f6n\u00fcm\u00fczdeki haftalarda g\u00f6sterece\u011fi performans\u0131n bu karara var\u0131l\u0131p var\u0131lmayaca\u011f\u0131 konusunda \u00f6nemli oldu\u011fu aktar\u0131ld\u0131.<\/p>\n<h3>ZIDANE&#8217;N\u0130N SON PERFORMANSI<\/h3>\n<p>Teknik direkt\u00f6r olarak en son 2018-2021 y\u0131llar\u0131 aras\u0131nda Real Madrid&#8217;de g\u00f6rev alan Frans\u0131z isim, burada \u00e7\u0131kt\u0131\u011f\u0131 114 ma\u00e7ta; 69 galibiyet, 25 beraberlik ve 20 ma\u011flubiyet alarak 2.04 ma\u00e7 ba\u015f\u0131 puan ortalamas\u0131 yakalam\u0131\u015ft\u0131. Zinedine Zidane&#8217;nin m\u00fczesinde 3&#8217;\u00fc \u015eampiyonlar Ligi olmak \u00fczere toplam 11 adet kupa bulunyor.<\/p>\n<div class=\"editorSade\">Kaynak: Haberler.com \/  <a href=\"https:\/\/www.haberler.com\/spor\/\" title=\"Spor Haberleri\">Spor<\/a> <\/div>\n<h4 id=\"nwsKeywords\"> <a href=\"https:\/\/www.haberler.com\/manchester-united\/\" title=\"Manchester United\" class=\"hbptTag\">Manchester United<\/a>  <a href=\"https:\/\/www.haberler.com\/zinedine-zidane\/\" title=\"Zinedine Zidane\" class=\"hbptTag\">Zinedine Zidane<\/a>  <a href=\"https:\/\/www.haberler.com\/real-madrid\/\" title=\"Real Madrid\" class=\"hbptTag\">Real Madrid<\/a> <\/h4>\n<\/div>\n","protected":false},"excerpt":{"rendered":"<p>Real Madrid&#8216;den ayr\u0131ld\u0131ktan sonra uzun s\u00fcre teknik direkt\u00f6rl\u00fck yapmayan Zinedine Zidane&#8217;nin yeni adresi hakk\u0131nda s\u00fcrpriz bir iddia ortaya at\u0131ld\u0131. Fransa Milli Tak\u0131m\u0131&#8217;n\u0131n ba\u015f\u0131na ge\u00e7meyi hayal eden Zidane, bunu ger\u00e7ekle\u015ftirememi\u015fti. MANCHESTER UNITED&#8217;\u0130N BA\u015eINA GE\u00c7EB\u0130L\u0130R \u0130ngiltere bas\u0131n\u0131ndan Mirror Football&#8217;un haberine g\u00f6re; Manchester United&#8217;\u0131n en b\u00fcy\u00fck yat\u0131r\u0131mc\u0131lar\u0131ndan birisi olan \u0130ngiliz milyarder Jim Ratcliffe, Zinedine Zidane&#8217;\u0131 K\u0131rm\u0131z\u0131 \u015eeytanlar&#8217;\u0131n bir<\/p>\n","protected":false},"author":1,"featured_media":60828,"comment_status":"open","ping_status":"open","sticky":false,"template":"","format":"standard","meta":{"footnotes":""},"categories":[83],"tags":[],"class_list":["post-60827","post","type-post","status-publish","format-standard","has-post-thumbnail","hentry","category-magazin"],"yoast_head":"<!-- This site is optimized with the Yoast SEO plugin v27.4 - https:\/\/yoast.com\/product\/yoast-seo-wordpress\/ -->\n<title>Zinedine Zidane sahalara geri d\u00f6n\u00fcyor! \u0130\u015fte \u00e7al\u0131\u015ft\u0131raca\u011f\u0131 tak\u0131m -<\/title>\n<meta name=\"robots\" content=\"index, follow, max-snippet:-1, max-image-preview:large, max-video-preview:-1\" \/>\n<link rel=\"canonical\" href=\"https:\/\/kibrisdakik.com\/?p=60827\" \/>\n<meta property=\"og:locale\" content=\"tr_TR\" \/>\n<meta property=\"og:type\" content=\"article\" \/>\n<meta property=\"og:title\" content=\"Zinedine Zidane sahalara geri d\u00f6n\u00fcyor! \u0130\u015fte \u00e7al\u0131\u015ft\u0131raca\u011f\u0131 tak\u0131m -\" \/>\n<meta property=\"og:description\" content=\"Real Madrid&#8216;den ayr\u0131ld\u0131ktan sonra uzun s\u00fcre teknik direkt\u00f6rl\u00fck yapmayan Zinedine Zidane&#8217;nin yeni adresi hakk\u0131nda s\u00fcrpriz bir iddia ortaya at\u0131ld\u0131. Fransa Milli Tak\u0131m\u0131&#8217;n\u0131n ba\u015f\u0131na ge\u00e7meyi hayal eden Zidane, bunu ger\u00e7ekle\u015ftirememi\u015fti. MANCHESTER UNITED&#8217;\u0130N BA\u015eINA GE\u00c7EB\u0130L\u0130R \u0130ngiltere bas\u0131n\u0131ndan Mirror Football&#8217;un haberine g\u00f6re; Manchester United&#8217;\u0131n en b\u00fcy\u00fck yat\u0131r\u0131mc\u0131lar\u0131ndan birisi olan \u0130ngiliz milyarder Jim Ratcliffe, Zinedine Zidane&#8217;\u0131 K\u0131rm\u0131z\u0131 \u015eeytanlar&#8217;\u0131n bir\" \/>\n<meta property=\"og:url\" content=\"https:\/\/kibrisdakik.com\/?p=60827\" \/>\n<meta property=\"article:published_time\" content=\"2024-09-09T18:33:31+00:00\" \/>\n<meta property=\"og:image\" content=\"https:\/\/kibrisdakik.com\/wp-content\/uploads\/2024\/09\/zinedine-zidane-sahalara-geri-donuyor-iste-17803856_1266_amp.jpg\" \/>\n\t<meta property=\"og:image:width\" content=\"1202\" \/>\n\t<meta property=\"og:image:height\" content=\"675\" \/>\n\t<meta property=\"og:image:type\" content=\"image\/jpeg\" \/>\n<meta name=\"author\" content=\"admin\" \/>\n<meta name=\"twitter:card\" content=\"summary_large_image\" \/>\n<meta name=\"twitter:label1\" content=\"Yazan:\" \/>\n\t<meta name=\"twitter:data1\" content=\"admin\" \/>\n\t<meta name=\"twitter:label2\" content=\"Tahmini okuma s\u00fcresi\" \/>\n\t<meta name=\"twitter:data2\" content=\"1 dakika\" \/>\n<script type=\"application\/ld+json\" class=\"yoast-schema-graph\">{\"@context\":\"https:\\\/\\\/schema.org\",\"@graph\":[{\"@type\":\"Article\",\"@id\":\"https:\\\/\\\/kibrisdakik.com\\\/?p=60827#article\",\"isPartOf\":{\"@id\":\"https:\\\/\\\/kibrisdakik.com\\\/?p=60827\"},\"author\":{\"name\":\"admin\",\"@id\":\"https:\\\/\\\/kibrisdakik.com\\\/#\\\/schema\\\/person\\\/9cd9d437bbb44f72b73ba127e06d8e79\"},\"headline\":\"Zinedine Zidane sahalara geri d\u00f6n\u00fcyor! \u0130\u015fte \u00e7al\u0131\u015ft\u0131raca\u011f\u0131 tak\u0131m\",\"datePublished\":\"2024-09-09T18:33:31+00:00\",\"mainEntityOfPage\":{\"@id\":\"https:\\\/\\\/kibrisdakik.com\\\/?p=60827\"},\"wordCount\":258,\"commentCount\":0,\"image\":{\"@id\":\"https:\\\/\\\/kibrisdakik.com\\\/?p=60827#primaryimage\"},\"thumbnailUrl\":\"https:\\\/\\\/kibrisdakik.com\\\/wp-content\\\/uploads\\\/2024\\\/09\\\/zinedine-zidane-sahalara-geri-donuyor-iste-17803856_1266_amp.jpg\",\"articleSection\":[\"Magazin\"],\"inLanguage\":\"tr\",\"potentialAction\":[{\"@type\":\"CommentAction\",\"name\":\"Comment\",\"target\":[\"https:\\\/\\\/kibrisdakik.com\\\/?p=60827#respond\"]}]},{\"@type\":\"WebPage\",\"@id\":\"https:\\\/\\\/kibrisdakik.com\\\/?p=60827\",\"url\":\"https:\\\/\\\/kibrisdakik.com\\\/?p=60827\",\"name\":\"Zinedine Zidane sahalara geri d\u00f6n\u00fcyor! \u0130\u015fte \u00e7al\u0131\u015ft\u0131raca\u011f\u0131 tak\u0131m -\",\"isPartOf\":{\"@id\":\"https:\\\/\\\/kibrisdakik.com\\\/#website\"},\"primaryImageOfPage\":{\"@id\":\"https:\\\/\\\/kibrisdakik.com\\\/?p=60827#primaryimage\"},\"image\":{\"@id\":\"https:\\\/\\\/kibrisdakik.com\\\/?p=60827#primaryimage\"},\"thumbnailUrl\":\"https:\\\/\\\/kibrisdakik.com\\\/wp-content\\\/uploads\\\/2024\\\/09\\\/zinedine-zidane-sahalara-geri-donuyor-iste-17803856_1266_amp.jpg\",\"datePublished\":\"2024-09-09T18:33:31+00:00\",\"author\":{\"@id\":\"https:\\\/\\\/kibrisdakik.com\\\/#\\\/schema\\\/person\\\/9cd9d437bbb44f72b73ba127e06d8e79\"},\"breadcrumb\":{\"@id\":\"https:\\\/\\\/kibrisdakik.com\\\/?p=60827#breadcrumb\"},\"inLanguage\":\"tr\",\"potentialAction\":[{\"@type\":\"ReadAction\",\"target\":[\"https:\\\/\\\/kibrisdakik.com\\\/?p=60827\"]}]},{\"@type\":\"ImageObject\",\"inLanguage\":\"tr\",\"@id\":\"https:\\\/\\\/kibrisdakik.com\\\/?p=60827#primaryimage\",\"url\":\"https:\\\/\\\/kibrisdakik.com\\\/wp-content\\\/uploads\\\/2024\\\/09\\\/zinedine-zidane-sahalara-geri-donuyor-iste-17803856_1266_amp.jpg\",\"contentUrl\":\"https:\\\/\\\/kibrisdakik.com\\\/wp-content\\\/uploads\\\/2024\\\/09\\\/zinedine-zidane-sahalara-geri-donuyor-iste-17803856_1266_amp.jpg\",\"width\":1202,\"height\":675},{\"@type\":\"BreadcrumbList\",\"@id\":\"https:\\\/\\\/kibrisdakik.com\\\/?p=60827#breadcrumb\",\"itemListElement\":[{\"@type\":\"ListItem\",\"position\":1,\"name\":\"Home\",\"item\":\"https:\\\/\\\/kibrisdakik.com\\\/\"},{\"@type\":\"ListItem\",\"position\":2,\"name\":\"Zinedine Zidane sahalara geri d\u00f6n\u00fcyor! \u0130\u015fte \u00e7al\u0131\u015ft\u0131raca\u011f\u0131 tak\u0131m\"}]},{\"@type\":\"WebSite\",\"@id\":\"https:\\\/\\\/kibrisdakik.com\\\/#website\",\"url\":\"https:\\\/\\\/kibrisdakik.com\\\/\",\"name\":\"\",\"description\":\"Tam vaktinde haber\",\"potentialAction\":[{\"@type\":\"SearchAction\",\"target\":{\"@type\":\"EntryPoint\",\"urlTemplate\":\"https:\\\/\\\/kibrisdakik.com\\\/?s={search_term_string}\"},\"query-input\":{\"@type\":\"PropertyValueSpecification\",\"valueRequired\":true,\"valueName\":\"search_term_string\"}}],\"inLanguage\":\"tr\"},{\"@type\":\"Person\",\"@id\":\"https:\\\/\\\/kibrisdakik.com\\\/#\\\/schema\\\/person\\\/9cd9d437bbb44f72b73ba127e06d8e79\",\"name\":\"admin\",\"image\":{\"@type\":\"ImageObject\",\"inLanguage\":\"tr\",\"@id\":\"https:\\\/\\\/secure.gravatar.com\\\/avatar\\\/ccc17943b9d660506c869530f897617f7cb1c21a4bf30023f252596d83e1f007?s=96&d=mm&r=g\",\"url\":\"https:\\\/\\\/secure.gravatar.com\\\/avatar\\\/ccc17943b9d660506c869530f897617f7cb1c21a4bf30023f252596d83e1f007?s=96&d=mm&r=g\",\"contentUrl\":\"https:\\\/\\\/secure.gravatar.com\\\/avatar\\\/ccc17943b9d660506c869530f897617f7cb1c21a4bf30023f252596d83e1f007?s=96&d=mm&r=g\",\"caption\":\"admin\"},\"sameAs\":[\"https:\\\/\\\/kibrisdakik.com\"],\"url\":\"https:\\\/\\\/kibrisdakik.com\\\/?author=1\"}]}<\/script>\n<!-- \/ Yoast SEO plugin. -->","yoast_head_json":{"title":"Zinedine Zidane sahalara geri d\u00f6n\u00fcyor! \u0130\u015fte \u00e7al\u0131\u015ft\u0131raca\u011f\u0131 tak\u0131m -","robots":{"index":"index","follow":"follow","max-snippet":"max-snippet:-1","max-image-preview":"max-image-preview:large","max-video-preview":"max-video-preview:-1"},"canonical":"https:\/\/kibrisdakik.com\/?p=60827","og_locale":"tr_TR","og_type":"article","og_title":"Zinedine Zidane sahalara geri d\u00f6n\u00fcyor! \u0130\u015fte \u00e7al\u0131\u015ft\u0131raca\u011f\u0131 tak\u0131m -","og_description":"Real Madrid&#8216;den ayr\u0131ld\u0131ktan sonra uzun s\u00fcre teknik direkt\u00f6rl\u00fck yapmayan Zinedine Zidane&#8217;nin yeni adresi hakk\u0131nda s\u00fcrpriz bir iddia ortaya at\u0131ld\u0131. Fransa Milli Tak\u0131m\u0131&#8217;n\u0131n ba\u015f\u0131na ge\u00e7meyi hayal eden Zidane, bunu ger\u00e7ekle\u015ftirememi\u015fti. MANCHESTER UNITED&#8217;\u0130N BA\u015eINA GE\u00c7EB\u0130L\u0130R \u0130ngiltere bas\u0131n\u0131ndan Mirror Football&#8217;un haberine g\u00f6re; Manchester United&#8217;\u0131n en b\u00fcy\u00fck yat\u0131r\u0131mc\u0131lar\u0131ndan birisi olan \u0130ngiliz milyarder Jim Ratcliffe, Zinedine Zidane&#8217;\u0131 K\u0131rm\u0131z\u0131 \u015eeytanlar&#8217;\u0131n bir","og_url":"https:\/\/kibrisdakik.com\/?p=60827","article_published_time":"2024-09-09T18:33:31+00:00","og_image":[{"width":1202,"height":675,"url":"https:\/\/kibrisdakik.com\/wp-content\/uploads\/2024\/09\/zinedine-zidane-sahalara-geri-donuyor-iste-17803856_1266_amp.jpg","type":"image\/jpeg"}],"author":"admin","twitter_card":"summary_large_image","twitter_misc":{"Yazan:":"admin","Tahmini okuma s\u00fcresi":"1 dakika"},"schema":{"@context":"https:\/\/schema.org","@graph":[{"@type":"Article","@id":"https:\/\/kibrisdakik.com\/?p=60827#article","isPartOf":{"@id":"https:\/\/kibrisdakik.com\/?p=60827"},"author":{"name":"admin","@id":"https:\/\/kibrisdakik.com\/#\/schema\/person\/9cd9d437bbb44f72b73ba127e06d8e79"},"headline":"Zinedine Zidane sahalara geri d\u00f6n\u00fcyor! \u0130\u015fte \u00e7al\u0131\u015ft\u0131raca\u011f\u0131 tak\u0131m","datePublished":"2024-09-09T18:33:31+00:00","mainEntityOfPage":{"@id":"https:\/\/kibrisdakik.com\/?p=60827"},"wordCount":258,"commentCount":0,"image":{"@id":"https:\/\/kibrisdakik.com\/?p=60827#primaryimage"},"thumbnailUrl":"https:\/\/kibrisdakik.com\/wp-content\/uploads\/2024\/09\/zinedine-zidane-sahalara-geri-donuyor-iste-17803856_1266_amp.jpg","articleSection":["Magazin"],"inLanguage":"tr","potentialAction":[{"@type":"CommentAction","name":"Comment","target":["https:\/\/kibrisdakik.com\/?p=60827#respond"]}]},{"@type":"WebPage","@id":"https:\/\/kibrisdakik.com\/?p=60827","url":"https:\/\/kibrisdakik.com\/?p=60827","name":"Zinedine Zidane sahalara geri d\u00f6n\u00fcyor! \u0130\u015fte \u00e7al\u0131\u015ft\u0131raca\u011f\u0131 tak\u0131m -","isPartOf":{"@id":"https:\/\/kibrisdakik.com\/#website"},"primaryImageOfPage":{"@id":"https:\/\/kibrisdakik.com\/?p=60827#primaryimage"},"image":{"@id":"https:\/\/kibrisdakik.com\/?p=60827#primaryimage"},"thumbnailUrl":"https:\/\/kibrisdakik.com\/wp-content\/uploads\/2024\/09\/zinedine-zidane-sahalara-geri-donuyor-iste-17803856_1266_amp.jpg","datePublished":"2024-09-09T18:33:31+00:00","author":{"@id":"https:\/\/kibrisdakik.com\/#\/schema\/person\/9cd9d437bbb44f72b73ba127e06d8e79"},"breadcrumb":{"@id":"https:\/\/kibrisdakik.com\/?p=60827#breadcrumb"},"inLanguage":"tr","potentialAction":[{"@type":"ReadAction","target":["https:\/\/kibrisdakik.com\/?p=60827"]}]},{"@type":"ImageObject","inLanguage":"tr","@id":"https:\/\/kibrisdakik.com\/?p=60827#primaryimage","url":"https:\/\/kibrisdakik.com\/wp-content\/uploads\/2024\/09\/zinedine-zidane-sahalara-geri-donuyor-iste-17803856_1266_amp.jpg","contentUrl":"https:\/\/kibrisdakik.com\/wp-content\/uploads\/2024\/09\/zinedine-zidane-sahalara-geri-donuyor-iste-17803856_1266_amp.jpg","width":1202,"height":675},{"@type":"BreadcrumbList","@id":"https:\/\/kibrisdakik.com\/?p=60827#breadcrumb","itemListElement":[{"@type":"ListItem","position":1,"name":"Home","item":"https:\/\/kibrisdakik.com\/"},{"@type":"ListItem","position":2,"name":"Zinedine Zidane sahalara geri d\u00f6n\u00fcyor! \u0130\u015fte \u00e7al\u0131\u015ft\u0131raca\u011f\u0131 tak\u0131m"}]},{"@type":"WebSite","@id":"https:\/\/kibrisdakik.com\/#website","url":"https:\/\/kibrisdakik.com\/","name":"","description":"Tam vaktinde haber","potentialAction":[{"@type":"SearchAction","target":{"@type":"EntryPoint","urlTemplate":"https:\/\/kibrisdakik.com\/?s={search_term_string}"},"query-input":{"@type":"PropertyValueSpecification","valueRequired":true,"valueName":"search_term_string"}}],"inLanguage":"tr"},{"@type":"Person","@id":"https:\/\/kibrisdakik.com\/#\/schema\/person\/9cd9d437bbb44f72b73ba127e06d8e79","name":"admin","image":{"@type":"ImageObject","inLanguage":"tr","@id":"https:\/\/secure.gravatar.com\/avatar\/ccc17943b9d660506c869530f897617f7cb1c21a4bf30023f252596d83e1f007?s=96&d=mm&r=g","url":"https:\/\/secure.gravatar.com\/avatar\/ccc17943b9d660506c869530f897617f7cb1c21a4bf30023f252596d83e1f007?s=96&d=mm&r=g","contentUrl":"https:\/\/secure.gravatar.com\/avatar\/ccc17943b9d660506c869530f897617f7cb1c21a4bf30023f252596d83e1f007?s=96&d=mm&r=g","caption":"admin"},"sameAs":["https:\/\/kibrisdakik.com"],"url":"https:\/\/kibrisdakik.com\/?author=1"}]}},"_links":{"self":[{"href":"https:\/\/kibrisdakik.com\/index.php?rest_route=\/wp\/v2\/posts\/60827","targetHints":{"allow":["GET"]}}],"collection":[{"href":"https:\/\/kibrisdakik.com\/index.php?rest_route=\/wp\/v2\/posts"}],"about":[{"href":"https:\/\/kibrisdakik.com\/index.php?rest_route=\/wp\/v2\/types\/post"}],"author":[{"embeddable":true,"href":"https:\/\/kibrisdakik.com\/index.php?rest_route=\/wp\/v2\/users\/1"}],"replies":[{"embeddable":true,"href":"https:\/\/kibrisdakik.com\/index.php?rest_route=%2Fwp%2Fv2%2Fcomments&post=60827"}],"version-history":[{"count":0,"href":"https:\/\/kibrisdakik.com\/index.php?rest_route=\/wp\/v2\/posts\/60827\/revisions"}],"wp:featuredmedia":[{"embeddable":true,"href":"https:\/\/kibrisdakik.com\/index.php?rest_route=\/wp\/v2\/media\/60828"}],"wp:attachment":[{"href":"https:\/\/kibrisdakik.com\/index.php?rest_route=%2Fwp%2Fv2%2Fmedia&parent=60827"}],"wp:term":[{"taxonomy":"category","embeddable":true,"href":"https:\/\/kibrisdakik.com\/index.php?rest_route=%2Fwp%2Fv2%2Fcategories&post=60827"},{"taxonomy":"post_tag","embeddable":true,"href":"https:\/\/kibrisdakik.com\/index.php?rest_route=%2Fwp%2Fv2%2Ftags&post=60827"}],"curies":[{"name":"wp","href":"https:\/\/api.w.org\/{rel}","templated":true}]}}