{"id":60829,"date":"2024-09-09T19:56:54","date_gmt":"2024-09-09T16:56:54","guid":{"rendered":"https:\/\/kibrisdakik.com\/index.php\/2024\/09\/09\/avcilarda-kaybolan-13-yasindaki-sevda-bulundu-emniyetteki-ifadesinden-sonra-babasi-gozaltina-alindi\/"},"modified":"2024-09-09T19:56:54","modified_gmt":"2024-09-09T16:56:54","slug":"avcilarda-kaybolan-13-yasindaki-sevda-bulundu-emniyetteki-ifadesinden-sonra-babasi-gozaltina-alindi","status":"publish","type":"post","link":"https:\/\/kibrisdakik.com\/?p=60829","title":{"rendered":"Avc\u0131lar&#8217;da kaybolan 13 ya\u015f\u0131ndaki Sevda bulundu! Emniyetteki ifadesinden sonra babas\u0131 g\u00f6zalt\u0131na al\u0131nd\u0131"},"content":{"rendered":"<p><\/p>\n<div id=\"\">\n<p>Ge\u00e7ti\u011fimiz Cuma g\u00fcn\u00fc annesiyle okul al\u0131\u015fveri\u015fi yaparken kaybolan 13 ya\u015f\u0131ndaki  <a class=\"keyword\" href=\"https:\/\/www.haberler.com\/sevda-yilmaz\/\" title=\"Sevda Y\u0131lmaz Haberleri, Sevda Y\u0131lmaz Haberi, Sevda Y\u0131lmaz Haber\"><strong>Sevda Y\u0131lmaz<\/strong><\/a>, 3 g\u00fcn sonra bulundu. Emniyette ifade veren k\u00fc\u00e7\u00fck k\u0131z ailesinin kendisini dilendi\u011fini ve \u015fiddete u\u011frad\u0131\u011f\u0131n\u0131 s\u00f6yledi. <\/p>\n<h3>OKUL ALI\u015eVER\u0130\u015e\u0130 YAPARKEN KAYBOLDU<\/h3>\n<p> <a class=\"keyword\" href=\"https:\/\/www.haberler.com\/avcilar\/\" title=\"Avc\u0131lar Haberleri, Avc\u0131lar Haberi, Avc\u0131lar Haber\"><strong>Avc\u0131lar<\/strong><\/a> Ye\u015filkent Mahallesi&#8217;nde dedesi Erol Y\u0131lmaz ve anneannesiyle ya\u015fayan 13 ya\u015f\u0131ndaki  <a class=\"keyword\" href=\"https:\/\/www.haberler.com\/sevda-yilmaz\/\" title=\"Sevda Y\u0131lmaz Haberleri, Sevda Y\u0131lmaz Haberi, Sevda Y\u0131lmaz Haber\"><strong>Sevda Y\u0131lmaz<\/strong><\/a>, cuma g\u00fcn\u00fc annesiyle gitti\u011fi okul al\u0131\u015fveri\u015fi sonras\u0131 kayboldu. Torunundan 3 g\u00fcnd\u00fcr  <a class=\"keyword\" href=\"https:\/\/www.haberler.com\/\" title=\"Haber, Haberler\"><strong>haber<\/strong><\/a> alamayan Erol Y\u0131lmaz, durumu polise bildirdi. Kay\u0131p ihbar\u0131n\u0131n ard\u0131ndan \u00e7al\u0131\u015fma ba\u015flatan ekipler, Sevda Y\u0131lmaz ve d\u00fcn evden ka\u00e7t\u0131\u011f\u0131 \u00f6\u011frenilen 14 ya\u015f\u0131ndaki M.G.S.&#8217;yi Kad\u0131k\u00f6y&#8217;de buldu. Emniyetteki i\u015flemleri s\u0131ras\u0131nda Avc\u0131lar&#8217;daki evine d\u00f6nmek istemedi\u011fini; dilendirildi\u011fini ve \u015fiddet g\u00f6rd\u00fc\u011f\u00fcn\u00fc s\u00f6yleyen Sevda Y\u0131lmaz, ailesine teslim edilmeyerek Sosyal Hizmetler M\u00fcd\u00fcrl\u00fc\u011f\u00fc&#8217;nde koruma alt\u0131na al\u0131nd\u0131. \u00d6te yandan Sevda Y\u0131lmaz&#8217;\u0131n emniyetteki i\u015flemleri s\u0131ras\u0131nda M.G.S. ile 16 ya\u015f\u0131ndaki a\u011fabeyi E.Y.&#8217;yi zorla evlendirilmek istendi\u011fini s\u00f6yledi\u011fi \u00f6\u011frenildi.<\/p>\n<h3>BABA G\u00d6ZALTINA ALINDI<\/h3>\n<p>Bir televizyon program\u0131nda kat\u0131lan baba S.Y. canl\u0131 yay\u0131n s\u0131ras\u0131nda k\u0131z\u0131n\u0131n bulundu\u011fun \u00f6\u011frendi. Yay\u0131n s\u0131ras\u0131nda k\u0131z\u0131n\u0131n polise verdi\u011fi, &#8216;Beni ve arkada\u015f\u0131m Medine&#8217;yi zorla dilendirmek istiyorlard\u0131. Birlikte evden ka\u00e7t\u0131\u011f\u0131m arkada\u015f\u0131m Medine&#8217;yi a\u011fabeyim ile evlendirmek istiyorlar&#8221; \u015feklindeki iddialar\u0131n\u0131 duyan baba, ayakta durmakta zorland\u0131. K\u0131z\u0131n\u0131n iddialar\u0131 \u00fczerine baba S.Y. g\u00f6zalt\u0131na al\u0131n\u0131rken ekiplerin soru\u015fturmas\u0131 devam ediyor.<\/p>\n<p><img loading=\"lazy\" decoding=\"async\" class=\"hbptMainImage lazyload ImgDetay\" src=\"https:\/\/foto.haberler.com\/haber\/2024\/09\/09\/avcilar-da-kaybolan-13-yasindaki-sevda-bulundu-17803596_9169_m.jpg\" alt=\"Avc\u0131lar'da kaybolan 13 ya\u015f\u0131ndaki Sevda bulundu! Emniyetteki ifadesinden sonra babas\u0131 g\u00f6zalt\u0131na al\u0131nd\u0131\" width=\"640\" height=\"360\"\/><\/p>\n<p><img loading=\"lazy\" decoding=\"async\" class=\"hbptMainImage lazyload ImgDetay\" src=\"https:\/\/foto.haberler.com\/haber\/2024\/09\/09\/avcilar-da-kaybolan-13-yasindaki-sevda-bulundu-17803596_1206_m.jpg\" alt=\"Avc\u0131lar'da kaybolan 13 ya\u015f\u0131ndaki Sevda bulundu! Emniyetteki ifadesinden sonra babas\u0131 g\u00f6zalt\u0131na al\u0131nd\u0131\" width=\"640\" height=\"360\"\/><\/p>\n<p><img loading=\"lazy\" decoding=\"async\" class=\"hbptMainImage lazyload ImgDetay\" src=\"https:\/\/foto.haberler.com\/haber\/2024\/09\/09\/avcilar-da-kaybolan-13-yasindaki-sevda-bulundu-17803596_3532_m.jpg\" alt=\"Avc\u0131lar'da kaybolan 13 ya\u015f\u0131ndaki Sevda bulundu! Emniyetteki ifadesinden sonra babas\u0131 g\u00f6zalt\u0131na al\u0131nd\u0131\" width=\"640\" height=\"360\"\/><\/p>\n<p><img loading=\"lazy\" decoding=\"async\" class=\"hbptMainImage lazyload ImgDetay\" src=\"https:\/\/foto.haberler.com\/haber\/2024\/09\/09\/avcilar-da-kaybolan-13-yasindaki-sevda-bulundu-17803596_3212_m.jpg\" alt=\"Avc\u0131lar'da kaybolan 13 ya\u015f\u0131ndaki Sevda bulundu! Emniyetteki ifadesinden sonra babas\u0131 g\u00f6zalt\u0131na al\u0131nd\u0131\" width=\"640\" height=\"360\"\/><\/p>\n<figure class=\"type:primaryimage hbhOrder\" style=\"margin-bottom: 20px;\"><img loading=\"lazy\" decoding=\"async\" width=\"1202\" height=\"675\" class=\"hbptMainImage\" id=\"HaberImage\" src=\"https:\/\/foto.haberler.com\/resize\/601x337\/haber\/2024\/09\/09\/avcilar-da-kaybolan-13-yasindaki-sevda-bulundu-17803596_6208_amp.jpg\"\/><\/figure>\n<div class=\"editorSade\">Kaynak: \u0130hlas Haber Ajans\u0131 \/  <a href=\"https:\/\/www.haberler.com\/3-sayfa\/\" title=\"3.Sayfa Haberleri\">3.Sayfa<\/a> <\/div>\n<h4 id=\"nwsKeywords\"> <a href=\"https:\/\/www.haberler.com\/aile-ici-siddet\/\" title=\"Aile \u0130\u00e7i \u015eiddet\" class=\"hbptTag\">Aile \u0130\u00e7i \u015eiddet<\/a>  <a href=\"https:\/\/www.haberler.com\/sevda-yilmaz\/\" title=\"Sevda Y\u0131lmaz\" class=\"hbptTag\">Sevda Y\u0131lmaz<\/a>  <a href=\"https:\/\/www.haberler.com\/kadikoy\/\" title=\"Kad\u0131k\u00f6y\" class=\"hbptTag\">Kad\u0131k\u00f6y<\/a>  <a href=\"https:\/\/www.haberler.com\/avcilar\/\" title=\"Avc\u0131lar\" class=\"hbptTag\">Avc\u0131lar<\/a>  <a href=\"https:\/\/www.haberler.com\/3-sayfa\/\" title=\"3-sayfa\" class=\"hbptTag\">3-sayfa<\/a>  <a href=\"https:\/\/www.haberler.com\/guncel\/\" title=\"G\u00fcncel\" class=\"hbptTag\">G\u00fcncel<\/a>  <a href=\"https:\/\/www.haberler.com\/polis\/\" title=\"Polis\" class=\"hbptTag\">Polis<\/a>  <a href=\"https:\/\/www.haberler.com\/baba\/\" title=\"Baba\" class=\"hbptTag\">Baba<\/a> <\/h4>\n<\/div>\n","protected":false},"excerpt":{"rendered":"<p>Ge\u00e7ti\u011fimiz Cuma g\u00fcn\u00fc annesiyle okul al\u0131\u015fveri\u015fi yaparken kaybolan 13 ya\u015f\u0131ndaki Sevda Y\u0131lmaz, 3 g\u00fcn sonra bulundu. Emniyette ifade veren k\u00fc\u00e7\u00fck k\u0131z ailesinin kendisini dilendi\u011fini ve \u015fiddete u\u011frad\u0131\u011f\u0131n\u0131 s\u00f6yledi. OKUL ALI\u015eVER\u0130\u015e\u0130 YAPARKEN KAYBOLDU Avc\u0131lar Ye\u015filkent Mahallesi&#8217;nde dedesi Erol Y\u0131lmaz ve anneannesiyle ya\u015fayan 13 ya\u015f\u0131ndaki Sevda Y\u0131lmaz, cuma g\u00fcn\u00fc annesiyle gitti\u011fi okul al\u0131\u015fveri\u015fi sonras\u0131 kayboldu. Torunundan 3<\/p>\n","protected":false},"author":1,"featured_media":60830,"comment_status":"open","ping_status":"open","sticky":false,"template":"","format":"standard","meta":{"footnotes":""},"categories":[83],"tags":[],"class_list":["post-60829","post","type-post","status-publish","format-standard","has-post-thumbnail","hentry","category-magazin"],"yoast_head":"<!-- This site is optimized with the Yoast SEO plugin v27.4 - https:\/\/yoast.com\/product\/yoast-seo-wordpress\/ -->\n<title>Avc\u0131lar&#039;da kaybolan 13 ya\u015f\u0131ndaki Sevda bulundu! Emniyetteki ifadesinden sonra babas\u0131 g\u00f6zalt\u0131na al\u0131nd\u0131 -<\/title>\n<meta name=\"robots\" content=\"index, follow, max-snippet:-1, max-image-preview:large, max-video-preview:-1\" \/>\n<link rel=\"canonical\" href=\"https:\/\/kibrisdakik.com\/?p=60829\" \/>\n<meta property=\"og:locale\" content=\"tr_TR\" \/>\n<meta property=\"og:type\" content=\"article\" \/>\n<meta property=\"og:title\" content=\"Avc\u0131lar&#039;da kaybolan 13 ya\u015f\u0131ndaki Sevda bulundu! Emniyetteki ifadesinden sonra babas\u0131 g\u00f6zalt\u0131na al\u0131nd\u0131 -\" \/>\n<meta property=\"og:description\" content=\"Ge\u00e7ti\u011fimiz Cuma g\u00fcn\u00fc annesiyle okul al\u0131\u015fveri\u015fi yaparken kaybolan 13 ya\u015f\u0131ndaki Sevda Y\u0131lmaz, 3 g\u00fcn sonra bulundu. Emniyette ifade veren k\u00fc\u00e7\u00fck k\u0131z ailesinin kendisini dilendi\u011fini ve \u015fiddete u\u011frad\u0131\u011f\u0131n\u0131 s\u00f6yledi. OKUL ALI\u015eVER\u0130\u015e\u0130 YAPARKEN KAYBOLDU Avc\u0131lar Ye\u015filkent Mahallesi&#8217;nde dedesi Erol Y\u0131lmaz ve anneannesiyle ya\u015fayan 13 ya\u015f\u0131ndaki Sevda Y\u0131lmaz, cuma g\u00fcn\u00fc annesiyle gitti\u011fi okul al\u0131\u015fveri\u015fi sonras\u0131 kayboldu. Torunundan 3\" \/>\n<meta property=\"og:url\" content=\"https:\/\/kibrisdakik.com\/?p=60829\" \/>\n<meta property=\"article:published_time\" content=\"2024-09-09T16:56:54+00:00\" \/>\n<meta property=\"og:image\" content=\"https:\/\/kibrisdakik.com\/wp-content\/uploads\/2024\/09\/avcilar-da-kaybolan-13-yasindaki-sevda-bulundu-17803596_9169_m.jpg\" \/>\n\t<meta property=\"og:image:width\" content=\"640\" \/>\n\t<meta property=\"og:image:height\" content=\"360\" \/>\n\t<meta property=\"og:image:type\" content=\"image\/jpeg\" \/>\n<meta name=\"author\" content=\"admin\" \/>\n<meta name=\"twitter:card\" content=\"summary_large_image\" \/>\n<meta name=\"twitter:label1\" content=\"Yazan:\" \/>\n\t<meta name=\"twitter:data1\" content=\"admin\" \/>\n\t<meta name=\"twitter:label2\" content=\"Tahmini okuma s\u00fcresi\" \/>\n\t<meta name=\"twitter:data2\" content=\"1 dakika\" \/>\n<script type=\"application\/ld+json\" class=\"yoast-schema-graph\">{\"@context\":\"https:\\\/\\\/schema.org\",\"@graph\":[{\"@type\":\"Article\",\"@id\":\"https:\\\/\\\/kibrisdakik.com\\\/?p=60829#article\",\"isPartOf\":{\"@id\":\"https:\\\/\\\/kibrisdakik.com\\\/?p=60829\"},\"author\":{\"name\":\"admin\",\"@id\":\"https:\\\/\\\/kibrisdakik.com\\\/#\\\/schema\\\/person\\\/9cd9d437bbb44f72b73ba127e06d8e79\"},\"headline\":\"Avc\u0131lar&#8217;da kaybolan 13 ya\u015f\u0131ndaki Sevda bulundu! Emniyetteki ifadesinden sonra babas\u0131 g\u00f6zalt\u0131na al\u0131nd\u0131\",\"datePublished\":\"2024-09-09T16:56:54+00:00\",\"mainEntityOfPage\":{\"@id\":\"https:\\\/\\\/kibrisdakik.com\\\/?p=60829\"},\"wordCount\":313,\"commentCount\":0,\"image\":{\"@id\":\"https:\\\/\\\/kibrisdakik.com\\\/?p=60829#primaryimage\"},\"thumbnailUrl\":\"https:\\\/\\\/kibrisdakik.com\\\/wp-content\\\/uploads\\\/2024\\\/09\\\/avcilar-da-kaybolan-13-yasindaki-sevda-bulundu-17803596_9169_m.jpg\",\"articleSection\":[\"Magazin\"],\"inLanguage\":\"tr\",\"potentialAction\":[{\"@type\":\"CommentAction\",\"name\":\"Comment\",\"target\":[\"https:\\\/\\\/kibrisdakik.com\\\/?p=60829#respond\"]}]},{\"@type\":\"WebPage\",\"@id\":\"https:\\\/\\\/kibrisdakik.com\\\/?p=60829\",\"url\":\"https:\\\/\\\/kibrisdakik.com\\\/?p=60829\",\"name\":\"Avc\u0131lar'da kaybolan 13 ya\u015f\u0131ndaki Sevda bulundu! Emniyetteki ifadesinden sonra babas\u0131 g\u00f6zalt\u0131na al\u0131nd\u0131 -\",\"isPartOf\":{\"@id\":\"https:\\\/\\\/kibrisdakik.com\\\/#website\"},\"primaryImageOfPage\":{\"@id\":\"https:\\\/\\\/kibrisdakik.com\\\/?p=60829#primaryimage\"},\"image\":{\"@id\":\"https:\\\/\\\/kibrisdakik.com\\\/?p=60829#primaryimage\"},\"thumbnailUrl\":\"https:\\\/\\\/kibrisdakik.com\\\/wp-content\\\/uploads\\\/2024\\\/09\\\/avcilar-da-kaybolan-13-yasindaki-sevda-bulundu-17803596_9169_m.jpg\",\"datePublished\":\"2024-09-09T16:56:54+00:00\",\"author\":{\"@id\":\"https:\\\/\\\/kibrisdakik.com\\\/#\\\/schema\\\/person\\\/9cd9d437bbb44f72b73ba127e06d8e79\"},\"breadcrumb\":{\"@id\":\"https:\\\/\\\/kibrisdakik.com\\\/?p=60829#breadcrumb\"},\"inLanguage\":\"tr\",\"potentialAction\":[{\"@type\":\"ReadAction\",\"target\":[\"https:\\\/\\\/kibrisdakik.com\\\/?p=60829\"]}]},{\"@type\":\"ImageObject\",\"inLanguage\":\"tr\",\"@id\":\"https:\\\/\\\/kibrisdakik.com\\\/?p=60829#primaryimage\",\"url\":\"https:\\\/\\\/kibrisdakik.com\\\/wp-content\\\/uploads\\\/2024\\\/09\\\/avcilar-da-kaybolan-13-yasindaki-sevda-bulundu-17803596_9169_m.jpg\",\"contentUrl\":\"https:\\\/\\\/kibrisdakik.com\\\/wp-content\\\/uploads\\\/2024\\\/09\\\/avcilar-da-kaybolan-13-yasindaki-sevda-bulundu-17803596_9169_m.jpg\",\"width\":640,\"height\":360},{\"@type\":\"BreadcrumbList\",\"@id\":\"https:\\\/\\\/kibrisdakik.com\\\/?p=60829#breadcrumb\",\"itemListElement\":[{\"@type\":\"ListItem\",\"position\":1,\"name\":\"Home\",\"item\":\"https:\\\/\\\/kibrisdakik.com\\\/\"},{\"@type\":\"ListItem\",\"position\":2,\"name\":\"Avc\u0131lar&#8217;da kaybolan 13 ya\u015f\u0131ndaki Sevda bulundu! Emniyetteki ifadesinden sonra babas\u0131 g\u00f6zalt\u0131na al\u0131nd\u0131\"}]},{\"@type\":\"WebSite\",\"@id\":\"https:\\\/\\\/kibrisdakik.com\\\/#website\",\"url\":\"https:\\\/\\\/kibrisdakik.com\\\/\",\"name\":\"\",\"description\":\"Tam vaktinde haber\",\"potentialAction\":[{\"@type\":\"SearchAction\",\"target\":{\"@type\":\"EntryPoint\",\"urlTemplate\":\"https:\\\/\\\/kibrisdakik.com\\\/?s={search_term_string}\"},\"query-input\":{\"@type\":\"PropertyValueSpecification\",\"valueRequired\":true,\"valueName\":\"search_term_string\"}}],\"inLanguage\":\"tr\"},{\"@type\":\"Person\",\"@id\":\"https:\\\/\\\/kibrisdakik.com\\\/#\\\/schema\\\/person\\\/9cd9d437bbb44f72b73ba127e06d8e79\",\"name\":\"admin\",\"image\":{\"@type\":\"ImageObject\",\"inLanguage\":\"tr\",\"@id\":\"https:\\\/\\\/secure.gravatar.com\\\/avatar\\\/ccc17943b9d660506c869530f897617f7cb1c21a4bf30023f252596d83e1f007?s=96&d=mm&r=g\",\"url\":\"https:\\\/\\\/secure.gravatar.com\\\/avatar\\\/ccc17943b9d660506c869530f897617f7cb1c21a4bf30023f252596d83e1f007?s=96&d=mm&r=g\",\"contentUrl\":\"https:\\\/\\\/secure.gravatar.com\\\/avatar\\\/ccc17943b9d660506c869530f897617f7cb1c21a4bf30023f252596d83e1f007?s=96&d=mm&r=g\",\"caption\":\"admin\"},\"sameAs\":[\"https:\\\/\\\/kibrisdakik.com\"],\"url\":\"https:\\\/\\\/kibrisdakik.com\\\/?author=1\"}]}<\/script>\n<!-- \/ Yoast SEO plugin. -->","yoast_head_json":{"title":"Avc\u0131lar'da kaybolan 13 ya\u015f\u0131ndaki Sevda bulundu! Emniyetteki ifadesinden sonra babas\u0131 g\u00f6zalt\u0131na al\u0131nd\u0131 -","robots":{"index":"index","follow":"follow","max-snippet":"max-snippet:-1","max-image-preview":"max-image-preview:large","max-video-preview":"max-video-preview:-1"},"canonical":"https:\/\/kibrisdakik.com\/?p=60829","og_locale":"tr_TR","og_type":"article","og_title":"Avc\u0131lar'da kaybolan 13 ya\u015f\u0131ndaki Sevda bulundu! Emniyetteki ifadesinden sonra babas\u0131 g\u00f6zalt\u0131na al\u0131nd\u0131 -","og_description":"Ge\u00e7ti\u011fimiz Cuma g\u00fcn\u00fc annesiyle okul al\u0131\u015fveri\u015fi yaparken kaybolan 13 ya\u015f\u0131ndaki Sevda Y\u0131lmaz, 3 g\u00fcn sonra bulundu. Emniyette ifade veren k\u00fc\u00e7\u00fck k\u0131z ailesinin kendisini dilendi\u011fini ve \u015fiddete u\u011frad\u0131\u011f\u0131n\u0131 s\u00f6yledi. OKUL ALI\u015eVER\u0130\u015e\u0130 YAPARKEN KAYBOLDU Avc\u0131lar Ye\u015filkent Mahallesi&#8217;nde dedesi Erol Y\u0131lmaz ve anneannesiyle ya\u015fayan 13 ya\u015f\u0131ndaki Sevda Y\u0131lmaz, cuma g\u00fcn\u00fc annesiyle gitti\u011fi okul al\u0131\u015fveri\u015fi sonras\u0131 kayboldu. Torunundan 3","og_url":"https:\/\/kibrisdakik.com\/?p=60829","article_published_time":"2024-09-09T16:56:54+00:00","og_image":[{"width":640,"height":360,"url":"https:\/\/kibrisdakik.com\/wp-content\/uploads\/2024\/09\/avcilar-da-kaybolan-13-yasindaki-sevda-bulundu-17803596_9169_m.jpg","type":"image\/jpeg"}],"author":"admin","twitter_card":"summary_large_image","twitter_misc":{"Yazan:":"admin","Tahmini okuma s\u00fcresi":"1 dakika"},"schema":{"@context":"https:\/\/schema.org","@graph":[{"@type":"Article","@id":"https:\/\/kibrisdakik.com\/?p=60829#article","isPartOf":{"@id":"https:\/\/kibrisdakik.com\/?p=60829"},"author":{"name":"admin","@id":"https:\/\/kibrisdakik.com\/#\/schema\/person\/9cd9d437bbb44f72b73ba127e06d8e79"},"headline":"Avc\u0131lar&#8217;da kaybolan 13 ya\u015f\u0131ndaki Sevda bulundu! Emniyetteki ifadesinden sonra babas\u0131 g\u00f6zalt\u0131na al\u0131nd\u0131","datePublished":"2024-09-09T16:56:54+00:00","mainEntityOfPage":{"@id":"https:\/\/kibrisdakik.com\/?p=60829"},"wordCount":313,"commentCount":0,"image":{"@id":"https:\/\/kibrisdakik.com\/?p=60829#primaryimage"},"thumbnailUrl":"https:\/\/kibrisdakik.com\/wp-content\/uploads\/2024\/09\/avcilar-da-kaybolan-13-yasindaki-sevda-bulundu-17803596_9169_m.jpg","articleSection":["Magazin"],"inLanguage":"tr","potentialAction":[{"@type":"CommentAction","name":"Comment","target":["https:\/\/kibrisdakik.com\/?p=60829#respond"]}]},{"@type":"WebPage","@id":"https:\/\/kibrisdakik.com\/?p=60829","url":"https:\/\/kibrisdakik.com\/?p=60829","name":"Avc\u0131lar'da kaybolan 13 ya\u015f\u0131ndaki Sevda bulundu! Emniyetteki ifadesinden sonra babas\u0131 g\u00f6zalt\u0131na al\u0131nd\u0131 -","isPartOf":{"@id":"https:\/\/kibrisdakik.com\/#website"},"primaryImageOfPage":{"@id":"https:\/\/kibrisdakik.com\/?p=60829#primaryimage"},"image":{"@id":"https:\/\/kibrisdakik.com\/?p=60829#primaryimage"},"thumbnailUrl":"https:\/\/kibrisdakik.com\/wp-content\/uploads\/2024\/09\/avcilar-da-kaybolan-13-yasindaki-sevda-bulundu-17803596_9169_m.jpg","datePublished":"2024-09-09T16:56:54+00:00","author":{"@id":"https:\/\/kibrisdakik.com\/#\/schema\/person\/9cd9d437bbb44f72b73ba127e06d8e79"},"breadcrumb":{"@id":"https:\/\/kibrisdakik.com\/?p=60829#breadcrumb"},"inLanguage":"tr","potentialAction":[{"@type":"ReadAction","target":["https:\/\/kibrisdakik.com\/?p=60829"]}]},{"@type":"ImageObject","inLanguage":"tr","@id":"https:\/\/kibrisdakik.com\/?p=60829#primaryimage","url":"https:\/\/kibrisdakik.com\/wp-content\/uploads\/2024\/09\/avcilar-da-kaybolan-13-yasindaki-sevda-bulundu-17803596_9169_m.jpg","contentUrl":"https:\/\/kibrisdakik.com\/wp-content\/uploads\/2024\/09\/avcilar-da-kaybolan-13-yasindaki-sevda-bulundu-17803596_9169_m.jpg","width":640,"height":360},{"@type":"BreadcrumbList","@id":"https:\/\/kibrisdakik.com\/?p=60829#breadcrumb","itemListElement":[{"@type":"ListItem","position":1,"name":"Home","item":"https:\/\/kibrisdakik.com\/"},{"@type":"ListItem","position":2,"name":"Avc\u0131lar&#8217;da kaybolan 13 ya\u015f\u0131ndaki Sevda bulundu! Emniyetteki ifadesinden sonra babas\u0131 g\u00f6zalt\u0131na al\u0131nd\u0131"}]},{"@type":"WebSite","@id":"https:\/\/kibrisdakik.com\/#website","url":"https:\/\/kibrisdakik.com\/","name":"","description":"Tam vaktinde haber","potentialAction":[{"@type":"SearchAction","target":{"@type":"EntryPoint","urlTemplate":"https:\/\/kibrisdakik.com\/?s={search_term_string}"},"query-input":{"@type":"PropertyValueSpecification","valueRequired":true,"valueName":"search_term_string"}}],"inLanguage":"tr"},{"@type":"Person","@id":"https:\/\/kibrisdakik.com\/#\/schema\/person\/9cd9d437bbb44f72b73ba127e06d8e79","name":"admin","image":{"@type":"ImageObject","inLanguage":"tr","@id":"https:\/\/secure.gravatar.com\/avatar\/ccc17943b9d660506c869530f897617f7cb1c21a4bf30023f252596d83e1f007?s=96&d=mm&r=g","url":"https:\/\/secure.gravatar.com\/avatar\/ccc17943b9d660506c869530f897617f7cb1c21a4bf30023f252596d83e1f007?s=96&d=mm&r=g","contentUrl":"https:\/\/secure.gravatar.com\/avatar\/ccc17943b9d660506c869530f897617f7cb1c21a4bf30023f252596d83e1f007?s=96&d=mm&r=g","caption":"admin"},"sameAs":["https:\/\/kibrisdakik.com"],"url":"https:\/\/kibrisdakik.com\/?author=1"}]}},"_links":{"self":[{"href":"https:\/\/kibrisdakik.com\/index.php?rest_route=\/wp\/v2\/posts\/60829","targetHints":{"allow":["GET"]}}],"collection":[{"href":"https:\/\/kibrisdakik.com\/index.php?rest_route=\/wp\/v2\/posts"}],"about":[{"href":"https:\/\/kibrisdakik.com\/index.php?rest_route=\/wp\/v2\/types\/post"}],"author":[{"embeddable":true,"href":"https:\/\/kibrisdakik.com\/index.php?rest_route=\/wp\/v2\/users\/1"}],"replies":[{"embeddable":true,"href":"https:\/\/kibrisdakik.com\/index.php?rest_route=%2Fwp%2Fv2%2Fcomments&post=60829"}],"version-history":[{"count":0,"href":"https:\/\/kibrisdakik.com\/index.php?rest_route=\/wp\/v2\/posts\/60829\/revisions"}],"wp:featuredmedia":[{"embeddable":true,"href":"https:\/\/kibrisdakik.com\/index.php?rest_route=\/wp\/v2\/media\/60830"}],"wp:attachment":[{"href":"https:\/\/kibrisdakik.com\/index.php?rest_route=%2Fwp%2Fv2%2Fmedia&parent=60829"}],"wp:term":[{"taxonomy":"category","embeddable":true,"href":"https:\/\/kibrisdakik.com\/index.php?rest_route=%2Fwp%2Fv2%2Fcategories&post=60829"},{"taxonomy":"post_tag","embeddable":true,"href":"https:\/\/kibrisdakik.com\/index.php?rest_route=%2Fwp%2Fv2%2Ftags&post=60829"}],"curies":[{"name":"wp","href":"https:\/\/api.w.org\/{rel}","templated":true}]}}