{"id":60858,"date":"2024-09-09T18:52:14","date_gmt":"2024-09-09T15:52:14","guid":{"rendered":"https:\/\/kibrisdakik.com\/index.php\/2024\/09\/09\/portekizde-cezaevinden-firar-eden-5-mahkum-icin-ulusal-ve-uluslararasi-alarm-verildi\/"},"modified":"2024-09-09T18:52:14","modified_gmt":"2024-09-09T15:52:14","slug":"portekizde-cezaevinden-firar-eden-5-mahkum-icin-ulusal-ve-uluslararasi-alarm-verildi","status":"publish","type":"post","link":"https:\/\/kibrisdakik.com\/?p=60858","title":{"rendered":"Portekiz\u2019de cezaevinden firar eden 5 mahkum i\u00e7in ulusal ve uluslararas\u0131 alarm verildi"},"content":{"rendered":"<p><\/p>\n<div>\n<div class=\"mariselle-image-container center\">\n                <img loading=\"lazy\" decoding=\"async\" width=\"1200\" height=\"628\" class=\"lazy-image\" alt=\"\" sizes=\"auto, (max-width: 1200px) 100vw, 1200px\" src=\"https:\/\/brtk.net\/wp-content\/uploads\/2024\/09\/09\/646464.jpeg?ver=5e45a650c2bcbe4cc8b6f4ef8e931e83\" srcset=\"https:\/\/brtk.net\/wp-content\/uploads\/2024\/09\/09\/646464.jpeg?ver=5e45a650c2bcbe4cc8b6f4ef8e931e83 1200w, https:\/\/brtk.net\/wp-content\/uploads\/2024\/09\/09\/646464-300x157.jpeg?ver=184fc29a30f9d03f830724da44b4584d 300w, https:\/\/brtk.net\/wp-content\/uploads\/2024\/09\/09\/646464-1024x536.jpeg?ver=184fc29a30f9d03f830724da44b4584d 1024w, https:\/\/brtk.net\/wp-content\/uploads\/2024\/09\/09\/646464-768x402.jpeg?ver=184fc29a30f9d03f830724da44b4584d 768w, https:\/\/brtk.net\/wp-content\/uploads\/2024\/09\/09\/646464-736x384.jpeg?ver=918754a4ca0b331c62c559fb297c5187 736w\"\/>                            <\/div>\n<p>Portekiz h\u00fck\u00fcmeti, 7 Eyl\u00fcl\u2019de Lizbon\u2019daki cezaevinden firar eden 5 mahkum i\u00e7in ulusal ve uluslararas\u0131 alarm verdi.<\/p>\n<p>\u0130\u00e7i\u015fleri Bakanl\u0131\u011f\u0131 G\u00fcvenlik Sistemi Genel Sekreteri Manuel Vieira, bas\u0131na yapt\u0131\u011f\u0131 a\u00e7\u0131klamada, ba\u015fkent Lizbon\u2019un 70 kilometre kuzeyinde bulunan Alcoentre yerle\u015fim yerindeki \u201cVale de Judeus Cezaevi\u201dnden ikisi Portekizli, biri Arjantinli, biri \u0130ngiliz ve biri G\u00fcrc\u00fc 5 mahkumun d\u0131\u015far\u0131dan ald\u0131klar\u0131 yard\u0131mla 7 Eyl\u00fcl\u2019de firar ettiklerini duyurdu.<\/p>\n<p>Haklar\u0131nda 7 ila 25 y\u0131l hapis cezas\u0131 bulunan h\u00fck\u00fcml\u00fclerin \u00e7ok tehlikeli olduklar\u0131n\u0131 kaydeden Vieira, \u00fclke i\u00e7indeki t\u00fcm g\u00fcvenlik sistemlerinin aktif duruma ge\u00e7irildi\u011fini, firariler hakk\u0131nda \u0130nterpol ve <a href=\"https:\/\/brtk.net\/\">Euro<\/a>pol\u2019a gerekli bilgi verilerek uluslararas\u0131 arama ve tutuklama emrinin \u00e7\u0131kar\u0131ld\u0131\u011f\u0131n\u0131 s\u00f6yledi.<\/p>\n<p>\u201c\u015eu anda hem ulusal hem de uluslararas\u0131 d\u00fczeyde bilginin dola\u015f\u0131m\u0131 konusunda olduk\u00e7a rahat\u0131z. Yap\u0131labilecek her \u015fey yap\u0131l\u0131yor.\u201d diyen Portekiz h\u00fck\u00fcmeti yetkilisi, \u015fu a\u015famada s\u0131n\u0131rlar\u0131n kapat\u0131lmas\u0131na gerek olmad\u0131\u011f\u0131n\u0131 vurgulad\u0131.<\/p>\n<p>\u201cUyu\u015fturucu ka\u00e7ak\u00e7\u0131l\u0131\u011f\u0131\u201d, \u201ckara para aklama\u201d, \u201ch\u0131rs\u0131zl\u0131k\u201d, \u201cadam ka\u00e7\u0131rma\u201d, \u201cgasp ve su\u00e7 \u00f6rg\u00fct\u00fc \u00fcyeli\u011fi\u201dnden h\u00fck\u00fcm giyen firari mahkumlar\u0131n kimlikleri Fernando Ribeiro Ferreira, Rodolf Jose Lohrmann, Mark Cameron Roscaleer, Fabio Fernandes Santos Loureiro ve Shergili Farjiani olarak a\u00e7\u0131kland\u0131.<\/p>\n<p>Portekiz Polis Te\u015fkilat\u0131 Genel M\u00fcd\u00fcr\u00fc Luis Neves de firari mahkumlar\u0131n \u00f6zg\u00fcrl\u00fck i\u00e7in her \u015feyi yapabilecekleri, tehlikeli ve \u015fiddete yatk\u0131n olduklar\u0131 uyar\u0131s\u0131nda bulundu.<\/p>\n<p>H\u00fck\u00fcml\u00fclerin cezaevinin duvar\u0131na d\u0131\u015far\u0131dan konulan merdiveni kullanarak firar ettikleri, cezaevi yetkilileri hakk\u0131ndaki soru\u015fturman\u0131n s\u00fcrd\u00fc\u011f\u00fc bilgisi payla\u015f\u0131ld\u0131.<\/p>\n<p>Vale de Judeus, uzun s\u00fcre h\u00fck\u00fcm giyen ve \u00e7ok say\u0131da yabanc\u0131 mahkumun da tutuldu\u011fu b\u00fcy\u00fck cezaevi olarak biliniyor.<\/p>\n<p>(AA\/RU\/YIL)<\/p>\n<\/p><\/div>\n<p><script async\n                    defer\n                    crossorigin=\"anonymous\"\n                    src=\"https:\/\/connect.facebook.net\/tr_TR\/sdk.js#xfbml=1&#038;version=v3.3\"\n            ><\/script><\/p>\n","protected":false},"excerpt":{"rendered":"<p>Portekiz h\u00fck\u00fcmeti, 7 Eyl\u00fcl\u2019de Lizbon\u2019daki cezaevinden firar eden 5 mahkum i\u00e7in ulusal ve uluslararas\u0131 alarm verdi. \u0130\u00e7i\u015fleri Bakanl\u0131\u011f\u0131 G\u00fcvenlik Sistemi Genel Sekreteri Manuel Vieira, bas\u0131na yapt\u0131\u011f\u0131 a\u00e7\u0131klamada, ba\u015fkent Lizbon\u2019un 70 kilometre kuzeyinde bulunan Alcoentre yerle\u015fim yerindeki \u201cVale de Judeus Cezaevi\u201dnden ikisi Portekizli, biri Arjantinli, biri \u0130ngiliz ve biri G\u00fcrc\u00fc 5 mahkumun d\u0131\u015far\u0131dan ald\u0131klar\u0131 yard\u0131mla 7<\/p>\n","protected":false},"author":1,"featured_media":60859,"comment_status":"open","ping_status":"open","sticky":false,"template":"","format":"standard","meta":{"footnotes":""},"categories":[1],"tags":[],"class_list":["post-60858","post","type-post","status-publish","format-standard","has-post-thumbnail","hentry","category-gundem"],"yoast_head":"<!-- This site is optimized with the Yoast SEO plugin v27.5 - https:\/\/yoast.com\/product\/yoast-seo-wordpress\/ -->\n<title>Portekiz\u2019de cezaevinden firar eden 5 mahkum i\u00e7in ulusal ve uluslararas\u0131 alarm verildi -<\/title>\n<meta name=\"robots\" content=\"index, follow, max-snippet:-1, max-image-preview:large, max-video-preview:-1\" \/>\n<link rel=\"canonical\" href=\"https:\/\/kibrisdakik.com\/?p=60858\" \/>\n<meta property=\"og:locale\" content=\"tr_TR\" \/>\n<meta property=\"og:type\" content=\"article\" \/>\n<meta property=\"og:title\" content=\"Portekiz\u2019de cezaevinden firar eden 5 mahkum i\u00e7in ulusal ve uluslararas\u0131 alarm verildi -\" \/>\n<meta property=\"og:description\" content=\"Portekiz h\u00fck\u00fcmeti, 7 Eyl\u00fcl\u2019de Lizbon\u2019daki cezaevinden firar eden 5 mahkum i\u00e7in ulusal ve uluslararas\u0131 alarm verdi. \u0130\u00e7i\u015fleri Bakanl\u0131\u011f\u0131 G\u00fcvenlik Sistemi Genel Sekreteri Manuel Vieira, bas\u0131na yapt\u0131\u011f\u0131 a\u00e7\u0131klamada, ba\u015fkent Lizbon\u2019un 70 kilometre kuzeyinde bulunan Alcoentre yerle\u015fim yerindeki \u201cVale de Judeus Cezaevi\u201dnden ikisi Portekizli, biri Arjantinli, biri \u0130ngiliz ve biri G\u00fcrc\u00fc 5 mahkumun d\u0131\u015far\u0131dan ald\u0131klar\u0131 yard\u0131mla 7\" \/>\n<meta property=\"og:url\" content=\"https:\/\/kibrisdakik.com\/?p=60858\" \/>\n<meta property=\"article:published_time\" content=\"2024-09-09T15:52:14+00:00\" \/>\n<meta property=\"og:image\" content=\"https:\/\/kibrisdakik.com\/wp-content\/uploads\/2024\/09\/646464-740x420.jpeg\" \/>\n\t<meta property=\"og:image:width\" content=\"1200\" \/>\n\t<meta property=\"og:image:height\" content=\"628\" \/>\n\t<meta property=\"og:image:type\" content=\"image\/jpeg\" \/>\n<meta name=\"author\" content=\"admin\" \/>\n<meta name=\"twitter:card\" content=\"summary_large_image\" \/>\n<meta name=\"twitter:label1\" content=\"Yazan:\" \/>\n\t<meta name=\"twitter:data1\" content=\"admin\" \/>\n\t<meta name=\"twitter:label2\" content=\"Tahmini okuma s\u00fcresi\" \/>\n\t<meta name=\"twitter:data2\" content=\"2 dakika\" \/>\n<script type=\"application\/ld+json\" class=\"yoast-schema-graph\">{\"@context\":\"https:\\\/\\\/schema.org\",\"@graph\":[{\"@type\":\"Article\",\"@id\":\"https:\\\/\\\/kibrisdakik.com\\\/?p=60858#article\",\"isPartOf\":{\"@id\":\"https:\\\/\\\/kibrisdakik.com\\\/?p=60858\"},\"author\":{\"name\":\"admin\",\"@id\":\"https:\\\/\\\/kibrisdakik.com\\\/#\\\/schema\\\/person\\\/9cd9d437bbb44f72b73ba127e06d8e79\"},\"headline\":\"Portekiz\u2019de cezaevinden firar eden 5 mahkum i\u00e7in ulusal ve uluslararas\u0131 alarm verildi\",\"datePublished\":\"2024-09-09T15:52:14+00:00\",\"mainEntityOfPage\":{\"@id\":\"https:\\\/\\\/kibrisdakik.com\\\/?p=60858\"},\"wordCount\":320,\"commentCount\":0,\"image\":{\"@id\":\"https:\\\/\\\/kibrisdakik.com\\\/?p=60858#primaryimage\"},\"thumbnailUrl\":\"https:\\\/\\\/kibrisdakik.com\\\/wp-content\\\/uploads\\\/2024\\\/09\\\/646464-740x420.jpeg\",\"articleSection\":[\"G\u00fcndem\"],\"inLanguage\":\"tr\",\"potentialAction\":[{\"@type\":\"CommentAction\",\"name\":\"Comment\",\"target\":[\"https:\\\/\\\/kibrisdakik.com\\\/?p=60858#respond\"]}]},{\"@type\":\"WebPage\",\"@id\":\"https:\\\/\\\/kibrisdakik.com\\\/?p=60858\",\"url\":\"https:\\\/\\\/kibrisdakik.com\\\/?p=60858\",\"name\":\"Portekiz\u2019de cezaevinden firar eden 5 mahkum i\u00e7in ulusal ve uluslararas\u0131 alarm verildi -\",\"isPartOf\":{\"@id\":\"https:\\\/\\\/kibrisdakik.com\\\/#website\"},\"primaryImageOfPage\":{\"@id\":\"https:\\\/\\\/kibrisdakik.com\\\/?p=60858#primaryimage\"},\"image\":{\"@id\":\"https:\\\/\\\/kibrisdakik.com\\\/?p=60858#primaryimage\"},\"thumbnailUrl\":\"https:\\\/\\\/kibrisdakik.com\\\/wp-content\\\/uploads\\\/2024\\\/09\\\/646464-740x420.jpeg\",\"datePublished\":\"2024-09-09T15:52:14+00:00\",\"author\":{\"@id\":\"https:\\\/\\\/kibrisdakik.com\\\/#\\\/schema\\\/person\\\/9cd9d437bbb44f72b73ba127e06d8e79\"},\"breadcrumb\":{\"@id\":\"https:\\\/\\\/kibrisdakik.com\\\/?p=60858#breadcrumb\"},\"inLanguage\":\"tr\",\"potentialAction\":[{\"@type\":\"ReadAction\",\"target\":[\"https:\\\/\\\/kibrisdakik.com\\\/?p=60858\"]}]},{\"@type\":\"ImageObject\",\"inLanguage\":\"tr\",\"@id\":\"https:\\\/\\\/kibrisdakik.com\\\/?p=60858#primaryimage\",\"url\":\"https:\\\/\\\/kibrisdakik.com\\\/wp-content\\\/uploads\\\/2024\\\/09\\\/646464-740x420.jpeg\",\"contentUrl\":\"https:\\\/\\\/kibrisdakik.com\\\/wp-content\\\/uploads\\\/2024\\\/09\\\/646464-740x420.jpeg\",\"width\":1200,\"height\":628},{\"@type\":\"BreadcrumbList\",\"@id\":\"https:\\\/\\\/kibrisdakik.com\\\/?p=60858#breadcrumb\",\"itemListElement\":[{\"@type\":\"ListItem\",\"position\":1,\"name\":\"Home\",\"item\":\"https:\\\/\\\/kibrisdakik.com\\\/\"},{\"@type\":\"ListItem\",\"position\":2,\"name\":\"Portekiz\u2019de cezaevinden firar eden 5 mahkum i\u00e7in ulusal ve uluslararas\u0131 alarm verildi\"}]},{\"@type\":\"WebSite\",\"@id\":\"https:\\\/\\\/kibrisdakik.com\\\/#website\",\"url\":\"https:\\\/\\\/kibrisdakik.com\\\/\",\"name\":\"\",\"description\":\"Tam vaktinde haber\",\"potentialAction\":[{\"@type\":\"SearchAction\",\"target\":{\"@type\":\"EntryPoint\",\"urlTemplate\":\"https:\\\/\\\/kibrisdakik.com\\\/?s={search_term_string}\"},\"query-input\":{\"@type\":\"PropertyValueSpecification\",\"valueRequired\":true,\"valueName\":\"search_term_string\"}}],\"inLanguage\":\"tr\"},{\"@type\":\"Person\",\"@id\":\"https:\\\/\\\/kibrisdakik.com\\\/#\\\/schema\\\/person\\\/9cd9d437bbb44f72b73ba127e06d8e79\",\"name\":\"admin\",\"image\":{\"@type\":\"ImageObject\",\"inLanguage\":\"tr\",\"@id\":\"https:\\\/\\\/secure.gravatar.com\\\/avatar\\\/ccc17943b9d660506c869530f897617f7cb1c21a4bf30023f252596d83e1f007?s=96&d=mm&r=g\",\"url\":\"https:\\\/\\\/secure.gravatar.com\\\/avatar\\\/ccc17943b9d660506c869530f897617f7cb1c21a4bf30023f252596d83e1f007?s=96&d=mm&r=g\",\"contentUrl\":\"https:\\\/\\\/secure.gravatar.com\\\/avatar\\\/ccc17943b9d660506c869530f897617f7cb1c21a4bf30023f252596d83e1f007?s=96&d=mm&r=g\",\"caption\":\"admin\"},\"sameAs\":[\"https:\\\/\\\/kibrisdakik.com\"],\"url\":\"https:\\\/\\\/kibrisdakik.com\\\/?author=1\"}]}<\/script>\n<!-- \/ Yoast SEO plugin. -->","yoast_head_json":{"title":"Portekiz\u2019de cezaevinden firar eden 5 mahkum i\u00e7in ulusal ve uluslararas\u0131 alarm verildi -","robots":{"index":"index","follow":"follow","max-snippet":"max-snippet:-1","max-image-preview":"max-image-preview:large","max-video-preview":"max-video-preview:-1"},"canonical":"https:\/\/kibrisdakik.com\/?p=60858","og_locale":"tr_TR","og_type":"article","og_title":"Portekiz\u2019de cezaevinden firar eden 5 mahkum i\u00e7in ulusal ve uluslararas\u0131 alarm verildi -","og_description":"Portekiz h\u00fck\u00fcmeti, 7 Eyl\u00fcl\u2019de Lizbon\u2019daki cezaevinden firar eden 5 mahkum i\u00e7in ulusal ve uluslararas\u0131 alarm verdi. \u0130\u00e7i\u015fleri Bakanl\u0131\u011f\u0131 G\u00fcvenlik Sistemi Genel Sekreteri Manuel Vieira, bas\u0131na yapt\u0131\u011f\u0131 a\u00e7\u0131klamada, ba\u015fkent Lizbon\u2019un 70 kilometre kuzeyinde bulunan Alcoentre yerle\u015fim yerindeki \u201cVale de Judeus Cezaevi\u201dnden ikisi Portekizli, biri Arjantinli, biri \u0130ngiliz ve biri G\u00fcrc\u00fc 5 mahkumun d\u0131\u015far\u0131dan ald\u0131klar\u0131 yard\u0131mla 7","og_url":"https:\/\/kibrisdakik.com\/?p=60858","article_published_time":"2024-09-09T15:52:14+00:00","og_image":[{"width":1200,"height":628,"url":"https:\/\/kibrisdakik.com\/wp-content\/uploads\/2024\/09\/646464-740x420.jpeg","type":"image\/jpeg"}],"author":"admin","twitter_card":"summary_large_image","twitter_misc":{"Yazan:":"admin","Tahmini okuma s\u00fcresi":"2 dakika"},"schema":{"@context":"https:\/\/schema.org","@graph":[{"@type":"Article","@id":"https:\/\/kibrisdakik.com\/?p=60858#article","isPartOf":{"@id":"https:\/\/kibrisdakik.com\/?p=60858"},"author":{"name":"admin","@id":"https:\/\/kibrisdakik.com\/#\/schema\/person\/9cd9d437bbb44f72b73ba127e06d8e79"},"headline":"Portekiz\u2019de cezaevinden firar eden 5 mahkum i\u00e7in ulusal ve uluslararas\u0131 alarm verildi","datePublished":"2024-09-09T15:52:14+00:00","mainEntityOfPage":{"@id":"https:\/\/kibrisdakik.com\/?p=60858"},"wordCount":320,"commentCount":0,"image":{"@id":"https:\/\/kibrisdakik.com\/?p=60858#primaryimage"},"thumbnailUrl":"https:\/\/kibrisdakik.com\/wp-content\/uploads\/2024\/09\/646464-740x420.jpeg","articleSection":["G\u00fcndem"],"inLanguage":"tr","potentialAction":[{"@type":"CommentAction","name":"Comment","target":["https:\/\/kibrisdakik.com\/?p=60858#respond"]}]},{"@type":"WebPage","@id":"https:\/\/kibrisdakik.com\/?p=60858","url":"https:\/\/kibrisdakik.com\/?p=60858","name":"Portekiz\u2019de cezaevinden firar eden 5 mahkum i\u00e7in ulusal ve uluslararas\u0131 alarm verildi -","isPartOf":{"@id":"https:\/\/kibrisdakik.com\/#website"},"primaryImageOfPage":{"@id":"https:\/\/kibrisdakik.com\/?p=60858#primaryimage"},"image":{"@id":"https:\/\/kibrisdakik.com\/?p=60858#primaryimage"},"thumbnailUrl":"https:\/\/kibrisdakik.com\/wp-content\/uploads\/2024\/09\/646464-740x420.jpeg","datePublished":"2024-09-09T15:52:14+00:00","author":{"@id":"https:\/\/kibrisdakik.com\/#\/schema\/person\/9cd9d437bbb44f72b73ba127e06d8e79"},"breadcrumb":{"@id":"https:\/\/kibrisdakik.com\/?p=60858#breadcrumb"},"inLanguage":"tr","potentialAction":[{"@type":"ReadAction","target":["https:\/\/kibrisdakik.com\/?p=60858"]}]},{"@type":"ImageObject","inLanguage":"tr","@id":"https:\/\/kibrisdakik.com\/?p=60858#primaryimage","url":"https:\/\/kibrisdakik.com\/wp-content\/uploads\/2024\/09\/646464-740x420.jpeg","contentUrl":"https:\/\/kibrisdakik.com\/wp-content\/uploads\/2024\/09\/646464-740x420.jpeg","width":1200,"height":628},{"@type":"BreadcrumbList","@id":"https:\/\/kibrisdakik.com\/?p=60858#breadcrumb","itemListElement":[{"@type":"ListItem","position":1,"name":"Home","item":"https:\/\/kibrisdakik.com\/"},{"@type":"ListItem","position":2,"name":"Portekiz\u2019de cezaevinden firar eden 5 mahkum i\u00e7in ulusal ve uluslararas\u0131 alarm verildi"}]},{"@type":"WebSite","@id":"https:\/\/kibrisdakik.com\/#website","url":"https:\/\/kibrisdakik.com\/","name":"","description":"Tam vaktinde haber","potentialAction":[{"@type":"SearchAction","target":{"@type":"EntryPoint","urlTemplate":"https:\/\/kibrisdakik.com\/?s={search_term_string}"},"query-input":{"@type":"PropertyValueSpecification","valueRequired":true,"valueName":"search_term_string"}}],"inLanguage":"tr"},{"@type":"Person","@id":"https:\/\/kibrisdakik.com\/#\/schema\/person\/9cd9d437bbb44f72b73ba127e06d8e79","name":"admin","image":{"@type":"ImageObject","inLanguage":"tr","@id":"https:\/\/secure.gravatar.com\/avatar\/ccc17943b9d660506c869530f897617f7cb1c21a4bf30023f252596d83e1f007?s=96&d=mm&r=g","url":"https:\/\/secure.gravatar.com\/avatar\/ccc17943b9d660506c869530f897617f7cb1c21a4bf30023f252596d83e1f007?s=96&d=mm&r=g","contentUrl":"https:\/\/secure.gravatar.com\/avatar\/ccc17943b9d660506c869530f897617f7cb1c21a4bf30023f252596d83e1f007?s=96&d=mm&r=g","caption":"admin"},"sameAs":["https:\/\/kibrisdakik.com"],"url":"https:\/\/kibrisdakik.com\/?author=1"}]}},"_links":{"self":[{"href":"https:\/\/kibrisdakik.com\/index.php?rest_route=\/wp\/v2\/posts\/60858","targetHints":{"allow":["GET"]}}],"collection":[{"href":"https:\/\/kibrisdakik.com\/index.php?rest_route=\/wp\/v2\/posts"}],"about":[{"href":"https:\/\/kibrisdakik.com\/index.php?rest_route=\/wp\/v2\/types\/post"}],"author":[{"embeddable":true,"href":"https:\/\/kibrisdakik.com\/index.php?rest_route=\/wp\/v2\/users\/1"}],"replies":[{"embeddable":true,"href":"https:\/\/kibrisdakik.com\/index.php?rest_route=%2Fwp%2Fv2%2Fcomments&post=60858"}],"version-history":[{"count":0,"href":"https:\/\/kibrisdakik.com\/index.php?rest_route=\/wp\/v2\/posts\/60858\/revisions"}],"wp:featuredmedia":[{"embeddable":true,"href":"https:\/\/kibrisdakik.com\/index.php?rest_route=\/wp\/v2\/media\/60859"}],"wp:attachment":[{"href":"https:\/\/kibrisdakik.com\/index.php?rest_route=%2Fwp%2Fv2%2Fmedia&parent=60858"}],"wp:term":[{"taxonomy":"category","embeddable":true,"href":"https:\/\/kibrisdakik.com\/index.php?rest_route=%2Fwp%2Fv2%2Fcategories&post=60858"},{"taxonomy":"post_tag","embeddable":true,"href":"https:\/\/kibrisdakik.com\/index.php?rest_route=%2Fwp%2Fv2%2Ftags&post=60858"}],"curies":[{"name":"wp","href":"https:\/\/api.w.org\/{rel}","templated":true}]}}