{"id":60935,"date":"2024-09-10T11:45:30","date_gmt":"2024-09-10T08:45:30","guid":{"rendered":"https:\/\/kibrisdakik.com\/index.php\/2024\/09\/10\/sevda-demirel-narinin-olumu-sonrasi-seriat-cagrisi-yapti-tepkiler-cig-gibi\/"},"modified":"2024-09-10T11:45:30","modified_gmt":"2024-09-10T08:45:30","slug":"sevda-demirel-narinin-olumu-sonrasi-seriat-cagrisi-yapti-tepkiler-cig-gibi","status":"publish","type":"post","link":"https:\/\/kibrisdakik.com\/?p=60935","title":{"rendered":"Sevda Demirel, Narin&#8217;in \u00f6l\u00fcm\u00fc sonras\u0131 \u015feriat \u00e7a\u011fr\u0131s\u0131 yapt\u0131! Tepkiler \u00e7\u0131\u011f gibi"},"content":{"rendered":"<p><\/p>\n<div id=\"\">\n<p>Diyarbak\u0131r&#8217;\u0131n Ba\u011flar il\u00e7esinde ortadan kaybolan 8 ya\u015f\u0131ndaki Narin, kayb\u0131n\u0131n 19. g\u00fcn\u00fcnde cans\u0131z bedeni bir \u00e7uval\u0131n i\u00e7inde bulundu. \u00f6l\u00fcm\u00fcyle T\u00fcrkiye&#8217;ye yasa bo\u011fan Narin, d\u00fcn son yolculu\u011funa u\u011furland\u0131. Kat\u0131ld\u0131\u011f\u0131 bir t\u00f6rende konu\u015fan Sevda Demirel&#8217;in \u015feriat \u00e7a\u011fr\u0131s\u0131 tepkileri beraberinde getirdi.<\/p>\n<h3>&#8220;\u015eER\u0130ATI KABUL ED\u0130YORUM, YETER K\u0130 BU \u0130NSANLARI ASSINLAR&#8221;<\/h3>\n<p>Bir \u00f6d\u00fcl t\u00f6reninde  <a class=\"keyword\" href=\"https:\/\/www.haberler.com\/magazin\/\" title=\"Magazin, Magazin Haberleri, Magazin Haber\"><strong>Magazin<\/strong><\/a> Burada&#8217;ya konu\u015fan Sevda Demirel, Narin&#8217;in \u00f6l\u00fcm\u00fcyle ilgili &#8220;E\u011fer \u015feriat kanunlar\u0131 y\u00fcr\u00fcrl\u00fc\u011fe girecekse ben sonsuz kapanmaya haz\u0131r\u0131m yeter ki bunlar\u0131 ass\u0131nlar! Tabii ki \u00e7\u00f6z\u00fcm! \u00c7ok ciddi bir cayd\u0131r\u0131c\u0131l\u0131k. Ben \u015feriat, kapanmak vs. sonsuz kabul ediyorum. Yeter ki ass\u0131nlar, vin\u00e7le sallans\u0131nlar. Olmaz! Ne hayvanlara ne \u00e7ocuklara ne bebeklere! Yani bunlar ger\u00e7ekten insan de\u011fil bunlar. \u0130blisin \u00e7al\u0131\u015fanlar\u0131 bunlar, normal insan bunu yapmaz&#8221; ifadelerini kulland\u0131.<\/p>\n<h3>TEPK\u0130 YA\u011eIYOR <\/h3>\n<p>Sevda Demirel s\u00f6zlerinden dolay\u0131 k\u0131sa s\u00fcrede X g\u00fcndem listesine girdi. \u015eeriat \u00e7\u0131k\u0131\u015f\u0131ndan dolay\u0131 tepki \u00e7eken Demirel i\u00e7in &#8220;Akl\u0131 ba\u015f\u0131nda bir insan T\u00fcrkiye&#8217;de idam\u0131 nas\u0131l savunur&#8221; yorumlar\u0131 yap\u0131ld\u0131. <\/p>\n<div class=\"orderFlex\">\n<div class=\"hbptItem imgtxtarea\">\n<div class=\"hbptAuthorImg\"><img decoding=\"async\" class=\"lazyload imgelips\" src=\"https:\/\/foto.haberler.com\/genel\/editor\/2024\/01\/11\/editor--168911.jpg\" alt=\"Ecem Altan\"\/><\/div>\n<\/div>\n<\/div>\n<\/div>\n","protected":false},"excerpt":{"rendered":"<p>Diyarbak\u0131r&#8217;\u0131n Ba\u011flar il\u00e7esinde ortadan kaybolan 8 ya\u015f\u0131ndaki Narin, kayb\u0131n\u0131n 19. g\u00fcn\u00fcnde cans\u0131z bedeni bir \u00e7uval\u0131n i\u00e7inde bulundu. \u00f6l\u00fcm\u00fcyle T\u00fcrkiye&#8217;ye yasa bo\u011fan Narin, d\u00fcn son yolculu\u011funa u\u011furland\u0131. Kat\u0131ld\u0131\u011f\u0131 bir t\u00f6rende konu\u015fan Sevda Demirel&#8217;in \u015feriat \u00e7a\u011fr\u0131s\u0131 tepkileri beraberinde getirdi. &#8220;\u015eER\u0130ATI KABUL ED\u0130YORUM, YETER K\u0130 BU \u0130NSANLARI ASSINLAR&#8221; Bir \u00f6d\u00fcl t\u00f6reninde Magazin Burada&#8217;ya konu\u015fan Sevda Demirel, Narin&#8217;in \u00f6l\u00fcm\u00fcyle<\/p>\n","protected":false},"author":1,"featured_media":56915,"comment_status":"open","ping_status":"open","sticky":false,"template":"","format":"standard","meta":{"footnotes":""},"categories":[83],"tags":[],"class_list":["post-60935","post","type-post","status-publish","format-standard","has-post-thumbnail","hentry","category-magazin"],"yoast_head":"<!-- This site is optimized with the Yoast SEO plugin v27.5 - https:\/\/yoast.com\/product\/yoast-seo-wordpress\/ -->\n<title>Sevda Demirel, Narin&#039;in \u00f6l\u00fcm\u00fc sonras\u0131 \u015feriat \u00e7a\u011fr\u0131s\u0131 yapt\u0131! Tepkiler \u00e7\u0131\u011f gibi -<\/title>\n<meta name=\"robots\" content=\"index, follow, max-snippet:-1, max-image-preview:large, max-video-preview:-1\" \/>\n<link rel=\"canonical\" href=\"https:\/\/kibrisdakik.com\/?p=60935\" \/>\n<meta property=\"og:locale\" content=\"tr_TR\" \/>\n<meta property=\"og:type\" content=\"article\" \/>\n<meta property=\"og:title\" content=\"Sevda Demirel, Narin&#039;in \u00f6l\u00fcm\u00fc sonras\u0131 \u015feriat \u00e7a\u011fr\u0131s\u0131 yapt\u0131! Tepkiler \u00e7\u0131\u011f gibi -\" \/>\n<meta property=\"og:description\" content=\"Diyarbak\u0131r&#8217;\u0131n Ba\u011flar il\u00e7esinde ortadan kaybolan 8 ya\u015f\u0131ndaki Narin, kayb\u0131n\u0131n 19. g\u00fcn\u00fcnde cans\u0131z bedeni bir \u00e7uval\u0131n i\u00e7inde bulundu. \u00f6l\u00fcm\u00fcyle T\u00fcrkiye&#8217;ye yasa bo\u011fan Narin, d\u00fcn son yolculu\u011funa u\u011furland\u0131. Kat\u0131ld\u0131\u011f\u0131 bir t\u00f6rende konu\u015fan Sevda Demirel&#8217;in \u015feriat \u00e7a\u011fr\u0131s\u0131 tepkileri beraberinde getirdi. &#8220;\u015eER\u0130ATI KABUL ED\u0130YORUM, YETER K\u0130 BU \u0130NSANLARI ASSINLAR&#8221; Bir \u00f6d\u00fcl t\u00f6reninde Magazin Burada&#8217;ya konu\u015fan Sevda Demirel, Narin&#8217;in \u00f6l\u00fcm\u00fcyle\" \/>\n<meta property=\"og:url\" content=\"https:\/\/kibrisdakik.com\/?p=60935\" \/>\n<meta property=\"article:published_time\" content=\"2024-09-10T08:45:30+00:00\" \/>\n<meta property=\"og:image\" content=\"https:\/\/kibrisdakik.com\/wp-content\/uploads\/2024\/08\/1724648396_editor-168911.jpg\" \/>\n\t<meta property=\"og:image:width\" content=\"196\" \/>\n\t<meta property=\"og:image:height\" content=\"196\" \/>\n\t<meta property=\"og:image:type\" content=\"image\/jpeg\" \/>\n<meta name=\"author\" content=\"admin\" \/>\n<meta name=\"twitter:card\" content=\"summary_large_image\" \/>\n<meta name=\"twitter:label1\" content=\"Yazan:\" \/>\n\t<meta name=\"twitter:data1\" content=\"admin\" \/>\n\t<meta name=\"twitter:label2\" content=\"Tahmini okuma s\u00fcresi\" \/>\n\t<meta name=\"twitter:data2\" content=\"1 dakika\" \/>\n<script type=\"application\/ld+json\" class=\"yoast-schema-graph\">{\"@context\":\"https:\\\/\\\/schema.org\",\"@graph\":[{\"@type\":\"Article\",\"@id\":\"https:\\\/\\\/kibrisdakik.com\\\/?p=60935#article\",\"isPartOf\":{\"@id\":\"https:\\\/\\\/kibrisdakik.com\\\/?p=60935\"},\"author\":{\"name\":\"admin\",\"@id\":\"https:\\\/\\\/kibrisdakik.com\\\/#\\\/schema\\\/person\\\/9cd9d437bbb44f72b73ba127e06d8e79\"},\"headline\":\"Sevda Demirel, Narin&#8217;in \u00f6l\u00fcm\u00fc sonras\u0131 \u015feriat \u00e7a\u011fr\u0131s\u0131 yapt\u0131! Tepkiler \u00e7\u0131\u011f gibi\",\"datePublished\":\"2024-09-10T08:45:30+00:00\",\"mainEntityOfPage\":{\"@id\":\"https:\\\/\\\/kibrisdakik.com\\\/?p=60935\"},\"wordCount\":210,\"commentCount\":0,\"image\":{\"@id\":\"https:\\\/\\\/kibrisdakik.com\\\/?p=60935#primaryimage\"},\"thumbnailUrl\":\"https:\\\/\\\/kibrisdakik.com\\\/wp-content\\\/uploads\\\/2024\\\/08\\\/1724648396_editor-168911.jpg\",\"articleSection\":[\"Magazin\"],\"inLanguage\":\"tr\",\"potentialAction\":[{\"@type\":\"CommentAction\",\"name\":\"Comment\",\"target\":[\"https:\\\/\\\/kibrisdakik.com\\\/?p=60935#respond\"]}]},{\"@type\":\"WebPage\",\"@id\":\"https:\\\/\\\/kibrisdakik.com\\\/?p=60935\",\"url\":\"https:\\\/\\\/kibrisdakik.com\\\/?p=60935\",\"name\":\"Sevda Demirel, Narin'in \u00f6l\u00fcm\u00fc sonras\u0131 \u015feriat \u00e7a\u011fr\u0131s\u0131 yapt\u0131! Tepkiler \u00e7\u0131\u011f gibi -\",\"isPartOf\":{\"@id\":\"https:\\\/\\\/kibrisdakik.com\\\/#website\"},\"primaryImageOfPage\":{\"@id\":\"https:\\\/\\\/kibrisdakik.com\\\/?p=60935#primaryimage\"},\"image\":{\"@id\":\"https:\\\/\\\/kibrisdakik.com\\\/?p=60935#primaryimage\"},\"thumbnailUrl\":\"https:\\\/\\\/kibrisdakik.com\\\/wp-content\\\/uploads\\\/2024\\\/08\\\/1724648396_editor-168911.jpg\",\"datePublished\":\"2024-09-10T08:45:30+00:00\",\"author\":{\"@id\":\"https:\\\/\\\/kibrisdakik.com\\\/#\\\/schema\\\/person\\\/9cd9d437bbb44f72b73ba127e06d8e79\"},\"breadcrumb\":{\"@id\":\"https:\\\/\\\/kibrisdakik.com\\\/?p=60935#breadcrumb\"},\"inLanguage\":\"tr\",\"potentialAction\":[{\"@type\":\"ReadAction\",\"target\":[\"https:\\\/\\\/kibrisdakik.com\\\/?p=60935\"]}]},{\"@type\":\"ImageObject\",\"inLanguage\":\"tr\",\"@id\":\"https:\\\/\\\/kibrisdakik.com\\\/?p=60935#primaryimage\",\"url\":\"https:\\\/\\\/kibrisdakik.com\\\/wp-content\\\/uploads\\\/2024\\\/08\\\/1724648396_editor-168911.jpg\",\"contentUrl\":\"https:\\\/\\\/kibrisdakik.com\\\/wp-content\\\/uploads\\\/2024\\\/08\\\/1724648396_editor-168911.jpg\",\"width\":196,\"height\":196},{\"@type\":\"BreadcrumbList\",\"@id\":\"https:\\\/\\\/kibrisdakik.com\\\/?p=60935#breadcrumb\",\"itemListElement\":[{\"@type\":\"ListItem\",\"position\":1,\"name\":\"Home\",\"item\":\"https:\\\/\\\/kibrisdakik.com\\\/\"},{\"@type\":\"ListItem\",\"position\":2,\"name\":\"Sevda Demirel, Narin&#8217;in \u00f6l\u00fcm\u00fc sonras\u0131 \u015feriat \u00e7a\u011fr\u0131s\u0131 yapt\u0131! Tepkiler \u00e7\u0131\u011f gibi\"}]},{\"@type\":\"WebSite\",\"@id\":\"https:\\\/\\\/kibrisdakik.com\\\/#website\",\"url\":\"https:\\\/\\\/kibrisdakik.com\\\/\",\"name\":\"\",\"description\":\"Tam vaktinde haber\",\"potentialAction\":[{\"@type\":\"SearchAction\",\"target\":{\"@type\":\"EntryPoint\",\"urlTemplate\":\"https:\\\/\\\/kibrisdakik.com\\\/?s={search_term_string}\"},\"query-input\":{\"@type\":\"PropertyValueSpecification\",\"valueRequired\":true,\"valueName\":\"search_term_string\"}}],\"inLanguage\":\"tr\"},{\"@type\":\"Person\",\"@id\":\"https:\\\/\\\/kibrisdakik.com\\\/#\\\/schema\\\/person\\\/9cd9d437bbb44f72b73ba127e06d8e79\",\"name\":\"admin\",\"image\":{\"@type\":\"ImageObject\",\"inLanguage\":\"tr\",\"@id\":\"https:\\\/\\\/secure.gravatar.com\\\/avatar\\\/ccc17943b9d660506c869530f897617f7cb1c21a4bf30023f252596d83e1f007?s=96&d=mm&r=g\",\"url\":\"https:\\\/\\\/secure.gravatar.com\\\/avatar\\\/ccc17943b9d660506c869530f897617f7cb1c21a4bf30023f252596d83e1f007?s=96&d=mm&r=g\",\"contentUrl\":\"https:\\\/\\\/secure.gravatar.com\\\/avatar\\\/ccc17943b9d660506c869530f897617f7cb1c21a4bf30023f252596d83e1f007?s=96&d=mm&r=g\",\"caption\":\"admin\"},\"sameAs\":[\"https:\\\/\\\/kibrisdakik.com\"],\"url\":\"https:\\\/\\\/kibrisdakik.com\\\/?author=1\"}]}<\/script>\n<!-- \/ Yoast SEO plugin. -->","yoast_head_json":{"title":"Sevda Demirel, Narin'in \u00f6l\u00fcm\u00fc sonras\u0131 \u015feriat \u00e7a\u011fr\u0131s\u0131 yapt\u0131! Tepkiler \u00e7\u0131\u011f gibi -","robots":{"index":"index","follow":"follow","max-snippet":"max-snippet:-1","max-image-preview":"max-image-preview:large","max-video-preview":"max-video-preview:-1"},"canonical":"https:\/\/kibrisdakik.com\/?p=60935","og_locale":"tr_TR","og_type":"article","og_title":"Sevda Demirel, Narin'in \u00f6l\u00fcm\u00fc sonras\u0131 \u015feriat \u00e7a\u011fr\u0131s\u0131 yapt\u0131! Tepkiler \u00e7\u0131\u011f gibi -","og_description":"Diyarbak\u0131r&#8217;\u0131n Ba\u011flar il\u00e7esinde ortadan kaybolan 8 ya\u015f\u0131ndaki Narin, kayb\u0131n\u0131n 19. g\u00fcn\u00fcnde cans\u0131z bedeni bir \u00e7uval\u0131n i\u00e7inde bulundu. \u00f6l\u00fcm\u00fcyle T\u00fcrkiye&#8217;ye yasa bo\u011fan Narin, d\u00fcn son yolculu\u011funa u\u011furland\u0131. Kat\u0131ld\u0131\u011f\u0131 bir t\u00f6rende konu\u015fan Sevda Demirel&#8217;in \u015feriat \u00e7a\u011fr\u0131s\u0131 tepkileri beraberinde getirdi. &#8220;\u015eER\u0130ATI KABUL ED\u0130YORUM, YETER K\u0130 BU \u0130NSANLARI ASSINLAR&#8221; Bir \u00f6d\u00fcl t\u00f6reninde Magazin Burada&#8217;ya konu\u015fan Sevda Demirel, Narin&#8217;in \u00f6l\u00fcm\u00fcyle","og_url":"https:\/\/kibrisdakik.com\/?p=60935","article_published_time":"2024-09-10T08:45:30+00:00","og_image":[{"width":196,"height":196,"url":"https:\/\/kibrisdakik.com\/wp-content\/uploads\/2024\/08\/1724648396_editor-168911.jpg","type":"image\/jpeg"}],"author":"admin","twitter_card":"summary_large_image","twitter_misc":{"Yazan:":"admin","Tahmini okuma s\u00fcresi":"1 dakika"},"schema":{"@context":"https:\/\/schema.org","@graph":[{"@type":"Article","@id":"https:\/\/kibrisdakik.com\/?p=60935#article","isPartOf":{"@id":"https:\/\/kibrisdakik.com\/?p=60935"},"author":{"name":"admin","@id":"https:\/\/kibrisdakik.com\/#\/schema\/person\/9cd9d437bbb44f72b73ba127e06d8e79"},"headline":"Sevda Demirel, Narin&#8217;in \u00f6l\u00fcm\u00fc sonras\u0131 \u015feriat \u00e7a\u011fr\u0131s\u0131 yapt\u0131! Tepkiler \u00e7\u0131\u011f gibi","datePublished":"2024-09-10T08:45:30+00:00","mainEntityOfPage":{"@id":"https:\/\/kibrisdakik.com\/?p=60935"},"wordCount":210,"commentCount":0,"image":{"@id":"https:\/\/kibrisdakik.com\/?p=60935#primaryimage"},"thumbnailUrl":"https:\/\/kibrisdakik.com\/wp-content\/uploads\/2024\/08\/1724648396_editor-168911.jpg","articleSection":["Magazin"],"inLanguage":"tr","potentialAction":[{"@type":"CommentAction","name":"Comment","target":["https:\/\/kibrisdakik.com\/?p=60935#respond"]}]},{"@type":"WebPage","@id":"https:\/\/kibrisdakik.com\/?p=60935","url":"https:\/\/kibrisdakik.com\/?p=60935","name":"Sevda Demirel, Narin'in \u00f6l\u00fcm\u00fc sonras\u0131 \u015feriat \u00e7a\u011fr\u0131s\u0131 yapt\u0131! Tepkiler \u00e7\u0131\u011f gibi -","isPartOf":{"@id":"https:\/\/kibrisdakik.com\/#website"},"primaryImageOfPage":{"@id":"https:\/\/kibrisdakik.com\/?p=60935#primaryimage"},"image":{"@id":"https:\/\/kibrisdakik.com\/?p=60935#primaryimage"},"thumbnailUrl":"https:\/\/kibrisdakik.com\/wp-content\/uploads\/2024\/08\/1724648396_editor-168911.jpg","datePublished":"2024-09-10T08:45:30+00:00","author":{"@id":"https:\/\/kibrisdakik.com\/#\/schema\/person\/9cd9d437bbb44f72b73ba127e06d8e79"},"breadcrumb":{"@id":"https:\/\/kibrisdakik.com\/?p=60935#breadcrumb"},"inLanguage":"tr","potentialAction":[{"@type":"ReadAction","target":["https:\/\/kibrisdakik.com\/?p=60935"]}]},{"@type":"ImageObject","inLanguage":"tr","@id":"https:\/\/kibrisdakik.com\/?p=60935#primaryimage","url":"https:\/\/kibrisdakik.com\/wp-content\/uploads\/2024\/08\/1724648396_editor-168911.jpg","contentUrl":"https:\/\/kibrisdakik.com\/wp-content\/uploads\/2024\/08\/1724648396_editor-168911.jpg","width":196,"height":196},{"@type":"BreadcrumbList","@id":"https:\/\/kibrisdakik.com\/?p=60935#breadcrumb","itemListElement":[{"@type":"ListItem","position":1,"name":"Home","item":"https:\/\/kibrisdakik.com\/"},{"@type":"ListItem","position":2,"name":"Sevda Demirel, Narin&#8217;in \u00f6l\u00fcm\u00fc sonras\u0131 \u015feriat \u00e7a\u011fr\u0131s\u0131 yapt\u0131! Tepkiler \u00e7\u0131\u011f gibi"}]},{"@type":"WebSite","@id":"https:\/\/kibrisdakik.com\/#website","url":"https:\/\/kibrisdakik.com\/","name":"","description":"Tam vaktinde haber","potentialAction":[{"@type":"SearchAction","target":{"@type":"EntryPoint","urlTemplate":"https:\/\/kibrisdakik.com\/?s={search_term_string}"},"query-input":{"@type":"PropertyValueSpecification","valueRequired":true,"valueName":"search_term_string"}}],"inLanguage":"tr"},{"@type":"Person","@id":"https:\/\/kibrisdakik.com\/#\/schema\/person\/9cd9d437bbb44f72b73ba127e06d8e79","name":"admin","image":{"@type":"ImageObject","inLanguage":"tr","@id":"https:\/\/secure.gravatar.com\/avatar\/ccc17943b9d660506c869530f897617f7cb1c21a4bf30023f252596d83e1f007?s=96&d=mm&r=g","url":"https:\/\/secure.gravatar.com\/avatar\/ccc17943b9d660506c869530f897617f7cb1c21a4bf30023f252596d83e1f007?s=96&d=mm&r=g","contentUrl":"https:\/\/secure.gravatar.com\/avatar\/ccc17943b9d660506c869530f897617f7cb1c21a4bf30023f252596d83e1f007?s=96&d=mm&r=g","caption":"admin"},"sameAs":["https:\/\/kibrisdakik.com"],"url":"https:\/\/kibrisdakik.com\/?author=1"}]}},"_links":{"self":[{"href":"https:\/\/kibrisdakik.com\/index.php?rest_route=\/wp\/v2\/posts\/60935","targetHints":{"allow":["GET"]}}],"collection":[{"href":"https:\/\/kibrisdakik.com\/index.php?rest_route=\/wp\/v2\/posts"}],"about":[{"href":"https:\/\/kibrisdakik.com\/index.php?rest_route=\/wp\/v2\/types\/post"}],"author":[{"embeddable":true,"href":"https:\/\/kibrisdakik.com\/index.php?rest_route=\/wp\/v2\/users\/1"}],"replies":[{"embeddable":true,"href":"https:\/\/kibrisdakik.com\/index.php?rest_route=%2Fwp%2Fv2%2Fcomments&post=60935"}],"version-history":[{"count":0,"href":"https:\/\/kibrisdakik.com\/index.php?rest_route=\/wp\/v2\/posts\/60935\/revisions"}],"wp:featuredmedia":[{"embeddable":true,"href":"https:\/\/kibrisdakik.com\/index.php?rest_route=\/wp\/v2\/media\/56915"}],"wp:attachment":[{"href":"https:\/\/kibrisdakik.com\/index.php?rest_route=%2Fwp%2Fv2%2Fmedia&parent=60935"}],"wp:term":[{"taxonomy":"category","embeddable":true,"href":"https:\/\/kibrisdakik.com\/index.php?rest_route=%2Fwp%2Fv2%2Fcategories&post=60935"},{"taxonomy":"post_tag","embeddable":true,"href":"https:\/\/kibrisdakik.com\/index.php?rest_route=%2Fwp%2Fv2%2Ftags&post=60935"}],"curies":[{"name":"wp","href":"https:\/\/api.w.org\/{rel}","templated":true}]}}