{"id":60971,"date":"2024-09-10T13:45:56","date_gmt":"2024-09-10T10:45:56","guid":{"rendered":"https:\/\/kibrisdakik.com\/index.php\/2024\/09\/10\/engele-can-suyu-dernegi-baskanligina-aysun-ulutug-secildi\/"},"modified":"2024-09-10T13:45:56","modified_gmt":"2024-09-10T10:45:56","slug":"engele-can-suyu-dernegi-baskanligina-aysun-ulutug-secildi","status":"publish","type":"post","link":"https:\/\/kibrisdakik.com\/?p=60971","title":{"rendered":"\u201cEngele Can Suyu Derne\u011fi\u201d ba\u015fkanl\u0131\u011f\u0131na Aysun Ulutu\u011f se\u00e7ildi"},"content":{"rendered":"<div>\n<div class=\"mariselle-image-container none\">\n                                            <\/div>\n<p>\u201cEngele Can Suyu Derne\u011fi\u201dnin 1. Ola\u011fan Genel Kurul Toplant\u0131s\u0131\u2019nda Y\u00f6netim Kurulu Ba\u015fkanl\u0131\u011f\u0131na Aysun Ulutu\u011f\u2019un se\u00e7ildi.<\/p>\n<p>Engele Cansuyu Derne\u011fi Ba\u015fkan\u0131 Aysun Ulutu\u011f taraf\u0131ndan yap\u0131lan yaz\u0131l\u0131 a\u00e7\u0131klamaya g\u00f6re, bir gurup e\u011fitimci taraf\u0131ndan kurulan Engele Can Suyu Derne\u011fi\u2019nin 1. Ola\u011fan Genel Kurul toplant\u0131s\u0131 ge\u00e7en per\u015fembe g\u00fcn\u00fc yap\u0131ld\u0131.<\/p>\n<p>Ulutu\u011f, dernek olarak 16 ya\u015f \u00fcst\u00fc, farkl\u0131 geli\u015fen bireyleri hayat\u0131n genel ak\u0131\u015f\u0131na kazand\u0131rmay\u0131,\u00a0 kendi ayaklar\u0131 \u00fczerinde, kimseye ba\u011f\u0131ml\u0131 olmadan hayatlar\u0131n\u0131 idame ettirebilmelerini sa\u011flamay\u0131 hedeflediklerini ve sosyal, k\u00fclt\u00fcrel ya\u015fama ve i\u015f hayat\u0131na aktif kat\u0131l\u0131mlar\u0131n\u0131 sa\u011flamay\u0131 hedeflediklerini belirtti. Ulutu\u011f, ayr\u0131ca Dernek olarak farkl\u0131 geli\u015fen bireylere, ailelerine, topluma y\u00f6nelik at\u00f6lyeler, bilgilendirme ve fark\u0131ndal\u0131k seminerleri d\u00fczenlemeyi planlad\u0131klar\u0131n\u0131 da kaydetti.<\/p>\n<p>Dernek Y\u00f6netim Kurulu \u00fcyeleri \u015fu isimlerden olu\u015ftu:<\/p>\n<p>\u201cBa\u015fkan: Aysun Ulutu\u011f, Asba\u015fkan: Seyran Borucu, Genel Sekreter: Sevin\u00e7 Baki, Mali Sekreter (sayman): Sibel Kuto\u011flu, Faal \u00dcyeler: G\u00fclter Ceylan, Emine Kutlay T\u00fcz\u00fcn, Faika K\u00f6ker Hakverdi, Kadriye Fikretler, Disiplin: Aysun Uzun, Orhan A\u011f\u0131t, Nilay Tun\u00e7alp, Leman Nasipo\u011flu ve Denetleme: G\u00fclsev Ecersoy Ekmek\u00e7i, M\u00fcnevver Oral Amcao\u011flu, Mebrure Elanur Ak\u0131n, Sezer Caz\u0131mo\u011flu, Ece Sucuo\u011flu, T\u00fcmel Osman.\u201d<\/p>\n<\/p><\/div>\n<p><script async\n                    defer\n                    crossorigin=\"anonymous\"\n                    src=\"https:\/\/connect.facebook.net\/tr_TR\/sdk.js#xfbml=1&#038;version=v3.3\"\n            ><\/script><\/p>\n","protected":false},"excerpt":{"rendered":"<p>\u201cEngele Can Suyu Derne\u011fi\u201dnin 1. Ola\u011fan Genel Kurul Toplant\u0131s\u0131\u2019nda Y\u00f6netim Kurulu Ba\u015fkanl\u0131\u011f\u0131na Aysun Ulutu\u011f\u2019un se\u00e7ildi. Engele Cansuyu Derne\u011fi Ba\u015fkan\u0131 Aysun Ulutu\u011f taraf\u0131ndan yap\u0131lan yaz\u0131l\u0131 a\u00e7\u0131klamaya g\u00f6re, bir gurup e\u011fitimci taraf\u0131ndan kurulan Engele Can Suyu Derne\u011fi\u2019nin 1. Ola\u011fan Genel Kurul toplant\u0131s\u0131 ge\u00e7en per\u015fembe g\u00fcn\u00fc yap\u0131ld\u0131. Ulutu\u011f, dernek olarak 16 ya\u015f \u00fcst\u00fc, farkl\u0131 geli\u015fen bireyleri hayat\u0131n genel<\/p>\n","protected":false},"author":1,"featured_media":60972,"comment_status":"open","ping_status":"open","sticky":false,"template":"","format":"standard","meta":{"footnotes":""},"categories":[81],"tags":[],"class_list":["post-60971","post","type-post","status-publish","format-standard","has-post-thumbnail","hentry","category-kibris"],"yoast_head":"<!-- This site is optimized with the Yoast SEO plugin v27.4 - https:\/\/yoast.com\/product\/yoast-seo-wordpress\/ -->\n<title>\u201cEngele Can Suyu Derne\u011fi\u201d ba\u015fkanl\u0131\u011f\u0131na Aysun Ulutu\u011f se\u00e7ildi -<\/title>\n<meta name=\"robots\" content=\"index, follow, max-snippet:-1, max-image-preview:large, max-video-preview:-1\" \/>\n<link rel=\"canonical\" href=\"https:\/\/kibrisdakik.com\/?p=60971\" \/>\n<meta property=\"og:locale\" content=\"tr_TR\" \/>\n<meta property=\"og:type\" content=\"article\" \/>\n<meta property=\"og:title\" content=\"\u201cEngele Can Suyu Derne\u011fi\u201d ba\u015fkanl\u0131\u011f\u0131na Aysun Ulutu\u011f se\u00e7ildi -\" \/>\n<meta property=\"og:description\" content=\"\u201cEngele Can Suyu Derne\u011fi\u201dnin 1. Ola\u011fan Genel Kurul Toplant\u0131s\u0131\u2019nda Y\u00f6netim Kurulu Ba\u015fkanl\u0131\u011f\u0131na Aysun Ulutu\u011f\u2019un se\u00e7ildi. Engele Cansuyu Derne\u011fi Ba\u015fkan\u0131 Aysun Ulutu\u011f taraf\u0131ndan yap\u0131lan yaz\u0131l\u0131 a\u00e7\u0131klamaya g\u00f6re, bir gurup e\u011fitimci taraf\u0131ndan kurulan Engele Can Suyu Derne\u011fi\u2019nin 1. Ola\u011fan Genel Kurul toplant\u0131s\u0131 ge\u00e7en per\u015fembe g\u00fcn\u00fc yap\u0131ld\u0131. Ulutu\u011f, dernek olarak 16 ya\u015f \u00fcst\u00fc, farkl\u0131 geli\u015fen bireyleri hayat\u0131n genel\" \/>\n<meta property=\"og:url\" content=\"https:\/\/kibrisdakik.com\/?p=60971\" \/>\n<meta property=\"article:published_time\" content=\"2024-09-10T10:45:56+00:00\" \/>\n<meta property=\"og:image\" content=\"https:\/\/kibrisdakik.com\/wp-content\/uploads\/2024\/09\/engele-can-suyu-dernegi-740x420.jpeg\" \/>\n\t<meta property=\"og:image:width\" content=\"1600\" \/>\n\t<meta property=\"og:image:height\" content=\"811\" \/>\n\t<meta property=\"og:image:type\" content=\"image\/jpeg\" \/>\n<meta name=\"author\" content=\"admin\" \/>\n<meta name=\"twitter:card\" content=\"summary_large_image\" \/>\n<meta name=\"twitter:label1\" content=\"Yazan:\" \/>\n\t<meta name=\"twitter:data1\" content=\"admin\" \/>\n\t<meta name=\"twitter:label2\" content=\"Tahmini okuma s\u00fcresi\" \/>\n\t<meta name=\"twitter:data2\" content=\"1 dakika\" \/>\n<script type=\"application\/ld+json\" class=\"yoast-schema-graph\">{\"@context\":\"https:\\\/\\\/schema.org\",\"@graph\":[{\"@type\":\"Article\",\"@id\":\"https:\\\/\\\/kibrisdakik.com\\\/?p=60971#article\",\"isPartOf\":{\"@id\":\"https:\\\/\\\/kibrisdakik.com\\\/?p=60971\"},\"author\":{\"name\":\"admin\",\"@id\":\"https:\\\/\\\/kibrisdakik.com\\\/#\\\/schema\\\/person\\\/9cd9d437bbb44f72b73ba127e06d8e79\"},\"headline\":\"\u201cEngele Can Suyu Derne\u011fi\u201d ba\u015fkanl\u0131\u011f\u0131na Aysun Ulutu\u011f se\u00e7ildi\",\"datePublished\":\"2024-09-10T10:45:56+00:00\",\"mainEntityOfPage\":{\"@id\":\"https:\\\/\\\/kibrisdakik.com\\\/?p=60971\"},\"wordCount\":240,\"commentCount\":0,\"image\":{\"@id\":\"https:\\\/\\\/kibrisdakik.com\\\/?p=60971#primaryimage\"},\"thumbnailUrl\":\"https:\\\/\\\/kibrisdakik.com\\\/wp-content\\\/uploads\\\/2024\\\/09\\\/engele-can-suyu-dernegi-740x420.jpeg\",\"articleSection\":[\"K\u0131br\u0131s\"],\"inLanguage\":\"tr\",\"potentialAction\":[{\"@type\":\"CommentAction\",\"name\":\"Comment\",\"target\":[\"https:\\\/\\\/kibrisdakik.com\\\/?p=60971#respond\"]}]},{\"@type\":\"WebPage\",\"@id\":\"https:\\\/\\\/kibrisdakik.com\\\/?p=60971\",\"url\":\"https:\\\/\\\/kibrisdakik.com\\\/?p=60971\",\"name\":\"\u201cEngele Can Suyu Derne\u011fi\u201d ba\u015fkanl\u0131\u011f\u0131na Aysun Ulutu\u011f se\u00e7ildi -\",\"isPartOf\":{\"@id\":\"https:\\\/\\\/kibrisdakik.com\\\/#website\"},\"primaryImageOfPage\":{\"@id\":\"https:\\\/\\\/kibrisdakik.com\\\/?p=60971#primaryimage\"},\"image\":{\"@id\":\"https:\\\/\\\/kibrisdakik.com\\\/?p=60971#primaryimage\"},\"thumbnailUrl\":\"https:\\\/\\\/kibrisdakik.com\\\/wp-content\\\/uploads\\\/2024\\\/09\\\/engele-can-suyu-dernegi-740x420.jpeg\",\"datePublished\":\"2024-09-10T10:45:56+00:00\",\"author\":{\"@id\":\"https:\\\/\\\/kibrisdakik.com\\\/#\\\/schema\\\/person\\\/9cd9d437bbb44f72b73ba127e06d8e79\"},\"breadcrumb\":{\"@id\":\"https:\\\/\\\/kibrisdakik.com\\\/?p=60971#breadcrumb\"},\"inLanguage\":\"tr\",\"potentialAction\":[{\"@type\":\"ReadAction\",\"target\":[\"https:\\\/\\\/kibrisdakik.com\\\/?p=60971\"]}]},{\"@type\":\"ImageObject\",\"inLanguage\":\"tr\",\"@id\":\"https:\\\/\\\/kibrisdakik.com\\\/?p=60971#primaryimage\",\"url\":\"https:\\\/\\\/kibrisdakik.com\\\/wp-content\\\/uploads\\\/2024\\\/09\\\/engele-can-suyu-dernegi-740x420.jpeg\",\"contentUrl\":\"https:\\\/\\\/kibrisdakik.com\\\/wp-content\\\/uploads\\\/2024\\\/09\\\/engele-can-suyu-dernegi-740x420.jpeg\",\"width\":1600,\"height\":811},{\"@type\":\"BreadcrumbList\",\"@id\":\"https:\\\/\\\/kibrisdakik.com\\\/?p=60971#breadcrumb\",\"itemListElement\":[{\"@type\":\"ListItem\",\"position\":1,\"name\":\"Home\",\"item\":\"https:\\\/\\\/kibrisdakik.com\\\/\"},{\"@type\":\"ListItem\",\"position\":2,\"name\":\"\u201cEngele Can Suyu Derne\u011fi\u201d ba\u015fkanl\u0131\u011f\u0131na Aysun Ulutu\u011f se\u00e7ildi\"}]},{\"@type\":\"WebSite\",\"@id\":\"https:\\\/\\\/kibrisdakik.com\\\/#website\",\"url\":\"https:\\\/\\\/kibrisdakik.com\\\/\",\"name\":\"\",\"description\":\"Tam vaktinde haber\",\"potentialAction\":[{\"@type\":\"SearchAction\",\"target\":{\"@type\":\"EntryPoint\",\"urlTemplate\":\"https:\\\/\\\/kibrisdakik.com\\\/?s={search_term_string}\"},\"query-input\":{\"@type\":\"PropertyValueSpecification\",\"valueRequired\":true,\"valueName\":\"search_term_string\"}}],\"inLanguage\":\"tr\"},{\"@type\":\"Person\",\"@id\":\"https:\\\/\\\/kibrisdakik.com\\\/#\\\/schema\\\/person\\\/9cd9d437bbb44f72b73ba127e06d8e79\",\"name\":\"admin\",\"image\":{\"@type\":\"ImageObject\",\"inLanguage\":\"tr\",\"@id\":\"https:\\\/\\\/secure.gravatar.com\\\/avatar\\\/ccc17943b9d660506c869530f897617f7cb1c21a4bf30023f252596d83e1f007?s=96&d=mm&r=g\",\"url\":\"https:\\\/\\\/secure.gravatar.com\\\/avatar\\\/ccc17943b9d660506c869530f897617f7cb1c21a4bf30023f252596d83e1f007?s=96&d=mm&r=g\",\"contentUrl\":\"https:\\\/\\\/secure.gravatar.com\\\/avatar\\\/ccc17943b9d660506c869530f897617f7cb1c21a4bf30023f252596d83e1f007?s=96&d=mm&r=g\",\"caption\":\"admin\"},\"sameAs\":[\"https:\\\/\\\/kibrisdakik.com\"],\"url\":\"https:\\\/\\\/kibrisdakik.com\\\/?author=1\"}]}<\/script>\n<!-- \/ Yoast SEO plugin. -->","yoast_head_json":{"title":"\u201cEngele Can Suyu Derne\u011fi\u201d ba\u015fkanl\u0131\u011f\u0131na Aysun Ulutu\u011f se\u00e7ildi -","robots":{"index":"index","follow":"follow","max-snippet":"max-snippet:-1","max-image-preview":"max-image-preview:large","max-video-preview":"max-video-preview:-1"},"canonical":"https:\/\/kibrisdakik.com\/?p=60971","og_locale":"tr_TR","og_type":"article","og_title":"\u201cEngele Can Suyu Derne\u011fi\u201d ba\u015fkanl\u0131\u011f\u0131na Aysun Ulutu\u011f se\u00e7ildi -","og_description":"\u201cEngele Can Suyu Derne\u011fi\u201dnin 1. Ola\u011fan Genel Kurul Toplant\u0131s\u0131\u2019nda Y\u00f6netim Kurulu Ba\u015fkanl\u0131\u011f\u0131na Aysun Ulutu\u011f\u2019un se\u00e7ildi. Engele Cansuyu Derne\u011fi Ba\u015fkan\u0131 Aysun Ulutu\u011f taraf\u0131ndan yap\u0131lan yaz\u0131l\u0131 a\u00e7\u0131klamaya g\u00f6re, bir gurup e\u011fitimci taraf\u0131ndan kurulan Engele Can Suyu Derne\u011fi\u2019nin 1. Ola\u011fan Genel Kurul toplant\u0131s\u0131 ge\u00e7en per\u015fembe g\u00fcn\u00fc yap\u0131ld\u0131. Ulutu\u011f, dernek olarak 16 ya\u015f \u00fcst\u00fc, farkl\u0131 geli\u015fen bireyleri hayat\u0131n genel","og_url":"https:\/\/kibrisdakik.com\/?p=60971","article_published_time":"2024-09-10T10:45:56+00:00","og_image":[{"width":1600,"height":811,"url":"https:\/\/kibrisdakik.com\/wp-content\/uploads\/2024\/09\/engele-can-suyu-dernegi-740x420.jpeg","type":"image\/jpeg"}],"author":"admin","twitter_card":"summary_large_image","twitter_misc":{"Yazan:":"admin","Tahmini okuma s\u00fcresi":"1 dakika"},"schema":{"@context":"https:\/\/schema.org","@graph":[{"@type":"Article","@id":"https:\/\/kibrisdakik.com\/?p=60971#article","isPartOf":{"@id":"https:\/\/kibrisdakik.com\/?p=60971"},"author":{"name":"admin","@id":"https:\/\/kibrisdakik.com\/#\/schema\/person\/9cd9d437bbb44f72b73ba127e06d8e79"},"headline":"\u201cEngele Can Suyu Derne\u011fi\u201d ba\u015fkanl\u0131\u011f\u0131na Aysun Ulutu\u011f se\u00e7ildi","datePublished":"2024-09-10T10:45:56+00:00","mainEntityOfPage":{"@id":"https:\/\/kibrisdakik.com\/?p=60971"},"wordCount":240,"commentCount":0,"image":{"@id":"https:\/\/kibrisdakik.com\/?p=60971#primaryimage"},"thumbnailUrl":"https:\/\/kibrisdakik.com\/wp-content\/uploads\/2024\/09\/engele-can-suyu-dernegi-740x420.jpeg","articleSection":["K\u0131br\u0131s"],"inLanguage":"tr","potentialAction":[{"@type":"CommentAction","name":"Comment","target":["https:\/\/kibrisdakik.com\/?p=60971#respond"]}]},{"@type":"WebPage","@id":"https:\/\/kibrisdakik.com\/?p=60971","url":"https:\/\/kibrisdakik.com\/?p=60971","name":"\u201cEngele Can Suyu Derne\u011fi\u201d ba\u015fkanl\u0131\u011f\u0131na Aysun Ulutu\u011f se\u00e7ildi -","isPartOf":{"@id":"https:\/\/kibrisdakik.com\/#website"},"primaryImageOfPage":{"@id":"https:\/\/kibrisdakik.com\/?p=60971#primaryimage"},"image":{"@id":"https:\/\/kibrisdakik.com\/?p=60971#primaryimage"},"thumbnailUrl":"https:\/\/kibrisdakik.com\/wp-content\/uploads\/2024\/09\/engele-can-suyu-dernegi-740x420.jpeg","datePublished":"2024-09-10T10:45:56+00:00","author":{"@id":"https:\/\/kibrisdakik.com\/#\/schema\/person\/9cd9d437bbb44f72b73ba127e06d8e79"},"breadcrumb":{"@id":"https:\/\/kibrisdakik.com\/?p=60971#breadcrumb"},"inLanguage":"tr","potentialAction":[{"@type":"ReadAction","target":["https:\/\/kibrisdakik.com\/?p=60971"]}]},{"@type":"ImageObject","inLanguage":"tr","@id":"https:\/\/kibrisdakik.com\/?p=60971#primaryimage","url":"https:\/\/kibrisdakik.com\/wp-content\/uploads\/2024\/09\/engele-can-suyu-dernegi-740x420.jpeg","contentUrl":"https:\/\/kibrisdakik.com\/wp-content\/uploads\/2024\/09\/engele-can-suyu-dernegi-740x420.jpeg","width":1600,"height":811},{"@type":"BreadcrumbList","@id":"https:\/\/kibrisdakik.com\/?p=60971#breadcrumb","itemListElement":[{"@type":"ListItem","position":1,"name":"Home","item":"https:\/\/kibrisdakik.com\/"},{"@type":"ListItem","position":2,"name":"\u201cEngele Can Suyu Derne\u011fi\u201d ba\u015fkanl\u0131\u011f\u0131na Aysun Ulutu\u011f se\u00e7ildi"}]},{"@type":"WebSite","@id":"https:\/\/kibrisdakik.com\/#website","url":"https:\/\/kibrisdakik.com\/","name":"","description":"Tam vaktinde haber","potentialAction":[{"@type":"SearchAction","target":{"@type":"EntryPoint","urlTemplate":"https:\/\/kibrisdakik.com\/?s={search_term_string}"},"query-input":{"@type":"PropertyValueSpecification","valueRequired":true,"valueName":"search_term_string"}}],"inLanguage":"tr"},{"@type":"Person","@id":"https:\/\/kibrisdakik.com\/#\/schema\/person\/9cd9d437bbb44f72b73ba127e06d8e79","name":"admin","image":{"@type":"ImageObject","inLanguage":"tr","@id":"https:\/\/secure.gravatar.com\/avatar\/ccc17943b9d660506c869530f897617f7cb1c21a4bf30023f252596d83e1f007?s=96&d=mm&r=g","url":"https:\/\/secure.gravatar.com\/avatar\/ccc17943b9d660506c869530f897617f7cb1c21a4bf30023f252596d83e1f007?s=96&d=mm&r=g","contentUrl":"https:\/\/secure.gravatar.com\/avatar\/ccc17943b9d660506c869530f897617f7cb1c21a4bf30023f252596d83e1f007?s=96&d=mm&r=g","caption":"admin"},"sameAs":["https:\/\/kibrisdakik.com"],"url":"https:\/\/kibrisdakik.com\/?author=1"}]}},"_links":{"self":[{"href":"https:\/\/kibrisdakik.com\/index.php?rest_route=\/wp\/v2\/posts\/60971","targetHints":{"allow":["GET"]}}],"collection":[{"href":"https:\/\/kibrisdakik.com\/index.php?rest_route=\/wp\/v2\/posts"}],"about":[{"href":"https:\/\/kibrisdakik.com\/index.php?rest_route=\/wp\/v2\/types\/post"}],"author":[{"embeddable":true,"href":"https:\/\/kibrisdakik.com\/index.php?rest_route=\/wp\/v2\/users\/1"}],"replies":[{"embeddable":true,"href":"https:\/\/kibrisdakik.com\/index.php?rest_route=%2Fwp%2Fv2%2Fcomments&post=60971"}],"version-history":[{"count":0,"href":"https:\/\/kibrisdakik.com\/index.php?rest_route=\/wp\/v2\/posts\/60971\/revisions"}],"wp:featuredmedia":[{"embeddable":true,"href":"https:\/\/kibrisdakik.com\/index.php?rest_route=\/wp\/v2\/media\/60972"}],"wp:attachment":[{"href":"https:\/\/kibrisdakik.com\/index.php?rest_route=%2Fwp%2Fv2%2Fmedia&parent=60971"}],"wp:term":[{"taxonomy":"category","embeddable":true,"href":"https:\/\/kibrisdakik.com\/index.php?rest_route=%2Fwp%2Fv2%2Fcategories&post=60971"},{"taxonomy":"post_tag","embeddable":true,"href":"https:\/\/kibrisdakik.com\/index.php?rest_route=%2Fwp%2Fv2%2Ftags&post=60971"}],"curies":[{"name":"wp","href":"https:\/\/api.w.org\/{rel}","templated":true}]}}