{"id":61008,"date":"2024-09-10T15:50:42","date_gmt":"2024-09-10T12:50:42","guid":{"rendered":"https:\/\/kibrisdakik.com\/index.php\/2024\/09\/10\/uskudarda-kozmetik-urunler-satan-sirketin-sahibi-is-yerinin-onunde-olduruldu\/"},"modified":"2024-09-10T15:50:42","modified_gmt":"2024-09-10T12:50:42","slug":"uskudarda-kozmetik-urunler-satan-sirketin-sahibi-is-yerinin-onunde-olduruldu","status":"publish","type":"post","link":"https:\/\/kibrisdakik.com\/?p=61008","title":{"rendered":"\u00dcsk\u00fcdar&#8217;da kozmetik \u00fcr\u00fcnler satan \u015firketin sahibi i\u015f yerinin \u00f6n\u00fcnde \u00f6ld\u00fcr\u00fcld\u00fc"},"content":{"rendered":"<p><img decoding=\"async\" src=\"https:\/\/foto.haberler.com\/haber\/2024\/09\/10\/uskudar-da-kozmetik-urunler-satan-sirketin-sahibi-17806273_3024_amp.jpg\" \/><\/p>\n<div id=\"\">\n<p>Olay, saat 11.00 s\u0131ralar\u0131nda Burhaniye Mahallesi Burhaniye Abdullaha\u011fa Caddesi&#8217;nde bulunan bir kozmetik \u00fcr\u00fcnleri satan firman\u0131n \u00f6n\u00fcnde meydana geldi. \u0130ddiaya g\u00f6re, firman\u0131n kurucusu Kemal \u00c7a\u011flar Temel motosikletiyle i\u015f yerine geldi\u011fi s\u0131rada cadde \u00fczerinde kendisini bekleyen, cerrahi maske takan bir sald\u0131rgan taraf\u0131ndan silahl\u0131 sald\u0131r\u0131ya u\u011frad\u0131. Sald\u0131rgan tabancayla 4- 5 el ate\u015f ettikten sonra yaya olarak ka\u00e7t\u0131. Ba\u015f\u0131ndan vurulan Kemal \u00c7a\u011flar Temel, kanlar i\u00e7inde yere y\u0131\u011f\u0131ld\u0131.<\/p>\n<h3>\u0130\u015e YER\u0130 \u00d6N\u00dcNDE \u00d6LD\u00dcR\u00dcLD\u00dc<\/h3>\n<p>\u0130hbar \u00fczerine olay yerine polis ve sa\u011fl\u0131k ekipleri sevk edildi. Sa\u011fl\u0131k ekipleri taraf\u0131ndan yap\u0131lan kontrolde Kemal \u00c7a\u011flar Temel&#8217;in hayat\u0131n\u0131 kaybetti\u011fi belirlendi. Polis ekipleri, olay yerine g\u00fcvenlik \u015feridi \u00e7ekerken Olay Yeri \u0130nceleme \u015eube M\u00fcd\u00fcrl\u00fc\u011f\u00fc i\u015f yeri \u00f6n\u00fcnde detayl\u0131 inceleme yapt\u0131. Uzun s\u00fcren inceleme sonunda Temel&#8217;in cenazesi otopsi i\u015flemleri i\u00e7in \u0130stanbul Adli T\u0131p Kurumu morguna kald\u0131r\u0131ld\u0131.<\/p>\n<h3>MAHALLEL\u0130 SALDIRGANDAN \u015e\u00dcPHELENM\u0130\u015eT\u0130<\/h3>\n<p>G\u00f6rg\u00fc tan\u0131\u011f\u0131 Halis G\u00fcndo\u011fdu sald\u0131rgan\u0131n hareketlerinden \u015f\u00fcphelendi\u011fini s\u00f6yleyerek &#8220;Yakla\u015f\u0131k 1 bu\u00e7uk saattir burada duruyordu, maskeli. Bir ara kayboldu sonra tekrar geldi i\u015f yerini g\u00f6zetlemeye ba\u015flad\u0131. Ben de h\u0131rs\u0131z felan zannettim, malzemeler d\u0131\u015far\u0131dayd\u0131. 2-3 dakika sonra bir bakt\u0131m 4-5 el silah sesi. Motosikletle gelip kap\u0131ya yana\u015fan ki\u015fiye ate\u015f etti. Vurulan ki\u015fi galibi i\u015f yeri sahibiymi\u015f. Sonra yaya olarak ka\u00e7t\u0131&#8221; diye konu\u015ftu.<\/p>\n<h3>&#8220;TAM ARKASINA D\u00d6ND\u00dc\u011e\u00dc SIRADA ARKASINDAN ATE\u015e ETT\u0130&#8221;<\/h3>\n<p>Sald\u0131rgan\u0131 g\u00f6rd\u00fc\u011f\u00fcn\u00fc s\u00f6yleyen Mehmet U\u011fur ise, &#8220;\u015e\u00fcphelendik, hatta sert sert bakt\u0131m. A\u015fa\u011f\u0131ya do\u011fru ilerledi. Daha sonra tekrar gelerek motorla gelen arkada\u015fa ate\u015f etmeye ba\u015flad\u0131. Park ettikten sonra 2 el ate\u015f etti. Sonra yerdeyken de 5 el silah s\u0131kt\u0131. 112&#8217;yi arayarak  <a class=\"keyword\" href=\"https:\/\/www.haberler.com\/\" title=\"Haber, Haberler\"><strong>haber<\/strong><\/a> verdim. Sald\u0131rgan\u0131 burada beklerken g\u00f6rd\u00fck&#8221; dedi. Ba\u015fka bir g\u00f6rg\u00fc tan\u0131\u011f\u0131 da &#8216;Tam arkas\u0131na d\u00f6nd\u00fc\u011f\u00fc s\u0131rada arkas\u0131ndan ate\u015f etti&#8221; diye konu\u015ftu.<\/p>\n<p>Polisin olayla ilgili geni\u015f \u00e7apl\u0131 soru\u015fturmas\u0131 devam ediyor<\/p>\n<div class=\"editorSade\">Kaynak: Demir\u00f6ren Haber Ajans\u0131 \/  <a href=\"https:\/\/www.haberler.com\/3-sayfa\/\" title=\"3.Sayfa Haberleri\">3.Sayfa<\/a> <\/div>\n<h4 id=\"nwsKeywords\"> <a href=\"https:\/\/www.haberler.com\/kemal-caglar\/\" title=\"Kemal \u00c7a\u011flar\" class=\"hbptTag\">Kemal \u00c7a\u011flar<\/a>  <a href=\"https:\/\/www.haberler.com\/uskudar\/\" title=\"\u00dcsk\u00fcdar\" class=\"hbptTag\">\u00dcsk\u00fcdar<\/a>  <a href=\"https:\/\/www.haberler.com\/uskudar\/\" title=\"\u00dcsk\u00fcdar\" class=\"hbptTag\">\u00dcsk\u00fcdar<\/a>  <a href=\"https:\/\/www.haberler.com\/cinayet\/\" title=\"Cinayet\" class=\"hbptTag\">Cinayet<\/a> <\/h4>\n<\/div>\n","protected":false},"excerpt":{"rendered":"<p>Olay, saat 11.00 s\u0131ralar\u0131nda Burhaniye Mahallesi Burhaniye Abdullaha\u011fa Caddesi&#8217;nde bulunan bir kozmetik \u00fcr\u00fcnleri satan firman\u0131n \u00f6n\u00fcnde meydana geldi. \u0130ddiaya g\u00f6re, firman\u0131n kurucusu Kemal \u00c7a\u011flar Temel motosikletiyle i\u015f yerine geldi\u011fi s\u0131rada cadde \u00fczerinde kendisini bekleyen, cerrahi maske takan bir sald\u0131rgan taraf\u0131ndan silahl\u0131 sald\u0131r\u0131ya u\u011frad\u0131. Sald\u0131rgan tabancayla 4- 5 el ate\u015f ettikten sonra yaya olarak ka\u00e7t\u0131. Ba\u015f\u0131ndan<\/p>\n","protected":false},"author":1,"featured_media":61009,"comment_status":"open","ping_status":"open","sticky":false,"template":"","format":"standard","meta":{"footnotes":""},"categories":[83],"tags":[],"class_list":["post-61008","post","type-post","status-publish","format-standard","has-post-thumbnail","hentry","category-magazin"],"yoast_head":"<!-- This site is optimized with the Yoast SEO plugin v27.5 - https:\/\/yoast.com\/product\/yoast-seo-wordpress\/ -->\n<title>\u00dcsk\u00fcdar&#039;da kozmetik \u00fcr\u00fcnler satan \u015firketin sahibi i\u015f yerinin \u00f6n\u00fcnde \u00f6ld\u00fcr\u00fcld\u00fc -<\/title>\n<meta name=\"robots\" content=\"index, follow, max-snippet:-1, max-image-preview:large, max-video-preview:-1\" \/>\n<link rel=\"canonical\" href=\"https:\/\/kibrisdakik.com\/?p=61008\" \/>\n<meta property=\"og:locale\" content=\"tr_TR\" \/>\n<meta property=\"og:type\" content=\"article\" \/>\n<meta property=\"og:title\" content=\"\u00dcsk\u00fcdar&#039;da kozmetik \u00fcr\u00fcnler satan \u015firketin sahibi i\u015f yerinin \u00f6n\u00fcnde \u00f6ld\u00fcr\u00fcld\u00fc -\" \/>\n<meta property=\"og:description\" content=\"Olay, saat 11.00 s\u0131ralar\u0131nda Burhaniye Mahallesi Burhaniye Abdullaha\u011fa Caddesi&#8217;nde bulunan bir kozmetik \u00fcr\u00fcnleri satan firman\u0131n \u00f6n\u00fcnde meydana geldi. \u0130ddiaya g\u00f6re, firman\u0131n kurucusu Kemal \u00c7a\u011flar Temel motosikletiyle i\u015f yerine geldi\u011fi s\u0131rada cadde \u00fczerinde kendisini bekleyen, cerrahi maske takan bir sald\u0131rgan taraf\u0131ndan silahl\u0131 sald\u0131r\u0131ya u\u011frad\u0131. Sald\u0131rgan tabancayla 4- 5 el ate\u015f ettikten sonra yaya olarak ka\u00e7t\u0131. Ba\u015f\u0131ndan\" \/>\n<meta property=\"og:url\" content=\"https:\/\/kibrisdakik.com\/?p=61008\" \/>\n<meta property=\"article:published_time\" content=\"2024-09-10T12:50:42+00:00\" \/>\n<meta property=\"og:image\" content=\"https:\/\/kibrisdakik.com\/wp-content\/uploads\/2024\/09\/uskudar-da-kozmetik-urunler-satan-sirketin-sahibi-17806273_3024_amp.jpg\" \/>\n\t<meta property=\"og:image:width\" content=\"1200\" \/>\n\t<meta property=\"og:image:height\" content=\"900\" \/>\n\t<meta property=\"og:image:type\" content=\"image\/jpeg\" \/>\n<meta name=\"author\" content=\"admin\" \/>\n<meta name=\"twitter:card\" content=\"summary_large_image\" \/>\n<meta name=\"twitter:label1\" content=\"Yazan:\" \/>\n\t<meta name=\"twitter:data1\" content=\"admin\" \/>\n\t<meta name=\"twitter:label2\" content=\"Tahmini okuma s\u00fcresi\" \/>\n\t<meta name=\"twitter:data2\" content=\"2 dakika\" \/>\n<script type=\"application\/ld+json\" class=\"yoast-schema-graph\">{\"@context\":\"https:\\\/\\\/schema.org\",\"@graph\":[{\"@type\":\"Article\",\"@id\":\"https:\\\/\\\/kibrisdakik.com\\\/?p=61008#article\",\"isPartOf\":{\"@id\":\"https:\\\/\\\/kibrisdakik.com\\\/?p=61008\"},\"author\":{\"name\":\"admin\",\"@id\":\"https:\\\/\\\/kibrisdakik.com\\\/#\\\/schema\\\/person\\\/9cd9d437bbb44f72b73ba127e06d8e79\"},\"headline\":\"\u00dcsk\u00fcdar&#8217;da kozmetik \u00fcr\u00fcnler satan \u015firketin sahibi i\u015f yerinin \u00f6n\u00fcnde \u00f6ld\u00fcr\u00fcld\u00fc\",\"datePublished\":\"2024-09-10T12:50:42+00:00\",\"mainEntityOfPage\":{\"@id\":\"https:\\\/\\\/kibrisdakik.com\\\/?p=61008\"},\"wordCount\":374,\"commentCount\":0,\"image\":{\"@id\":\"https:\\\/\\\/kibrisdakik.com\\\/?p=61008#primaryimage\"},\"thumbnailUrl\":\"https:\\\/\\\/kibrisdakik.com\\\/wp-content\\\/uploads\\\/2024\\\/09\\\/uskudar-da-kozmetik-urunler-satan-sirketin-sahibi-17806273_3024_amp.jpg\",\"articleSection\":[\"Magazin\"],\"inLanguage\":\"tr\",\"potentialAction\":[{\"@type\":\"CommentAction\",\"name\":\"Comment\",\"target\":[\"https:\\\/\\\/kibrisdakik.com\\\/?p=61008#respond\"]}]},{\"@type\":\"WebPage\",\"@id\":\"https:\\\/\\\/kibrisdakik.com\\\/?p=61008\",\"url\":\"https:\\\/\\\/kibrisdakik.com\\\/?p=61008\",\"name\":\"\u00dcsk\u00fcdar'da kozmetik \u00fcr\u00fcnler satan \u015firketin sahibi i\u015f yerinin \u00f6n\u00fcnde \u00f6ld\u00fcr\u00fcld\u00fc -\",\"isPartOf\":{\"@id\":\"https:\\\/\\\/kibrisdakik.com\\\/#website\"},\"primaryImageOfPage\":{\"@id\":\"https:\\\/\\\/kibrisdakik.com\\\/?p=61008#primaryimage\"},\"image\":{\"@id\":\"https:\\\/\\\/kibrisdakik.com\\\/?p=61008#primaryimage\"},\"thumbnailUrl\":\"https:\\\/\\\/kibrisdakik.com\\\/wp-content\\\/uploads\\\/2024\\\/09\\\/uskudar-da-kozmetik-urunler-satan-sirketin-sahibi-17806273_3024_amp.jpg\",\"datePublished\":\"2024-09-10T12:50:42+00:00\",\"author\":{\"@id\":\"https:\\\/\\\/kibrisdakik.com\\\/#\\\/schema\\\/person\\\/9cd9d437bbb44f72b73ba127e06d8e79\"},\"breadcrumb\":{\"@id\":\"https:\\\/\\\/kibrisdakik.com\\\/?p=61008#breadcrumb\"},\"inLanguage\":\"tr\",\"potentialAction\":[{\"@type\":\"ReadAction\",\"target\":[\"https:\\\/\\\/kibrisdakik.com\\\/?p=61008\"]}]},{\"@type\":\"ImageObject\",\"inLanguage\":\"tr\",\"@id\":\"https:\\\/\\\/kibrisdakik.com\\\/?p=61008#primaryimage\",\"url\":\"https:\\\/\\\/kibrisdakik.com\\\/wp-content\\\/uploads\\\/2024\\\/09\\\/uskudar-da-kozmetik-urunler-satan-sirketin-sahibi-17806273_3024_amp.jpg\",\"contentUrl\":\"https:\\\/\\\/kibrisdakik.com\\\/wp-content\\\/uploads\\\/2024\\\/09\\\/uskudar-da-kozmetik-urunler-satan-sirketin-sahibi-17806273_3024_amp.jpg\",\"width\":1200,\"height\":900},{\"@type\":\"BreadcrumbList\",\"@id\":\"https:\\\/\\\/kibrisdakik.com\\\/?p=61008#breadcrumb\",\"itemListElement\":[{\"@type\":\"ListItem\",\"position\":1,\"name\":\"Home\",\"item\":\"https:\\\/\\\/kibrisdakik.com\\\/\"},{\"@type\":\"ListItem\",\"position\":2,\"name\":\"\u00dcsk\u00fcdar&#8217;da kozmetik \u00fcr\u00fcnler satan \u015firketin sahibi i\u015f yerinin \u00f6n\u00fcnde \u00f6ld\u00fcr\u00fcld\u00fc\"}]},{\"@type\":\"WebSite\",\"@id\":\"https:\\\/\\\/kibrisdakik.com\\\/#website\",\"url\":\"https:\\\/\\\/kibrisdakik.com\\\/\",\"name\":\"\",\"description\":\"Tam vaktinde haber\",\"potentialAction\":[{\"@type\":\"SearchAction\",\"target\":{\"@type\":\"EntryPoint\",\"urlTemplate\":\"https:\\\/\\\/kibrisdakik.com\\\/?s={search_term_string}\"},\"query-input\":{\"@type\":\"PropertyValueSpecification\",\"valueRequired\":true,\"valueName\":\"search_term_string\"}}],\"inLanguage\":\"tr\"},{\"@type\":\"Person\",\"@id\":\"https:\\\/\\\/kibrisdakik.com\\\/#\\\/schema\\\/person\\\/9cd9d437bbb44f72b73ba127e06d8e79\",\"name\":\"admin\",\"image\":{\"@type\":\"ImageObject\",\"inLanguage\":\"tr\",\"@id\":\"https:\\\/\\\/secure.gravatar.com\\\/avatar\\\/ccc17943b9d660506c869530f897617f7cb1c21a4bf30023f252596d83e1f007?s=96&d=mm&r=g\",\"url\":\"https:\\\/\\\/secure.gravatar.com\\\/avatar\\\/ccc17943b9d660506c869530f897617f7cb1c21a4bf30023f252596d83e1f007?s=96&d=mm&r=g\",\"contentUrl\":\"https:\\\/\\\/secure.gravatar.com\\\/avatar\\\/ccc17943b9d660506c869530f897617f7cb1c21a4bf30023f252596d83e1f007?s=96&d=mm&r=g\",\"caption\":\"admin\"},\"sameAs\":[\"https:\\\/\\\/kibrisdakik.com\"],\"url\":\"https:\\\/\\\/kibrisdakik.com\\\/?author=1\"}]}<\/script>\n<!-- \/ Yoast SEO plugin. -->","yoast_head_json":{"title":"\u00dcsk\u00fcdar'da kozmetik \u00fcr\u00fcnler satan \u015firketin sahibi i\u015f yerinin \u00f6n\u00fcnde \u00f6ld\u00fcr\u00fcld\u00fc -","robots":{"index":"index","follow":"follow","max-snippet":"max-snippet:-1","max-image-preview":"max-image-preview:large","max-video-preview":"max-video-preview:-1"},"canonical":"https:\/\/kibrisdakik.com\/?p=61008","og_locale":"tr_TR","og_type":"article","og_title":"\u00dcsk\u00fcdar'da kozmetik \u00fcr\u00fcnler satan \u015firketin sahibi i\u015f yerinin \u00f6n\u00fcnde \u00f6ld\u00fcr\u00fcld\u00fc -","og_description":"Olay, saat 11.00 s\u0131ralar\u0131nda Burhaniye Mahallesi Burhaniye Abdullaha\u011fa Caddesi&#8217;nde bulunan bir kozmetik \u00fcr\u00fcnleri satan firman\u0131n \u00f6n\u00fcnde meydana geldi. \u0130ddiaya g\u00f6re, firman\u0131n kurucusu Kemal \u00c7a\u011flar Temel motosikletiyle i\u015f yerine geldi\u011fi s\u0131rada cadde \u00fczerinde kendisini bekleyen, cerrahi maske takan bir sald\u0131rgan taraf\u0131ndan silahl\u0131 sald\u0131r\u0131ya u\u011frad\u0131. Sald\u0131rgan tabancayla 4- 5 el ate\u015f ettikten sonra yaya olarak ka\u00e7t\u0131. Ba\u015f\u0131ndan","og_url":"https:\/\/kibrisdakik.com\/?p=61008","article_published_time":"2024-09-10T12:50:42+00:00","og_image":[{"width":1200,"height":900,"url":"https:\/\/kibrisdakik.com\/wp-content\/uploads\/2024\/09\/uskudar-da-kozmetik-urunler-satan-sirketin-sahibi-17806273_3024_amp.jpg","type":"image\/jpeg"}],"author":"admin","twitter_card":"summary_large_image","twitter_misc":{"Yazan:":"admin","Tahmini okuma s\u00fcresi":"2 dakika"},"schema":{"@context":"https:\/\/schema.org","@graph":[{"@type":"Article","@id":"https:\/\/kibrisdakik.com\/?p=61008#article","isPartOf":{"@id":"https:\/\/kibrisdakik.com\/?p=61008"},"author":{"name":"admin","@id":"https:\/\/kibrisdakik.com\/#\/schema\/person\/9cd9d437bbb44f72b73ba127e06d8e79"},"headline":"\u00dcsk\u00fcdar&#8217;da kozmetik \u00fcr\u00fcnler satan \u015firketin sahibi i\u015f yerinin \u00f6n\u00fcnde \u00f6ld\u00fcr\u00fcld\u00fc","datePublished":"2024-09-10T12:50:42+00:00","mainEntityOfPage":{"@id":"https:\/\/kibrisdakik.com\/?p=61008"},"wordCount":374,"commentCount":0,"image":{"@id":"https:\/\/kibrisdakik.com\/?p=61008#primaryimage"},"thumbnailUrl":"https:\/\/kibrisdakik.com\/wp-content\/uploads\/2024\/09\/uskudar-da-kozmetik-urunler-satan-sirketin-sahibi-17806273_3024_amp.jpg","articleSection":["Magazin"],"inLanguage":"tr","potentialAction":[{"@type":"CommentAction","name":"Comment","target":["https:\/\/kibrisdakik.com\/?p=61008#respond"]}]},{"@type":"WebPage","@id":"https:\/\/kibrisdakik.com\/?p=61008","url":"https:\/\/kibrisdakik.com\/?p=61008","name":"\u00dcsk\u00fcdar'da kozmetik \u00fcr\u00fcnler satan \u015firketin sahibi i\u015f yerinin \u00f6n\u00fcnde \u00f6ld\u00fcr\u00fcld\u00fc -","isPartOf":{"@id":"https:\/\/kibrisdakik.com\/#website"},"primaryImageOfPage":{"@id":"https:\/\/kibrisdakik.com\/?p=61008#primaryimage"},"image":{"@id":"https:\/\/kibrisdakik.com\/?p=61008#primaryimage"},"thumbnailUrl":"https:\/\/kibrisdakik.com\/wp-content\/uploads\/2024\/09\/uskudar-da-kozmetik-urunler-satan-sirketin-sahibi-17806273_3024_amp.jpg","datePublished":"2024-09-10T12:50:42+00:00","author":{"@id":"https:\/\/kibrisdakik.com\/#\/schema\/person\/9cd9d437bbb44f72b73ba127e06d8e79"},"breadcrumb":{"@id":"https:\/\/kibrisdakik.com\/?p=61008#breadcrumb"},"inLanguage":"tr","potentialAction":[{"@type":"ReadAction","target":["https:\/\/kibrisdakik.com\/?p=61008"]}]},{"@type":"ImageObject","inLanguage":"tr","@id":"https:\/\/kibrisdakik.com\/?p=61008#primaryimage","url":"https:\/\/kibrisdakik.com\/wp-content\/uploads\/2024\/09\/uskudar-da-kozmetik-urunler-satan-sirketin-sahibi-17806273_3024_amp.jpg","contentUrl":"https:\/\/kibrisdakik.com\/wp-content\/uploads\/2024\/09\/uskudar-da-kozmetik-urunler-satan-sirketin-sahibi-17806273_3024_amp.jpg","width":1200,"height":900},{"@type":"BreadcrumbList","@id":"https:\/\/kibrisdakik.com\/?p=61008#breadcrumb","itemListElement":[{"@type":"ListItem","position":1,"name":"Home","item":"https:\/\/kibrisdakik.com\/"},{"@type":"ListItem","position":2,"name":"\u00dcsk\u00fcdar&#8217;da kozmetik \u00fcr\u00fcnler satan \u015firketin sahibi i\u015f yerinin \u00f6n\u00fcnde \u00f6ld\u00fcr\u00fcld\u00fc"}]},{"@type":"WebSite","@id":"https:\/\/kibrisdakik.com\/#website","url":"https:\/\/kibrisdakik.com\/","name":"","description":"Tam vaktinde haber","potentialAction":[{"@type":"SearchAction","target":{"@type":"EntryPoint","urlTemplate":"https:\/\/kibrisdakik.com\/?s={search_term_string}"},"query-input":{"@type":"PropertyValueSpecification","valueRequired":true,"valueName":"search_term_string"}}],"inLanguage":"tr"},{"@type":"Person","@id":"https:\/\/kibrisdakik.com\/#\/schema\/person\/9cd9d437bbb44f72b73ba127e06d8e79","name":"admin","image":{"@type":"ImageObject","inLanguage":"tr","@id":"https:\/\/secure.gravatar.com\/avatar\/ccc17943b9d660506c869530f897617f7cb1c21a4bf30023f252596d83e1f007?s=96&d=mm&r=g","url":"https:\/\/secure.gravatar.com\/avatar\/ccc17943b9d660506c869530f897617f7cb1c21a4bf30023f252596d83e1f007?s=96&d=mm&r=g","contentUrl":"https:\/\/secure.gravatar.com\/avatar\/ccc17943b9d660506c869530f897617f7cb1c21a4bf30023f252596d83e1f007?s=96&d=mm&r=g","caption":"admin"},"sameAs":["https:\/\/kibrisdakik.com"],"url":"https:\/\/kibrisdakik.com\/?author=1"}]}},"_links":{"self":[{"href":"https:\/\/kibrisdakik.com\/index.php?rest_route=\/wp\/v2\/posts\/61008","targetHints":{"allow":["GET"]}}],"collection":[{"href":"https:\/\/kibrisdakik.com\/index.php?rest_route=\/wp\/v2\/posts"}],"about":[{"href":"https:\/\/kibrisdakik.com\/index.php?rest_route=\/wp\/v2\/types\/post"}],"author":[{"embeddable":true,"href":"https:\/\/kibrisdakik.com\/index.php?rest_route=\/wp\/v2\/users\/1"}],"replies":[{"embeddable":true,"href":"https:\/\/kibrisdakik.com\/index.php?rest_route=%2Fwp%2Fv2%2Fcomments&post=61008"}],"version-history":[{"count":0,"href":"https:\/\/kibrisdakik.com\/index.php?rest_route=\/wp\/v2\/posts\/61008\/revisions"}],"wp:featuredmedia":[{"embeddable":true,"href":"https:\/\/kibrisdakik.com\/index.php?rest_route=\/wp\/v2\/media\/61009"}],"wp:attachment":[{"href":"https:\/\/kibrisdakik.com\/index.php?rest_route=%2Fwp%2Fv2%2Fmedia&parent=61008"}],"wp:term":[{"taxonomy":"category","embeddable":true,"href":"https:\/\/kibrisdakik.com\/index.php?rest_route=%2Fwp%2Fv2%2Fcategories&post=61008"},{"taxonomy":"post_tag","embeddable":true,"href":"https:\/\/kibrisdakik.com\/index.php?rest_route=%2Fwp%2Fv2%2Ftags&post=61008"}],"curies":[{"name":"wp","href":"https:\/\/api.w.org\/{rel}","templated":true}]}}