{"id":61052,"date":"2024-09-10T18:23:57","date_gmt":"2024-09-10T15:23:57","guid":{"rendered":"https:\/\/kibrisdakik.com\/index.php\/2024\/09\/10\/eylem-ogretmenden-tasarruf-olmaz\/"},"modified":"2024-09-10T18:23:57","modified_gmt":"2024-09-10T15:23:57","slug":"eylem-ogretmenden-tasarruf-olmaz","status":"publish","type":"post","link":"https:\/\/kibrisdakik.com\/?p=61052","title":{"rendered":"Eylem: \u00d6\u011fretmenden tasarruf olmaz"},"content":{"rendered":"<div>\n<div class=\"mariselle-image-container center\">\n                                            <\/div>\n<p>K\u0131br\u0131s T\u00fcrk Orta E\u011fitim \u00d6\u011fretmenler Sendikas\u0131 Ba\u015fkan\u0131 Selma Eylem, E\u011fitim Bakanl\u0131\u011f\u0131\u2019n\u0131n bu y\u0131l, \u00f6\u011fretmen kadrolar\u0131n\u0131 100 civar\u0131nda eksilterek e\u011fitim-\u00f6\u011fretime ba\u015flamay\u0131 hedefledi\u011fini ileri s\u00fcrd\u00fc.<\/p>\n<p>\u201c\u00d6\u011fretmenden tasarruf olmaz.\u201d diyen Eylem, E\u011fitim Bakanl\u0131\u011f\u0131\u2019n\u0131n ger\u00e7ek ihtiya\u00e7 olan 230 civar\u0131 \u00f6\u011fretmen kadrosunu \u00f6nce 187\u2019ye, \u015fimdi de 133\u2019e d\u00fc\u015f\u00fcrerek binlerce ders saatinin bo\u015f ge\u00e7ecek olmas\u0131n\u0131 umursamad\u0131\u011f\u0131n\u0131 savundu.<\/p>\n<p> Eylem yaz\u0131l\u0131 a\u00e7\u0131klamas\u0131nda, Bakanl\u0131\u011f\u0131n hi\u00e7 ihtiya\u00e7 olmad\u0131\u011f\u0131 halde baz\u0131 bran\u015flarda m\u00fcnhal ilan etti\u011fini de iddia etti.<\/p>\n<p> \u201c\u0130htiya\u00e7 olan 210 b\u00f6l\u00fcm \u015fefi, 58 at\u00f6lye \u015fefi, 47 teknik \u00f6\u011fretim g\u00f6revlisi kadrolar\u0131n\u0131 \u0131srarla a\u00e7may\u0131p, atama yapmaktan ka\u00e7\u0131nan E\u011fitim Bakanl\u0131\u011f\u0131, \u00f6\u011fretmenlerin yasal haklar\u0131n\u0131 de\u011fi\u015ftirip i\u015f y\u00fcklerini artt\u0131rmaya devam ediyor\u201d diyen Eylem, \u00f6\u011fretmenler aras\u0131nda adaletsiz ve haks\u0131z yakla\u015f\u0131m\u0131n s\u00fcrd\u00fc\u011f\u00fcn\u00fc kaydetti.<\/p>\n<\/p><\/div>\n<p><script async\n                    defer\n                    crossorigin=\"anonymous\"\n                    src=\"https:\/\/connect.facebook.net\/tr_TR\/sdk.js#xfbml=1&#038;version=v3.3\"\n            ><\/script><\/p>\n","protected":false},"excerpt":{"rendered":"<p>K\u0131br\u0131s T\u00fcrk Orta E\u011fitim \u00d6\u011fretmenler Sendikas\u0131 Ba\u015fkan\u0131 Selma Eylem, E\u011fitim Bakanl\u0131\u011f\u0131\u2019n\u0131n bu y\u0131l, \u00f6\u011fretmen kadrolar\u0131n\u0131 100 civar\u0131nda eksilterek e\u011fitim-\u00f6\u011fretime ba\u015flamay\u0131 hedefledi\u011fini ileri s\u00fcrd\u00fc. \u201c\u00d6\u011fretmenden tasarruf olmaz.\u201d diyen Eylem, E\u011fitim Bakanl\u0131\u011f\u0131\u2019n\u0131n ger\u00e7ek ihtiya\u00e7 olan 230 civar\u0131 \u00f6\u011fretmen kadrosunu \u00f6nce 187\u2019ye, \u015fimdi de 133\u2019e d\u00fc\u015f\u00fcrerek binlerce ders saatinin bo\u015f ge\u00e7ecek olmas\u0131n\u0131 umursamad\u0131\u011f\u0131n\u0131 savundu. Eylem yaz\u0131l\u0131 a\u00e7\u0131klamas\u0131nda, Bakanl\u0131\u011f\u0131n<\/p>\n","protected":false},"author":1,"featured_media":61053,"comment_status":"open","ping_status":"open","sticky":false,"template":"","format":"standard","meta":{"footnotes":""},"categories":[81],"tags":[],"class_list":["post-61052","post","type-post","status-publish","format-standard","has-post-thumbnail","hentry","category-kibris"],"yoast_head":"<!-- This site is optimized with the Yoast SEO plugin v27.4 - https:\/\/yoast.com\/product\/yoast-seo-wordpress\/ -->\n<title>Eylem: \u00d6\u011fretmenden tasarruf olmaz -<\/title>\n<meta name=\"robots\" content=\"index, follow, max-snippet:-1, max-image-preview:large, max-video-preview:-1\" \/>\n<link rel=\"canonical\" href=\"https:\/\/kibrisdakik.com\/?p=61052\" \/>\n<meta property=\"og:locale\" content=\"tr_TR\" \/>\n<meta property=\"og:type\" content=\"article\" \/>\n<meta property=\"og:title\" content=\"Eylem: \u00d6\u011fretmenden tasarruf olmaz -\" \/>\n<meta property=\"og:description\" content=\"K\u0131br\u0131s T\u00fcrk Orta E\u011fitim \u00d6\u011fretmenler Sendikas\u0131 Ba\u015fkan\u0131 Selma Eylem, E\u011fitim Bakanl\u0131\u011f\u0131\u2019n\u0131n bu y\u0131l, \u00f6\u011fretmen kadrolar\u0131n\u0131 100 civar\u0131nda eksilterek e\u011fitim-\u00f6\u011fretime ba\u015flamay\u0131 hedefledi\u011fini ileri s\u00fcrd\u00fc. \u201c\u00d6\u011fretmenden tasarruf olmaz.\u201d diyen Eylem, E\u011fitim Bakanl\u0131\u011f\u0131\u2019n\u0131n ger\u00e7ek ihtiya\u00e7 olan 230 civar\u0131 \u00f6\u011fretmen kadrosunu \u00f6nce 187\u2019ye, \u015fimdi de 133\u2019e d\u00fc\u015f\u00fcrerek binlerce ders saatinin bo\u015f ge\u00e7ecek olmas\u0131n\u0131 umursamad\u0131\u011f\u0131n\u0131 savundu. Eylem yaz\u0131l\u0131 a\u00e7\u0131klamas\u0131nda, Bakanl\u0131\u011f\u0131n\" \/>\n<meta property=\"og:url\" content=\"https:\/\/kibrisdakik.com\/?p=61052\" \/>\n<meta property=\"article:published_time\" content=\"2024-09-10T15:23:57+00:00\" \/>\n<meta property=\"og:image\" content=\"https:\/\/kibrisdakik.com\/wp-content\/uploads\/2024\/09\/selma-eylem9-1-740x420.jpg\" \/>\n\t<meta property=\"og:image:width\" content=\"1654\" \/>\n\t<meta property=\"og:image:height\" content=\"1104\" \/>\n\t<meta property=\"og:image:type\" content=\"image\/jpeg\" \/>\n<meta name=\"author\" content=\"admin\" \/>\n<meta name=\"twitter:card\" content=\"summary_large_image\" \/>\n<meta name=\"twitter:label1\" content=\"Yazan:\" \/>\n\t<meta name=\"twitter:data1\" content=\"admin\" \/>\n\t<meta name=\"twitter:label2\" content=\"Tahmini okuma s\u00fcresi\" \/>\n\t<meta name=\"twitter:data2\" content=\"1 dakika\" \/>\n<script type=\"application\/ld+json\" class=\"yoast-schema-graph\">{\"@context\":\"https:\\\/\\\/schema.org\",\"@graph\":[{\"@type\":\"Article\",\"@id\":\"https:\\\/\\\/kibrisdakik.com\\\/?p=61052#article\",\"isPartOf\":{\"@id\":\"https:\\\/\\\/kibrisdakik.com\\\/?p=61052\"},\"author\":{\"name\":\"admin\",\"@id\":\"https:\\\/\\\/kibrisdakik.com\\\/#\\\/schema\\\/person\\\/9cd9d437bbb44f72b73ba127e06d8e79\"},\"headline\":\"Eylem: \u00d6\u011fretmenden tasarruf olmaz\",\"datePublished\":\"2024-09-10T15:23:57+00:00\",\"mainEntityOfPage\":{\"@id\":\"https:\\\/\\\/kibrisdakik.com\\\/?p=61052\"},\"wordCount\":156,\"commentCount\":0,\"image\":{\"@id\":\"https:\\\/\\\/kibrisdakik.com\\\/?p=61052#primaryimage\"},\"thumbnailUrl\":\"https:\\\/\\\/kibrisdakik.com\\\/wp-content\\\/uploads\\\/2024\\\/09\\\/selma-eylem9-1-740x420.jpg\",\"articleSection\":[\"K\u0131br\u0131s\"],\"inLanguage\":\"tr\",\"potentialAction\":[{\"@type\":\"CommentAction\",\"name\":\"Comment\",\"target\":[\"https:\\\/\\\/kibrisdakik.com\\\/?p=61052#respond\"]}]},{\"@type\":\"WebPage\",\"@id\":\"https:\\\/\\\/kibrisdakik.com\\\/?p=61052\",\"url\":\"https:\\\/\\\/kibrisdakik.com\\\/?p=61052\",\"name\":\"Eylem: \u00d6\u011fretmenden tasarruf olmaz -\",\"isPartOf\":{\"@id\":\"https:\\\/\\\/kibrisdakik.com\\\/#website\"},\"primaryImageOfPage\":{\"@id\":\"https:\\\/\\\/kibrisdakik.com\\\/?p=61052#primaryimage\"},\"image\":{\"@id\":\"https:\\\/\\\/kibrisdakik.com\\\/?p=61052#primaryimage\"},\"thumbnailUrl\":\"https:\\\/\\\/kibrisdakik.com\\\/wp-content\\\/uploads\\\/2024\\\/09\\\/selma-eylem9-1-740x420.jpg\",\"datePublished\":\"2024-09-10T15:23:57+00:00\",\"author\":{\"@id\":\"https:\\\/\\\/kibrisdakik.com\\\/#\\\/schema\\\/person\\\/9cd9d437bbb44f72b73ba127e06d8e79\"},\"breadcrumb\":{\"@id\":\"https:\\\/\\\/kibrisdakik.com\\\/?p=61052#breadcrumb\"},\"inLanguage\":\"tr\",\"potentialAction\":[{\"@type\":\"ReadAction\",\"target\":[\"https:\\\/\\\/kibrisdakik.com\\\/?p=61052\"]}]},{\"@type\":\"ImageObject\",\"inLanguage\":\"tr\",\"@id\":\"https:\\\/\\\/kibrisdakik.com\\\/?p=61052#primaryimage\",\"url\":\"https:\\\/\\\/kibrisdakik.com\\\/wp-content\\\/uploads\\\/2024\\\/09\\\/selma-eylem9-1-740x420.jpg\",\"contentUrl\":\"https:\\\/\\\/kibrisdakik.com\\\/wp-content\\\/uploads\\\/2024\\\/09\\\/selma-eylem9-1-740x420.jpg\",\"width\":1654,\"height\":1104},{\"@type\":\"BreadcrumbList\",\"@id\":\"https:\\\/\\\/kibrisdakik.com\\\/?p=61052#breadcrumb\",\"itemListElement\":[{\"@type\":\"ListItem\",\"position\":1,\"name\":\"Home\",\"item\":\"https:\\\/\\\/kibrisdakik.com\\\/\"},{\"@type\":\"ListItem\",\"position\":2,\"name\":\"Eylem: \u00d6\u011fretmenden tasarruf olmaz\"}]},{\"@type\":\"WebSite\",\"@id\":\"https:\\\/\\\/kibrisdakik.com\\\/#website\",\"url\":\"https:\\\/\\\/kibrisdakik.com\\\/\",\"name\":\"\",\"description\":\"Tam vaktinde haber\",\"potentialAction\":[{\"@type\":\"SearchAction\",\"target\":{\"@type\":\"EntryPoint\",\"urlTemplate\":\"https:\\\/\\\/kibrisdakik.com\\\/?s={search_term_string}\"},\"query-input\":{\"@type\":\"PropertyValueSpecification\",\"valueRequired\":true,\"valueName\":\"search_term_string\"}}],\"inLanguage\":\"tr\"},{\"@type\":\"Person\",\"@id\":\"https:\\\/\\\/kibrisdakik.com\\\/#\\\/schema\\\/person\\\/9cd9d437bbb44f72b73ba127e06d8e79\",\"name\":\"admin\",\"image\":{\"@type\":\"ImageObject\",\"inLanguage\":\"tr\",\"@id\":\"https:\\\/\\\/secure.gravatar.com\\\/avatar\\\/ccc17943b9d660506c869530f897617f7cb1c21a4bf30023f252596d83e1f007?s=96&d=mm&r=g\",\"url\":\"https:\\\/\\\/secure.gravatar.com\\\/avatar\\\/ccc17943b9d660506c869530f897617f7cb1c21a4bf30023f252596d83e1f007?s=96&d=mm&r=g\",\"contentUrl\":\"https:\\\/\\\/secure.gravatar.com\\\/avatar\\\/ccc17943b9d660506c869530f897617f7cb1c21a4bf30023f252596d83e1f007?s=96&d=mm&r=g\",\"caption\":\"admin\"},\"sameAs\":[\"https:\\\/\\\/kibrisdakik.com\"],\"url\":\"https:\\\/\\\/kibrisdakik.com\\\/?author=1\"}]}<\/script>\n<!-- \/ Yoast SEO plugin. -->","yoast_head_json":{"title":"Eylem: \u00d6\u011fretmenden tasarruf olmaz -","robots":{"index":"index","follow":"follow","max-snippet":"max-snippet:-1","max-image-preview":"max-image-preview:large","max-video-preview":"max-video-preview:-1"},"canonical":"https:\/\/kibrisdakik.com\/?p=61052","og_locale":"tr_TR","og_type":"article","og_title":"Eylem: \u00d6\u011fretmenden tasarruf olmaz -","og_description":"K\u0131br\u0131s T\u00fcrk Orta E\u011fitim \u00d6\u011fretmenler Sendikas\u0131 Ba\u015fkan\u0131 Selma Eylem, E\u011fitim Bakanl\u0131\u011f\u0131\u2019n\u0131n bu y\u0131l, \u00f6\u011fretmen kadrolar\u0131n\u0131 100 civar\u0131nda eksilterek e\u011fitim-\u00f6\u011fretime ba\u015flamay\u0131 hedefledi\u011fini ileri s\u00fcrd\u00fc. \u201c\u00d6\u011fretmenden tasarruf olmaz.\u201d diyen Eylem, E\u011fitim Bakanl\u0131\u011f\u0131\u2019n\u0131n ger\u00e7ek ihtiya\u00e7 olan 230 civar\u0131 \u00f6\u011fretmen kadrosunu \u00f6nce 187\u2019ye, \u015fimdi de 133\u2019e d\u00fc\u015f\u00fcrerek binlerce ders saatinin bo\u015f ge\u00e7ecek olmas\u0131n\u0131 umursamad\u0131\u011f\u0131n\u0131 savundu. Eylem yaz\u0131l\u0131 a\u00e7\u0131klamas\u0131nda, Bakanl\u0131\u011f\u0131n","og_url":"https:\/\/kibrisdakik.com\/?p=61052","article_published_time":"2024-09-10T15:23:57+00:00","og_image":[{"width":1654,"height":1104,"url":"https:\/\/kibrisdakik.com\/wp-content\/uploads\/2024\/09\/selma-eylem9-1-740x420.jpg","type":"image\/jpeg"}],"author":"admin","twitter_card":"summary_large_image","twitter_misc":{"Yazan:":"admin","Tahmini okuma s\u00fcresi":"1 dakika"},"schema":{"@context":"https:\/\/schema.org","@graph":[{"@type":"Article","@id":"https:\/\/kibrisdakik.com\/?p=61052#article","isPartOf":{"@id":"https:\/\/kibrisdakik.com\/?p=61052"},"author":{"name":"admin","@id":"https:\/\/kibrisdakik.com\/#\/schema\/person\/9cd9d437bbb44f72b73ba127e06d8e79"},"headline":"Eylem: \u00d6\u011fretmenden tasarruf olmaz","datePublished":"2024-09-10T15:23:57+00:00","mainEntityOfPage":{"@id":"https:\/\/kibrisdakik.com\/?p=61052"},"wordCount":156,"commentCount":0,"image":{"@id":"https:\/\/kibrisdakik.com\/?p=61052#primaryimage"},"thumbnailUrl":"https:\/\/kibrisdakik.com\/wp-content\/uploads\/2024\/09\/selma-eylem9-1-740x420.jpg","articleSection":["K\u0131br\u0131s"],"inLanguage":"tr","potentialAction":[{"@type":"CommentAction","name":"Comment","target":["https:\/\/kibrisdakik.com\/?p=61052#respond"]}]},{"@type":"WebPage","@id":"https:\/\/kibrisdakik.com\/?p=61052","url":"https:\/\/kibrisdakik.com\/?p=61052","name":"Eylem: \u00d6\u011fretmenden tasarruf olmaz -","isPartOf":{"@id":"https:\/\/kibrisdakik.com\/#website"},"primaryImageOfPage":{"@id":"https:\/\/kibrisdakik.com\/?p=61052#primaryimage"},"image":{"@id":"https:\/\/kibrisdakik.com\/?p=61052#primaryimage"},"thumbnailUrl":"https:\/\/kibrisdakik.com\/wp-content\/uploads\/2024\/09\/selma-eylem9-1-740x420.jpg","datePublished":"2024-09-10T15:23:57+00:00","author":{"@id":"https:\/\/kibrisdakik.com\/#\/schema\/person\/9cd9d437bbb44f72b73ba127e06d8e79"},"breadcrumb":{"@id":"https:\/\/kibrisdakik.com\/?p=61052#breadcrumb"},"inLanguage":"tr","potentialAction":[{"@type":"ReadAction","target":["https:\/\/kibrisdakik.com\/?p=61052"]}]},{"@type":"ImageObject","inLanguage":"tr","@id":"https:\/\/kibrisdakik.com\/?p=61052#primaryimage","url":"https:\/\/kibrisdakik.com\/wp-content\/uploads\/2024\/09\/selma-eylem9-1-740x420.jpg","contentUrl":"https:\/\/kibrisdakik.com\/wp-content\/uploads\/2024\/09\/selma-eylem9-1-740x420.jpg","width":1654,"height":1104},{"@type":"BreadcrumbList","@id":"https:\/\/kibrisdakik.com\/?p=61052#breadcrumb","itemListElement":[{"@type":"ListItem","position":1,"name":"Home","item":"https:\/\/kibrisdakik.com\/"},{"@type":"ListItem","position":2,"name":"Eylem: \u00d6\u011fretmenden tasarruf olmaz"}]},{"@type":"WebSite","@id":"https:\/\/kibrisdakik.com\/#website","url":"https:\/\/kibrisdakik.com\/","name":"","description":"Tam vaktinde haber","potentialAction":[{"@type":"SearchAction","target":{"@type":"EntryPoint","urlTemplate":"https:\/\/kibrisdakik.com\/?s={search_term_string}"},"query-input":{"@type":"PropertyValueSpecification","valueRequired":true,"valueName":"search_term_string"}}],"inLanguage":"tr"},{"@type":"Person","@id":"https:\/\/kibrisdakik.com\/#\/schema\/person\/9cd9d437bbb44f72b73ba127e06d8e79","name":"admin","image":{"@type":"ImageObject","inLanguage":"tr","@id":"https:\/\/secure.gravatar.com\/avatar\/ccc17943b9d660506c869530f897617f7cb1c21a4bf30023f252596d83e1f007?s=96&d=mm&r=g","url":"https:\/\/secure.gravatar.com\/avatar\/ccc17943b9d660506c869530f897617f7cb1c21a4bf30023f252596d83e1f007?s=96&d=mm&r=g","contentUrl":"https:\/\/secure.gravatar.com\/avatar\/ccc17943b9d660506c869530f897617f7cb1c21a4bf30023f252596d83e1f007?s=96&d=mm&r=g","caption":"admin"},"sameAs":["https:\/\/kibrisdakik.com"],"url":"https:\/\/kibrisdakik.com\/?author=1"}]}},"_links":{"self":[{"href":"https:\/\/kibrisdakik.com\/index.php?rest_route=\/wp\/v2\/posts\/61052","targetHints":{"allow":["GET"]}}],"collection":[{"href":"https:\/\/kibrisdakik.com\/index.php?rest_route=\/wp\/v2\/posts"}],"about":[{"href":"https:\/\/kibrisdakik.com\/index.php?rest_route=\/wp\/v2\/types\/post"}],"author":[{"embeddable":true,"href":"https:\/\/kibrisdakik.com\/index.php?rest_route=\/wp\/v2\/users\/1"}],"replies":[{"embeddable":true,"href":"https:\/\/kibrisdakik.com\/index.php?rest_route=%2Fwp%2Fv2%2Fcomments&post=61052"}],"version-history":[{"count":0,"href":"https:\/\/kibrisdakik.com\/index.php?rest_route=\/wp\/v2\/posts\/61052\/revisions"}],"wp:featuredmedia":[{"embeddable":true,"href":"https:\/\/kibrisdakik.com\/index.php?rest_route=\/wp\/v2\/media\/61053"}],"wp:attachment":[{"href":"https:\/\/kibrisdakik.com\/index.php?rest_route=%2Fwp%2Fv2%2Fmedia&parent=61052"}],"wp:term":[{"taxonomy":"category","embeddable":true,"href":"https:\/\/kibrisdakik.com\/index.php?rest_route=%2Fwp%2Fv2%2Fcategories&post=61052"},{"taxonomy":"post_tag","embeddable":true,"href":"https:\/\/kibrisdakik.com\/index.php?rest_route=%2Fwp%2Fv2%2Ftags&post=61052"}],"curies":[{"name":"wp","href":"https:\/\/api.w.org\/{rel}","templated":true}]}}