{"id":61079,"date":"2024-09-10T14:05:59","date_gmt":"2024-09-10T11:05:59","guid":{"rendered":"https:\/\/kibrisdakik.com\/index.php\/2024\/09\/10\/iskele-ercan-anayolu-yenicekoy-kavsaginda-meydana-gelen-kazada-bir-kisi-hafif-yaralandi\/"},"modified":"2024-09-10T14:05:59","modified_gmt":"2024-09-10T11:05:59","slug":"iskele-ercan-anayolu-yenicekoy-kavsaginda-meydana-gelen-kazada-bir-kisi-hafif-yaralandi","status":"publish","type":"post","link":"https:\/\/kibrisdakik.com\/?p=61079","title":{"rendered":"\u0130skele-Ercan Anayolu Yenicek\u00f6y kav\u015fa\u011f\u0131nda meydana gelen kazada bir ki\u015fi hafif yaraland\u0131"},"content":{"rendered":"<p><\/p>\n<div>\n<div class=\"mariselle-image-container none\">\n                <img loading=\"lazy\" decoding=\"async\" width=\"1340\" height=\"666\" class=\"lazy-image\" alt=\"\" sizes=\"auto, (max-width: 1340px) 100vw, 1340px\" src=\"https:\/\/brtk.net\/wp-content\/uploads\/2024\/09\/10\/cihangir-kaza-3.jpg?ver=b6b580f93e7345397773f4e09e57ff51\" srcset=\"https:\/\/brtk.net\/wp-content\/uploads\/2024\/09\/10\/cihangir-kaza-3.jpg?ver=b6b580f93e7345397773f4e09e57ff51 1340w, https:\/\/brtk.net\/wp-content\/uploads\/2024\/09\/10\/cihangir-kaza-3-300x149.jpg?ver=b6b580f93e7345397773f4e09e57ff51 300w, https:\/\/brtk.net\/wp-content\/uploads\/2024\/09\/10\/cihangir-kaza-3-1024x509.jpg?ver=b6b580f93e7345397773f4e09e57ff51 1024w, https:\/\/brtk.net\/wp-content\/uploads\/2024\/09\/10\/cihangir-kaza-3-768x382.jpg?ver=b6b580f93e7345397773f4e09e57ff51 768w, https:\/\/brtk.net\/wp-content\/uploads\/2024\/09\/10\/cihangir-kaza-3-895x444.jpg?ver=cef3d5ca7563e0ca32bdf4e6fa07f35e 895w\"\/>                            <\/div>\n<p>\u00a0\u0130skele-Ercan Anayolu Yenicek\u00f6y kav\u015fa\u011f\u0131nda meydana gelen kazada bir ki\u015fi hafif yaraland\u0131.<\/p>\n<p>Polisten verilen bilgiye g\u00f6re, saat 14.00 s\u0131ralar\u0131nda \u0130skele-Ercan Anayolu\u2019nda bat\u0131 istikametine do\u011fru seyreden Erman Alata\u015f, (E-27) y\u00f6netimindeki YA 158 plakal\u0131 kamyonetle \u00f6n\u00fcnde seyreden ve Yenicek\u00f6y kav\u015fa\u011f\u0131nda sa\u011fa d\u00f6n\u00fc\u015f yapmakta olan Ulrikes Lerner (K-76) y\u00f6netimindeki VH 760 plakal\u0131 pick-up arac\u0131 sa\u011f\u0131ndan ge\u00e7meye \u00e7al\u0131\u015ft\u0131. O esnada Alata\u015f arac\u0131n\u0131n sol \u00f6n k\u0131sm\u0131 ile ge\u00e7meye \u00e7al\u0131\u015ft\u0131\u011f\u0131 arac\u0131n sa\u011f yan k\u0131sm\u0131na \u00e7arpt\u0131.<\/p>\n<p>Kaza sonucu hafif yaralanan Erman Alata\u015f sevk edildi\u011fi Lefko\u015fa Dr. Burhan Nalbanto\u011flu Hastanesi\u2019nde g\u00f6rd\u00fc\u011f\u00fc tedavinin ard\u0131ndan taburcu oldu.<\/p>\n<\/p><\/div>\n<p><script async\n                    defer\n                    crossorigin=\"anonymous\"\n                    src=\"https:\/\/connect.facebook.net\/tr_TR\/sdk.js#xfbml=1&#038;version=v3.3\"\n            ><\/script><\/p>\n","protected":false},"excerpt":{"rendered":"<p>\u00a0\u0130skele-Ercan Anayolu Yenicek\u00f6y kav\u015fa\u011f\u0131nda meydana gelen kazada bir ki\u015fi hafif yaraland\u0131. Polisten verilen bilgiye g\u00f6re, saat 14.00 s\u0131ralar\u0131nda \u0130skele-Ercan Anayolu\u2019nda bat\u0131 istikametine do\u011fru seyreden Erman Alata\u015f, (E-27) y\u00f6netimindeki YA 158 plakal\u0131 kamyonetle \u00f6n\u00fcnde seyreden ve Yenicek\u00f6y kav\u015fa\u011f\u0131nda sa\u011fa d\u00f6n\u00fc\u015f yapmakta olan Ulrikes Lerner (K-76) y\u00f6netimindeki VH 760 plakal\u0131 pick-up arac\u0131 sa\u011f\u0131ndan ge\u00e7meye \u00e7al\u0131\u015ft\u0131. O esnada<\/p>\n","protected":false},"author":1,"featured_media":61080,"comment_status":"open","ping_status":"open","sticky":false,"template":"","format":"standard","meta":{"footnotes":""},"categories":[1],"tags":[],"class_list":["post-61079","post","type-post","status-publish","format-standard","has-post-thumbnail","hentry","category-gundem"],"yoast_head":"<!-- This site is optimized with the Yoast SEO plugin v27.4 - https:\/\/yoast.com\/product\/yoast-seo-wordpress\/ -->\n<title>\u0130skele-Ercan Anayolu Yenicek\u00f6y kav\u015fa\u011f\u0131nda meydana gelen kazada bir ki\u015fi hafif yaraland\u0131 -<\/title>\n<meta name=\"robots\" content=\"index, follow, max-snippet:-1, max-image-preview:large, max-video-preview:-1\" \/>\n<link rel=\"canonical\" href=\"https:\/\/kibrisdakik.com\/?p=61079\" \/>\n<meta property=\"og:locale\" content=\"tr_TR\" \/>\n<meta property=\"og:type\" content=\"article\" \/>\n<meta property=\"og:title\" content=\"\u0130skele-Ercan Anayolu Yenicek\u00f6y kav\u015fa\u011f\u0131nda meydana gelen kazada bir ki\u015fi hafif yaraland\u0131 -\" \/>\n<meta property=\"og:description\" content=\"\u00a0\u0130skele-Ercan Anayolu Yenicek\u00f6y kav\u015fa\u011f\u0131nda meydana gelen kazada bir ki\u015fi hafif yaraland\u0131. Polisten verilen bilgiye g\u00f6re, saat 14.00 s\u0131ralar\u0131nda \u0130skele-Ercan Anayolu\u2019nda bat\u0131 istikametine do\u011fru seyreden Erman Alata\u015f, (E-27) y\u00f6netimindeki YA 158 plakal\u0131 kamyonetle \u00f6n\u00fcnde seyreden ve Yenicek\u00f6y kav\u015fa\u011f\u0131nda sa\u011fa d\u00f6n\u00fc\u015f yapmakta olan Ulrikes Lerner (K-76) y\u00f6netimindeki VH 760 plakal\u0131 pick-up arac\u0131 sa\u011f\u0131ndan ge\u00e7meye \u00e7al\u0131\u015ft\u0131. O esnada\" \/>\n<meta property=\"og:url\" content=\"https:\/\/kibrisdakik.com\/?p=61079\" \/>\n<meta property=\"article:published_time\" content=\"2024-09-10T11:05:59+00:00\" \/>\n<meta property=\"og:image\" content=\"https:\/\/kibrisdakik.com\/wp-content\/uploads\/2024\/09\/cihangir-kaza-3-740x420.jpg\" \/>\n\t<meta property=\"og:image:width\" content=\"1340\" \/>\n\t<meta property=\"og:image:height\" content=\"666\" \/>\n\t<meta property=\"og:image:type\" content=\"image\/jpeg\" \/>\n<meta name=\"author\" content=\"admin\" \/>\n<meta name=\"twitter:card\" content=\"summary_large_image\" \/>\n<meta name=\"twitter:label1\" content=\"Yazan:\" \/>\n\t<meta name=\"twitter:data1\" content=\"admin\" \/>\n\t<meta name=\"twitter:label2\" content=\"Tahmini okuma s\u00fcresi\" \/>\n\t<meta name=\"twitter:data2\" content=\"1 dakika\" \/>\n<script type=\"application\/ld+json\" class=\"yoast-schema-graph\">{\"@context\":\"https:\\\/\\\/schema.org\",\"@graph\":[{\"@type\":\"Article\",\"@id\":\"https:\\\/\\\/kibrisdakik.com\\\/?p=61079#article\",\"isPartOf\":{\"@id\":\"https:\\\/\\\/kibrisdakik.com\\\/?p=61079\"},\"author\":{\"name\":\"admin\",\"@id\":\"https:\\\/\\\/kibrisdakik.com\\\/#\\\/schema\\\/person\\\/9cd9d437bbb44f72b73ba127e06d8e79\"},\"headline\":\"\u0130skele-Ercan Anayolu Yenicek\u00f6y kav\u015fa\u011f\u0131nda meydana gelen kazada bir ki\u015fi hafif yaraland\u0131\",\"datePublished\":\"2024-09-10T11:05:59+00:00\",\"mainEntityOfPage\":{\"@id\":\"https:\\\/\\\/kibrisdakik.com\\\/?p=61079\"},\"wordCount\":132,\"commentCount\":0,\"image\":{\"@id\":\"https:\\\/\\\/kibrisdakik.com\\\/?p=61079#primaryimage\"},\"thumbnailUrl\":\"https:\\\/\\\/kibrisdakik.com\\\/wp-content\\\/uploads\\\/2024\\\/09\\\/cihangir-kaza-3-740x420.jpg\",\"articleSection\":[\"G\u00fcndem\"],\"inLanguage\":\"tr\",\"potentialAction\":[{\"@type\":\"CommentAction\",\"name\":\"Comment\",\"target\":[\"https:\\\/\\\/kibrisdakik.com\\\/?p=61079#respond\"]}]},{\"@type\":\"WebPage\",\"@id\":\"https:\\\/\\\/kibrisdakik.com\\\/?p=61079\",\"url\":\"https:\\\/\\\/kibrisdakik.com\\\/?p=61079\",\"name\":\"\u0130skele-Ercan Anayolu Yenicek\u00f6y kav\u015fa\u011f\u0131nda meydana gelen kazada bir ki\u015fi hafif yaraland\u0131 -\",\"isPartOf\":{\"@id\":\"https:\\\/\\\/kibrisdakik.com\\\/#website\"},\"primaryImageOfPage\":{\"@id\":\"https:\\\/\\\/kibrisdakik.com\\\/?p=61079#primaryimage\"},\"image\":{\"@id\":\"https:\\\/\\\/kibrisdakik.com\\\/?p=61079#primaryimage\"},\"thumbnailUrl\":\"https:\\\/\\\/kibrisdakik.com\\\/wp-content\\\/uploads\\\/2024\\\/09\\\/cihangir-kaza-3-740x420.jpg\",\"datePublished\":\"2024-09-10T11:05:59+00:00\",\"author\":{\"@id\":\"https:\\\/\\\/kibrisdakik.com\\\/#\\\/schema\\\/person\\\/9cd9d437bbb44f72b73ba127e06d8e79\"},\"breadcrumb\":{\"@id\":\"https:\\\/\\\/kibrisdakik.com\\\/?p=61079#breadcrumb\"},\"inLanguage\":\"tr\",\"potentialAction\":[{\"@type\":\"ReadAction\",\"target\":[\"https:\\\/\\\/kibrisdakik.com\\\/?p=61079\"]}]},{\"@type\":\"ImageObject\",\"inLanguage\":\"tr\",\"@id\":\"https:\\\/\\\/kibrisdakik.com\\\/?p=61079#primaryimage\",\"url\":\"https:\\\/\\\/kibrisdakik.com\\\/wp-content\\\/uploads\\\/2024\\\/09\\\/cihangir-kaza-3-740x420.jpg\",\"contentUrl\":\"https:\\\/\\\/kibrisdakik.com\\\/wp-content\\\/uploads\\\/2024\\\/09\\\/cihangir-kaza-3-740x420.jpg\",\"width\":1340,\"height\":666},{\"@type\":\"BreadcrumbList\",\"@id\":\"https:\\\/\\\/kibrisdakik.com\\\/?p=61079#breadcrumb\",\"itemListElement\":[{\"@type\":\"ListItem\",\"position\":1,\"name\":\"Home\",\"item\":\"https:\\\/\\\/kibrisdakik.com\\\/\"},{\"@type\":\"ListItem\",\"position\":2,\"name\":\"\u0130skele-Ercan Anayolu Yenicek\u00f6y kav\u015fa\u011f\u0131nda meydana gelen kazada bir ki\u015fi hafif yaraland\u0131\"}]},{\"@type\":\"WebSite\",\"@id\":\"https:\\\/\\\/kibrisdakik.com\\\/#website\",\"url\":\"https:\\\/\\\/kibrisdakik.com\\\/\",\"name\":\"\",\"description\":\"Tam vaktinde haber\",\"potentialAction\":[{\"@type\":\"SearchAction\",\"target\":{\"@type\":\"EntryPoint\",\"urlTemplate\":\"https:\\\/\\\/kibrisdakik.com\\\/?s={search_term_string}\"},\"query-input\":{\"@type\":\"PropertyValueSpecification\",\"valueRequired\":true,\"valueName\":\"search_term_string\"}}],\"inLanguage\":\"tr\"},{\"@type\":\"Person\",\"@id\":\"https:\\\/\\\/kibrisdakik.com\\\/#\\\/schema\\\/person\\\/9cd9d437bbb44f72b73ba127e06d8e79\",\"name\":\"admin\",\"image\":{\"@type\":\"ImageObject\",\"inLanguage\":\"tr\",\"@id\":\"https:\\\/\\\/secure.gravatar.com\\\/avatar\\\/ccc17943b9d660506c869530f897617f7cb1c21a4bf30023f252596d83e1f007?s=96&d=mm&r=g\",\"url\":\"https:\\\/\\\/secure.gravatar.com\\\/avatar\\\/ccc17943b9d660506c869530f897617f7cb1c21a4bf30023f252596d83e1f007?s=96&d=mm&r=g\",\"contentUrl\":\"https:\\\/\\\/secure.gravatar.com\\\/avatar\\\/ccc17943b9d660506c869530f897617f7cb1c21a4bf30023f252596d83e1f007?s=96&d=mm&r=g\",\"caption\":\"admin\"},\"sameAs\":[\"https:\\\/\\\/kibrisdakik.com\"],\"url\":\"https:\\\/\\\/kibrisdakik.com\\\/?author=1\"}]}<\/script>\n<!-- \/ Yoast SEO plugin. -->","yoast_head_json":{"title":"\u0130skele-Ercan Anayolu Yenicek\u00f6y kav\u015fa\u011f\u0131nda meydana gelen kazada bir ki\u015fi hafif yaraland\u0131 -","robots":{"index":"index","follow":"follow","max-snippet":"max-snippet:-1","max-image-preview":"max-image-preview:large","max-video-preview":"max-video-preview:-1"},"canonical":"https:\/\/kibrisdakik.com\/?p=61079","og_locale":"tr_TR","og_type":"article","og_title":"\u0130skele-Ercan Anayolu Yenicek\u00f6y kav\u015fa\u011f\u0131nda meydana gelen kazada bir ki\u015fi hafif yaraland\u0131 -","og_description":"\u00a0\u0130skele-Ercan Anayolu Yenicek\u00f6y kav\u015fa\u011f\u0131nda meydana gelen kazada bir ki\u015fi hafif yaraland\u0131. Polisten verilen bilgiye g\u00f6re, saat 14.00 s\u0131ralar\u0131nda \u0130skele-Ercan Anayolu\u2019nda bat\u0131 istikametine do\u011fru seyreden Erman Alata\u015f, (E-27) y\u00f6netimindeki YA 158 plakal\u0131 kamyonetle \u00f6n\u00fcnde seyreden ve Yenicek\u00f6y kav\u015fa\u011f\u0131nda sa\u011fa d\u00f6n\u00fc\u015f yapmakta olan Ulrikes Lerner (K-76) y\u00f6netimindeki VH 760 plakal\u0131 pick-up arac\u0131 sa\u011f\u0131ndan ge\u00e7meye \u00e7al\u0131\u015ft\u0131. O esnada","og_url":"https:\/\/kibrisdakik.com\/?p=61079","article_published_time":"2024-09-10T11:05:59+00:00","og_image":[{"width":1340,"height":666,"url":"https:\/\/kibrisdakik.com\/wp-content\/uploads\/2024\/09\/cihangir-kaza-3-740x420.jpg","type":"image\/jpeg"}],"author":"admin","twitter_card":"summary_large_image","twitter_misc":{"Yazan:":"admin","Tahmini okuma s\u00fcresi":"1 dakika"},"schema":{"@context":"https:\/\/schema.org","@graph":[{"@type":"Article","@id":"https:\/\/kibrisdakik.com\/?p=61079#article","isPartOf":{"@id":"https:\/\/kibrisdakik.com\/?p=61079"},"author":{"name":"admin","@id":"https:\/\/kibrisdakik.com\/#\/schema\/person\/9cd9d437bbb44f72b73ba127e06d8e79"},"headline":"\u0130skele-Ercan Anayolu Yenicek\u00f6y kav\u015fa\u011f\u0131nda meydana gelen kazada bir ki\u015fi hafif yaraland\u0131","datePublished":"2024-09-10T11:05:59+00:00","mainEntityOfPage":{"@id":"https:\/\/kibrisdakik.com\/?p=61079"},"wordCount":132,"commentCount":0,"image":{"@id":"https:\/\/kibrisdakik.com\/?p=61079#primaryimage"},"thumbnailUrl":"https:\/\/kibrisdakik.com\/wp-content\/uploads\/2024\/09\/cihangir-kaza-3-740x420.jpg","articleSection":["G\u00fcndem"],"inLanguage":"tr","potentialAction":[{"@type":"CommentAction","name":"Comment","target":["https:\/\/kibrisdakik.com\/?p=61079#respond"]}]},{"@type":"WebPage","@id":"https:\/\/kibrisdakik.com\/?p=61079","url":"https:\/\/kibrisdakik.com\/?p=61079","name":"\u0130skele-Ercan Anayolu Yenicek\u00f6y kav\u015fa\u011f\u0131nda meydana gelen kazada bir ki\u015fi hafif yaraland\u0131 -","isPartOf":{"@id":"https:\/\/kibrisdakik.com\/#website"},"primaryImageOfPage":{"@id":"https:\/\/kibrisdakik.com\/?p=61079#primaryimage"},"image":{"@id":"https:\/\/kibrisdakik.com\/?p=61079#primaryimage"},"thumbnailUrl":"https:\/\/kibrisdakik.com\/wp-content\/uploads\/2024\/09\/cihangir-kaza-3-740x420.jpg","datePublished":"2024-09-10T11:05:59+00:00","author":{"@id":"https:\/\/kibrisdakik.com\/#\/schema\/person\/9cd9d437bbb44f72b73ba127e06d8e79"},"breadcrumb":{"@id":"https:\/\/kibrisdakik.com\/?p=61079#breadcrumb"},"inLanguage":"tr","potentialAction":[{"@type":"ReadAction","target":["https:\/\/kibrisdakik.com\/?p=61079"]}]},{"@type":"ImageObject","inLanguage":"tr","@id":"https:\/\/kibrisdakik.com\/?p=61079#primaryimage","url":"https:\/\/kibrisdakik.com\/wp-content\/uploads\/2024\/09\/cihangir-kaza-3-740x420.jpg","contentUrl":"https:\/\/kibrisdakik.com\/wp-content\/uploads\/2024\/09\/cihangir-kaza-3-740x420.jpg","width":1340,"height":666},{"@type":"BreadcrumbList","@id":"https:\/\/kibrisdakik.com\/?p=61079#breadcrumb","itemListElement":[{"@type":"ListItem","position":1,"name":"Home","item":"https:\/\/kibrisdakik.com\/"},{"@type":"ListItem","position":2,"name":"\u0130skele-Ercan Anayolu Yenicek\u00f6y kav\u015fa\u011f\u0131nda meydana gelen kazada bir ki\u015fi hafif yaraland\u0131"}]},{"@type":"WebSite","@id":"https:\/\/kibrisdakik.com\/#website","url":"https:\/\/kibrisdakik.com\/","name":"","description":"Tam vaktinde haber","potentialAction":[{"@type":"SearchAction","target":{"@type":"EntryPoint","urlTemplate":"https:\/\/kibrisdakik.com\/?s={search_term_string}"},"query-input":{"@type":"PropertyValueSpecification","valueRequired":true,"valueName":"search_term_string"}}],"inLanguage":"tr"},{"@type":"Person","@id":"https:\/\/kibrisdakik.com\/#\/schema\/person\/9cd9d437bbb44f72b73ba127e06d8e79","name":"admin","image":{"@type":"ImageObject","inLanguage":"tr","@id":"https:\/\/secure.gravatar.com\/avatar\/ccc17943b9d660506c869530f897617f7cb1c21a4bf30023f252596d83e1f007?s=96&d=mm&r=g","url":"https:\/\/secure.gravatar.com\/avatar\/ccc17943b9d660506c869530f897617f7cb1c21a4bf30023f252596d83e1f007?s=96&d=mm&r=g","contentUrl":"https:\/\/secure.gravatar.com\/avatar\/ccc17943b9d660506c869530f897617f7cb1c21a4bf30023f252596d83e1f007?s=96&d=mm&r=g","caption":"admin"},"sameAs":["https:\/\/kibrisdakik.com"],"url":"https:\/\/kibrisdakik.com\/?author=1"}]}},"_links":{"self":[{"href":"https:\/\/kibrisdakik.com\/index.php?rest_route=\/wp\/v2\/posts\/61079","targetHints":{"allow":["GET"]}}],"collection":[{"href":"https:\/\/kibrisdakik.com\/index.php?rest_route=\/wp\/v2\/posts"}],"about":[{"href":"https:\/\/kibrisdakik.com\/index.php?rest_route=\/wp\/v2\/types\/post"}],"author":[{"embeddable":true,"href":"https:\/\/kibrisdakik.com\/index.php?rest_route=\/wp\/v2\/users\/1"}],"replies":[{"embeddable":true,"href":"https:\/\/kibrisdakik.com\/index.php?rest_route=%2Fwp%2Fv2%2Fcomments&post=61079"}],"version-history":[{"count":0,"href":"https:\/\/kibrisdakik.com\/index.php?rest_route=\/wp\/v2\/posts\/61079\/revisions"}],"wp:featuredmedia":[{"embeddable":true,"href":"https:\/\/kibrisdakik.com\/index.php?rest_route=\/wp\/v2\/media\/61080"}],"wp:attachment":[{"href":"https:\/\/kibrisdakik.com\/index.php?rest_route=%2Fwp%2Fv2%2Fmedia&parent=61079"}],"wp:term":[{"taxonomy":"category","embeddable":true,"href":"https:\/\/kibrisdakik.com\/index.php?rest_route=%2Fwp%2Fv2%2Fcategories&post=61079"},{"taxonomy":"post_tag","embeddable":true,"href":"https:\/\/kibrisdakik.com\/index.php?rest_route=%2Fwp%2Fv2%2Ftags&post=61079"}],"curies":[{"name":"wp","href":"https:\/\/api.w.org\/{rel}","templated":true}]}}