{"id":61082,"date":"2024-09-10T20:01:03","date_gmt":"2024-09-10T17:01:03","guid":{"rendered":"https:\/\/kibrisdakik.com\/index.php\/2024\/09\/10\/burger-kingin-turkiyedeki-yeni-adi-borgir-oldu\/"},"modified":"2024-09-10T20:01:03","modified_gmt":"2024-09-10T17:01:03","slug":"burger-kingin-turkiyedeki-yeni-adi-borgir-oldu","status":"publish","type":"post","link":"https:\/\/kibrisdakik.com\/?p=61082","title":{"rendered":"Burger King&#8217;in T\u00fcrkiye&#8217;deki yeni ad\u0131 &#8220;B\u00f6rg\u0131r&#8221; oldu"},"content":{"rendered":"<p><img decoding=\"async\" src=\"https:\/\/foto.haberler.com\/haber\/2024\/09\/10\/burger-king-in-turkiye-deki-yeni-adi-borgir-oldu-17807158_4149_amp.jpg\" \/><\/p>\n<div id=\"\">\n<p> <a class=\"keyword\" href=\"https:\/\/www.haberler.com\/burger-king\/\" title=\"Burger King Haberleri, Burger King Haberi, Burger King Haber\"><strong>Burger King<\/strong><\/a>, T\u00fcrkiye&#8217;deki logosunu ve ismini de\u011fi\u015ftirerek dikkat \u00e7eken bir karara imza att\u0131. Firman\u0131n T\u00fcrkiye&#8217;deki yeni ismi &#8220;B\u00f6rg\u0131r&#8221; oldu.<\/p>\n<h3>BURGER KING&#8217;\u0130N T\u00dcRK\u0130YE&#8217;DEK\u0130 YEN\u0130 ADI &#8220;B\u00d6RGIR&#8221; OLDU<\/h3>\n<p>D\u00fcnyan\u0131n d\u00f6rt bir yan\u0131nda \u015fubeleri olan fast-food zinciri  <a class=\"keyword\" href=\"https:\/\/www.haberler.com\/burger-king\/\" title=\"Burger King Haberleri, Burger King Haberi, Burger King Haber\"><strong>Burger King<\/strong><\/a>, T\u00fcrkiye&#8217;de dikkat \u00e7eken bir karara imza att\u0131. Firma, isim ve logosunda de\u011fi\u015fikli\u011fe gitti. Burger King&#8217;in sosyal medya hesaplar\u0131ndan yap\u0131lan payla\u015f\u0131mlarda yeni ismin &#8220;B\u00f6rg\u0131r&#8221; oldu\u011fu g\u00f6r\u00fcld\u00fc. Yeni logoda turuncu ekmekler korundu.<\/p>\n<h3>BOYKOT NEDEN\u0130YLE F\u0130RMANIN SATI\u015eLARI D\u00dc\u015e\u00dcYOR<\/h3>\n<p>\u015eirketin, \u0130srail&#8217;in Filistin&#8217;e sald\u0131r\u0131n\u0131n ard\u0131ndan T\u00fcrkiye&#8217;de de ba\u015flayan boykot nedeniyle b\u00f6yle bir karar ald\u0131\u011f\u0131 iddia edildi. Boykot nedeniyle \u015firketin T\u00fcrkiye&#8217;deki sat\u0131\u015flar\u0131n\u0131n d\u00fc\u015ft\u00fc\u011f\u00fc belirtiliyor.<\/p>\n<p>\u00d6te yandan Burger King&#8217;in resmi internet sitesinde herhangi bir logonun de\u011fi\u015fmemesi kafalarda soru i\u015fareti yaratt\u0131. \u015eirketin, bu hareketle yeni bir reklam kampanyas\u0131n\u0131n ilk ad\u0131m\u0131n\u0131 att\u0131\u011f\u0131 konu\u015fuluyor.<\/p>\n<h4 id=\"nwsKeywords\"> <a href=\"https:\/\/www.haberler.com\/burger-king\/\" title=\"Burger King\" class=\"hbptTag\">Burger King<\/a>  <a href=\"https:\/\/www.haberler.com\/3-sayfa\/\" title=\"3-sayfa\" class=\"hbptTag\">3-sayfa<\/a>  <a href=\"https:\/\/www.haberler.com\/yasam\/\" title=\"Ya\u015fam\" class=\"hbptTag\">Ya\u015fam<\/a> <\/h4>\n<\/div>\n","protected":false},"excerpt":{"rendered":"<p>Burger King, T\u00fcrkiye&#8217;deki logosunu ve ismini de\u011fi\u015ftirerek dikkat \u00e7eken bir karara imza att\u0131. Firman\u0131n T\u00fcrkiye&#8217;deki yeni ismi &#8220;B\u00f6rg\u0131r&#8221; oldu. BURGER KING&#8217;\u0130N T\u00dcRK\u0130YE&#8217;DEK\u0130 YEN\u0130 ADI &#8220;B\u00d6RGIR&#8221; OLDU D\u00fcnyan\u0131n d\u00f6rt bir yan\u0131nda \u015fubeleri olan fast-food zinciri Burger King, T\u00fcrkiye&#8217;de dikkat \u00e7eken bir karara imza att\u0131. Firma, isim ve logosunda de\u011fi\u015fikli\u011fe gitti. Burger King&#8217;in sosyal medya hesaplar\u0131ndan yap\u0131lan<\/p>\n","protected":false},"author":1,"featured_media":61083,"comment_status":"open","ping_status":"open","sticky":false,"template":"","format":"standard","meta":{"footnotes":""},"categories":[83],"tags":[],"class_list":["post-61082","post","type-post","status-publish","format-standard","has-post-thumbnail","hentry","category-magazin"],"yoast_head":"<!-- This site is optimized with the Yoast SEO plugin v27.4 - https:\/\/yoast.com\/product\/yoast-seo-wordpress\/ -->\n<title>Burger King&#039;in T\u00fcrkiye&#039;deki yeni ad\u0131 &quot;B\u00f6rg\u0131r&quot; oldu -<\/title>\n<meta name=\"robots\" content=\"index, follow, max-snippet:-1, max-image-preview:large, max-video-preview:-1\" \/>\n<link rel=\"canonical\" href=\"https:\/\/kibrisdakik.com\/?p=61082\" \/>\n<meta property=\"og:locale\" content=\"tr_TR\" \/>\n<meta property=\"og:type\" content=\"article\" \/>\n<meta property=\"og:title\" content=\"Burger King&#039;in T\u00fcrkiye&#039;deki yeni ad\u0131 &quot;B\u00f6rg\u0131r&quot; oldu -\" \/>\n<meta property=\"og:description\" content=\"Burger King, T\u00fcrkiye&#8217;deki logosunu ve ismini de\u011fi\u015ftirerek dikkat \u00e7eken bir karara imza att\u0131. Firman\u0131n T\u00fcrkiye&#8217;deki yeni ismi &#8220;B\u00f6rg\u0131r&#8221; oldu. BURGER KING&#8217;\u0130N T\u00dcRK\u0130YE&#8217;DEK\u0130 YEN\u0130 ADI &#8220;B\u00d6RGIR&#8221; OLDU D\u00fcnyan\u0131n d\u00f6rt bir yan\u0131nda \u015fubeleri olan fast-food zinciri Burger King, T\u00fcrkiye&#8217;de dikkat \u00e7eken bir karara imza att\u0131. Firma, isim ve logosunda de\u011fi\u015fikli\u011fe gitti. Burger King&#8217;in sosyal medya hesaplar\u0131ndan yap\u0131lan\" \/>\n<meta property=\"og:url\" content=\"https:\/\/kibrisdakik.com\/?p=61082\" \/>\n<meta property=\"article:published_time\" content=\"2024-09-10T17:01:03+00:00\" \/>\n<meta property=\"og:image\" content=\"https:\/\/kibrisdakik.com\/wp-content\/uploads\/2024\/09\/burger-king-in-turkiye-deki-yeni-adi-borgir-oldu-17807158_4149_amp.jpg\" \/>\n\t<meta property=\"og:image:width\" content=\"1202\" \/>\n\t<meta property=\"og:image:height\" content=\"675\" \/>\n\t<meta property=\"og:image:type\" content=\"image\/jpeg\" \/>\n<meta name=\"author\" content=\"admin\" \/>\n<meta name=\"twitter:card\" content=\"summary_large_image\" \/>\n<meta name=\"twitter:label1\" content=\"Yazan:\" \/>\n\t<meta name=\"twitter:data1\" content=\"admin\" \/>\n\t<meta name=\"twitter:label2\" content=\"Tahmini okuma s\u00fcresi\" \/>\n\t<meta name=\"twitter:data2\" content=\"1 dakika\" \/>\n<script type=\"application\/ld+json\" class=\"yoast-schema-graph\">{\"@context\":\"https:\\\/\\\/schema.org\",\"@graph\":[{\"@type\":\"Article\",\"@id\":\"https:\\\/\\\/kibrisdakik.com\\\/?p=61082#article\",\"isPartOf\":{\"@id\":\"https:\\\/\\\/kibrisdakik.com\\\/?p=61082\"},\"author\":{\"name\":\"admin\",\"@id\":\"https:\\\/\\\/kibrisdakik.com\\\/#\\\/schema\\\/person\\\/9cd9d437bbb44f72b73ba127e06d8e79\"},\"headline\":\"Burger King&#8217;in T\u00fcrkiye&#8217;deki yeni ad\u0131 &#8220;B\u00f6rg\u0131r&#8221; oldu\",\"datePublished\":\"2024-09-10T17:01:03+00:00\",\"mainEntityOfPage\":{\"@id\":\"https:\\\/\\\/kibrisdakik.com\\\/?p=61082\"},\"wordCount\":186,\"commentCount\":0,\"image\":{\"@id\":\"https:\\\/\\\/kibrisdakik.com\\\/?p=61082#primaryimage\"},\"thumbnailUrl\":\"https:\\\/\\\/kibrisdakik.com\\\/wp-content\\\/uploads\\\/2024\\\/09\\\/burger-king-in-turkiye-deki-yeni-adi-borgir-oldu-17807158_4149_amp.jpg\",\"articleSection\":[\"Magazin\"],\"inLanguage\":\"tr\",\"potentialAction\":[{\"@type\":\"CommentAction\",\"name\":\"Comment\",\"target\":[\"https:\\\/\\\/kibrisdakik.com\\\/?p=61082#respond\"]}]},{\"@type\":\"WebPage\",\"@id\":\"https:\\\/\\\/kibrisdakik.com\\\/?p=61082\",\"url\":\"https:\\\/\\\/kibrisdakik.com\\\/?p=61082\",\"name\":\"Burger King'in T\u00fcrkiye'deki yeni ad\u0131 \\\"B\u00f6rg\u0131r\\\" oldu -\",\"isPartOf\":{\"@id\":\"https:\\\/\\\/kibrisdakik.com\\\/#website\"},\"primaryImageOfPage\":{\"@id\":\"https:\\\/\\\/kibrisdakik.com\\\/?p=61082#primaryimage\"},\"image\":{\"@id\":\"https:\\\/\\\/kibrisdakik.com\\\/?p=61082#primaryimage\"},\"thumbnailUrl\":\"https:\\\/\\\/kibrisdakik.com\\\/wp-content\\\/uploads\\\/2024\\\/09\\\/burger-king-in-turkiye-deki-yeni-adi-borgir-oldu-17807158_4149_amp.jpg\",\"datePublished\":\"2024-09-10T17:01:03+00:00\",\"author\":{\"@id\":\"https:\\\/\\\/kibrisdakik.com\\\/#\\\/schema\\\/person\\\/9cd9d437bbb44f72b73ba127e06d8e79\"},\"breadcrumb\":{\"@id\":\"https:\\\/\\\/kibrisdakik.com\\\/?p=61082#breadcrumb\"},\"inLanguage\":\"tr\",\"potentialAction\":[{\"@type\":\"ReadAction\",\"target\":[\"https:\\\/\\\/kibrisdakik.com\\\/?p=61082\"]}]},{\"@type\":\"ImageObject\",\"inLanguage\":\"tr\",\"@id\":\"https:\\\/\\\/kibrisdakik.com\\\/?p=61082#primaryimage\",\"url\":\"https:\\\/\\\/kibrisdakik.com\\\/wp-content\\\/uploads\\\/2024\\\/09\\\/burger-king-in-turkiye-deki-yeni-adi-borgir-oldu-17807158_4149_amp.jpg\",\"contentUrl\":\"https:\\\/\\\/kibrisdakik.com\\\/wp-content\\\/uploads\\\/2024\\\/09\\\/burger-king-in-turkiye-deki-yeni-adi-borgir-oldu-17807158_4149_amp.jpg\",\"width\":1202,\"height\":675},{\"@type\":\"BreadcrumbList\",\"@id\":\"https:\\\/\\\/kibrisdakik.com\\\/?p=61082#breadcrumb\",\"itemListElement\":[{\"@type\":\"ListItem\",\"position\":1,\"name\":\"Home\",\"item\":\"https:\\\/\\\/kibrisdakik.com\\\/\"},{\"@type\":\"ListItem\",\"position\":2,\"name\":\"Burger King&#8217;in T\u00fcrkiye&#8217;deki yeni ad\u0131 &#8220;B\u00f6rg\u0131r&#8221; oldu\"}]},{\"@type\":\"WebSite\",\"@id\":\"https:\\\/\\\/kibrisdakik.com\\\/#website\",\"url\":\"https:\\\/\\\/kibrisdakik.com\\\/\",\"name\":\"\",\"description\":\"Tam vaktinde haber\",\"potentialAction\":[{\"@type\":\"SearchAction\",\"target\":{\"@type\":\"EntryPoint\",\"urlTemplate\":\"https:\\\/\\\/kibrisdakik.com\\\/?s={search_term_string}\"},\"query-input\":{\"@type\":\"PropertyValueSpecification\",\"valueRequired\":true,\"valueName\":\"search_term_string\"}}],\"inLanguage\":\"tr\"},{\"@type\":\"Person\",\"@id\":\"https:\\\/\\\/kibrisdakik.com\\\/#\\\/schema\\\/person\\\/9cd9d437bbb44f72b73ba127e06d8e79\",\"name\":\"admin\",\"image\":{\"@type\":\"ImageObject\",\"inLanguage\":\"tr\",\"@id\":\"https:\\\/\\\/secure.gravatar.com\\\/avatar\\\/ccc17943b9d660506c869530f897617f7cb1c21a4bf30023f252596d83e1f007?s=96&d=mm&r=g\",\"url\":\"https:\\\/\\\/secure.gravatar.com\\\/avatar\\\/ccc17943b9d660506c869530f897617f7cb1c21a4bf30023f252596d83e1f007?s=96&d=mm&r=g\",\"contentUrl\":\"https:\\\/\\\/secure.gravatar.com\\\/avatar\\\/ccc17943b9d660506c869530f897617f7cb1c21a4bf30023f252596d83e1f007?s=96&d=mm&r=g\",\"caption\":\"admin\"},\"sameAs\":[\"https:\\\/\\\/kibrisdakik.com\"],\"url\":\"https:\\\/\\\/kibrisdakik.com\\\/?author=1\"}]}<\/script>\n<!-- \/ Yoast SEO plugin. -->","yoast_head_json":{"title":"Burger King'in T\u00fcrkiye'deki yeni ad\u0131 \"B\u00f6rg\u0131r\" oldu -","robots":{"index":"index","follow":"follow","max-snippet":"max-snippet:-1","max-image-preview":"max-image-preview:large","max-video-preview":"max-video-preview:-1"},"canonical":"https:\/\/kibrisdakik.com\/?p=61082","og_locale":"tr_TR","og_type":"article","og_title":"Burger King'in T\u00fcrkiye'deki yeni ad\u0131 \"B\u00f6rg\u0131r\" oldu -","og_description":"Burger King, T\u00fcrkiye&#8217;deki logosunu ve ismini de\u011fi\u015ftirerek dikkat \u00e7eken bir karara imza att\u0131. Firman\u0131n T\u00fcrkiye&#8217;deki yeni ismi &#8220;B\u00f6rg\u0131r&#8221; oldu. BURGER KING&#8217;\u0130N T\u00dcRK\u0130YE&#8217;DEK\u0130 YEN\u0130 ADI &#8220;B\u00d6RGIR&#8221; OLDU D\u00fcnyan\u0131n d\u00f6rt bir yan\u0131nda \u015fubeleri olan fast-food zinciri Burger King, T\u00fcrkiye&#8217;de dikkat \u00e7eken bir karara imza att\u0131. Firma, isim ve logosunda de\u011fi\u015fikli\u011fe gitti. Burger King&#8217;in sosyal medya hesaplar\u0131ndan yap\u0131lan","og_url":"https:\/\/kibrisdakik.com\/?p=61082","article_published_time":"2024-09-10T17:01:03+00:00","og_image":[{"width":1202,"height":675,"url":"https:\/\/kibrisdakik.com\/wp-content\/uploads\/2024\/09\/burger-king-in-turkiye-deki-yeni-adi-borgir-oldu-17807158_4149_amp.jpg","type":"image\/jpeg"}],"author":"admin","twitter_card":"summary_large_image","twitter_misc":{"Yazan:":"admin","Tahmini okuma s\u00fcresi":"1 dakika"},"schema":{"@context":"https:\/\/schema.org","@graph":[{"@type":"Article","@id":"https:\/\/kibrisdakik.com\/?p=61082#article","isPartOf":{"@id":"https:\/\/kibrisdakik.com\/?p=61082"},"author":{"name":"admin","@id":"https:\/\/kibrisdakik.com\/#\/schema\/person\/9cd9d437bbb44f72b73ba127e06d8e79"},"headline":"Burger King&#8217;in T\u00fcrkiye&#8217;deki yeni ad\u0131 &#8220;B\u00f6rg\u0131r&#8221; oldu","datePublished":"2024-09-10T17:01:03+00:00","mainEntityOfPage":{"@id":"https:\/\/kibrisdakik.com\/?p=61082"},"wordCount":186,"commentCount":0,"image":{"@id":"https:\/\/kibrisdakik.com\/?p=61082#primaryimage"},"thumbnailUrl":"https:\/\/kibrisdakik.com\/wp-content\/uploads\/2024\/09\/burger-king-in-turkiye-deki-yeni-adi-borgir-oldu-17807158_4149_amp.jpg","articleSection":["Magazin"],"inLanguage":"tr","potentialAction":[{"@type":"CommentAction","name":"Comment","target":["https:\/\/kibrisdakik.com\/?p=61082#respond"]}]},{"@type":"WebPage","@id":"https:\/\/kibrisdakik.com\/?p=61082","url":"https:\/\/kibrisdakik.com\/?p=61082","name":"Burger King'in T\u00fcrkiye'deki yeni ad\u0131 \"B\u00f6rg\u0131r\" oldu -","isPartOf":{"@id":"https:\/\/kibrisdakik.com\/#website"},"primaryImageOfPage":{"@id":"https:\/\/kibrisdakik.com\/?p=61082#primaryimage"},"image":{"@id":"https:\/\/kibrisdakik.com\/?p=61082#primaryimage"},"thumbnailUrl":"https:\/\/kibrisdakik.com\/wp-content\/uploads\/2024\/09\/burger-king-in-turkiye-deki-yeni-adi-borgir-oldu-17807158_4149_amp.jpg","datePublished":"2024-09-10T17:01:03+00:00","author":{"@id":"https:\/\/kibrisdakik.com\/#\/schema\/person\/9cd9d437bbb44f72b73ba127e06d8e79"},"breadcrumb":{"@id":"https:\/\/kibrisdakik.com\/?p=61082#breadcrumb"},"inLanguage":"tr","potentialAction":[{"@type":"ReadAction","target":["https:\/\/kibrisdakik.com\/?p=61082"]}]},{"@type":"ImageObject","inLanguage":"tr","@id":"https:\/\/kibrisdakik.com\/?p=61082#primaryimage","url":"https:\/\/kibrisdakik.com\/wp-content\/uploads\/2024\/09\/burger-king-in-turkiye-deki-yeni-adi-borgir-oldu-17807158_4149_amp.jpg","contentUrl":"https:\/\/kibrisdakik.com\/wp-content\/uploads\/2024\/09\/burger-king-in-turkiye-deki-yeni-adi-borgir-oldu-17807158_4149_amp.jpg","width":1202,"height":675},{"@type":"BreadcrumbList","@id":"https:\/\/kibrisdakik.com\/?p=61082#breadcrumb","itemListElement":[{"@type":"ListItem","position":1,"name":"Home","item":"https:\/\/kibrisdakik.com\/"},{"@type":"ListItem","position":2,"name":"Burger King&#8217;in T\u00fcrkiye&#8217;deki yeni ad\u0131 &#8220;B\u00f6rg\u0131r&#8221; oldu"}]},{"@type":"WebSite","@id":"https:\/\/kibrisdakik.com\/#website","url":"https:\/\/kibrisdakik.com\/","name":"","description":"Tam vaktinde haber","potentialAction":[{"@type":"SearchAction","target":{"@type":"EntryPoint","urlTemplate":"https:\/\/kibrisdakik.com\/?s={search_term_string}"},"query-input":{"@type":"PropertyValueSpecification","valueRequired":true,"valueName":"search_term_string"}}],"inLanguage":"tr"},{"@type":"Person","@id":"https:\/\/kibrisdakik.com\/#\/schema\/person\/9cd9d437bbb44f72b73ba127e06d8e79","name":"admin","image":{"@type":"ImageObject","inLanguage":"tr","@id":"https:\/\/secure.gravatar.com\/avatar\/ccc17943b9d660506c869530f897617f7cb1c21a4bf30023f252596d83e1f007?s=96&d=mm&r=g","url":"https:\/\/secure.gravatar.com\/avatar\/ccc17943b9d660506c869530f897617f7cb1c21a4bf30023f252596d83e1f007?s=96&d=mm&r=g","contentUrl":"https:\/\/secure.gravatar.com\/avatar\/ccc17943b9d660506c869530f897617f7cb1c21a4bf30023f252596d83e1f007?s=96&d=mm&r=g","caption":"admin"},"sameAs":["https:\/\/kibrisdakik.com"],"url":"https:\/\/kibrisdakik.com\/?author=1"}]}},"_links":{"self":[{"href":"https:\/\/kibrisdakik.com\/index.php?rest_route=\/wp\/v2\/posts\/61082","targetHints":{"allow":["GET"]}}],"collection":[{"href":"https:\/\/kibrisdakik.com\/index.php?rest_route=\/wp\/v2\/posts"}],"about":[{"href":"https:\/\/kibrisdakik.com\/index.php?rest_route=\/wp\/v2\/types\/post"}],"author":[{"embeddable":true,"href":"https:\/\/kibrisdakik.com\/index.php?rest_route=\/wp\/v2\/users\/1"}],"replies":[{"embeddable":true,"href":"https:\/\/kibrisdakik.com\/index.php?rest_route=%2Fwp%2Fv2%2Fcomments&post=61082"}],"version-history":[{"count":0,"href":"https:\/\/kibrisdakik.com\/index.php?rest_route=\/wp\/v2\/posts\/61082\/revisions"}],"wp:featuredmedia":[{"embeddable":true,"href":"https:\/\/kibrisdakik.com\/index.php?rest_route=\/wp\/v2\/media\/61083"}],"wp:attachment":[{"href":"https:\/\/kibrisdakik.com\/index.php?rest_route=%2Fwp%2Fv2%2Fmedia&parent=61082"}],"wp:term":[{"taxonomy":"category","embeddable":true,"href":"https:\/\/kibrisdakik.com\/index.php?rest_route=%2Fwp%2Fv2%2Fcategories&post=61082"},{"taxonomy":"post_tag","embeddable":true,"href":"https:\/\/kibrisdakik.com\/index.php?rest_route=%2Fwp%2Fv2%2Ftags&post=61082"}],"curies":[{"name":"wp","href":"https:\/\/api.w.org\/{rel}","templated":true}]}}