{"id":61091,"date":"2024-09-10T10:24:28","date_gmt":"2024-09-10T07:24:28","guid":{"rendered":"https:\/\/kibrisdakik.com\/index.php\/2024\/09\/10\/s-anin-tutukluluk-halinin-devamina-yarin-karar-verilecek\/"},"modified":"2024-09-10T10:24:28","modified_gmt":"2024-09-10T07:24:28","slug":"s-anin-tutukluluk-halinin-devamina-yarin-karar-verilecek","status":"publish","type":"post","link":"https:\/\/kibrisdakik.com\/?p=61091","title":{"rendered":"S.A\u2019n\u0131n tutukluluk halinin devam\u0131na yar\u0131n karar verilecek"},"content":{"rendered":"<p><\/p>\n<div>\n<div class=\"mariselle-image-container center\">\n                <img loading=\"lazy\" decoding=\"async\" width=\"1280\" height=\"720\" class=\"lazy-image\" alt=\"\" sizes=\"auto, (max-width: 1280px) 100vw, 1280px\" src=\"https:\/\/brtk.net\/wp-content\/uploads\/2024\/09\/10\/mahkeme-karar.webp?ver=345d195f49e705f5534276bc59e936e8\" srcset=\"https:\/\/brtk.net\/wp-content\/uploads\/2024\/09\/10\/mahkeme-karar.webp?ver=345d195f49e705f5534276bc59e936e8 1280w, https:\/\/brtk.net\/wp-content\/uploads\/2024\/09\/10\/mahkeme-karar-300x169.webp?ver=345d195f49e705f5534276bc59e936e8 300w, https:\/\/brtk.net\/wp-content\/uploads\/2024\/09\/10\/mahkeme-karar-1024x576.webp?ver=345d195f49e705f5534276bc59e936e8 1024w, https:\/\/brtk.net\/wp-content\/uploads\/2024\/09\/10\/mahkeme-karar-768x432.webp?ver=abf007b2587e3b4042754ef7ac1fadfb 768w\"\/>                            <\/div>\n<p>Kuzey K\u0131br\u0131s T\u00fcrk Cumhuriyeti\u2019ndeki in\u015faat faaliyetleri nedeniyle G\u00fcney K\u0131br\u0131s\u2019ta tutuklu bulunan insan\u0131 S.A d\u00fcn yeniden mahkemeye \u00e7\u0131kar\u0131ld\u0131. <\/p>\n<p>Rum bas\u0131n\u0131, hakk\u0131nda 242 su\u00e7lama getirilen S.A i\u00e7in mahkemenin yar\u0131n yeniden toplanarak, tutukluluk halinin devam edip etmeyece\u011fine karar verece\u011fini, davan\u0131n ise 27 Eyl\u00fcl tarihinde g\u00f6r\u00fc\u015f\u00fclmeye devam edilece\u011fini yazd\u0131.<\/p>\n<\/p><\/div>\n<p><script async\n                    defer\n                    crossorigin=\"anonymous\"\n                    src=\"https:\/\/connect.facebook.net\/tr_TR\/sdk.js#xfbml=1&#038;version=v3.3\"\n            ><\/script><\/p>\n","protected":false},"excerpt":{"rendered":"<p>Kuzey K\u0131br\u0131s T\u00fcrk Cumhuriyeti\u2019ndeki in\u015faat faaliyetleri nedeniyle G\u00fcney K\u0131br\u0131s\u2019ta tutuklu bulunan insan\u0131 S.A d\u00fcn yeniden mahkemeye \u00e7\u0131kar\u0131ld\u0131. Rum bas\u0131n\u0131, hakk\u0131nda 242 su\u00e7lama getirilen S.A i\u00e7in mahkemenin yar\u0131n yeniden toplanarak, tutukluluk halinin devam edip etmeyece\u011fine karar verece\u011fini, davan\u0131n ise 27 Eyl\u00fcl tarihinde g\u00f6r\u00fc\u015f\u00fclmeye devam edilece\u011fini yazd\u0131.<\/p>\n","protected":false},"author":1,"featured_media":61092,"comment_status":"open","ping_status":"open","sticky":false,"template":"","format":"standard","meta":{"footnotes":""},"categories":[1],"tags":[],"class_list":["post-61091","post","type-post","status-publish","format-standard","has-post-thumbnail","hentry","category-gundem"],"yoast_head":"<!-- This site is optimized with the Yoast SEO plugin v27.4 - https:\/\/yoast.com\/product\/yoast-seo-wordpress\/ -->\n<title>S.A\u2019n\u0131n tutukluluk halinin devam\u0131na yar\u0131n karar verilecek -<\/title>\n<meta name=\"robots\" content=\"index, follow, max-snippet:-1, max-image-preview:large, max-video-preview:-1\" \/>\n<link rel=\"canonical\" href=\"https:\/\/kibrisdakik.com\/?p=61091\" \/>\n<meta property=\"og:locale\" content=\"tr_TR\" \/>\n<meta property=\"og:type\" content=\"article\" \/>\n<meta property=\"og:title\" content=\"S.A\u2019n\u0131n tutukluluk halinin devam\u0131na yar\u0131n karar verilecek -\" \/>\n<meta property=\"og:description\" content=\"Kuzey K\u0131br\u0131s T\u00fcrk Cumhuriyeti\u2019ndeki in\u015faat faaliyetleri nedeniyle G\u00fcney K\u0131br\u0131s\u2019ta tutuklu bulunan insan\u0131 S.A d\u00fcn yeniden mahkemeye \u00e7\u0131kar\u0131ld\u0131. Rum bas\u0131n\u0131, hakk\u0131nda 242 su\u00e7lama getirilen S.A i\u00e7in mahkemenin yar\u0131n yeniden toplanarak, tutukluluk halinin devam edip etmeyece\u011fine karar verece\u011fini, davan\u0131n ise 27 Eyl\u00fcl tarihinde g\u00f6r\u00fc\u015f\u00fclmeye devam edilece\u011fini yazd\u0131.\" \/>\n<meta property=\"og:url\" content=\"https:\/\/kibrisdakik.com\/?p=61091\" \/>\n<meta property=\"article:published_time\" content=\"2024-09-10T07:24:28+00:00\" \/>\n<meta property=\"og:image\" content=\"https:\/\/kibrisdakik.com\/wp-content\/uploads\/2024\/09\/mahkeme-karar.webp-740x420.webp\" \/>\n\t<meta property=\"og:image:width\" content=\"1280\" \/>\n\t<meta property=\"og:image:height\" content=\"720\" \/>\n\t<meta property=\"og:image:type\" content=\"image\/webp\" \/>\n<meta name=\"author\" content=\"admin\" \/>\n<meta name=\"twitter:card\" content=\"summary_large_image\" \/>\n<meta name=\"twitter:label1\" content=\"Yazan:\" \/>\n\t<meta name=\"twitter:data1\" content=\"admin\" \/>\n<script type=\"application\/ld+json\" class=\"yoast-schema-graph\">{\"@context\":\"https:\\\/\\\/schema.org\",\"@graph\":[{\"@type\":\"Article\",\"@id\":\"https:\\\/\\\/kibrisdakik.com\\\/?p=61091#article\",\"isPartOf\":{\"@id\":\"https:\\\/\\\/kibrisdakik.com\\\/?p=61091\"},\"author\":{\"name\":\"admin\",\"@id\":\"https:\\\/\\\/kibrisdakik.com\\\/#\\\/schema\\\/person\\\/9cd9d437bbb44f72b73ba127e06d8e79\"},\"headline\":\"S.A\u2019n\u0131n tutukluluk halinin devam\u0131na yar\u0131n karar verilecek\",\"datePublished\":\"2024-09-10T07:24:28+00:00\",\"mainEntityOfPage\":{\"@id\":\"https:\\\/\\\/kibrisdakik.com\\\/?p=61091\"},\"wordCount\":80,\"commentCount\":0,\"image\":{\"@id\":\"https:\\\/\\\/kibrisdakik.com\\\/?p=61091#primaryimage\"},\"thumbnailUrl\":\"https:\\\/\\\/kibrisdakik.com\\\/wp-content\\\/uploads\\\/2024\\\/09\\\/mahkeme-karar.webp-740x420.webp\",\"articleSection\":[\"G\u00fcndem\"],\"inLanguage\":\"tr\",\"potentialAction\":[{\"@type\":\"CommentAction\",\"name\":\"Comment\",\"target\":[\"https:\\\/\\\/kibrisdakik.com\\\/?p=61091#respond\"]}]},{\"@type\":\"WebPage\",\"@id\":\"https:\\\/\\\/kibrisdakik.com\\\/?p=61091\",\"url\":\"https:\\\/\\\/kibrisdakik.com\\\/?p=61091\",\"name\":\"S.A\u2019n\u0131n tutukluluk halinin devam\u0131na yar\u0131n karar verilecek -\",\"isPartOf\":{\"@id\":\"https:\\\/\\\/kibrisdakik.com\\\/#website\"},\"primaryImageOfPage\":{\"@id\":\"https:\\\/\\\/kibrisdakik.com\\\/?p=61091#primaryimage\"},\"image\":{\"@id\":\"https:\\\/\\\/kibrisdakik.com\\\/?p=61091#primaryimage\"},\"thumbnailUrl\":\"https:\\\/\\\/kibrisdakik.com\\\/wp-content\\\/uploads\\\/2024\\\/09\\\/mahkeme-karar.webp-740x420.webp\",\"datePublished\":\"2024-09-10T07:24:28+00:00\",\"author\":{\"@id\":\"https:\\\/\\\/kibrisdakik.com\\\/#\\\/schema\\\/person\\\/9cd9d437bbb44f72b73ba127e06d8e79\"},\"breadcrumb\":{\"@id\":\"https:\\\/\\\/kibrisdakik.com\\\/?p=61091#breadcrumb\"},\"inLanguage\":\"tr\",\"potentialAction\":[{\"@type\":\"ReadAction\",\"target\":[\"https:\\\/\\\/kibrisdakik.com\\\/?p=61091\"]}]},{\"@type\":\"ImageObject\",\"inLanguage\":\"tr\",\"@id\":\"https:\\\/\\\/kibrisdakik.com\\\/?p=61091#primaryimage\",\"url\":\"https:\\\/\\\/kibrisdakik.com\\\/wp-content\\\/uploads\\\/2024\\\/09\\\/mahkeme-karar.webp-740x420.webp\",\"contentUrl\":\"https:\\\/\\\/kibrisdakik.com\\\/wp-content\\\/uploads\\\/2024\\\/09\\\/mahkeme-karar.webp-740x420.webp\",\"width\":1280,\"height\":720},{\"@type\":\"BreadcrumbList\",\"@id\":\"https:\\\/\\\/kibrisdakik.com\\\/?p=61091#breadcrumb\",\"itemListElement\":[{\"@type\":\"ListItem\",\"position\":1,\"name\":\"Home\",\"item\":\"https:\\\/\\\/kibrisdakik.com\\\/\"},{\"@type\":\"ListItem\",\"position\":2,\"name\":\"S.A\u2019n\u0131n tutukluluk halinin devam\u0131na yar\u0131n karar verilecek\"}]},{\"@type\":\"WebSite\",\"@id\":\"https:\\\/\\\/kibrisdakik.com\\\/#website\",\"url\":\"https:\\\/\\\/kibrisdakik.com\\\/\",\"name\":\"\",\"description\":\"Tam vaktinde haber\",\"potentialAction\":[{\"@type\":\"SearchAction\",\"target\":{\"@type\":\"EntryPoint\",\"urlTemplate\":\"https:\\\/\\\/kibrisdakik.com\\\/?s={search_term_string}\"},\"query-input\":{\"@type\":\"PropertyValueSpecification\",\"valueRequired\":true,\"valueName\":\"search_term_string\"}}],\"inLanguage\":\"tr\"},{\"@type\":\"Person\",\"@id\":\"https:\\\/\\\/kibrisdakik.com\\\/#\\\/schema\\\/person\\\/9cd9d437bbb44f72b73ba127e06d8e79\",\"name\":\"admin\",\"image\":{\"@type\":\"ImageObject\",\"inLanguage\":\"tr\",\"@id\":\"https:\\\/\\\/secure.gravatar.com\\\/avatar\\\/ccc17943b9d660506c869530f897617f7cb1c21a4bf30023f252596d83e1f007?s=96&d=mm&r=g\",\"url\":\"https:\\\/\\\/secure.gravatar.com\\\/avatar\\\/ccc17943b9d660506c869530f897617f7cb1c21a4bf30023f252596d83e1f007?s=96&d=mm&r=g\",\"contentUrl\":\"https:\\\/\\\/secure.gravatar.com\\\/avatar\\\/ccc17943b9d660506c869530f897617f7cb1c21a4bf30023f252596d83e1f007?s=96&d=mm&r=g\",\"caption\":\"admin\"},\"sameAs\":[\"https:\\\/\\\/kibrisdakik.com\"],\"url\":\"https:\\\/\\\/kibrisdakik.com\\\/?author=1\"}]}<\/script>\n<!-- \/ Yoast SEO plugin. -->","yoast_head_json":{"title":"S.A\u2019n\u0131n tutukluluk halinin devam\u0131na yar\u0131n karar verilecek -","robots":{"index":"index","follow":"follow","max-snippet":"max-snippet:-1","max-image-preview":"max-image-preview:large","max-video-preview":"max-video-preview:-1"},"canonical":"https:\/\/kibrisdakik.com\/?p=61091","og_locale":"tr_TR","og_type":"article","og_title":"S.A\u2019n\u0131n tutukluluk halinin devam\u0131na yar\u0131n karar verilecek -","og_description":"Kuzey K\u0131br\u0131s T\u00fcrk Cumhuriyeti\u2019ndeki in\u015faat faaliyetleri nedeniyle G\u00fcney K\u0131br\u0131s\u2019ta tutuklu bulunan insan\u0131 S.A d\u00fcn yeniden mahkemeye \u00e7\u0131kar\u0131ld\u0131. Rum bas\u0131n\u0131, hakk\u0131nda 242 su\u00e7lama getirilen S.A i\u00e7in mahkemenin yar\u0131n yeniden toplanarak, tutukluluk halinin devam edip etmeyece\u011fine karar verece\u011fini, davan\u0131n ise 27 Eyl\u00fcl tarihinde g\u00f6r\u00fc\u015f\u00fclmeye devam edilece\u011fini yazd\u0131.","og_url":"https:\/\/kibrisdakik.com\/?p=61091","article_published_time":"2024-09-10T07:24:28+00:00","og_image":[{"width":1280,"height":720,"url":"https:\/\/kibrisdakik.com\/wp-content\/uploads\/2024\/09\/mahkeme-karar.webp-740x420.webp","type":"image\/webp"}],"author":"admin","twitter_card":"summary_large_image","twitter_misc":{"Yazan:":"admin"},"schema":{"@context":"https:\/\/schema.org","@graph":[{"@type":"Article","@id":"https:\/\/kibrisdakik.com\/?p=61091#article","isPartOf":{"@id":"https:\/\/kibrisdakik.com\/?p=61091"},"author":{"name":"admin","@id":"https:\/\/kibrisdakik.com\/#\/schema\/person\/9cd9d437bbb44f72b73ba127e06d8e79"},"headline":"S.A\u2019n\u0131n tutukluluk halinin devam\u0131na yar\u0131n karar verilecek","datePublished":"2024-09-10T07:24:28+00:00","mainEntityOfPage":{"@id":"https:\/\/kibrisdakik.com\/?p=61091"},"wordCount":80,"commentCount":0,"image":{"@id":"https:\/\/kibrisdakik.com\/?p=61091#primaryimage"},"thumbnailUrl":"https:\/\/kibrisdakik.com\/wp-content\/uploads\/2024\/09\/mahkeme-karar.webp-740x420.webp","articleSection":["G\u00fcndem"],"inLanguage":"tr","potentialAction":[{"@type":"CommentAction","name":"Comment","target":["https:\/\/kibrisdakik.com\/?p=61091#respond"]}]},{"@type":"WebPage","@id":"https:\/\/kibrisdakik.com\/?p=61091","url":"https:\/\/kibrisdakik.com\/?p=61091","name":"S.A\u2019n\u0131n tutukluluk halinin devam\u0131na yar\u0131n karar verilecek -","isPartOf":{"@id":"https:\/\/kibrisdakik.com\/#website"},"primaryImageOfPage":{"@id":"https:\/\/kibrisdakik.com\/?p=61091#primaryimage"},"image":{"@id":"https:\/\/kibrisdakik.com\/?p=61091#primaryimage"},"thumbnailUrl":"https:\/\/kibrisdakik.com\/wp-content\/uploads\/2024\/09\/mahkeme-karar.webp-740x420.webp","datePublished":"2024-09-10T07:24:28+00:00","author":{"@id":"https:\/\/kibrisdakik.com\/#\/schema\/person\/9cd9d437bbb44f72b73ba127e06d8e79"},"breadcrumb":{"@id":"https:\/\/kibrisdakik.com\/?p=61091#breadcrumb"},"inLanguage":"tr","potentialAction":[{"@type":"ReadAction","target":["https:\/\/kibrisdakik.com\/?p=61091"]}]},{"@type":"ImageObject","inLanguage":"tr","@id":"https:\/\/kibrisdakik.com\/?p=61091#primaryimage","url":"https:\/\/kibrisdakik.com\/wp-content\/uploads\/2024\/09\/mahkeme-karar.webp-740x420.webp","contentUrl":"https:\/\/kibrisdakik.com\/wp-content\/uploads\/2024\/09\/mahkeme-karar.webp-740x420.webp","width":1280,"height":720},{"@type":"BreadcrumbList","@id":"https:\/\/kibrisdakik.com\/?p=61091#breadcrumb","itemListElement":[{"@type":"ListItem","position":1,"name":"Home","item":"https:\/\/kibrisdakik.com\/"},{"@type":"ListItem","position":2,"name":"S.A\u2019n\u0131n tutukluluk halinin devam\u0131na yar\u0131n karar verilecek"}]},{"@type":"WebSite","@id":"https:\/\/kibrisdakik.com\/#website","url":"https:\/\/kibrisdakik.com\/","name":"","description":"Tam vaktinde haber","potentialAction":[{"@type":"SearchAction","target":{"@type":"EntryPoint","urlTemplate":"https:\/\/kibrisdakik.com\/?s={search_term_string}"},"query-input":{"@type":"PropertyValueSpecification","valueRequired":true,"valueName":"search_term_string"}}],"inLanguage":"tr"},{"@type":"Person","@id":"https:\/\/kibrisdakik.com\/#\/schema\/person\/9cd9d437bbb44f72b73ba127e06d8e79","name":"admin","image":{"@type":"ImageObject","inLanguage":"tr","@id":"https:\/\/secure.gravatar.com\/avatar\/ccc17943b9d660506c869530f897617f7cb1c21a4bf30023f252596d83e1f007?s=96&d=mm&r=g","url":"https:\/\/secure.gravatar.com\/avatar\/ccc17943b9d660506c869530f897617f7cb1c21a4bf30023f252596d83e1f007?s=96&d=mm&r=g","contentUrl":"https:\/\/secure.gravatar.com\/avatar\/ccc17943b9d660506c869530f897617f7cb1c21a4bf30023f252596d83e1f007?s=96&d=mm&r=g","caption":"admin"},"sameAs":["https:\/\/kibrisdakik.com"],"url":"https:\/\/kibrisdakik.com\/?author=1"}]}},"_links":{"self":[{"href":"https:\/\/kibrisdakik.com\/index.php?rest_route=\/wp\/v2\/posts\/61091","targetHints":{"allow":["GET"]}}],"collection":[{"href":"https:\/\/kibrisdakik.com\/index.php?rest_route=\/wp\/v2\/posts"}],"about":[{"href":"https:\/\/kibrisdakik.com\/index.php?rest_route=\/wp\/v2\/types\/post"}],"author":[{"embeddable":true,"href":"https:\/\/kibrisdakik.com\/index.php?rest_route=\/wp\/v2\/users\/1"}],"replies":[{"embeddable":true,"href":"https:\/\/kibrisdakik.com\/index.php?rest_route=%2Fwp%2Fv2%2Fcomments&post=61091"}],"version-history":[{"count":0,"href":"https:\/\/kibrisdakik.com\/index.php?rest_route=\/wp\/v2\/posts\/61091\/revisions"}],"wp:featuredmedia":[{"embeddable":true,"href":"https:\/\/kibrisdakik.com\/index.php?rest_route=\/wp\/v2\/media\/61092"}],"wp:attachment":[{"href":"https:\/\/kibrisdakik.com\/index.php?rest_route=%2Fwp%2Fv2%2Fmedia&parent=61091"}],"wp:term":[{"taxonomy":"category","embeddable":true,"href":"https:\/\/kibrisdakik.com\/index.php?rest_route=%2Fwp%2Fv2%2Fcategories&post=61091"},{"taxonomy":"post_tag","embeddable":true,"href":"https:\/\/kibrisdakik.com\/index.php?rest_route=%2Fwp%2Fv2%2Ftags&post=61091"}],"curies":[{"name":"wp","href":"https:\/\/api.w.org\/{rel}","templated":true}]}}