{"id":61101,"date":"2024-09-10T21:53:40","date_gmt":"2024-09-10T18:53:40","guid":{"rendered":"https:\/\/kibrisdakik.com\/index.php\/2024\/09\/10\/ferdi-kadioglu-sahalara-geri-donuyor-iste-forma-giyecegi-ilk-mac\/"},"modified":"2024-09-10T21:53:40","modified_gmt":"2024-09-10T18:53:40","slug":"ferdi-kadioglu-sahalara-geri-donuyor-iste-forma-giyecegi-ilk-mac","status":"publish","type":"post","link":"https:\/\/kibrisdakik.com\/?p=61101","title":{"rendered":"Ferdi Kad\u0131o\u011flu, sahalara geri d\u00f6n\u00fcyor! \u0130\u015fte forma giyece\u011fi ilk ma\u00e7"},"content":{"rendered":"<p><img decoding=\"async\" src=\"https:\/\/foto.haberler.com\/haber\/2024\/09\/10\/ferdi-kadioglu-sahalara-geri-donuyor-iste-forma-17807417_1869_amp.jpg\" \/><\/p>\n<div id=\"\">\n<p>Bu yaz Fenerbah\u00e7e&#8217;den \u0130ngiltere Premier Lig ekibi Brighton&#8217;a transfer olan Ferdi Kad\u0131o\u011flu, resmi ma\u00e7a \u00e7\u0131kmadan antrenmanda ya\u015fad\u0131\u011f\u0131 sakatl\u0131k sebebiyle sahalardan bir s\u00fcre uzak kalm\u0131\u015ft\u0131. Sakatl\u0131\u011f\u0131 atlatan milli futbolcu, yeni tak\u0131m\u0131yla ilk ma\u00e7\u0131na haz\u0131rlan\u0131yor.<\/p>\n<h3>SAKATLI\u011eINI ATLATTI, IPSWICH TOWN MA\u00c7INDA KADRODA <\/h3>\n<p>Sakatl\u0131k nedeniyle A Milli Futbol Tak\u0131m\u0131m\u0131z\u0131n UEFA Uluslar B Ligi&#8217;nde Galler ve \u0130zlanda ile oynanan kar\u015f\u0131la\u015fmalar\u0131n kadrosunda da yer alamayan 24 ya\u015f\u0131ndaki futbolcunun son durumu sevindirdi. The Athletic&#8217;in haberine g\u00f6re sakatl\u0131\u011f\u0131n\u0131 atlatan Ferdi Kad\u0131o\u011flu, Brighton&#8217;\u0131n Ipswich Townile oynaya\u011f\u0131 ma\u00e7\u0131n kadrosuna girebilecek.<\/p>\n<h3>2 G\u00dcND\u00dcR ANTRENANLARA \u00c7IKIYOR<\/h3>\n<p>The Athletic&#8217;e konu\u015fan Ferdi Kad\u0131o\u011flu, &#8220;Tak\u0131mla birlikte 2 g\u00fcnd\u00fcr antrenmana \u00e7\u0131k\u0131yorum. Ipswich ma\u00e7\u0131n\u0131n kadrosunda olmay\u0131 umut ediyorum&#8221; dedi. Ferdi&#8217;nin \u0130ngiltere Premier Lig&#8217;in 4. haftas\u0131nda Ipswich Town ile i\u00e7 sahada oynanacak olan kar\u015f\u0131la\u015fmada kadroda yer al\u0131p almayaca\u011f\u0131na teknik direkt\u00f6r Fabian H\u00fcrzeler karar verecek.<\/p>\n<h3>BRIGHTON&#8217;UN YEN\u0130LG\u0130S\u0130 YOK<\/h3>\n<p>Ferdi Kad\u0131o\u011flu&#8217;nun tak\u0131m\u0131 Brighton, 3 haftas\u0131 geride kalan \u0130ngiltere Premier Lig&#8217;de hen\u00fcz yenilgi almad\u0131. 2 galibiyet 1 beraberlikle7 puan toplayan \u0130ngiliz ekibi, ligin 4. haftas\u0131nda 14 Eyl\u00fcl Cumartesi g\u00fcn\u00fc saat 17.00&#8217;de Ipswich Town&#8217;\u0131 konuk edecek.<\/p>\n<div class=\"editorSade\">Kaynak: Haberler.com \/  <a href=\"https:\/\/www.haberler.com\/spor\/\" title=\"Spor Haberleri\">Spor<\/a> <\/div>\n<h4 id=\"nwsKeywords\"> <a href=\"https:\/\/www.haberler.com\/ferdi-kadioglu\/\" title=\"Ferdi Kad\u0131o\u011flu\" class=\"hbptTag\">Ferdi Kad\u0131o\u011flu<\/a>  <a href=\"https:\/\/www.haberler.com\/fenerbahce\/\" title=\"Fenerbah\u00e7e\" class=\"hbptTag\">Fenerbah\u00e7e<\/a> <\/h4>\n<\/div>\n","protected":false},"excerpt":{"rendered":"<p>Bu yaz Fenerbah\u00e7e&#8217;den \u0130ngiltere Premier Lig ekibi Brighton&#8217;a transfer olan Ferdi Kad\u0131o\u011flu, resmi ma\u00e7a \u00e7\u0131kmadan antrenmanda ya\u015fad\u0131\u011f\u0131 sakatl\u0131k sebebiyle sahalardan bir s\u00fcre uzak kalm\u0131\u015ft\u0131. Sakatl\u0131\u011f\u0131 atlatan milli futbolcu, yeni tak\u0131m\u0131yla ilk ma\u00e7\u0131na haz\u0131rlan\u0131yor. SAKATLI\u011eINI ATLATTI, IPSWICH TOWN MA\u00c7INDA KADRODA Sakatl\u0131k nedeniyle A Milli Futbol Tak\u0131m\u0131m\u0131z\u0131n UEFA Uluslar B Ligi&#8217;nde Galler ve \u0130zlanda ile oynanan kar\u015f\u0131la\u015fmalar\u0131n<\/p>\n","protected":false},"author":1,"featured_media":61102,"comment_status":"open","ping_status":"open","sticky":false,"template":"","format":"standard","meta":{"footnotes":""},"categories":[83],"tags":[],"class_list":["post-61101","post","type-post","status-publish","format-standard","has-post-thumbnail","hentry","category-magazin"],"yoast_head":"<!-- This site is optimized with the Yoast SEO plugin v27.4 - https:\/\/yoast.com\/product\/yoast-seo-wordpress\/ -->\n<title>Ferdi Kad\u0131o\u011flu, sahalara geri d\u00f6n\u00fcyor! \u0130\u015fte forma giyece\u011fi ilk ma\u00e7 -<\/title>\n<meta name=\"robots\" content=\"index, follow, max-snippet:-1, max-image-preview:large, max-video-preview:-1\" \/>\n<link rel=\"canonical\" href=\"https:\/\/kibrisdakik.com\/?p=61101\" \/>\n<meta property=\"og:locale\" content=\"tr_TR\" \/>\n<meta property=\"og:type\" content=\"article\" \/>\n<meta property=\"og:title\" content=\"Ferdi Kad\u0131o\u011flu, sahalara geri d\u00f6n\u00fcyor! \u0130\u015fte forma giyece\u011fi ilk ma\u00e7 -\" \/>\n<meta property=\"og:description\" content=\"Bu yaz Fenerbah\u00e7e&#8217;den \u0130ngiltere Premier Lig ekibi Brighton&#8217;a transfer olan Ferdi Kad\u0131o\u011flu, resmi ma\u00e7a \u00e7\u0131kmadan antrenmanda ya\u015fad\u0131\u011f\u0131 sakatl\u0131k sebebiyle sahalardan bir s\u00fcre uzak kalm\u0131\u015ft\u0131. Sakatl\u0131\u011f\u0131 atlatan milli futbolcu, yeni tak\u0131m\u0131yla ilk ma\u00e7\u0131na haz\u0131rlan\u0131yor. SAKATLI\u011eINI ATLATTI, IPSWICH TOWN MA\u00c7INDA KADRODA Sakatl\u0131k nedeniyle A Milli Futbol Tak\u0131m\u0131m\u0131z\u0131n UEFA Uluslar B Ligi&#8217;nde Galler ve \u0130zlanda ile oynanan kar\u015f\u0131la\u015fmalar\u0131n\" \/>\n<meta property=\"og:url\" content=\"https:\/\/kibrisdakik.com\/?p=61101\" \/>\n<meta property=\"article:published_time\" content=\"2024-09-10T18:53:40+00:00\" \/>\n<meta property=\"og:image\" content=\"https:\/\/kibrisdakik.com\/wp-content\/uploads\/2024\/09\/ferdi-kadioglu-sahalara-geri-donuyor-iste-forma-17807417_1869_amp.jpg\" \/>\n\t<meta property=\"og:image:width\" content=\"1202\" \/>\n\t<meta property=\"og:image:height\" content=\"675\" \/>\n\t<meta property=\"og:image:type\" content=\"image\/jpeg\" \/>\n<meta name=\"author\" content=\"admin\" \/>\n<meta name=\"twitter:card\" content=\"summary_large_image\" \/>\n<meta name=\"twitter:label1\" content=\"Yazan:\" \/>\n\t<meta name=\"twitter:data1\" content=\"admin\" \/>\n\t<meta name=\"twitter:label2\" content=\"Tahmini okuma s\u00fcresi\" \/>\n\t<meta name=\"twitter:data2\" content=\"1 dakika\" \/>\n<script type=\"application\/ld+json\" class=\"yoast-schema-graph\">{\"@context\":\"https:\\\/\\\/schema.org\",\"@graph\":[{\"@type\":\"Article\",\"@id\":\"https:\\\/\\\/kibrisdakik.com\\\/?p=61101#article\",\"isPartOf\":{\"@id\":\"https:\\\/\\\/kibrisdakik.com\\\/?p=61101\"},\"author\":{\"name\":\"admin\",\"@id\":\"https:\\\/\\\/kibrisdakik.com\\\/#\\\/schema\\\/person\\\/9cd9d437bbb44f72b73ba127e06d8e79\"},\"headline\":\"Ferdi Kad\u0131o\u011flu, sahalara geri d\u00f6n\u00fcyor! \u0130\u015fte forma giyece\u011fi ilk ma\u00e7\",\"datePublished\":\"2024-09-10T18:53:40+00:00\",\"mainEntityOfPage\":{\"@id\":\"https:\\\/\\\/kibrisdakik.com\\\/?p=61101\"},\"wordCount\":237,\"commentCount\":0,\"image\":{\"@id\":\"https:\\\/\\\/kibrisdakik.com\\\/?p=61101#primaryimage\"},\"thumbnailUrl\":\"https:\\\/\\\/kibrisdakik.com\\\/wp-content\\\/uploads\\\/2024\\\/09\\\/ferdi-kadioglu-sahalara-geri-donuyor-iste-forma-17807417_1869_amp.jpg\",\"articleSection\":[\"Magazin\"],\"inLanguage\":\"tr\",\"potentialAction\":[{\"@type\":\"CommentAction\",\"name\":\"Comment\",\"target\":[\"https:\\\/\\\/kibrisdakik.com\\\/?p=61101#respond\"]}]},{\"@type\":\"WebPage\",\"@id\":\"https:\\\/\\\/kibrisdakik.com\\\/?p=61101\",\"url\":\"https:\\\/\\\/kibrisdakik.com\\\/?p=61101\",\"name\":\"Ferdi Kad\u0131o\u011flu, sahalara geri d\u00f6n\u00fcyor! \u0130\u015fte forma giyece\u011fi ilk ma\u00e7 -\",\"isPartOf\":{\"@id\":\"https:\\\/\\\/kibrisdakik.com\\\/#website\"},\"primaryImageOfPage\":{\"@id\":\"https:\\\/\\\/kibrisdakik.com\\\/?p=61101#primaryimage\"},\"image\":{\"@id\":\"https:\\\/\\\/kibrisdakik.com\\\/?p=61101#primaryimage\"},\"thumbnailUrl\":\"https:\\\/\\\/kibrisdakik.com\\\/wp-content\\\/uploads\\\/2024\\\/09\\\/ferdi-kadioglu-sahalara-geri-donuyor-iste-forma-17807417_1869_amp.jpg\",\"datePublished\":\"2024-09-10T18:53:40+00:00\",\"author\":{\"@id\":\"https:\\\/\\\/kibrisdakik.com\\\/#\\\/schema\\\/person\\\/9cd9d437bbb44f72b73ba127e06d8e79\"},\"breadcrumb\":{\"@id\":\"https:\\\/\\\/kibrisdakik.com\\\/?p=61101#breadcrumb\"},\"inLanguage\":\"tr\",\"potentialAction\":[{\"@type\":\"ReadAction\",\"target\":[\"https:\\\/\\\/kibrisdakik.com\\\/?p=61101\"]}]},{\"@type\":\"ImageObject\",\"inLanguage\":\"tr\",\"@id\":\"https:\\\/\\\/kibrisdakik.com\\\/?p=61101#primaryimage\",\"url\":\"https:\\\/\\\/kibrisdakik.com\\\/wp-content\\\/uploads\\\/2024\\\/09\\\/ferdi-kadioglu-sahalara-geri-donuyor-iste-forma-17807417_1869_amp.jpg\",\"contentUrl\":\"https:\\\/\\\/kibrisdakik.com\\\/wp-content\\\/uploads\\\/2024\\\/09\\\/ferdi-kadioglu-sahalara-geri-donuyor-iste-forma-17807417_1869_amp.jpg\",\"width\":1202,\"height\":675},{\"@type\":\"BreadcrumbList\",\"@id\":\"https:\\\/\\\/kibrisdakik.com\\\/?p=61101#breadcrumb\",\"itemListElement\":[{\"@type\":\"ListItem\",\"position\":1,\"name\":\"Home\",\"item\":\"https:\\\/\\\/kibrisdakik.com\\\/\"},{\"@type\":\"ListItem\",\"position\":2,\"name\":\"Ferdi Kad\u0131o\u011flu, sahalara geri d\u00f6n\u00fcyor! \u0130\u015fte forma giyece\u011fi ilk ma\u00e7\"}]},{\"@type\":\"WebSite\",\"@id\":\"https:\\\/\\\/kibrisdakik.com\\\/#website\",\"url\":\"https:\\\/\\\/kibrisdakik.com\\\/\",\"name\":\"\",\"description\":\"Tam vaktinde haber\",\"potentialAction\":[{\"@type\":\"SearchAction\",\"target\":{\"@type\":\"EntryPoint\",\"urlTemplate\":\"https:\\\/\\\/kibrisdakik.com\\\/?s={search_term_string}\"},\"query-input\":{\"@type\":\"PropertyValueSpecification\",\"valueRequired\":true,\"valueName\":\"search_term_string\"}}],\"inLanguage\":\"tr\"},{\"@type\":\"Person\",\"@id\":\"https:\\\/\\\/kibrisdakik.com\\\/#\\\/schema\\\/person\\\/9cd9d437bbb44f72b73ba127e06d8e79\",\"name\":\"admin\",\"image\":{\"@type\":\"ImageObject\",\"inLanguage\":\"tr\",\"@id\":\"https:\\\/\\\/secure.gravatar.com\\\/avatar\\\/ccc17943b9d660506c869530f897617f7cb1c21a4bf30023f252596d83e1f007?s=96&d=mm&r=g\",\"url\":\"https:\\\/\\\/secure.gravatar.com\\\/avatar\\\/ccc17943b9d660506c869530f897617f7cb1c21a4bf30023f252596d83e1f007?s=96&d=mm&r=g\",\"contentUrl\":\"https:\\\/\\\/secure.gravatar.com\\\/avatar\\\/ccc17943b9d660506c869530f897617f7cb1c21a4bf30023f252596d83e1f007?s=96&d=mm&r=g\",\"caption\":\"admin\"},\"sameAs\":[\"https:\\\/\\\/kibrisdakik.com\"],\"url\":\"https:\\\/\\\/kibrisdakik.com\\\/?author=1\"}]}<\/script>\n<!-- \/ Yoast SEO plugin. -->","yoast_head_json":{"title":"Ferdi Kad\u0131o\u011flu, sahalara geri d\u00f6n\u00fcyor! \u0130\u015fte forma giyece\u011fi ilk ma\u00e7 -","robots":{"index":"index","follow":"follow","max-snippet":"max-snippet:-1","max-image-preview":"max-image-preview:large","max-video-preview":"max-video-preview:-1"},"canonical":"https:\/\/kibrisdakik.com\/?p=61101","og_locale":"tr_TR","og_type":"article","og_title":"Ferdi Kad\u0131o\u011flu, sahalara geri d\u00f6n\u00fcyor! \u0130\u015fte forma giyece\u011fi ilk ma\u00e7 -","og_description":"Bu yaz Fenerbah\u00e7e&#8217;den \u0130ngiltere Premier Lig ekibi Brighton&#8217;a transfer olan Ferdi Kad\u0131o\u011flu, resmi ma\u00e7a \u00e7\u0131kmadan antrenmanda ya\u015fad\u0131\u011f\u0131 sakatl\u0131k sebebiyle sahalardan bir s\u00fcre uzak kalm\u0131\u015ft\u0131. Sakatl\u0131\u011f\u0131 atlatan milli futbolcu, yeni tak\u0131m\u0131yla ilk ma\u00e7\u0131na haz\u0131rlan\u0131yor. SAKATLI\u011eINI ATLATTI, IPSWICH TOWN MA\u00c7INDA KADRODA Sakatl\u0131k nedeniyle A Milli Futbol Tak\u0131m\u0131m\u0131z\u0131n UEFA Uluslar B Ligi&#8217;nde Galler ve \u0130zlanda ile oynanan kar\u015f\u0131la\u015fmalar\u0131n","og_url":"https:\/\/kibrisdakik.com\/?p=61101","article_published_time":"2024-09-10T18:53:40+00:00","og_image":[{"width":1202,"height":675,"url":"https:\/\/kibrisdakik.com\/wp-content\/uploads\/2024\/09\/ferdi-kadioglu-sahalara-geri-donuyor-iste-forma-17807417_1869_amp.jpg","type":"image\/jpeg"}],"author":"admin","twitter_card":"summary_large_image","twitter_misc":{"Yazan:":"admin","Tahmini okuma s\u00fcresi":"1 dakika"},"schema":{"@context":"https:\/\/schema.org","@graph":[{"@type":"Article","@id":"https:\/\/kibrisdakik.com\/?p=61101#article","isPartOf":{"@id":"https:\/\/kibrisdakik.com\/?p=61101"},"author":{"name":"admin","@id":"https:\/\/kibrisdakik.com\/#\/schema\/person\/9cd9d437bbb44f72b73ba127e06d8e79"},"headline":"Ferdi Kad\u0131o\u011flu, sahalara geri d\u00f6n\u00fcyor! \u0130\u015fte forma giyece\u011fi ilk ma\u00e7","datePublished":"2024-09-10T18:53:40+00:00","mainEntityOfPage":{"@id":"https:\/\/kibrisdakik.com\/?p=61101"},"wordCount":237,"commentCount":0,"image":{"@id":"https:\/\/kibrisdakik.com\/?p=61101#primaryimage"},"thumbnailUrl":"https:\/\/kibrisdakik.com\/wp-content\/uploads\/2024\/09\/ferdi-kadioglu-sahalara-geri-donuyor-iste-forma-17807417_1869_amp.jpg","articleSection":["Magazin"],"inLanguage":"tr","potentialAction":[{"@type":"CommentAction","name":"Comment","target":["https:\/\/kibrisdakik.com\/?p=61101#respond"]}]},{"@type":"WebPage","@id":"https:\/\/kibrisdakik.com\/?p=61101","url":"https:\/\/kibrisdakik.com\/?p=61101","name":"Ferdi Kad\u0131o\u011flu, sahalara geri d\u00f6n\u00fcyor! \u0130\u015fte forma giyece\u011fi ilk ma\u00e7 -","isPartOf":{"@id":"https:\/\/kibrisdakik.com\/#website"},"primaryImageOfPage":{"@id":"https:\/\/kibrisdakik.com\/?p=61101#primaryimage"},"image":{"@id":"https:\/\/kibrisdakik.com\/?p=61101#primaryimage"},"thumbnailUrl":"https:\/\/kibrisdakik.com\/wp-content\/uploads\/2024\/09\/ferdi-kadioglu-sahalara-geri-donuyor-iste-forma-17807417_1869_amp.jpg","datePublished":"2024-09-10T18:53:40+00:00","author":{"@id":"https:\/\/kibrisdakik.com\/#\/schema\/person\/9cd9d437bbb44f72b73ba127e06d8e79"},"breadcrumb":{"@id":"https:\/\/kibrisdakik.com\/?p=61101#breadcrumb"},"inLanguage":"tr","potentialAction":[{"@type":"ReadAction","target":["https:\/\/kibrisdakik.com\/?p=61101"]}]},{"@type":"ImageObject","inLanguage":"tr","@id":"https:\/\/kibrisdakik.com\/?p=61101#primaryimage","url":"https:\/\/kibrisdakik.com\/wp-content\/uploads\/2024\/09\/ferdi-kadioglu-sahalara-geri-donuyor-iste-forma-17807417_1869_amp.jpg","contentUrl":"https:\/\/kibrisdakik.com\/wp-content\/uploads\/2024\/09\/ferdi-kadioglu-sahalara-geri-donuyor-iste-forma-17807417_1869_amp.jpg","width":1202,"height":675},{"@type":"BreadcrumbList","@id":"https:\/\/kibrisdakik.com\/?p=61101#breadcrumb","itemListElement":[{"@type":"ListItem","position":1,"name":"Home","item":"https:\/\/kibrisdakik.com\/"},{"@type":"ListItem","position":2,"name":"Ferdi Kad\u0131o\u011flu, sahalara geri d\u00f6n\u00fcyor! \u0130\u015fte forma giyece\u011fi ilk ma\u00e7"}]},{"@type":"WebSite","@id":"https:\/\/kibrisdakik.com\/#website","url":"https:\/\/kibrisdakik.com\/","name":"","description":"Tam vaktinde haber","potentialAction":[{"@type":"SearchAction","target":{"@type":"EntryPoint","urlTemplate":"https:\/\/kibrisdakik.com\/?s={search_term_string}"},"query-input":{"@type":"PropertyValueSpecification","valueRequired":true,"valueName":"search_term_string"}}],"inLanguage":"tr"},{"@type":"Person","@id":"https:\/\/kibrisdakik.com\/#\/schema\/person\/9cd9d437bbb44f72b73ba127e06d8e79","name":"admin","image":{"@type":"ImageObject","inLanguage":"tr","@id":"https:\/\/secure.gravatar.com\/avatar\/ccc17943b9d660506c869530f897617f7cb1c21a4bf30023f252596d83e1f007?s=96&d=mm&r=g","url":"https:\/\/secure.gravatar.com\/avatar\/ccc17943b9d660506c869530f897617f7cb1c21a4bf30023f252596d83e1f007?s=96&d=mm&r=g","contentUrl":"https:\/\/secure.gravatar.com\/avatar\/ccc17943b9d660506c869530f897617f7cb1c21a4bf30023f252596d83e1f007?s=96&d=mm&r=g","caption":"admin"},"sameAs":["https:\/\/kibrisdakik.com"],"url":"https:\/\/kibrisdakik.com\/?author=1"}]}},"_links":{"self":[{"href":"https:\/\/kibrisdakik.com\/index.php?rest_route=\/wp\/v2\/posts\/61101","targetHints":{"allow":["GET"]}}],"collection":[{"href":"https:\/\/kibrisdakik.com\/index.php?rest_route=\/wp\/v2\/posts"}],"about":[{"href":"https:\/\/kibrisdakik.com\/index.php?rest_route=\/wp\/v2\/types\/post"}],"author":[{"embeddable":true,"href":"https:\/\/kibrisdakik.com\/index.php?rest_route=\/wp\/v2\/users\/1"}],"replies":[{"embeddable":true,"href":"https:\/\/kibrisdakik.com\/index.php?rest_route=%2Fwp%2Fv2%2Fcomments&post=61101"}],"version-history":[{"count":0,"href":"https:\/\/kibrisdakik.com\/index.php?rest_route=\/wp\/v2\/posts\/61101\/revisions"}],"wp:featuredmedia":[{"embeddable":true,"href":"https:\/\/kibrisdakik.com\/index.php?rest_route=\/wp\/v2\/media\/61102"}],"wp:attachment":[{"href":"https:\/\/kibrisdakik.com\/index.php?rest_route=%2Fwp%2Fv2%2Fmedia&parent=61101"}],"wp:term":[{"taxonomy":"category","embeddable":true,"href":"https:\/\/kibrisdakik.com\/index.php?rest_route=%2Fwp%2Fv2%2Fcategories&post=61101"},{"taxonomy":"post_tag","embeddable":true,"href":"https:\/\/kibrisdakik.com\/index.php?rest_route=%2Fwp%2Fv2%2Ftags&post=61101"}],"curies":[{"name":"wp","href":"https:\/\/api.w.org\/{rel}","templated":true}]}}