{"id":61166,"date":"2024-09-11T10:36:45","date_gmt":"2024-09-11T07:36:45","guid":{"rendered":"https:\/\/kibrisdakik.com\/index.php\/2024\/09\/11\/narinin-cenazesini-teslim-alan-abiden-gozaltindaki-anne-ve-babayla-ilgili-dikkat-ceken-paylasim\/"},"modified":"2024-09-11T10:36:45","modified_gmt":"2024-09-11T07:36:45","slug":"narinin-cenazesini-teslim-alan-abiden-gozaltindaki-anne-ve-babayla-ilgili-dikkat-ceken-paylasim","status":"publish","type":"post","link":"https:\/\/kibrisdakik.com\/?p=61166","title":{"rendered":"Narin&#8217;in cenazesini teslim alan abiden, g\u00f6zalt\u0131ndaki anne ve babayla ilgili dikkat \u00e7eken payla\u015f\u0131m"},"content":{"rendered":"<p><\/p>\n<div id=\"\">\n<p>Cans\u0131z bedeni 19 g\u00fcn sonra bulunan Narin G\u00fcran&#8217;\u0131 kimin ya da kimlerin \u00f6ld\u00fcrd\u00fc\u011f\u00fc hen\u00fcz net olarak ortaya \u00e7\u0131kmazken; aralar\u0131nda anne, baba ve abinin de oldu\u011fu 23 ki\u015finin g\u00f6zalt\u0131ndaki ifadeleri s\u00fcr\u00fcyor. Amca ile itiraf\u00e7\u0131 ise \u00e7\u0131kar\u0131ld\u0131\u011f\u0131 mahkemece tutuklan\u0131rken, t\u00fcm g\u00f6zler aile \u00fcyelerine \u00e7evrilmi\u015f durumda&#8230;<\/p>\n<h3>CENAZEY\u0130 DI\u015eARIDAK\u0130 AB\u0130S\u0130 TESL\u0130M ALMI\u015eTI<\/h3>\n<p>\u0130tiraf\u00e7\u0131 Narin&#8217;i amca Salim G\u00fcran&#8217;\u0131n \u00f6ld\u00fcrd\u00fc\u011f\u00fcn\u00fc iddia ederken, amca ile anne aras\u0131nda bir yasak a\u015fk oldu\u011fu iddias\u0131 da \u00e7ok konu\u015fulmu\u015ftu. Savc\u0131l\u0131k kuvvetli \u015f\u00fcphe nedeniyle ailenin cenazeye kat\u0131lmas\u0131na bile izin vermezken, k\u00fc\u00e7\u00fck Narin&#8217;in cans\u0131z bedeni d\u0131\u015far\u0131daki neredeyse tek yak\u0131n\u0131 olan abi Baran G\u00fcran&#8217;a teslim edilmi\u015fti. 8 ya\u015f\u0131ndaki Narin g\u00f6zya\u015flar\u0131yla topra\u011fa verilirken, abisinin elindeki gelinlik ise dikkat \u00e7ekmi\u015fti. <\/p>\n<p><img loading=\"lazy\" decoding=\"async\" class=\"hbptMainImage lazyload ImgDetay\" src=\"https:\/\/foto.haberler.com\/haber\/2024\/09\/11\/narin-in-cenazesini-teslim-alan-abiden-17808294_4009_m.jpg\" alt=\"Narin'in cenazesini teslim alan abiden, g\u00f6zalt\u0131ndaki anne ve babayla ilgili dikkat \u00e7eken payla\u015f\u0131m\" width=\"640\" height=\"711\"\/><\/p>\n<h3>PAYLA\u015eIMLARI D\u0130KKAT \u00c7EKT\u0130 <\/h3>\n<p>Narin cinayetinin ayd\u0131nlat\u0131lmas\u0131 i\u00e7in \u00e7al\u0131\u015fmalar s\u00fcrerken, abi Baran G\u00fcran&#8217;\u0131n TikTok hesab\u0131 oldu\u011fu ortaya \u00e7\u0131kt\u0131. Karde\u015fi Narin&#8217;in kaybolmas\u0131ndan sonra da payla\u015f\u0131mlar yapt\u0131\u011f\u0131 g\u00f6r\u00fclen abi G\u00fcran&#8217;\u0131n \u00f6zellikle otomobiller ile yapt\u0131\u011f\u0131 payla\u015f\u0131mlar dikkat \u00e7ekti. Abi Baran G\u00fcran&#8217;\u0131n karde\u015fi Narin kaybolduktan sonra &#8220;Benim bir tane bac\u0131m vard\u0131. Narinim \u00e7\u0131k gel. Allah&#8217;\u0131m kurban olay\u0131m benim can\u0131m\u0131 al onu bize geri ver&#8221; ifadelerini kullanarak payla\u015f\u0131mda bulundu\u011fu g\u00f6r\u00fcld\u00fc. <\/p>\n<p><img loading=\"lazy\" decoding=\"async\" class=\"hbptMainImage lazyload ImgDetay\" src=\"https:\/\/foto.haberler.com\/haber\/2024\/09\/11\/narin-in-cenazesini-teslim-alan-abiden-17808294_3836_m.jpg\" alt=\"Narin'in cenazesini teslim alan abiden, g\u00f6zalt\u0131ndaki anne ve babayla ilgili dikkat \u00e7eken payla\u015f\u0131m\" width=\"640\" height=\"582\"\/><\/p>\n<h3>ANNES\u0130N\u0130N A\u00c7IKLAMALARINI PAYLA\u015eMI\u015e<\/h3>\n<p>Annesinin Narin kaybolduktan sonra televizyon kanal\u0131nda yapt\u0131\u011f\u0131 a\u00e7\u0131klamalar\u0131 da payla\u015fan abi G\u00fcran &#8220;Allah i\u00e7in payla\u015f\u0131n g\u00fcndemden d\u00fc\u015fmesin. Benim sadece bir tane bac\u0131m var Allah i\u00e7in dua edin payla\u015f\u0131n&#8221; diye yazm\u0131\u015f.<\/p>\n<p><img loading=\"lazy\" decoding=\"async\" class=\"hbptMainImage lazyload ImgDetay\" src=\"https:\/\/foto.haberler.com\/haber\/2024\/09\/11\/narin-in-cenazesini-teslim-alan-abiden-17808294_6619_m.jpg\" alt=\"Narin'in cenazesini teslim alan abiden, g\u00f6zalt\u0131ndaki anne ve babayla ilgili dikkat \u00e7eken payla\u015f\u0131m\" width=\"640\" height=\"315\"\/><\/p>\n<h3>&#8220;ANNEME, BABAMA, KARDE\u015eLER\u0130ME K\u00d6T\u00dc \u015eEYLER S\u00d6YLEMEY\u0130N&#8221;<\/h3>\n<p>Narin&#8217;in cans\u0131z bedeni topra\u011fa verildikten sonra da payla\u015f\u0131mlar\u0131na devam eden Baran&#8217;\u0131n g\u00f6zalt\u0131ndaki di\u011fer aile \u00fcyeleriyle yapt\u0131\u011f\u0131 a\u00e7\u0131klama ise dikkat \u00e7ekti. Abi G\u00fcran s\u00f6z konusu payla\u015f\u0131mda &#8220;Her \u015fey tam belli olmadan anneme, babama, karde\u015flerime k\u00f6t\u00fc \u015feyler s\u00f6ylemeyin. Allah b\u00fcy\u00fck. Bunu yapan kans\u0131z \u00e7\u0131kacak. Allah i\u00e7in her yerde annemi, karde\u015flerimi g\u00f6r\u00fcyorum. A\u011f\u0131r k\u00fcf\u00fcrler var Allah i\u00e7in yapmay\u0131n. Beni de d\u00fc\u015f\u00fcn\u00fcn ne annem var yan\u0131mda ne babam ne de akrabalar\u0131m.&#8221; ifadelerini kulland\u0131.<\/p>\n<p><img loading=\"lazy\" decoding=\"async\" class=\"hbptMainImage lazyload ImgDetay\" src=\"https:\/\/foto.haberler.com\/haber\/2024\/09\/11\/narin-in-cenazesini-teslim-alan-abiden-17808294_3850_m.jpg\" alt=\"Narin'in cenazesini teslim alan abiden, g\u00f6zalt\u0131ndaki anne ve babayla ilgili dikkat \u00e7eken payla\u015f\u0131m\" width=\"640\" height=\"646\"\/><\/p>\n<h3>YORUMLARDA D\u0130\u011eER A\u0130LE \u00dcYELER\u0130NE TEPK\u0130 VAR<\/h3>\n<p>Baran G\u00fcran&#8217;\u0131n s\u00f6z konusu payla\u015f\u0131m\u0131na yap\u0131lan yorumlar da dikkat \u00e7ekti. Bir\u00e7ok TikTok kullan\u0131c\u0131s\u0131 abi Baran&#8217;\u0131n ac\u0131s\u0131n\u0131 payla\u015f\u0131rken, di\u011fer aile \u00fcyelerine ise sert tepki g\u00f6sterdi\u011fi g\u00f6r\u00fcld\u00fc.<\/p>\n<h4 id=\"nwsKeywords\"> <a href=\"https:\/\/www.haberler.com\/diyarbakir\/\" title=\"Diyarbak\u0131r\" class=\"hbptTag\">Diyarbak\u0131r<\/a> <\/h4>\n<\/div>\n","protected":false},"excerpt":{"rendered":"<p>Cans\u0131z bedeni 19 g\u00fcn sonra bulunan Narin G\u00fcran&#8217;\u0131 kimin ya da kimlerin \u00f6ld\u00fcrd\u00fc\u011f\u00fc hen\u00fcz net olarak ortaya \u00e7\u0131kmazken; aralar\u0131nda anne, baba ve abinin de oldu\u011fu 23 ki\u015finin g\u00f6zalt\u0131ndaki ifadeleri s\u00fcr\u00fcyor. Amca ile itiraf\u00e7\u0131 ise \u00e7\u0131kar\u0131ld\u0131\u011f\u0131 mahkemece tutuklan\u0131rken, t\u00fcm g\u00f6zler aile \u00fcyelerine \u00e7evrilmi\u015f durumda&#8230; CENAZEY\u0130 DI\u015eARIDAK\u0130 AB\u0130S\u0130 TESL\u0130M ALMI\u015eTI \u0130tiraf\u00e7\u0131 Narin&#8217;i amca Salim G\u00fcran&#8217;\u0131n \u00f6ld\u00fcrd\u00fc\u011f\u00fcn\u00fc iddia<\/p>\n","protected":false},"author":1,"featured_media":61167,"comment_status":"open","ping_status":"open","sticky":false,"template":"","format":"standard","meta":{"footnotes":""},"categories":[83],"tags":[],"class_list":["post-61166","post","type-post","status-publish","format-standard","has-post-thumbnail","hentry","category-magazin"],"yoast_head":"<!-- This site is optimized with the Yoast SEO plugin v27.4 - https:\/\/yoast.com\/product\/yoast-seo-wordpress\/ -->\n<title>Narin&#039;in cenazesini teslim alan abiden, g\u00f6zalt\u0131ndaki anne ve babayla ilgili dikkat \u00e7eken payla\u015f\u0131m -<\/title>\n<meta name=\"robots\" content=\"index, follow, max-snippet:-1, max-image-preview:large, max-video-preview:-1\" \/>\n<link rel=\"canonical\" href=\"https:\/\/kibrisdakik.com\/?p=61166\" \/>\n<meta property=\"og:locale\" content=\"tr_TR\" \/>\n<meta property=\"og:type\" content=\"article\" \/>\n<meta property=\"og:title\" content=\"Narin&#039;in cenazesini teslim alan abiden, g\u00f6zalt\u0131ndaki anne ve babayla ilgili dikkat \u00e7eken payla\u015f\u0131m -\" \/>\n<meta property=\"og:description\" content=\"Cans\u0131z bedeni 19 g\u00fcn sonra bulunan Narin G\u00fcran&#8217;\u0131 kimin ya da kimlerin \u00f6ld\u00fcrd\u00fc\u011f\u00fc hen\u00fcz net olarak ortaya \u00e7\u0131kmazken; aralar\u0131nda anne, baba ve abinin de oldu\u011fu 23 ki\u015finin g\u00f6zalt\u0131ndaki ifadeleri s\u00fcr\u00fcyor. Amca ile itiraf\u00e7\u0131 ise \u00e7\u0131kar\u0131ld\u0131\u011f\u0131 mahkemece tutuklan\u0131rken, t\u00fcm g\u00f6zler aile \u00fcyelerine \u00e7evrilmi\u015f durumda&#8230; CENAZEY\u0130 DI\u015eARIDAK\u0130 AB\u0130S\u0130 TESL\u0130M ALMI\u015eTI \u0130tiraf\u00e7\u0131 Narin&#8217;i amca Salim G\u00fcran&#8217;\u0131n \u00f6ld\u00fcrd\u00fc\u011f\u00fcn\u00fc iddia\" \/>\n<meta property=\"og:url\" content=\"https:\/\/kibrisdakik.com\/?p=61166\" \/>\n<meta property=\"article:published_time\" content=\"2024-09-11T07:36:45+00:00\" \/>\n<meta property=\"og:image\" content=\"https:\/\/kibrisdakik.com\/wp-content\/uploads\/2024\/09\/narin-in-cenazesini-teslim-alan-abiden-17808294_4009_m-640x420.jpg\" \/>\n\t<meta property=\"og:image:width\" content=\"640\" \/>\n\t<meta property=\"og:image:height\" content=\"711\" \/>\n\t<meta property=\"og:image:type\" content=\"image\/jpeg\" \/>\n<meta name=\"author\" content=\"admin\" \/>\n<meta name=\"twitter:card\" content=\"summary_large_image\" \/>\n<meta name=\"twitter:label1\" content=\"Yazan:\" \/>\n\t<meta name=\"twitter:data1\" content=\"admin\" \/>\n\t<meta name=\"twitter:label2\" content=\"Tahmini okuma s\u00fcresi\" \/>\n\t<meta name=\"twitter:data2\" content=\"2 dakika\" \/>\n<script type=\"application\/ld+json\" class=\"yoast-schema-graph\">{\"@context\":\"https:\\\/\\\/schema.org\",\"@graph\":[{\"@type\":\"Article\",\"@id\":\"https:\\\/\\\/kibrisdakik.com\\\/?p=61166#article\",\"isPartOf\":{\"@id\":\"https:\\\/\\\/kibrisdakik.com\\\/?p=61166\"},\"author\":{\"name\":\"admin\",\"@id\":\"https:\\\/\\\/kibrisdakik.com\\\/#\\\/schema\\\/person\\\/9cd9d437bbb44f72b73ba127e06d8e79\"},\"headline\":\"Narin&#8217;in cenazesini teslim alan abiden, g\u00f6zalt\u0131ndaki anne ve babayla ilgili dikkat \u00e7eken payla\u015f\u0131m\",\"datePublished\":\"2024-09-11T07:36:45+00:00\",\"mainEntityOfPage\":{\"@id\":\"https:\\\/\\\/kibrisdakik.com\\\/?p=61166\"},\"wordCount\":469,\"commentCount\":0,\"image\":{\"@id\":\"https:\\\/\\\/kibrisdakik.com\\\/?p=61166#primaryimage\"},\"thumbnailUrl\":\"https:\\\/\\\/kibrisdakik.com\\\/wp-content\\\/uploads\\\/2024\\\/09\\\/narin-in-cenazesini-teslim-alan-abiden-17808294_4009_m-640x420.jpg\",\"articleSection\":[\"Magazin\"],\"inLanguage\":\"tr\",\"potentialAction\":[{\"@type\":\"CommentAction\",\"name\":\"Comment\",\"target\":[\"https:\\\/\\\/kibrisdakik.com\\\/?p=61166#respond\"]}]},{\"@type\":\"WebPage\",\"@id\":\"https:\\\/\\\/kibrisdakik.com\\\/?p=61166\",\"url\":\"https:\\\/\\\/kibrisdakik.com\\\/?p=61166\",\"name\":\"Narin'in cenazesini teslim alan abiden, g\u00f6zalt\u0131ndaki anne ve babayla ilgili dikkat \u00e7eken payla\u015f\u0131m -\",\"isPartOf\":{\"@id\":\"https:\\\/\\\/kibrisdakik.com\\\/#website\"},\"primaryImageOfPage\":{\"@id\":\"https:\\\/\\\/kibrisdakik.com\\\/?p=61166#primaryimage\"},\"image\":{\"@id\":\"https:\\\/\\\/kibrisdakik.com\\\/?p=61166#primaryimage\"},\"thumbnailUrl\":\"https:\\\/\\\/kibrisdakik.com\\\/wp-content\\\/uploads\\\/2024\\\/09\\\/narin-in-cenazesini-teslim-alan-abiden-17808294_4009_m-640x420.jpg\",\"datePublished\":\"2024-09-11T07:36:45+00:00\",\"author\":{\"@id\":\"https:\\\/\\\/kibrisdakik.com\\\/#\\\/schema\\\/person\\\/9cd9d437bbb44f72b73ba127e06d8e79\"},\"breadcrumb\":{\"@id\":\"https:\\\/\\\/kibrisdakik.com\\\/?p=61166#breadcrumb\"},\"inLanguage\":\"tr\",\"potentialAction\":[{\"@type\":\"ReadAction\",\"target\":[\"https:\\\/\\\/kibrisdakik.com\\\/?p=61166\"]}]},{\"@type\":\"ImageObject\",\"inLanguage\":\"tr\",\"@id\":\"https:\\\/\\\/kibrisdakik.com\\\/?p=61166#primaryimage\",\"url\":\"https:\\\/\\\/kibrisdakik.com\\\/wp-content\\\/uploads\\\/2024\\\/09\\\/narin-in-cenazesini-teslim-alan-abiden-17808294_4009_m-640x420.jpg\",\"contentUrl\":\"https:\\\/\\\/kibrisdakik.com\\\/wp-content\\\/uploads\\\/2024\\\/09\\\/narin-in-cenazesini-teslim-alan-abiden-17808294_4009_m-640x420.jpg\",\"width\":640,\"height\":711},{\"@type\":\"BreadcrumbList\",\"@id\":\"https:\\\/\\\/kibrisdakik.com\\\/?p=61166#breadcrumb\",\"itemListElement\":[{\"@type\":\"ListItem\",\"position\":1,\"name\":\"Home\",\"item\":\"https:\\\/\\\/kibrisdakik.com\\\/\"},{\"@type\":\"ListItem\",\"position\":2,\"name\":\"Narin&#8217;in cenazesini teslim alan abiden, g\u00f6zalt\u0131ndaki anne ve babayla ilgili dikkat \u00e7eken payla\u015f\u0131m\"}]},{\"@type\":\"WebSite\",\"@id\":\"https:\\\/\\\/kibrisdakik.com\\\/#website\",\"url\":\"https:\\\/\\\/kibrisdakik.com\\\/\",\"name\":\"\",\"description\":\"Tam vaktinde haber\",\"potentialAction\":[{\"@type\":\"SearchAction\",\"target\":{\"@type\":\"EntryPoint\",\"urlTemplate\":\"https:\\\/\\\/kibrisdakik.com\\\/?s={search_term_string}\"},\"query-input\":{\"@type\":\"PropertyValueSpecification\",\"valueRequired\":true,\"valueName\":\"search_term_string\"}}],\"inLanguage\":\"tr\"},{\"@type\":\"Person\",\"@id\":\"https:\\\/\\\/kibrisdakik.com\\\/#\\\/schema\\\/person\\\/9cd9d437bbb44f72b73ba127e06d8e79\",\"name\":\"admin\",\"image\":{\"@type\":\"ImageObject\",\"inLanguage\":\"tr\",\"@id\":\"https:\\\/\\\/secure.gravatar.com\\\/avatar\\\/ccc17943b9d660506c869530f897617f7cb1c21a4bf30023f252596d83e1f007?s=96&d=mm&r=g\",\"url\":\"https:\\\/\\\/secure.gravatar.com\\\/avatar\\\/ccc17943b9d660506c869530f897617f7cb1c21a4bf30023f252596d83e1f007?s=96&d=mm&r=g\",\"contentUrl\":\"https:\\\/\\\/secure.gravatar.com\\\/avatar\\\/ccc17943b9d660506c869530f897617f7cb1c21a4bf30023f252596d83e1f007?s=96&d=mm&r=g\",\"caption\":\"admin\"},\"sameAs\":[\"https:\\\/\\\/kibrisdakik.com\"],\"url\":\"https:\\\/\\\/kibrisdakik.com\\\/?author=1\"}]}<\/script>\n<!-- \/ Yoast SEO plugin. -->","yoast_head_json":{"title":"Narin'in cenazesini teslim alan abiden, g\u00f6zalt\u0131ndaki anne ve babayla ilgili dikkat \u00e7eken payla\u015f\u0131m -","robots":{"index":"index","follow":"follow","max-snippet":"max-snippet:-1","max-image-preview":"max-image-preview:large","max-video-preview":"max-video-preview:-1"},"canonical":"https:\/\/kibrisdakik.com\/?p=61166","og_locale":"tr_TR","og_type":"article","og_title":"Narin'in cenazesini teslim alan abiden, g\u00f6zalt\u0131ndaki anne ve babayla ilgili dikkat \u00e7eken payla\u015f\u0131m -","og_description":"Cans\u0131z bedeni 19 g\u00fcn sonra bulunan Narin G\u00fcran&#8217;\u0131 kimin ya da kimlerin \u00f6ld\u00fcrd\u00fc\u011f\u00fc hen\u00fcz net olarak ortaya \u00e7\u0131kmazken; aralar\u0131nda anne, baba ve abinin de oldu\u011fu 23 ki\u015finin g\u00f6zalt\u0131ndaki ifadeleri s\u00fcr\u00fcyor. Amca ile itiraf\u00e7\u0131 ise \u00e7\u0131kar\u0131ld\u0131\u011f\u0131 mahkemece tutuklan\u0131rken, t\u00fcm g\u00f6zler aile \u00fcyelerine \u00e7evrilmi\u015f durumda&#8230; CENAZEY\u0130 DI\u015eARIDAK\u0130 AB\u0130S\u0130 TESL\u0130M ALMI\u015eTI \u0130tiraf\u00e7\u0131 Narin&#8217;i amca Salim G\u00fcran&#8217;\u0131n \u00f6ld\u00fcrd\u00fc\u011f\u00fcn\u00fc iddia","og_url":"https:\/\/kibrisdakik.com\/?p=61166","article_published_time":"2024-09-11T07:36:45+00:00","og_image":[{"width":640,"height":711,"url":"https:\/\/kibrisdakik.com\/wp-content\/uploads\/2024\/09\/narin-in-cenazesini-teslim-alan-abiden-17808294_4009_m-640x420.jpg","type":"image\/jpeg"}],"author":"admin","twitter_card":"summary_large_image","twitter_misc":{"Yazan:":"admin","Tahmini okuma s\u00fcresi":"2 dakika"},"schema":{"@context":"https:\/\/schema.org","@graph":[{"@type":"Article","@id":"https:\/\/kibrisdakik.com\/?p=61166#article","isPartOf":{"@id":"https:\/\/kibrisdakik.com\/?p=61166"},"author":{"name":"admin","@id":"https:\/\/kibrisdakik.com\/#\/schema\/person\/9cd9d437bbb44f72b73ba127e06d8e79"},"headline":"Narin&#8217;in cenazesini teslim alan abiden, g\u00f6zalt\u0131ndaki anne ve babayla ilgili dikkat \u00e7eken payla\u015f\u0131m","datePublished":"2024-09-11T07:36:45+00:00","mainEntityOfPage":{"@id":"https:\/\/kibrisdakik.com\/?p=61166"},"wordCount":469,"commentCount":0,"image":{"@id":"https:\/\/kibrisdakik.com\/?p=61166#primaryimage"},"thumbnailUrl":"https:\/\/kibrisdakik.com\/wp-content\/uploads\/2024\/09\/narin-in-cenazesini-teslim-alan-abiden-17808294_4009_m-640x420.jpg","articleSection":["Magazin"],"inLanguage":"tr","potentialAction":[{"@type":"CommentAction","name":"Comment","target":["https:\/\/kibrisdakik.com\/?p=61166#respond"]}]},{"@type":"WebPage","@id":"https:\/\/kibrisdakik.com\/?p=61166","url":"https:\/\/kibrisdakik.com\/?p=61166","name":"Narin'in cenazesini teslim alan abiden, g\u00f6zalt\u0131ndaki anne ve babayla ilgili dikkat \u00e7eken payla\u015f\u0131m -","isPartOf":{"@id":"https:\/\/kibrisdakik.com\/#website"},"primaryImageOfPage":{"@id":"https:\/\/kibrisdakik.com\/?p=61166#primaryimage"},"image":{"@id":"https:\/\/kibrisdakik.com\/?p=61166#primaryimage"},"thumbnailUrl":"https:\/\/kibrisdakik.com\/wp-content\/uploads\/2024\/09\/narin-in-cenazesini-teslim-alan-abiden-17808294_4009_m-640x420.jpg","datePublished":"2024-09-11T07:36:45+00:00","author":{"@id":"https:\/\/kibrisdakik.com\/#\/schema\/person\/9cd9d437bbb44f72b73ba127e06d8e79"},"breadcrumb":{"@id":"https:\/\/kibrisdakik.com\/?p=61166#breadcrumb"},"inLanguage":"tr","potentialAction":[{"@type":"ReadAction","target":["https:\/\/kibrisdakik.com\/?p=61166"]}]},{"@type":"ImageObject","inLanguage":"tr","@id":"https:\/\/kibrisdakik.com\/?p=61166#primaryimage","url":"https:\/\/kibrisdakik.com\/wp-content\/uploads\/2024\/09\/narin-in-cenazesini-teslim-alan-abiden-17808294_4009_m-640x420.jpg","contentUrl":"https:\/\/kibrisdakik.com\/wp-content\/uploads\/2024\/09\/narin-in-cenazesini-teslim-alan-abiden-17808294_4009_m-640x420.jpg","width":640,"height":711},{"@type":"BreadcrumbList","@id":"https:\/\/kibrisdakik.com\/?p=61166#breadcrumb","itemListElement":[{"@type":"ListItem","position":1,"name":"Home","item":"https:\/\/kibrisdakik.com\/"},{"@type":"ListItem","position":2,"name":"Narin&#8217;in cenazesini teslim alan abiden, g\u00f6zalt\u0131ndaki anne ve babayla ilgili dikkat \u00e7eken payla\u015f\u0131m"}]},{"@type":"WebSite","@id":"https:\/\/kibrisdakik.com\/#website","url":"https:\/\/kibrisdakik.com\/","name":"","description":"Tam vaktinde haber","potentialAction":[{"@type":"SearchAction","target":{"@type":"EntryPoint","urlTemplate":"https:\/\/kibrisdakik.com\/?s={search_term_string}"},"query-input":{"@type":"PropertyValueSpecification","valueRequired":true,"valueName":"search_term_string"}}],"inLanguage":"tr"},{"@type":"Person","@id":"https:\/\/kibrisdakik.com\/#\/schema\/person\/9cd9d437bbb44f72b73ba127e06d8e79","name":"admin","image":{"@type":"ImageObject","inLanguage":"tr","@id":"https:\/\/secure.gravatar.com\/avatar\/ccc17943b9d660506c869530f897617f7cb1c21a4bf30023f252596d83e1f007?s=96&d=mm&r=g","url":"https:\/\/secure.gravatar.com\/avatar\/ccc17943b9d660506c869530f897617f7cb1c21a4bf30023f252596d83e1f007?s=96&d=mm&r=g","contentUrl":"https:\/\/secure.gravatar.com\/avatar\/ccc17943b9d660506c869530f897617f7cb1c21a4bf30023f252596d83e1f007?s=96&d=mm&r=g","caption":"admin"},"sameAs":["https:\/\/kibrisdakik.com"],"url":"https:\/\/kibrisdakik.com\/?author=1"}]}},"_links":{"self":[{"href":"https:\/\/kibrisdakik.com\/index.php?rest_route=\/wp\/v2\/posts\/61166","targetHints":{"allow":["GET"]}}],"collection":[{"href":"https:\/\/kibrisdakik.com\/index.php?rest_route=\/wp\/v2\/posts"}],"about":[{"href":"https:\/\/kibrisdakik.com\/index.php?rest_route=\/wp\/v2\/types\/post"}],"author":[{"embeddable":true,"href":"https:\/\/kibrisdakik.com\/index.php?rest_route=\/wp\/v2\/users\/1"}],"replies":[{"embeddable":true,"href":"https:\/\/kibrisdakik.com\/index.php?rest_route=%2Fwp%2Fv2%2Fcomments&post=61166"}],"version-history":[{"count":0,"href":"https:\/\/kibrisdakik.com\/index.php?rest_route=\/wp\/v2\/posts\/61166\/revisions"}],"wp:featuredmedia":[{"embeddable":true,"href":"https:\/\/kibrisdakik.com\/index.php?rest_route=\/wp\/v2\/media\/61167"}],"wp:attachment":[{"href":"https:\/\/kibrisdakik.com\/index.php?rest_route=%2Fwp%2Fv2%2Fmedia&parent=61166"}],"wp:term":[{"taxonomy":"category","embeddable":true,"href":"https:\/\/kibrisdakik.com\/index.php?rest_route=%2Fwp%2Fv2%2Fcategories&post=61166"},{"taxonomy":"post_tag","embeddable":true,"href":"https:\/\/kibrisdakik.com\/index.php?rest_route=%2Fwp%2Fv2%2Ftags&post=61166"}],"curies":[{"name":"wp","href":"https:\/\/api.w.org\/{rel}","templated":true}]}}