{"id":61240,"date":"2024-09-11T16:30:12","date_gmt":"2024-09-11T13:30:12","guid":{"rendered":"https:\/\/kibrisdakik.com\/?p=61240"},"modified":"2024-09-11T16:30:12","modified_gmt":"2024-09-11T13:30:12","slug":"brezilyada-test-ucusu-sirasinda-dusup-alev-topuna-donen-helikopterin-2-pilotu-yanarak-can-verdi","status":"publish","type":"post","link":"https:\/\/kibrisdakik.com\/?p=61240","title":{"rendered":"Brezilya&#8217;da test u\u00e7u\u015fu s\u0131ras\u0131nda d\u00fc\u015f\u00fcp alev topuna d\u00f6nen helikopterin 2 pilotu yanarak can verdi"},"content":{"rendered":"<p><\/p>\n<div id=\"\">\n<p> <a class=\"keyword\" href=\"https:\/\/www.haberler.com\/brezilya\/\" title=\"Brezilya Haberleri, Brezilya Haberi, Brezilya Haber\"><strong>Brezilya<\/strong><\/a>&#8216;da yak\u0131n zamanda bir helikopter kazas\u0131 ya\u015fand\u0131. Bak\u0131mdan sonra test u\u00e7u\u015fu yapan helikopter d\u00fc\u015ft\u00fc ve alev ald\u0131. Kaza sonucunda iki pilot hayat\u0131n\u0131 kaybetti, helikopterin sahibi ise a\u011f\u0131r yaraland\u0131.<\/p>\n<p>G\u00fcvenlik kameras\u0131 g\u00f6r\u00fcnt\u00fclerinde, helikopterin aniden yere do\u011fru d\u00fc\u015ft\u00fc\u011f\u00fc ve ard\u0131ndan alevler i\u00e7inde kald\u0131\u011f\u0131 g\u00f6r\u00fcl\u00fcyor. Hayat\u0131n\u0131 kaybeden pilotlar Andr\u00e9 Ferreira ve Raildo Rodrigues olarak a\u00e7\u0131kland\u0131.<\/p>\n<p>Helikopterin sahibi Henrique Santos, v\u00fccudunun %90&#8217;\u0131 yan\u0131k halde hastaneye kald\u0131r\u0131ld\u0131 ve yo\u011fun bak\u0131mda tedavi g\u00f6r\u00fcyor.<\/p>\n<p>Olay, Pernambuco eyaletinde ger\u00e7ekle\u015fti. \u0130tfaiye ekipleri yang\u0131n\u0131 k\u0131sa s\u00fcrede kontrol alt\u0131na ald\u0131. Ulusal Sivil Havac\u0131l\u0131k Ajans\u0131 kazayla ilgili soru\u015fturma ba\u015flatt\u0131.<\/p>\n<p>Bu kaza, El Salvador&#8217;da ya\u015fanan benzer bir helikopter kazas\u0131ndan k\u0131sa s\u00fcre sonra meydana geldi. El Salvador&#8217;daki kazada, aralar\u0131nda \u00fcst d\u00fczey yetkililerin de bulundu\u011fu dokuz ki\u015fi hayat\u0131n\u0131 kaybetmi\u015fti.<\/p>\n<p>Her iki kaza da havac\u0131l\u0131k g\u00fcvenli\u011fi konusunda endi\u015feleri art\u0131rd\u0131 ve yetkililerin daha detayl\u0131 soru\u015fturmalar yapmas\u0131na neden oldu.<\/p>\n<p><img loading=\"lazy\" decoding=\"async\" class=\"hbptMainImage lazyload ImgDetay\" src=\"https:\/\/foto.haberler.com\/haber\/2024\/09\/11\/brezilya-da-test-ucusu-sirasinda-dusup-alev-17809195_6741_m.jpg\" alt=\"Brezilya'da test u\u00e7u\u015fu s\u0131ras\u0131nda d\u00fc\u015f\u00fcp alev topuna d\u00f6nen helikopterin 2 pilotu yanarak can verdi\" width=\"640\" height=\"687\"\/><\/p>\n<p><img loading=\"lazy\" decoding=\"async\" class=\"hbptMainImage lazyload ImgDetay\" src=\"https:\/\/foto.haberler.com\/haber\/2024\/09\/11\/brezilya-da-test-ucusu-sirasinda-dusup-alev-17809195_1492_m.jpg\" alt=\"Brezilya'da test u\u00e7u\u015fu s\u0131ras\u0131nda d\u00fc\u015f\u00fcp alev topuna d\u00f6nen helikopterin 2 pilotu yanarak can verdi\" width=\"491\" height=\"853\"\/><\/p>\n<p><img loading=\"lazy\" decoding=\"async\" class=\"hbptMainImage lazyload ImgDetay\" src=\"https:\/\/foto.haberler.com\/haber\/2024\/09\/11\/brezilya-da-test-ucusu-sirasinda-dusup-alev-17809195_4764_m.jpg\" alt=\"Brezilya'da test u\u00e7u\u015fu s\u0131ras\u0131nda d\u00fc\u015f\u00fcp alev topuna d\u00f6nen helikopterin 2 pilotu yanarak can verdi\" width=\"502\" height=\"864\"\/><\/p>\n<p><img loading=\"lazy\" decoding=\"async\" class=\"hbptMainImage lazyload ImgDetay\" src=\"https:\/\/foto.haberler.com\/haber\/2024\/09\/11\/brezilya-da-test-ucusu-sirasinda-dusup-alev-17809195_6847_m.jpg\" alt=\"Brezilya'da test u\u00e7u\u015fu s\u0131ras\u0131nda d\u00fc\u015f\u00fcp alev topuna d\u00f6nen helikopterin 2 pilotu yanarak can verdi\" width=\"540\" height=\"640\"\/><\/p>\n<h4 id=\"nwsKeywords\"> <a href=\"https:\/\/www.haberler.com\/brezilya\/\" title=\"Brezilya\" class=\"hbptTag\">Brezilya<\/a> <\/h4>\n<\/div>\n","protected":false},"excerpt":{"rendered":"<p>Brezilya&#8216;da yak\u0131n zamanda bir helikopter kazas\u0131 ya\u015fand\u0131. Bak\u0131mdan sonra test u\u00e7u\u015fu yapan helikopter d\u00fc\u015ft\u00fc ve alev ald\u0131. Kaza sonucunda iki pilot hayat\u0131n\u0131 kaybetti, helikopterin sahibi ise a\u011f\u0131r yaraland\u0131. G\u00fcvenlik kameras\u0131 g\u00f6r\u00fcnt\u00fclerinde, helikopterin aniden yere do\u011fru d\u00fc\u015ft\u00fc\u011f\u00fc ve ard\u0131ndan alevler i\u00e7inde kald\u0131\u011f\u0131 g\u00f6r\u00fcl\u00fcyor. Hayat\u0131n\u0131 kaybeden pilotlar Andr\u00e9 Ferreira ve Raildo Rodrigues olarak a\u00e7\u0131kland\u0131. Helikopterin sahibi Henrique<\/p>\n","protected":false},"author":1,"featured_media":61241,"comment_status":"open","ping_status":"open","sticky":false,"template":"","format":"standard","meta":{"footnotes":""},"categories":[83],"tags":[],"class_list":["post-61240","post","type-post","status-publish","format-standard","has-post-thumbnail","hentry","category-magazin"],"yoast_head":"<!-- This site is optimized with the Yoast SEO plugin v27.4 - https:\/\/yoast.com\/product\/yoast-seo-wordpress\/ -->\n<title>Brezilya&#039;da test u\u00e7u\u015fu s\u0131ras\u0131nda d\u00fc\u015f\u00fcp alev topuna d\u00f6nen helikopterin 2 pilotu yanarak can verdi -<\/title>\n<meta name=\"robots\" content=\"index, follow, max-snippet:-1, max-image-preview:large, max-video-preview:-1\" \/>\n<link rel=\"canonical\" href=\"https:\/\/kibrisdakik.com\/?p=61240\" \/>\n<meta property=\"og:locale\" content=\"tr_TR\" \/>\n<meta property=\"og:type\" content=\"article\" \/>\n<meta property=\"og:title\" content=\"Brezilya&#039;da test u\u00e7u\u015fu s\u0131ras\u0131nda d\u00fc\u015f\u00fcp alev topuna d\u00f6nen helikopterin 2 pilotu yanarak can verdi -\" \/>\n<meta property=\"og:description\" content=\"Brezilya&#8216;da yak\u0131n zamanda bir helikopter kazas\u0131 ya\u015fand\u0131. Bak\u0131mdan sonra test u\u00e7u\u015fu yapan helikopter d\u00fc\u015ft\u00fc ve alev ald\u0131. Kaza sonucunda iki pilot hayat\u0131n\u0131 kaybetti, helikopterin sahibi ise a\u011f\u0131r yaraland\u0131. G\u00fcvenlik kameras\u0131 g\u00f6r\u00fcnt\u00fclerinde, helikopterin aniden yere do\u011fru d\u00fc\u015ft\u00fc\u011f\u00fc ve ard\u0131ndan alevler i\u00e7inde kald\u0131\u011f\u0131 g\u00f6r\u00fcl\u00fcyor. Hayat\u0131n\u0131 kaybeden pilotlar Andr\u00e9 Ferreira ve Raildo Rodrigues olarak a\u00e7\u0131kland\u0131. Helikopterin sahibi Henrique\" \/>\n<meta property=\"og:url\" content=\"https:\/\/kibrisdakik.com\/?p=61240\" \/>\n<meta property=\"article:published_time\" content=\"2024-09-11T13:30:12+00:00\" \/>\n<meta property=\"og:image\" content=\"https:\/\/kibrisdakik.com\/wp-content\/uploads\/2024\/09\/brezilya-da-test-ucusu-sirasinda-dusup-alev-17809195_6741_m-640x420.jpg\" \/>\n\t<meta property=\"og:image:width\" content=\"640\" \/>\n\t<meta property=\"og:image:height\" content=\"688\" \/>\n\t<meta property=\"og:image:type\" content=\"image\/jpeg\" \/>\n<meta name=\"author\" content=\"admin\" \/>\n<meta name=\"twitter:card\" content=\"summary_large_image\" \/>\n<meta name=\"twitter:label1\" content=\"Yazan:\" \/>\n\t<meta name=\"twitter:data1\" content=\"admin\" \/>\n\t<meta name=\"twitter:label2\" content=\"Tahmini okuma s\u00fcresi\" \/>\n\t<meta name=\"twitter:data2\" content=\"1 dakika\" \/>\n<script type=\"application\/ld+json\" class=\"yoast-schema-graph\">{\"@context\":\"https:\\\/\\\/schema.org\",\"@graph\":[{\"@type\":\"Article\",\"@id\":\"https:\\\/\\\/kibrisdakik.com\\\/?p=61240#article\",\"isPartOf\":{\"@id\":\"https:\\\/\\\/kibrisdakik.com\\\/?p=61240\"},\"author\":{\"name\":\"admin\",\"@id\":\"https:\\\/\\\/kibrisdakik.com\\\/#\\\/schema\\\/person\\\/9cd9d437bbb44f72b73ba127e06d8e79\"},\"headline\":\"Brezilya&#8217;da test u\u00e7u\u015fu s\u0131ras\u0131nda d\u00fc\u015f\u00fcp alev topuna d\u00f6nen helikopterin 2 pilotu yanarak can verdi\",\"datePublished\":\"2024-09-11T13:30:12+00:00\",\"mainEntityOfPage\":{\"@id\":\"https:\\\/\\\/kibrisdakik.com\\\/?p=61240\"},\"wordCount\":209,\"commentCount\":0,\"image\":{\"@id\":\"https:\\\/\\\/kibrisdakik.com\\\/?p=61240#primaryimage\"},\"thumbnailUrl\":\"https:\\\/\\\/kibrisdakik.com\\\/wp-content\\\/uploads\\\/2024\\\/09\\\/brezilya-da-test-ucusu-sirasinda-dusup-alev-17809195_6741_m-640x420.jpg\",\"articleSection\":[\"Magazin\"],\"inLanguage\":\"tr\",\"potentialAction\":[{\"@type\":\"CommentAction\",\"name\":\"Comment\",\"target\":[\"https:\\\/\\\/kibrisdakik.com\\\/?p=61240#respond\"]}]},{\"@type\":\"WebPage\",\"@id\":\"https:\\\/\\\/kibrisdakik.com\\\/?p=61240\",\"url\":\"https:\\\/\\\/kibrisdakik.com\\\/?p=61240\",\"name\":\"Brezilya'da test u\u00e7u\u015fu s\u0131ras\u0131nda d\u00fc\u015f\u00fcp alev topuna d\u00f6nen helikopterin 2 pilotu yanarak can verdi -\",\"isPartOf\":{\"@id\":\"https:\\\/\\\/kibrisdakik.com\\\/#website\"},\"primaryImageOfPage\":{\"@id\":\"https:\\\/\\\/kibrisdakik.com\\\/?p=61240#primaryimage\"},\"image\":{\"@id\":\"https:\\\/\\\/kibrisdakik.com\\\/?p=61240#primaryimage\"},\"thumbnailUrl\":\"https:\\\/\\\/kibrisdakik.com\\\/wp-content\\\/uploads\\\/2024\\\/09\\\/brezilya-da-test-ucusu-sirasinda-dusup-alev-17809195_6741_m-640x420.jpg\",\"datePublished\":\"2024-09-11T13:30:12+00:00\",\"author\":{\"@id\":\"https:\\\/\\\/kibrisdakik.com\\\/#\\\/schema\\\/person\\\/9cd9d437bbb44f72b73ba127e06d8e79\"},\"breadcrumb\":{\"@id\":\"https:\\\/\\\/kibrisdakik.com\\\/?p=61240#breadcrumb\"},\"inLanguage\":\"tr\",\"potentialAction\":[{\"@type\":\"ReadAction\",\"target\":[\"https:\\\/\\\/kibrisdakik.com\\\/?p=61240\"]}]},{\"@type\":\"ImageObject\",\"inLanguage\":\"tr\",\"@id\":\"https:\\\/\\\/kibrisdakik.com\\\/?p=61240#primaryimage\",\"url\":\"https:\\\/\\\/kibrisdakik.com\\\/wp-content\\\/uploads\\\/2024\\\/09\\\/brezilya-da-test-ucusu-sirasinda-dusup-alev-17809195_6741_m-640x420.jpg\",\"contentUrl\":\"https:\\\/\\\/kibrisdakik.com\\\/wp-content\\\/uploads\\\/2024\\\/09\\\/brezilya-da-test-ucusu-sirasinda-dusup-alev-17809195_6741_m-640x420.jpg\",\"width\":640,\"height\":688},{\"@type\":\"BreadcrumbList\",\"@id\":\"https:\\\/\\\/kibrisdakik.com\\\/?p=61240#breadcrumb\",\"itemListElement\":[{\"@type\":\"ListItem\",\"position\":1,\"name\":\"Home\",\"item\":\"https:\\\/\\\/kibrisdakik.com\\\/\"},{\"@type\":\"ListItem\",\"position\":2,\"name\":\"Brezilya&#8217;da test u\u00e7u\u015fu s\u0131ras\u0131nda d\u00fc\u015f\u00fcp alev topuna d\u00f6nen helikopterin 2 pilotu yanarak can verdi\"}]},{\"@type\":\"WebSite\",\"@id\":\"https:\\\/\\\/kibrisdakik.com\\\/#website\",\"url\":\"https:\\\/\\\/kibrisdakik.com\\\/\",\"name\":\"\",\"description\":\"Tam vaktinde haber\",\"potentialAction\":[{\"@type\":\"SearchAction\",\"target\":{\"@type\":\"EntryPoint\",\"urlTemplate\":\"https:\\\/\\\/kibrisdakik.com\\\/?s={search_term_string}\"},\"query-input\":{\"@type\":\"PropertyValueSpecification\",\"valueRequired\":true,\"valueName\":\"search_term_string\"}}],\"inLanguage\":\"tr\"},{\"@type\":\"Person\",\"@id\":\"https:\\\/\\\/kibrisdakik.com\\\/#\\\/schema\\\/person\\\/9cd9d437bbb44f72b73ba127e06d8e79\",\"name\":\"admin\",\"image\":{\"@type\":\"ImageObject\",\"inLanguage\":\"tr\",\"@id\":\"https:\\\/\\\/secure.gravatar.com\\\/avatar\\\/ccc17943b9d660506c869530f897617f7cb1c21a4bf30023f252596d83e1f007?s=96&d=mm&r=g\",\"url\":\"https:\\\/\\\/secure.gravatar.com\\\/avatar\\\/ccc17943b9d660506c869530f897617f7cb1c21a4bf30023f252596d83e1f007?s=96&d=mm&r=g\",\"contentUrl\":\"https:\\\/\\\/secure.gravatar.com\\\/avatar\\\/ccc17943b9d660506c869530f897617f7cb1c21a4bf30023f252596d83e1f007?s=96&d=mm&r=g\",\"caption\":\"admin\"},\"sameAs\":[\"https:\\\/\\\/kibrisdakik.com\"],\"url\":\"https:\\\/\\\/kibrisdakik.com\\\/?author=1\"}]}<\/script>\n<!-- \/ Yoast SEO plugin. -->","yoast_head_json":{"title":"Brezilya'da test u\u00e7u\u015fu s\u0131ras\u0131nda d\u00fc\u015f\u00fcp alev topuna d\u00f6nen helikopterin 2 pilotu yanarak can verdi -","robots":{"index":"index","follow":"follow","max-snippet":"max-snippet:-1","max-image-preview":"max-image-preview:large","max-video-preview":"max-video-preview:-1"},"canonical":"https:\/\/kibrisdakik.com\/?p=61240","og_locale":"tr_TR","og_type":"article","og_title":"Brezilya'da test u\u00e7u\u015fu s\u0131ras\u0131nda d\u00fc\u015f\u00fcp alev topuna d\u00f6nen helikopterin 2 pilotu yanarak can verdi -","og_description":"Brezilya&#8216;da yak\u0131n zamanda bir helikopter kazas\u0131 ya\u015fand\u0131. Bak\u0131mdan sonra test u\u00e7u\u015fu yapan helikopter d\u00fc\u015ft\u00fc ve alev ald\u0131. Kaza sonucunda iki pilot hayat\u0131n\u0131 kaybetti, helikopterin sahibi ise a\u011f\u0131r yaraland\u0131. G\u00fcvenlik kameras\u0131 g\u00f6r\u00fcnt\u00fclerinde, helikopterin aniden yere do\u011fru d\u00fc\u015ft\u00fc\u011f\u00fc ve ard\u0131ndan alevler i\u00e7inde kald\u0131\u011f\u0131 g\u00f6r\u00fcl\u00fcyor. Hayat\u0131n\u0131 kaybeden pilotlar Andr\u00e9 Ferreira ve Raildo Rodrigues olarak a\u00e7\u0131kland\u0131. Helikopterin sahibi Henrique","og_url":"https:\/\/kibrisdakik.com\/?p=61240","article_published_time":"2024-09-11T13:30:12+00:00","og_image":[{"width":640,"height":688,"url":"https:\/\/kibrisdakik.com\/wp-content\/uploads\/2024\/09\/brezilya-da-test-ucusu-sirasinda-dusup-alev-17809195_6741_m-640x420.jpg","type":"image\/jpeg"}],"author":"admin","twitter_card":"summary_large_image","twitter_misc":{"Yazan:":"admin","Tahmini okuma s\u00fcresi":"1 dakika"},"schema":{"@context":"https:\/\/schema.org","@graph":[{"@type":"Article","@id":"https:\/\/kibrisdakik.com\/?p=61240#article","isPartOf":{"@id":"https:\/\/kibrisdakik.com\/?p=61240"},"author":{"name":"admin","@id":"https:\/\/kibrisdakik.com\/#\/schema\/person\/9cd9d437bbb44f72b73ba127e06d8e79"},"headline":"Brezilya&#8217;da test u\u00e7u\u015fu s\u0131ras\u0131nda d\u00fc\u015f\u00fcp alev topuna d\u00f6nen helikopterin 2 pilotu yanarak can verdi","datePublished":"2024-09-11T13:30:12+00:00","mainEntityOfPage":{"@id":"https:\/\/kibrisdakik.com\/?p=61240"},"wordCount":209,"commentCount":0,"image":{"@id":"https:\/\/kibrisdakik.com\/?p=61240#primaryimage"},"thumbnailUrl":"https:\/\/kibrisdakik.com\/wp-content\/uploads\/2024\/09\/brezilya-da-test-ucusu-sirasinda-dusup-alev-17809195_6741_m-640x420.jpg","articleSection":["Magazin"],"inLanguage":"tr","potentialAction":[{"@type":"CommentAction","name":"Comment","target":["https:\/\/kibrisdakik.com\/?p=61240#respond"]}]},{"@type":"WebPage","@id":"https:\/\/kibrisdakik.com\/?p=61240","url":"https:\/\/kibrisdakik.com\/?p=61240","name":"Brezilya'da test u\u00e7u\u015fu s\u0131ras\u0131nda d\u00fc\u015f\u00fcp alev topuna d\u00f6nen helikopterin 2 pilotu yanarak can verdi -","isPartOf":{"@id":"https:\/\/kibrisdakik.com\/#website"},"primaryImageOfPage":{"@id":"https:\/\/kibrisdakik.com\/?p=61240#primaryimage"},"image":{"@id":"https:\/\/kibrisdakik.com\/?p=61240#primaryimage"},"thumbnailUrl":"https:\/\/kibrisdakik.com\/wp-content\/uploads\/2024\/09\/brezilya-da-test-ucusu-sirasinda-dusup-alev-17809195_6741_m-640x420.jpg","datePublished":"2024-09-11T13:30:12+00:00","author":{"@id":"https:\/\/kibrisdakik.com\/#\/schema\/person\/9cd9d437bbb44f72b73ba127e06d8e79"},"breadcrumb":{"@id":"https:\/\/kibrisdakik.com\/?p=61240#breadcrumb"},"inLanguage":"tr","potentialAction":[{"@type":"ReadAction","target":["https:\/\/kibrisdakik.com\/?p=61240"]}]},{"@type":"ImageObject","inLanguage":"tr","@id":"https:\/\/kibrisdakik.com\/?p=61240#primaryimage","url":"https:\/\/kibrisdakik.com\/wp-content\/uploads\/2024\/09\/brezilya-da-test-ucusu-sirasinda-dusup-alev-17809195_6741_m-640x420.jpg","contentUrl":"https:\/\/kibrisdakik.com\/wp-content\/uploads\/2024\/09\/brezilya-da-test-ucusu-sirasinda-dusup-alev-17809195_6741_m-640x420.jpg","width":640,"height":688},{"@type":"BreadcrumbList","@id":"https:\/\/kibrisdakik.com\/?p=61240#breadcrumb","itemListElement":[{"@type":"ListItem","position":1,"name":"Home","item":"https:\/\/kibrisdakik.com\/"},{"@type":"ListItem","position":2,"name":"Brezilya&#8217;da test u\u00e7u\u015fu s\u0131ras\u0131nda d\u00fc\u015f\u00fcp alev topuna d\u00f6nen helikopterin 2 pilotu yanarak can verdi"}]},{"@type":"WebSite","@id":"https:\/\/kibrisdakik.com\/#website","url":"https:\/\/kibrisdakik.com\/","name":"","description":"Tam vaktinde haber","potentialAction":[{"@type":"SearchAction","target":{"@type":"EntryPoint","urlTemplate":"https:\/\/kibrisdakik.com\/?s={search_term_string}"},"query-input":{"@type":"PropertyValueSpecification","valueRequired":true,"valueName":"search_term_string"}}],"inLanguage":"tr"},{"@type":"Person","@id":"https:\/\/kibrisdakik.com\/#\/schema\/person\/9cd9d437bbb44f72b73ba127e06d8e79","name":"admin","image":{"@type":"ImageObject","inLanguage":"tr","@id":"https:\/\/secure.gravatar.com\/avatar\/ccc17943b9d660506c869530f897617f7cb1c21a4bf30023f252596d83e1f007?s=96&d=mm&r=g","url":"https:\/\/secure.gravatar.com\/avatar\/ccc17943b9d660506c869530f897617f7cb1c21a4bf30023f252596d83e1f007?s=96&d=mm&r=g","contentUrl":"https:\/\/secure.gravatar.com\/avatar\/ccc17943b9d660506c869530f897617f7cb1c21a4bf30023f252596d83e1f007?s=96&d=mm&r=g","caption":"admin"},"sameAs":["https:\/\/kibrisdakik.com"],"url":"https:\/\/kibrisdakik.com\/?author=1"}]}},"_links":{"self":[{"href":"https:\/\/kibrisdakik.com\/index.php?rest_route=\/wp\/v2\/posts\/61240","targetHints":{"allow":["GET"]}}],"collection":[{"href":"https:\/\/kibrisdakik.com\/index.php?rest_route=\/wp\/v2\/posts"}],"about":[{"href":"https:\/\/kibrisdakik.com\/index.php?rest_route=\/wp\/v2\/types\/post"}],"author":[{"embeddable":true,"href":"https:\/\/kibrisdakik.com\/index.php?rest_route=\/wp\/v2\/users\/1"}],"replies":[{"embeddable":true,"href":"https:\/\/kibrisdakik.com\/index.php?rest_route=%2Fwp%2Fv2%2Fcomments&post=61240"}],"version-history":[{"count":1,"href":"https:\/\/kibrisdakik.com\/index.php?rest_route=\/wp\/v2\/posts\/61240\/revisions"}],"predecessor-version":[{"id":61325,"href":"https:\/\/kibrisdakik.com\/index.php?rest_route=\/wp\/v2\/posts\/61240\/revisions\/61325"}],"wp:featuredmedia":[{"embeddable":true,"href":"https:\/\/kibrisdakik.com\/index.php?rest_route=\/wp\/v2\/media\/61241"}],"wp:attachment":[{"href":"https:\/\/kibrisdakik.com\/index.php?rest_route=%2Fwp%2Fv2%2Fmedia&parent=61240"}],"wp:term":[{"taxonomy":"category","embeddable":true,"href":"https:\/\/kibrisdakik.com\/index.php?rest_route=%2Fwp%2Fv2%2Fcategories&post=61240"},{"taxonomy":"post_tag","embeddable":true,"href":"https:\/\/kibrisdakik.com\/index.php?rest_route=%2Fwp%2Fv2%2Ftags&post=61240"}],"curies":[{"name":"wp","href":"https:\/\/api.w.org\/{rel}","templated":true}]}}