{"id":61279,"date":"2024-09-11T15:06:24","date_gmt":"2024-09-11T12:06:24","guid":{"rendered":"https:\/\/kibrisdakik.com\/index.php\/2024\/09\/11\/ercan-havalimaninda-yolcu-sayisi-yuzde-24-7-ucak-sayisi-ise-yuzde-14-28-artti\/"},"modified":"2024-09-11T15:06:24","modified_gmt":"2024-09-11T12:06:24","slug":"ercan-havalimaninda-yolcu-sayisi-yuzde-24-7-ucak-sayisi-ise-yuzde-14-28-artti","status":"publish","type":"post","link":"https:\/\/kibrisdakik.com\/?p=61279","title":{"rendered":"Ercan Havaliman\u0131\u2019nda yolcu say\u0131s\u0131 y\u00fczde 24.7, u\u00e7ak say\u0131s\u0131 ise y\u00fczde 14.28 artt\u0131"},"content":{"rendered":"<div>\n<div class=\"mariselle-image-container center\">\n                                            <\/div>\n<p>T&amp;T Havaliman\u0131 \u0130\u015fletmecili\u011fi, yeni Ercan Havaliman\u0131\u2019n\u0131n a\u00e7\u0131lmas\u0131yla birlikte ge\u00e7en y\u0131l\u0131n ilk 8 ay\u0131na g\u00f6re bu y\u0131l yolcu ve u\u00e7ak say\u0131lar\u0131nda \u00f6nemli oranda art\u0131\u015f ya\u015fand\u0131\u011f\u0131n\u0131 kaydetti.<\/p>\n<p>T&amp;T Havaliman\u0131 \u0130\u015fletmecili\u011finden yap\u0131lan a\u00e7\u0131klamaya g\u00f6re, 1 Ocak- 31 A\u011fustos 2023 ile 1 Ocak-31 A\u011fustos 2024 d\u00f6nemindeki ilk 8 ayl\u0131k s\u00fcrede yolcu say\u0131s\u0131nda y\u00fczde 24.7, u\u00e7ak say\u0131s\u0131nda ise y\u00fczde 14.28\u2019lik bir y\u00fckseli\u015f oldu.<\/p>\n<p><strong>-2023\u2019e g\u00f6re ilk 8 ayda yolcu ve u\u00e7ak rakamlar\u0131 y\u00fckseli\u015fte<\/strong><\/p>\n<p>2023 y\u0131l\u0131n\u0131n ilk sekiz ay\u0131nda eski Ercan Havaliman\u0131\u2019n\u0131 2 milyon 457 bin 97 yolcu kullan\u0131rken, bu say\u0131 yeni Ercan Havaliman\u0131\u2019n\u0131n a\u00e7\u0131lmas\u0131yla 2024\u2019\u00fcn ayni d\u00f6neminde 3 milyon 48 bin 615\u2019e y\u00fckseldi.<\/p>\n<p>U\u00e7ak say\u0131na bak\u0131ld\u0131\u011f\u0131 zaman ise 2023\u2019\u00fcn ilk 8 ay\u0131nda eski Ercan Havaliman\u0131\u2019n\u0131 16 bin 892 u\u00e7ak kullan\u0131rken, yeni Ercan\u2019a 19 bin 305 u\u00e7a\u011f\u0131n ini\u015f ve kalk\u0131\u015f yapt\u0131\u011f\u0131 g\u00f6r\u00fcld\u00fc.<\/p>\n<p><strong>-Yolcu say\u0131lar\u0131nda art\u0131\u015f<\/strong><\/p>\n<p>Eski Ercan Havaliman\u0131\u2019n\u0131 Ocak 2023\u2019de 251 bin 466 gelen ve giden yolcu kullan\u0131rken, 2024 Ocak\u2019ta yeni Ercan Havaliman\u0131\u2019n\u0131 kullanan yolcu say\u0131s\u0131 y\u00fczde 33.2 art\u0131\u015f g\u00f6stererek 334 bin 510\u2019a y\u00fckseldi.<\/p>\n<p>\u015eubat 2023\u2019te 226 bin 108 yolcu eski Ercan\u2019dan u\u00e7arken, bu say\u0131 yeni Ercan\u2019da y\u00fczde 56.99 artarak 354 bin 960\u2019a ula\u015ft\u0131.<\/p>\n<p>Mart ay\u0131nda ise eski Ercan Havaliman\u0131 256 bin 313 yolcuya hizmet verirken, yeni Ercan\u2019da bu rakam y\u00fczde 31.10 artarak 336 bin 20 oldu. Nisan ay\u0131nda ise eski Ercan\u2019dan gelen ve giden yolcu say\u0131s\u0131 281 bin 118 iken yeni Ercan\u2019da y\u00fczde 28.7 artarak 360 bin 26 olarak ger\u00e7ekle\u015fti.<\/p>\n<p>May\u0131s 2023\u2019te eski Ercan\u2019dan gelen ve giden yolcu say\u0131s\u0131 rakam\u0131 334 bin 879 iken yeni Ercan\u2019dan bu rakam y\u00fczde 16.14 artarak 388 bin 915 oldu. Haziran ay\u0131nda gelen ve giden yolcu say\u0131s\u0131 2023\u2019\u00fcn ayni ay\u0131na g\u00f6re y\u00fczde 14.92, u\u00e7ak say\u0131s\u0131 ise y\u00fczde 6.23 art\u0131\u015f g\u00f6sterdi.<\/p>\n<p>Temmuz 2023\u2019te eski Ercan\u2019a gelen ve giden yolcu say\u0131s\u0131 367 bin 393 olurken, Temmuz 2024\u2019de bu rakam 426 bin 718 oldu. A\u011fustos 2023 ay\u0131nda ise eski Ercan Havaliman\u0131\u2019na gelen ve giden yolcu rakamlar\u0131 385 bin 223, A\u011fustos 2024\u2019de ise 439 bin 950 olarak ger\u00e7ekle\u015fti.<\/p>\n<p><strong>-8 ayda 19 bin 305 u\u00e7ak<\/strong><\/p>\n<p>Yeni Ercan Havaliman\u0131\u2019nda 3 bin metrelik yeni pist ile k\u00f6r\u00fcklerin devreye girmesiyle b\u00fcy\u00fck g\u00f6vdeli u\u00e7aklara da hizmet vermeye ba\u015fland\u0131. B\u00f6ylece, u\u00e7ak say\u0131s\u0131nda da art\u0131\u015flar ya\u015fand\u0131.<\/p>\n<p>1 Ocak ile 31 A\u011fustos 2023\u2019e kadar eski Ercan Havaliman\u0131\u2019n\u0131 16 bin 892 u\u00e7ak kullan\u0131rken, 2024\u2019\u00fcn ayn\u0131 d\u00f6neminde bu rakam y\u00fczde 14.28 art\u0131\u015f g\u00f6stererek 9 bin 305\u2019e y\u00fckseldi.<\/p>\n<p>2023 y\u0131l\u0131n\u0131n Ocak ay\u0131nda bin 848, \u015eubat\u2019ta bin 683, Mart\u2019ta bin 794, Nisan\u2019da 2 bin 31, May\u0131s\u2019ta 2 bin 247, Haziran\u2019da 2 bin 377, Temmuz\u2019da 2.487, A\u011fustos ay\u0131nda 2.425 u\u00e7ak eski Ercan Havaliman\u0131\u2019na ini\u015f ve kalk\u0131\u015f ger\u00e7ekle\u015ftirdi.<\/p>\n<p>2024 y\u0131l\u0131n\u0131n Ocak ay\u0131nda ise 2 bin 301, \u015eubat\u2019ta 2 bin 220, Mart\u2019ta 2 bin 261, Nisan\u2019da 2 bin 339, May\u0131s\u2019ta 2 bin 423 ve Haziran\u2019da 2 bin 525, Temmuz\u2019da 2.644, A\u011fustos ay\u0131nda 2.592 u\u00e7ak yeni Ercan Havaliman\u0131\u2019na ini\u015f ve kalk\u0131\u015f ger\u00e7ekle\u015ftirdi.<\/p>\n<\/p><\/div>\n<p><script async\n                    defer\n                    crossorigin=\"anonymous\"\n                    src=\"https:\/\/connect.facebook.net\/tr_TR\/sdk.js#xfbml=1&#038;version=v3.3\"\n            ><\/script><\/p>\n","protected":false},"excerpt":{"rendered":"<p>T&amp;T Havaliman\u0131 \u0130\u015fletmecili\u011fi, yeni Ercan Havaliman\u0131\u2019n\u0131n a\u00e7\u0131lmas\u0131yla birlikte ge\u00e7en y\u0131l\u0131n ilk 8 ay\u0131na g\u00f6re bu y\u0131l yolcu ve u\u00e7ak say\u0131lar\u0131nda \u00f6nemli oranda art\u0131\u015f ya\u015fand\u0131\u011f\u0131n\u0131 kaydetti. T&amp;T Havaliman\u0131 \u0130\u015fletmecili\u011finden yap\u0131lan a\u00e7\u0131klamaya g\u00f6re, 1 Ocak- 31 A\u011fustos 2023 ile 1 Ocak-31 A\u011fustos 2024 d\u00f6nemindeki ilk 8 ayl\u0131k s\u00fcrede yolcu say\u0131s\u0131nda y\u00fczde 24.7, u\u00e7ak say\u0131s\u0131nda ise y\u00fczde 14.28\u2019lik<\/p>\n","protected":false},"author":1,"featured_media":61280,"comment_status":"open","ping_status":"open","sticky":false,"template":"","format":"standard","meta":{"footnotes":""},"categories":[81],"tags":[],"class_list":["post-61279","post","type-post","status-publish","format-standard","has-post-thumbnail","hentry","category-kibris"],"yoast_head":"<!-- This site is optimized with the Yoast SEO plugin v27.5 - https:\/\/yoast.com\/product\/yoast-seo-wordpress\/ -->\n<title>Ercan Havaliman\u0131\u2019nda yolcu say\u0131s\u0131 y\u00fczde 24.7, u\u00e7ak say\u0131s\u0131 ise y\u00fczde 14.28 artt\u0131 -<\/title>\n<meta name=\"robots\" content=\"index, follow, max-snippet:-1, max-image-preview:large, max-video-preview:-1\" \/>\n<link rel=\"canonical\" href=\"https:\/\/kibrisdakik.com\/?p=61279\" \/>\n<meta property=\"og:locale\" content=\"tr_TR\" \/>\n<meta property=\"og:type\" content=\"article\" \/>\n<meta property=\"og:title\" content=\"Ercan Havaliman\u0131\u2019nda yolcu say\u0131s\u0131 y\u00fczde 24.7, u\u00e7ak say\u0131s\u0131 ise y\u00fczde 14.28 artt\u0131 -\" \/>\n<meta property=\"og:description\" content=\"T&amp;T Havaliman\u0131 \u0130\u015fletmecili\u011fi, yeni Ercan Havaliman\u0131\u2019n\u0131n a\u00e7\u0131lmas\u0131yla birlikte ge\u00e7en y\u0131l\u0131n ilk 8 ay\u0131na g\u00f6re bu y\u0131l yolcu ve u\u00e7ak say\u0131lar\u0131nda \u00f6nemli oranda art\u0131\u015f ya\u015fand\u0131\u011f\u0131n\u0131 kaydetti. T&amp;T Havaliman\u0131 \u0130\u015fletmecili\u011finden yap\u0131lan a\u00e7\u0131klamaya g\u00f6re, 1 Ocak- 31 A\u011fustos 2023 ile 1 Ocak-31 A\u011fustos 2024 d\u00f6nemindeki ilk 8 ayl\u0131k s\u00fcrede yolcu say\u0131s\u0131nda y\u00fczde 24.7, u\u00e7ak say\u0131s\u0131nda ise y\u00fczde 14.28\u2019lik\" \/>\n<meta property=\"og:url\" content=\"https:\/\/kibrisdakik.com\/?p=61279\" \/>\n<meta property=\"article:published_time\" content=\"2024-09-11T12:06:24+00:00\" \/>\n<meta property=\"og:image\" content=\"https:\/\/kibrisdakik.com\/wp-content\/uploads\/2024\/09\/ercan-havalimani-1-3-scaled-740x420.jpg\" \/>\n\t<meta property=\"og:image:width\" content=\"2560\" \/>\n\t<meta property=\"og:image:height\" content=\"1707\" \/>\n\t<meta property=\"og:image:type\" content=\"image\/jpeg\" \/>\n<meta name=\"author\" content=\"admin\" \/>\n<meta name=\"twitter:card\" content=\"summary_large_image\" \/>\n<meta name=\"twitter:label1\" content=\"Yazan:\" \/>\n\t<meta name=\"twitter:data1\" content=\"admin\" \/>\n\t<meta name=\"twitter:label2\" content=\"Tahmini okuma s\u00fcresi\" \/>\n\t<meta name=\"twitter:data2\" content=\"3 dakika\" \/>\n<script type=\"application\/ld+json\" class=\"yoast-schema-graph\">{\"@context\":\"https:\\\/\\\/schema.org\",\"@graph\":[{\"@type\":\"Article\",\"@id\":\"https:\\\/\\\/kibrisdakik.com\\\/?p=61279#article\",\"isPartOf\":{\"@id\":\"https:\\\/\\\/kibrisdakik.com\\\/?p=61279\"},\"author\":{\"name\":\"admin\",\"@id\":\"https:\\\/\\\/kibrisdakik.com\\\/#\\\/schema\\\/person\\\/9cd9d437bbb44f72b73ba127e06d8e79\"},\"headline\":\"Ercan Havaliman\u0131\u2019nda yolcu say\u0131s\u0131 y\u00fczde 24.7, u\u00e7ak say\u0131s\u0131 ise y\u00fczde 14.28 artt\u0131\",\"datePublished\":\"2024-09-11T12:06:24+00:00\",\"mainEntityOfPage\":{\"@id\":\"https:\\\/\\\/kibrisdakik.com\\\/?p=61279\"},\"wordCount\":547,\"commentCount\":0,\"image\":{\"@id\":\"https:\\\/\\\/kibrisdakik.com\\\/?p=61279#primaryimage\"},\"thumbnailUrl\":\"https:\\\/\\\/kibrisdakik.com\\\/wp-content\\\/uploads\\\/2024\\\/09\\\/ercan-havalimani-1-3-scaled-740x420.jpg\",\"articleSection\":[\"K\u0131br\u0131s\"],\"inLanguage\":\"tr\",\"potentialAction\":[{\"@type\":\"CommentAction\",\"name\":\"Comment\",\"target\":[\"https:\\\/\\\/kibrisdakik.com\\\/?p=61279#respond\"]}]},{\"@type\":\"WebPage\",\"@id\":\"https:\\\/\\\/kibrisdakik.com\\\/?p=61279\",\"url\":\"https:\\\/\\\/kibrisdakik.com\\\/?p=61279\",\"name\":\"Ercan Havaliman\u0131\u2019nda yolcu say\u0131s\u0131 y\u00fczde 24.7, u\u00e7ak say\u0131s\u0131 ise y\u00fczde 14.28 artt\u0131 -\",\"isPartOf\":{\"@id\":\"https:\\\/\\\/kibrisdakik.com\\\/#website\"},\"primaryImageOfPage\":{\"@id\":\"https:\\\/\\\/kibrisdakik.com\\\/?p=61279#primaryimage\"},\"image\":{\"@id\":\"https:\\\/\\\/kibrisdakik.com\\\/?p=61279#primaryimage\"},\"thumbnailUrl\":\"https:\\\/\\\/kibrisdakik.com\\\/wp-content\\\/uploads\\\/2024\\\/09\\\/ercan-havalimani-1-3-scaled-740x420.jpg\",\"datePublished\":\"2024-09-11T12:06:24+00:00\",\"author\":{\"@id\":\"https:\\\/\\\/kibrisdakik.com\\\/#\\\/schema\\\/person\\\/9cd9d437bbb44f72b73ba127e06d8e79\"},\"breadcrumb\":{\"@id\":\"https:\\\/\\\/kibrisdakik.com\\\/?p=61279#breadcrumb\"},\"inLanguage\":\"tr\",\"potentialAction\":[{\"@type\":\"ReadAction\",\"target\":[\"https:\\\/\\\/kibrisdakik.com\\\/?p=61279\"]}]},{\"@type\":\"ImageObject\",\"inLanguage\":\"tr\",\"@id\":\"https:\\\/\\\/kibrisdakik.com\\\/?p=61279#primaryimage\",\"url\":\"https:\\\/\\\/kibrisdakik.com\\\/wp-content\\\/uploads\\\/2024\\\/09\\\/ercan-havalimani-1-3-scaled-740x420.jpg\",\"contentUrl\":\"https:\\\/\\\/kibrisdakik.com\\\/wp-content\\\/uploads\\\/2024\\\/09\\\/ercan-havalimani-1-3-scaled-740x420.jpg\",\"width\":2560,\"height\":1707},{\"@type\":\"BreadcrumbList\",\"@id\":\"https:\\\/\\\/kibrisdakik.com\\\/?p=61279#breadcrumb\",\"itemListElement\":[{\"@type\":\"ListItem\",\"position\":1,\"name\":\"Home\",\"item\":\"https:\\\/\\\/kibrisdakik.com\\\/\"},{\"@type\":\"ListItem\",\"position\":2,\"name\":\"Ercan Havaliman\u0131\u2019nda yolcu say\u0131s\u0131 y\u00fczde 24.7, u\u00e7ak say\u0131s\u0131 ise y\u00fczde 14.28 artt\u0131\"}]},{\"@type\":\"WebSite\",\"@id\":\"https:\\\/\\\/kibrisdakik.com\\\/#website\",\"url\":\"https:\\\/\\\/kibrisdakik.com\\\/\",\"name\":\"\",\"description\":\"Tam vaktinde haber\",\"potentialAction\":[{\"@type\":\"SearchAction\",\"target\":{\"@type\":\"EntryPoint\",\"urlTemplate\":\"https:\\\/\\\/kibrisdakik.com\\\/?s={search_term_string}\"},\"query-input\":{\"@type\":\"PropertyValueSpecification\",\"valueRequired\":true,\"valueName\":\"search_term_string\"}}],\"inLanguage\":\"tr\"},{\"@type\":\"Person\",\"@id\":\"https:\\\/\\\/kibrisdakik.com\\\/#\\\/schema\\\/person\\\/9cd9d437bbb44f72b73ba127e06d8e79\",\"name\":\"admin\",\"image\":{\"@type\":\"ImageObject\",\"inLanguage\":\"tr\",\"@id\":\"https:\\\/\\\/secure.gravatar.com\\\/avatar\\\/ccc17943b9d660506c869530f897617f7cb1c21a4bf30023f252596d83e1f007?s=96&d=mm&r=g\",\"url\":\"https:\\\/\\\/secure.gravatar.com\\\/avatar\\\/ccc17943b9d660506c869530f897617f7cb1c21a4bf30023f252596d83e1f007?s=96&d=mm&r=g\",\"contentUrl\":\"https:\\\/\\\/secure.gravatar.com\\\/avatar\\\/ccc17943b9d660506c869530f897617f7cb1c21a4bf30023f252596d83e1f007?s=96&d=mm&r=g\",\"caption\":\"admin\"},\"sameAs\":[\"https:\\\/\\\/kibrisdakik.com\"],\"url\":\"https:\\\/\\\/kibrisdakik.com\\\/?author=1\"}]}<\/script>\n<!-- \/ Yoast SEO plugin. -->","yoast_head_json":{"title":"Ercan Havaliman\u0131\u2019nda yolcu say\u0131s\u0131 y\u00fczde 24.7, u\u00e7ak say\u0131s\u0131 ise y\u00fczde 14.28 artt\u0131 -","robots":{"index":"index","follow":"follow","max-snippet":"max-snippet:-1","max-image-preview":"max-image-preview:large","max-video-preview":"max-video-preview:-1"},"canonical":"https:\/\/kibrisdakik.com\/?p=61279","og_locale":"tr_TR","og_type":"article","og_title":"Ercan Havaliman\u0131\u2019nda yolcu say\u0131s\u0131 y\u00fczde 24.7, u\u00e7ak say\u0131s\u0131 ise y\u00fczde 14.28 artt\u0131 -","og_description":"T&amp;T Havaliman\u0131 \u0130\u015fletmecili\u011fi, yeni Ercan Havaliman\u0131\u2019n\u0131n a\u00e7\u0131lmas\u0131yla birlikte ge\u00e7en y\u0131l\u0131n ilk 8 ay\u0131na g\u00f6re bu y\u0131l yolcu ve u\u00e7ak say\u0131lar\u0131nda \u00f6nemli oranda art\u0131\u015f ya\u015fand\u0131\u011f\u0131n\u0131 kaydetti. T&amp;T Havaliman\u0131 \u0130\u015fletmecili\u011finden yap\u0131lan a\u00e7\u0131klamaya g\u00f6re, 1 Ocak- 31 A\u011fustos 2023 ile 1 Ocak-31 A\u011fustos 2024 d\u00f6nemindeki ilk 8 ayl\u0131k s\u00fcrede yolcu say\u0131s\u0131nda y\u00fczde 24.7, u\u00e7ak say\u0131s\u0131nda ise y\u00fczde 14.28\u2019lik","og_url":"https:\/\/kibrisdakik.com\/?p=61279","article_published_time":"2024-09-11T12:06:24+00:00","og_image":[{"width":2560,"height":1707,"url":"https:\/\/kibrisdakik.com\/wp-content\/uploads\/2024\/09\/ercan-havalimani-1-3-scaled-740x420.jpg","type":"image\/jpeg"}],"author":"admin","twitter_card":"summary_large_image","twitter_misc":{"Yazan:":"admin","Tahmini okuma s\u00fcresi":"3 dakika"},"schema":{"@context":"https:\/\/schema.org","@graph":[{"@type":"Article","@id":"https:\/\/kibrisdakik.com\/?p=61279#article","isPartOf":{"@id":"https:\/\/kibrisdakik.com\/?p=61279"},"author":{"name":"admin","@id":"https:\/\/kibrisdakik.com\/#\/schema\/person\/9cd9d437bbb44f72b73ba127e06d8e79"},"headline":"Ercan Havaliman\u0131\u2019nda yolcu say\u0131s\u0131 y\u00fczde 24.7, u\u00e7ak say\u0131s\u0131 ise y\u00fczde 14.28 artt\u0131","datePublished":"2024-09-11T12:06:24+00:00","mainEntityOfPage":{"@id":"https:\/\/kibrisdakik.com\/?p=61279"},"wordCount":547,"commentCount":0,"image":{"@id":"https:\/\/kibrisdakik.com\/?p=61279#primaryimage"},"thumbnailUrl":"https:\/\/kibrisdakik.com\/wp-content\/uploads\/2024\/09\/ercan-havalimani-1-3-scaled-740x420.jpg","articleSection":["K\u0131br\u0131s"],"inLanguage":"tr","potentialAction":[{"@type":"CommentAction","name":"Comment","target":["https:\/\/kibrisdakik.com\/?p=61279#respond"]}]},{"@type":"WebPage","@id":"https:\/\/kibrisdakik.com\/?p=61279","url":"https:\/\/kibrisdakik.com\/?p=61279","name":"Ercan Havaliman\u0131\u2019nda yolcu say\u0131s\u0131 y\u00fczde 24.7, u\u00e7ak say\u0131s\u0131 ise y\u00fczde 14.28 artt\u0131 -","isPartOf":{"@id":"https:\/\/kibrisdakik.com\/#website"},"primaryImageOfPage":{"@id":"https:\/\/kibrisdakik.com\/?p=61279#primaryimage"},"image":{"@id":"https:\/\/kibrisdakik.com\/?p=61279#primaryimage"},"thumbnailUrl":"https:\/\/kibrisdakik.com\/wp-content\/uploads\/2024\/09\/ercan-havalimani-1-3-scaled-740x420.jpg","datePublished":"2024-09-11T12:06:24+00:00","author":{"@id":"https:\/\/kibrisdakik.com\/#\/schema\/person\/9cd9d437bbb44f72b73ba127e06d8e79"},"breadcrumb":{"@id":"https:\/\/kibrisdakik.com\/?p=61279#breadcrumb"},"inLanguage":"tr","potentialAction":[{"@type":"ReadAction","target":["https:\/\/kibrisdakik.com\/?p=61279"]}]},{"@type":"ImageObject","inLanguage":"tr","@id":"https:\/\/kibrisdakik.com\/?p=61279#primaryimage","url":"https:\/\/kibrisdakik.com\/wp-content\/uploads\/2024\/09\/ercan-havalimani-1-3-scaled-740x420.jpg","contentUrl":"https:\/\/kibrisdakik.com\/wp-content\/uploads\/2024\/09\/ercan-havalimani-1-3-scaled-740x420.jpg","width":2560,"height":1707},{"@type":"BreadcrumbList","@id":"https:\/\/kibrisdakik.com\/?p=61279#breadcrumb","itemListElement":[{"@type":"ListItem","position":1,"name":"Home","item":"https:\/\/kibrisdakik.com\/"},{"@type":"ListItem","position":2,"name":"Ercan Havaliman\u0131\u2019nda yolcu say\u0131s\u0131 y\u00fczde 24.7, u\u00e7ak say\u0131s\u0131 ise y\u00fczde 14.28 artt\u0131"}]},{"@type":"WebSite","@id":"https:\/\/kibrisdakik.com\/#website","url":"https:\/\/kibrisdakik.com\/","name":"","description":"Tam vaktinde haber","potentialAction":[{"@type":"SearchAction","target":{"@type":"EntryPoint","urlTemplate":"https:\/\/kibrisdakik.com\/?s={search_term_string}"},"query-input":{"@type":"PropertyValueSpecification","valueRequired":true,"valueName":"search_term_string"}}],"inLanguage":"tr"},{"@type":"Person","@id":"https:\/\/kibrisdakik.com\/#\/schema\/person\/9cd9d437bbb44f72b73ba127e06d8e79","name":"admin","image":{"@type":"ImageObject","inLanguage":"tr","@id":"https:\/\/secure.gravatar.com\/avatar\/ccc17943b9d660506c869530f897617f7cb1c21a4bf30023f252596d83e1f007?s=96&d=mm&r=g","url":"https:\/\/secure.gravatar.com\/avatar\/ccc17943b9d660506c869530f897617f7cb1c21a4bf30023f252596d83e1f007?s=96&d=mm&r=g","contentUrl":"https:\/\/secure.gravatar.com\/avatar\/ccc17943b9d660506c869530f897617f7cb1c21a4bf30023f252596d83e1f007?s=96&d=mm&r=g","caption":"admin"},"sameAs":["https:\/\/kibrisdakik.com"],"url":"https:\/\/kibrisdakik.com\/?author=1"}]}},"_links":{"self":[{"href":"https:\/\/kibrisdakik.com\/index.php?rest_route=\/wp\/v2\/posts\/61279","targetHints":{"allow":["GET"]}}],"collection":[{"href":"https:\/\/kibrisdakik.com\/index.php?rest_route=\/wp\/v2\/posts"}],"about":[{"href":"https:\/\/kibrisdakik.com\/index.php?rest_route=\/wp\/v2\/types\/post"}],"author":[{"embeddable":true,"href":"https:\/\/kibrisdakik.com\/index.php?rest_route=\/wp\/v2\/users\/1"}],"replies":[{"embeddable":true,"href":"https:\/\/kibrisdakik.com\/index.php?rest_route=%2Fwp%2Fv2%2Fcomments&post=61279"}],"version-history":[{"count":0,"href":"https:\/\/kibrisdakik.com\/index.php?rest_route=\/wp\/v2\/posts\/61279\/revisions"}],"wp:featuredmedia":[{"embeddable":true,"href":"https:\/\/kibrisdakik.com\/index.php?rest_route=\/wp\/v2\/media\/61280"}],"wp:attachment":[{"href":"https:\/\/kibrisdakik.com\/index.php?rest_route=%2Fwp%2Fv2%2Fmedia&parent=61279"}],"wp:term":[{"taxonomy":"category","embeddable":true,"href":"https:\/\/kibrisdakik.com\/index.php?rest_route=%2Fwp%2Fv2%2Fcategories&post=61279"},{"taxonomy":"post_tag","embeddable":true,"href":"https:\/\/kibrisdakik.com\/index.php?rest_route=%2Fwp%2Fv2%2Ftags&post=61279"}],"curies":[{"name":"wp","href":"https:\/\/api.w.org\/{rel}","templated":true}]}}