{"id":61294,"date":"2024-09-11T15:28:22","date_gmt":"2024-09-11T12:28:22","guid":{"rendered":"https:\/\/kibrisdakik.com\/index.php\/2024\/09\/11\/cumhurbaskani-ersin-tatar-ingiliz-parlamentosunda-duzenlenen-resepsiyona-katildi-kibrista-cozume-yonelik-yeni-vizyonumla-uluslararasi-toplumdan-kibris-turk-halkina-uygulan\/"},"modified":"2024-09-11T15:28:22","modified_gmt":"2024-09-11T12:28:22","slug":"cumhurbaskani-ersin-tatar-ingiliz-parlamentosunda-duzenlenen-resepsiyona-katildi-kibrista-cozume-yonelik-yeni-vizyonumla-uluslararasi-toplumdan-kibris-turk-halkina-uygulan","status":"publish","type":"post","link":"https:\/\/kibrisdakik.com\/?p=61294","title":{"rendered":"Cumhurba\u015fkan\u0131 Ersin Tatar \u0130ngiliz Parlamentosu\u2019nda d\u00fczenlenen resepsiyona kat\u0131ld\u0131: \u201cK\u0131br\u0131s\u2019ta \u00e7\u00f6z\u00fcme y\u00f6nelik yeni vizyonumla, uluslararas\u0131 toplumdan K\u0131br\u0131s T\u00fcrk halk\u0131na uygulanan haks\u0131z izolasyonuna son verilmesine yard\u0131mc\u0131 olmalar\u0131n\u0131 istiyorum\u201d"},"content":{"rendered":"<div>\n<div class=\"mariselle-image-container center\">\n                                            <\/div>\n<p>Cumhurba\u015fkan\u0131 Ersin Tatar, \u0130ngiliz Parlamentosu\u2019nda d\u00fczenlenen resepsiyona kat\u0131ld\u0131.<\/p>\n<p>Cumhurba\u015fkanl\u0131\u011f\u0131ndan yap\u0131lan a\u00e7\u0131klamaya g\u00f6re,  \u201cK\u0131br\u0131s Sorununun 60 Y\u0131l\u0131\u201d ba\u015fl\u0131kl\u0131 resepsiyon, Lordlar Kamaras\u0131 \u00fcyesi, Holbeach Lordu Taylor  ve Kuzey K\u0131br\u0131s i\u00e7in \u00d6zg\u00fcrl\u00fck ve Adalet Kampanyas\u0131 taraf\u0131ndan Parlamento Binas\u0131\u2019ndaki The Pavilion\u2019da yap\u0131ld\u0131. Resepsiyona, parlamenterler, b\u00fcy\u00fckel\u00e7iler, d\u00fc\u015f\u00fcnce kurulu\u015fu temsilcileri, Birle\u015fik Krall\u0131k bas\u0131n mensuplar\u0131, i\u015f d\u00fcnyas\u0131 ve sivil toplum temsilcileri kat\u0131ld\u0131.<\/p>\n<p>Cumhurba\u015fkan\u0131 Tatar, burada yapt\u0131\u011f\u0131 konu\u015fmada, K\u0131br\u0131sl\u0131 T\u00fcrklerin Cumhurba\u015fkan\u0131 olarak halk\u0131n geli\u015fimini olumsuz etkileyen izolasyon ve k\u0131s\u0131tlamalar\u0131n kald\u0131r\u0131lmas\u0131n\u0131 talep etti\u011fini kaydederek, izolasyonun bu \u00e7a\u011fda yerinin olmad\u0131\u011f\u0131n\u0131 \u00e7\u00fcnk\u00fc K\u0131br\u0131s T\u00fcrk halk\u0131n\u0131n kapsaml\u0131 bir \u00e7\u00f6z\u00fcm bulunmas\u0131 i\u00e7in t\u00fcm m\u00fczakere s\u00fcre\u00e7lerinde yo\u011fun \u00e7abalar ortaya koydu\u011funu belirtti.<\/p>\n<p>K\u0131br\u0131s T\u00fcrk halk\u0131n\u0131n K\u0131br\u0131s sorununa adil, pratik ve s\u00fcrd\u00fcr\u00fclebilir olacak m\u00fczakere edilmi\u015f bir \u00e7\u00f6z\u00fcm bulunmas\u0131n\u0131 istedi\u011fini vurgulayan Tatar konu\u015fmas\u0131n\u0131 \u015f\u00f6yle s\u00fcrd\u00fcrd\u00fc:<\/p>\n<p>\u201cK\u0131br\u0131s\u2019ta iki devlet aras\u0131nda istikrar ve i\u015f birli\u011fi istiyoruz. K\u0131br\u0131s\u2019ta son 60 y\u0131ld\u0131r fiilen iki devlet bulunmaktad\u0131r ve ileriye d\u00f6n\u00fck do\u011fru yol, K\u0131br\u0131s\u2019a sadece 60 km mesafede bulunan T\u00fcrkiye \u00fczerinden ta\u015f\u0131nmas\u0131 m\u00fcmk\u00fcn olan do\u011fal kaynaklar konusunda i\u015f birli\u011fi yapmakt\u0131r.\u201d<\/p>\n<p><strong>\u2013 \u201cK\u0131br\u0131sl\u0131 T\u00fcrkler ve K\u0131br\u0131sl\u0131 Rumlar aras\u0131nda bir k\u00f6pr\u00fc olabilecek ve gelece\u011fe y\u00f6nelik g\u00fcveni artt\u0131racak \u00e7ok daha uygulanabilir bir proje \u00f6neriyoruz\u201d<\/strong><\/p>\n<p>Cumhurba\u015fkan\u0131 Tatar, birka\u00e7 g\u00fcn \u00f6nce T\u00fcrkiye Cumhuriyeti Cumhurba\u015fkan\u0131 Yard\u0131mc\u0131s\u0131 Cevdet Y\u0131lmaz ile bir g\u00f6r\u00fc\u015fme ger\u00e7ekle\u015ftirdi\u011fini belirterek \u015funlar\u0131 s\u00f6yledi:<\/p>\n<p>\u201cCumhurba\u015fkan\u0131 Yard\u0131mc\u0131s\u0131 Y\u0131lmaz ile enterkonnekte konusunda \u00f6nemli g\u00f6r\u00fc\u015fmeler yapt\u0131k. K\u0131br\u0131s\u2019\u0131n hem kuzeyini hem de g\u00fcneyini, zaten AB\u2019ye ba\u011fl\u0131 olan T\u00fcrkiye \u00fczerinden birbirine ba\u011flayabilece\u011fimiz, K\u0131br\u0131sl\u0131 T\u00fcrkler ve K\u0131br\u0131sl\u0131 Rumlar aras\u0131nda bir k\u00f6pr\u00fc olabilecek ve gelece\u011fe y\u00f6nelik g\u00fcveni artt\u0131racak \u00e7ok daha uygulanabilir bir proje \u00f6neriyoruz. K\u0131br\u0131s\u2019ta ilerlemenin yolu iki devletin enerji, su, may\u0131n temizleme ve d\u00fczensiz g\u00f6\u00e7 gibi Ada\u2019n\u0131n kar\u015f\u0131 kar\u015f\u0131ya oldu\u011fu g\u00fc\u00e7l\u00fcklerin ele al\u0131nmas\u0131 gibi farkl\u0131 alanlarda i\u015f birli\u011fi yapmas\u0131ndan ge\u00e7mektedir. Sizlere burada, Parlamenterler Meclisinde hitap ederken, uluslararas\u0131 topluma K\u0131br\u0131s Rum taraf\u0131n\u0131 K\u0131br\u0131sl\u0131 T\u00fcrklerle i\u015f birli\u011fi yapmaya te\u015fvik etmeleri \u00e7a\u011fr\u0131s\u0131nda bulunuyorum, zira KKTC\u2018nin stat\u00fcs\u00fcn\u00fcn g\u00fc\u00e7lendirilmesi anlam\u0131na gelece\u011fi bahanesiyle bizimle i\u015f birli\u011fi yapmay\u0131 reddediyorlar. Ancak, K\u0131br\u0131sl\u0131 T\u00fcrklerin K\u0131br\u0131s Cumhuriyeti\u2019nin iki kurucu orta\u011f\u0131ndan biri oldu\u011fu, self-determinasyon hakk\u0131na sahip oldu\u011fu, tarihi ve k\u00fclt\u00fcr\u00fc nedeniyle ve Ada\u2019n\u0131n T\u00fcrkiye\u2019ye co\u011frafi yak\u0131nl\u0131\u011f\u0131 nedeniyle K\u0131br\u0131s meselesinin bir taraf\u0131 oldu\u011fumuz ger\u00e7e\u011fini kimse ink\u00e2r edemez. Ada\u2019ya sadece 40 mil uzakl\u0131kta bulunan ve Ada\u2019n\u0131n refah\u0131 i\u00e7in bize b\u00fcy\u00fck bir f\u0131rsat sunan Anavatan T\u00fcrkiye ve K\u0131br\u0131s T\u00fcrk halk\u0131n\u0131n r\u0131zas\u0131 olmadan hi\u00e7 kimse K\u0131br\u0131s sorununa \u00e7\u00f6z\u00fcm bulamayacakt\u0131r.\u201d<\/p>\n<p><strong>\u2013 \u201cAdil, ger\u00e7ek\u00e7i ve s\u00fcrd\u00fcr\u00fclebilir bir \u00e7\u00f6z\u00fcm bulmak gelecek nesillere borcumuzdur\u201d<\/strong><\/p>\n<p>T\u00fcrkiye\u2019nin bug\u00fcn 80 km\u2019lik deniz alt\u0131 boru hatt\u0131yla KKTC\u2018ye y\u0131lda 75 milyon m3 tatl\u0131 su ta\u015f\u0131d\u0131\u011f\u0131na de\u011finen Tatar, k\u00fcresel \u0131s\u0131nma ve ya\u011f\u0131\u015flar\u0131n azalmas\u0131 nedeniyle su kaynaklar\u0131 \u00e7ok azalan ve kurakl\u0131\u011f\u0131n pen\u00e7esindeki \u00fclkeye T\u00fcrkiye Cumhurba\u015fkan\u0131 Erdo\u011fan sayesinde T\u00fcrkiye\u2019den su ta\u015f\u0131nd\u0131\u011f\u0131na i\u015faret etti.<\/p>\n<p>\u201cBu su, K\u0131br\u0131s Adas\u0131 i\u00e7in \u00e7ok k\u0131ymetlidir. Turizm, tar\u0131m ve di\u011fer sekt\u00f6rlerimiz i\u00e7in \u00e7ok \u00f6nemli. Dolay\u0131s\u0131yla biz diyoruz ki bunu K\u0131br\u0131sl\u0131 Rumlarla payla\u015fabiliriz.\u201d diyen Tatar, e\u011fer adil, pratik ve s\u00fcrd\u00fcr\u00fclebilir bir \u00e7\u00f6z\u00fcm bulunabilirse, T\u00fcrkiye limanlar\u0131n\u0131 K\u0131br\u0131s Rum gemi ve deniz ara\u00e7lar\u0131na ve di\u011fer tesislere a\u00e7aca\u011f\u0131n\u0131, T\u00fcrkiye\u2019nin hava sahas\u0131n\u0131n Larnaka\u2019ya do\u011frudan u\u00e7u\u015flar\u0131n yap\u0131labilmesi i\u00e7in a\u00e7\u0131laca\u011f\u0131n\u0131 belirtti.<\/p>\n<p>Tatar, K\u0131br\u0131sl\u0131 Rumlar\u0131n b\u00f6ylece \u00e7ok daha fazla refaha ula\u015fabilece\u011fini s\u00f6yleyerek, \u201cBu da gelecek nesillere \u00e7ok daha fazla refah, bar\u0131\u015f ve i\u015f birli\u011fi sunmam\u0131z\u0131 sa\u011flayacakt\u0131r.\u201d ifadelerini kulland\u0131.<\/p>\n<p>\u0130ngiliz halk\u0131n\u0131n bu vizyonu destekleyece\u011fine inan\u00e7 belirten Cumhurba\u015fkan\u0131 Tatar, \u015f\u00f6yle devam etti:<\/p>\n<p>\u201cK\u0131br\u0131s\u2019ta iki egemen \u0130ngiliz \u00fcss\u00fc bulunmaktad\u0131r. Ortak bir tarihimiz ve k\u00fclt\u00fcr\u00fcm\u00fcz var, \u0130ngilizlerin adalet ve herkes i\u00e7in e\u015fitlik de\u011ferlerini payla\u015f\u0131yoruz. Birle\u015fik Krall\u0131k\u2019ta ya\u015fayan en az 350 bin K\u0131br\u0131sl\u0131 T\u00fcrk var. Bu ki\u015filer \u00fclkede hayat\u0131n farkl\u0131 alanlar\u0131nda ba\u015far\u0131 elde ettiler ve anavatanlar\u0131 KKTC ile de g\u00fc\u00e7l\u00fc ba\u011flar\u0131 vard\u0131r. Uzun s\u00fcredir s\u00fcr\u00fcncemede olan K\u0131br\u0131s sorununa adil, ger\u00e7ek\u00e7i ve s\u00fcrd\u00fcr\u00fclebilir bir \u00e7\u00f6z\u00fcm bulmak gelecek nesillere borcumuzdur.\u201d<\/p>\n<p><strong>\u2013 \u201cK\u0131br\u0131s T\u00fcrk halk\u0131 yar\u0131m asr\u0131 a\u015fk\u0131n bir s\u00fcredir \u00e7\u00f6z\u00fcme ula\u015fmak i\u00e7in her zaman \u00e7etin \u00e7abalar ortaya koydu\u201d<\/strong><\/p>\n<p>BM Genel Sekreteri\u2019nin Maria Angela Holguin Cuellar\u2019\u0131 yeni bir s\u00fcre\u00e7 ba\u015flatmak \u00fczere iki taraf aras\u0131nda ortak bir zemin olup olmad\u0131\u011f\u0131n\u0131 ara\u015ft\u0131rmak \u00fczere \u00d6zel Temsilcisi olarak atad\u0131\u011f\u0131n\u0131 hat\u0131rlatan Tatar, egemen e\u015fitlik ve e\u015fit uluslararas\u0131 stat\u00fcyle ilgili olarak kendilerini tatmin edecek hususlar\u0131 kendisine ilettiklerini ifade etti.<\/p>\n<p>\u201c\u0130ki devletli \u00e7\u00f6z\u00fcm i\u00e7in yeni bir vizyonumuz var. \u0130ki devletli \u00e7\u00f6z\u00fcme giden yolda, egemen e\u015fitli\u011fimizin ve e\u015fit uluslararas\u0131 stat\u00fcm\u00fcz\u00fcn kritik \u00f6nemde oldu\u011funu ve teyit edilmesi ve kabul edilmesi gerekti\u011fini belirttik. Bunlar tarihten gelen ve K\u0131br\u0131s ortakl\u0131k Cumhuriyetini kuran 1960 Anla\u015fmalar\u0131\u2019nda yer alan do\u011fal haklar\u0131m\u0131zd\u0131r. K\u0131br\u0131sl\u0131 T\u00fcrkler e\u015fit do\u011fal haklara sahip Cumhuriyet\u2019in kurucu ortaklar\u0131d\u0131r.\u201d \u015feklinde konu\u015fan Tatar, teyit olmadan resmi m\u00fczakerelere ba\u015flanamayaca\u011f\u0131n\u0131n alt\u0131n\u0131 \u00e7izdi.<\/p>\n<p>K\u0131br\u0131s adas\u0131n\u0131n tarihine de de\u011finen Cumhurba\u015fkan\u0131 Tatar, K\u0131br\u0131s T\u00fcrk halk\u0131n\u0131n yar\u0131m asr\u0131 a\u015fk\u0131n bir s\u00fcredir \u00e7\u00f6z\u00fcme ula\u015fmak i\u00e7in her zaman \u00e7etin \u00e7abalar ortaya koydu\u011funu belirtti.<\/p>\n<p><strong>\u2013 \u201cNerede benim halk\u0131ma adalet ve e\u015fit muamele?\u201d<\/strong><\/p>\n<p>Cumhurba\u015fkan\u0131 Tatar, s\u00fcrece ili\u015fkin \u015fu ifadeleri kulland\u0131:<\/p>\n<p>\u201cUzun y\u0131llar s\u00fcren m\u00fczakerelerin ard\u0131ndan Nisan 2004\u2019te Annan Plan\u0131 olarak bilinen BM Kapsaml\u0131 \u00c7\u00f6z\u00fcm Plan\u0131 adan\u0131n her iki taraf\u0131nda ayr\u0131 ayr\u0131 e\u015f zamanl\u0131 referanduma sunuldu. K\u0131br\u0131s Rum Taraf\u0131 plan\u0131 ezici bir \u00e7o\u011funlukla y\u00fczde 76 oran\u0131nda reddetmi\u015ftir. K\u0131br\u0131s T\u00fcrk Halk\u0131 ise plan\u0131 y\u00fczde 65 oran\u0131nda kabul etti. Bir hafta sonra K\u0131br\u0131sl\u0131 Rumlar AB\u2019ye \u00fcye olarak kabul edilirken, K\u0131br\u0131sl\u0131 T\u00fcrkler bu denklemin d\u0131\u015f\u0131nda tutuldu. <\/p>\n<p>Uluslararas\u0131 toplum taraf\u0131ndan izolasyonumuzun sona erdirilmesi, yani \u00fclkemle do\u011frudan u\u00e7u\u015flar\u0131n ve do\u011frudan ticaretin engellenmesi konusunda verilen s\u00f6zlerin hi\u00e7biri yerine getirilmedi. Sporcular\u0131m\u0131z bile \u00f6nde gelen \u00f6nemli uluslararas\u0131 spor turnuvalar\u0131na kat\u0131lam\u0131yor. Buse Sava\u015fkan isimli bir K\u0131br\u0131sl\u0131 T\u00fcrk atlet, T\u00fcrkiye milli tak\u0131m\u0131nda yer alarak Paris Olimpiyatlar\u0131na kat\u0131labildi. Futbol kul\u00fcplerimiz ceza alacaklar\u0131 i\u00e7in ba\u015fka \u00fclkelerin kul\u00fcpleriyle uluslararas\u0131 dostluk ma\u00e7lar\u0131 bile yapam\u0131yor.<\/p>\n<p>Nerede benim halk\u0131ma adalet ve e\u015fit muamele? Uluslararas\u0131 topluma ve garant\u00f6r g\u00fc\u00e7lerden biri olan \u0130ngiltere\u2019ye bu politikalar\u0131 g\u00f6zden ge\u00e7irmeleri ve izolasyonumuza son vermeleri i\u00e7in \u00e7a\u011fr\u0131da bulunuyoruz. Bu ele al\u0131nmas\u0131 gereken bir insan haklar\u0131 meselesidir.\u201d<\/p>\n<p>Tatar, Annan Plan\u0131 d\u00f6neminde g\u00f6rev yapan \u0130ngiltere eski D\u0131\u015fi\u015fleri Bakan\u0131 Jack Straw\u2019un bug\u00fcn K\u0131br\u0131s\u2019ta iki devletli bir \u00e7\u00f6z\u00fcm\u00fc destekledi\u011fini ve \u00e7\u00f6z\u00fcmden \u00f6nce K\u0131br\u0131s Rum taraf\u0131n\u0131n AB \u00fcyesi olmas\u0131n\u0131n hata oldu\u011funu s\u00f6yledi\u011fini vurgulad\u0131.<\/p>\n<p><strong>\u2013 Holbeach\u2019li Lord Taylor<\/strong><\/p>\n<p>Cumhurba\u015fkan\u0131 Tatar, Lordlar Kamaras\u0131 \u00fcyesi, Holbeach Lordu Taylor, parlamenterlere, b\u00fcy\u00fckel\u00e7ilere, d\u00fc\u015f\u00fcnce kurulu\u015fu temsilcilerine ve t\u00fcm se\u00e7kin konuklara etkinli\u011fe kat\u0131ld\u0131klar\u0131 i\u00e7in te\u015fekk\u00fcr etti.<\/p>\n<p>Cumhurba\u015fkanl\u0131\u011f\u0131\u2019ndan yap\u0131lan a\u00e7\u0131klamaya g\u00f6re, Lordlar Kamaras\u0131 \u00fcyesi, Holbeach Lordu Taylor ise Cumhurba\u015fkan\u0131 Tatar\u2018a \u015funlar\u0131 s\u00f6yledi:<\/p>\n<p>\u201cCumhurba\u015fkan\u0131 Tatar, kendisine g\u00f6re iki devletli \u00e7\u00f6z\u00fcm\u00fcn tek yol oldu\u011funu a\u00e7\u0131k\u00e7a ifade etti. Bizim \u00e7\u0131karlar\u0131m\u0131z\u0131n da Kuzey K\u0131br\u0131s devletini in\u015fa etmekte yatt\u0131\u011f\u0131n\u0131 g\u00f6rebiliyorum. Onun gibi zeki bir adam\u0131n bu \u00fclke i\u00e7in bir \u00f6v\u00fcn\u00e7 kayna\u011f\u0131 oldu\u011funu ve K\u0131br\u0131s T\u00fcrk halk\u0131 i\u00e7in \u00e7abalad\u0131\u011f\u0131n\u0131 s\u00f6yleyebilirim. Bir\u00e7ok y\u00f6nden onlar\u0131n Anavatan\u0131n\u0131 temsil ediyor ve kendisini burada a\u011f\u0131rlamaktan b\u00fcy\u00fck mutluluk duyuyorum.\u201d<\/p>\n<p>Kuzey K\u0131br\u0131s i\u00e7in \u00d6zg\u00fcrl\u00fck ve Adalet kampanyas\u0131 e\u015f ba\u015fkanlar\u0131 \u00c7etin Ramadan ve Rikki Williams da resepsiyonda, kampanyan\u0131n hedefleri ve projeleri hakk\u0131nda bilgi verdi.<\/p>\n<\/p><\/div>\n<p><script async\n                    defer\n                    crossorigin=\"anonymous\"\n                    src=\"https:\/\/connect.facebook.net\/tr_TR\/sdk.js#xfbml=1&#038;version=v3.3\"\n            ><\/script><\/p>\n","protected":false},"excerpt":{"rendered":"<p>Cumhurba\u015fkan\u0131 Ersin Tatar, \u0130ngiliz Parlamentosu\u2019nda d\u00fczenlenen resepsiyona kat\u0131ld\u0131. Cumhurba\u015fkanl\u0131\u011f\u0131ndan yap\u0131lan a\u00e7\u0131klamaya g\u00f6re, \u201cK\u0131br\u0131s Sorununun 60 Y\u0131l\u0131\u201d ba\u015fl\u0131kl\u0131 resepsiyon, Lordlar Kamaras\u0131 \u00fcyesi, Holbeach Lordu Taylor ve Kuzey K\u0131br\u0131s i\u00e7in \u00d6zg\u00fcrl\u00fck ve Adalet Kampanyas\u0131 taraf\u0131ndan Parlamento Binas\u0131\u2019ndaki The Pavilion\u2019da yap\u0131ld\u0131. Resepsiyona, parlamenterler, b\u00fcy\u00fckel\u00e7iler, d\u00fc\u015f\u00fcnce kurulu\u015fu temsilcileri, Birle\u015fik Krall\u0131k bas\u0131n mensuplar\u0131, i\u015f d\u00fcnyas\u0131 ve sivil toplum temsilcileri kat\u0131ld\u0131.<\/p>\n","protected":false},"author":1,"featured_media":61295,"comment_status":"open","ping_status":"open","sticky":false,"template":"","format":"standard","meta":{"footnotes":""},"categories":[81],"tags":[],"class_list":["post-61294","post","type-post","status-publish","format-standard","has-post-thumbnail","hentry","category-kibris"],"yoast_head":"<!-- This site is optimized with the Yoast SEO plugin v27.5 - https:\/\/yoast.com\/product\/yoast-seo-wordpress\/ -->\n<title>Cumhurba\u015fkan\u0131 Ersin Tatar \u0130ngiliz Parlamentosu\u2019nda d\u00fczenlenen resepsiyona kat\u0131ld\u0131: \u201cK\u0131br\u0131s\u2019ta \u00e7\u00f6z\u00fcme y\u00f6nelik yeni vizyonumla, uluslararas\u0131 toplumdan K\u0131br\u0131s T\u00fcrk halk\u0131na uygulanan haks\u0131z izolasyonuna son verilmesine yard\u0131mc\u0131 olmalar\u0131n\u0131 istiyorum\u201d -<\/title>\n<meta name=\"robots\" content=\"index, follow, max-snippet:-1, max-image-preview:large, max-video-preview:-1\" \/>\n<link rel=\"canonical\" href=\"https:\/\/kibrisdakik.com\/?p=61294\" \/>\n<meta property=\"og:locale\" content=\"tr_TR\" \/>\n<meta property=\"og:type\" content=\"article\" \/>\n<meta property=\"og:title\" content=\"Cumhurba\u015fkan\u0131 Ersin Tatar \u0130ngiliz Parlamentosu\u2019nda d\u00fczenlenen resepsiyona kat\u0131ld\u0131: \u201cK\u0131br\u0131s\u2019ta \u00e7\u00f6z\u00fcme y\u00f6nelik yeni vizyonumla, uluslararas\u0131 toplumdan K\u0131br\u0131s T\u00fcrk halk\u0131na uygulanan haks\u0131z izolasyonuna son verilmesine yard\u0131mc\u0131 olmalar\u0131n\u0131 istiyorum\u201d -\" \/>\n<meta property=\"og:description\" content=\"Cumhurba\u015fkan\u0131 Ersin Tatar, \u0130ngiliz Parlamentosu\u2019nda d\u00fczenlenen resepsiyona kat\u0131ld\u0131. Cumhurba\u015fkanl\u0131\u011f\u0131ndan yap\u0131lan a\u00e7\u0131klamaya g\u00f6re, \u201cK\u0131br\u0131s Sorununun 60 Y\u0131l\u0131\u201d ba\u015fl\u0131kl\u0131 resepsiyon, Lordlar Kamaras\u0131 \u00fcyesi, Holbeach Lordu Taylor ve Kuzey K\u0131br\u0131s i\u00e7in \u00d6zg\u00fcrl\u00fck ve Adalet Kampanyas\u0131 taraf\u0131ndan Parlamento Binas\u0131\u2019ndaki The Pavilion\u2019da yap\u0131ld\u0131. Resepsiyona, parlamenterler, b\u00fcy\u00fckel\u00e7iler, d\u00fc\u015f\u00fcnce kurulu\u015fu temsilcileri, Birle\u015fik Krall\u0131k bas\u0131n mensuplar\u0131, i\u015f d\u00fcnyas\u0131 ve sivil toplum temsilcileri kat\u0131ld\u0131.\" \/>\n<meta property=\"og:url\" content=\"https:\/\/kibrisdakik.com\/?p=61294\" \/>\n<meta property=\"article:published_time\" content=\"2024-09-11T12:28:22+00:00\" \/>\n<meta property=\"og:image\" content=\"https:\/\/kibrisdakik.com\/wp-content\/uploads\/2024\/09\/aksskds-scaled-740x420.jpg\" \/>\n\t<meta property=\"og:image:width\" content=\"2560\" \/>\n\t<meta property=\"og:image:height\" content=\"1183\" \/>\n\t<meta property=\"og:image:type\" content=\"image\/jpeg\" \/>\n<meta name=\"author\" content=\"admin\" \/>\n<meta name=\"twitter:card\" content=\"summary_large_image\" \/>\n<meta name=\"twitter:label1\" content=\"Yazan:\" \/>\n\t<meta name=\"twitter:data1\" content=\"admin\" \/>\n\t<meta name=\"twitter:label2\" content=\"Tahmini okuma s\u00fcresi\" \/>\n\t<meta name=\"twitter:data2\" content=\"8 dakika\" \/>\n<script type=\"application\/ld+json\" class=\"yoast-schema-graph\">{\"@context\":\"https:\\\/\\\/schema.org\",\"@graph\":[{\"@type\":\"Article\",\"@id\":\"https:\\\/\\\/kibrisdakik.com\\\/?p=61294#article\",\"isPartOf\":{\"@id\":\"https:\\\/\\\/kibrisdakik.com\\\/?p=61294\"},\"author\":{\"name\":\"admin\",\"@id\":\"https:\\\/\\\/kibrisdakik.com\\\/#\\\/schema\\\/person\\\/9cd9d437bbb44f72b73ba127e06d8e79\"},\"headline\":\"Cumhurba\u015fkan\u0131 Ersin Tatar \u0130ngiliz Parlamentosu\u2019nda d\u00fczenlenen resepsiyona kat\u0131ld\u0131: \u201cK\u0131br\u0131s\u2019ta \u00e7\u00f6z\u00fcme y\u00f6nelik yeni vizyonumla, uluslararas\u0131 toplumdan K\u0131br\u0131s T\u00fcrk halk\u0131na uygulanan haks\u0131z izolasyonuna son verilmesine yard\u0131mc\u0131 olmalar\u0131n\u0131 istiyorum\u201d\",\"datePublished\":\"2024-09-11T12:28:22+00:00\",\"mainEntityOfPage\":{\"@id\":\"https:\\\/\\\/kibrisdakik.com\\\/?p=61294\"},\"wordCount\":1647,\"commentCount\":0,\"image\":{\"@id\":\"https:\\\/\\\/kibrisdakik.com\\\/?p=61294#primaryimage\"},\"thumbnailUrl\":\"https:\\\/\\\/kibrisdakik.com\\\/wp-content\\\/uploads\\\/2024\\\/09\\\/aksskds-scaled-740x420.jpg\",\"articleSection\":[\"K\u0131br\u0131s\"],\"inLanguage\":\"tr\",\"potentialAction\":[{\"@type\":\"CommentAction\",\"name\":\"Comment\",\"target\":[\"https:\\\/\\\/kibrisdakik.com\\\/?p=61294#respond\"]}]},{\"@type\":\"WebPage\",\"@id\":\"https:\\\/\\\/kibrisdakik.com\\\/?p=61294\",\"url\":\"https:\\\/\\\/kibrisdakik.com\\\/?p=61294\",\"name\":\"Cumhurba\u015fkan\u0131 Ersin Tatar \u0130ngiliz Parlamentosu\u2019nda d\u00fczenlenen resepsiyona kat\u0131ld\u0131: \u201cK\u0131br\u0131s\u2019ta \u00e7\u00f6z\u00fcme y\u00f6nelik yeni vizyonumla, uluslararas\u0131 toplumdan K\u0131br\u0131s T\u00fcrk halk\u0131na uygulanan haks\u0131z izolasyonuna son verilmesine yard\u0131mc\u0131 olmalar\u0131n\u0131 istiyorum\u201d -\",\"isPartOf\":{\"@id\":\"https:\\\/\\\/kibrisdakik.com\\\/#website\"},\"primaryImageOfPage\":{\"@id\":\"https:\\\/\\\/kibrisdakik.com\\\/?p=61294#primaryimage\"},\"image\":{\"@id\":\"https:\\\/\\\/kibrisdakik.com\\\/?p=61294#primaryimage\"},\"thumbnailUrl\":\"https:\\\/\\\/kibrisdakik.com\\\/wp-content\\\/uploads\\\/2024\\\/09\\\/aksskds-scaled-740x420.jpg\",\"datePublished\":\"2024-09-11T12:28:22+00:00\",\"author\":{\"@id\":\"https:\\\/\\\/kibrisdakik.com\\\/#\\\/schema\\\/person\\\/9cd9d437bbb44f72b73ba127e06d8e79\"},\"breadcrumb\":{\"@id\":\"https:\\\/\\\/kibrisdakik.com\\\/?p=61294#breadcrumb\"},\"inLanguage\":\"tr\",\"potentialAction\":[{\"@type\":\"ReadAction\",\"target\":[\"https:\\\/\\\/kibrisdakik.com\\\/?p=61294\"]}]},{\"@type\":\"ImageObject\",\"inLanguage\":\"tr\",\"@id\":\"https:\\\/\\\/kibrisdakik.com\\\/?p=61294#primaryimage\",\"url\":\"https:\\\/\\\/kibrisdakik.com\\\/wp-content\\\/uploads\\\/2024\\\/09\\\/aksskds-scaled-740x420.jpg\",\"contentUrl\":\"https:\\\/\\\/kibrisdakik.com\\\/wp-content\\\/uploads\\\/2024\\\/09\\\/aksskds-scaled-740x420.jpg\",\"width\":2560,\"height\":1183},{\"@type\":\"BreadcrumbList\",\"@id\":\"https:\\\/\\\/kibrisdakik.com\\\/?p=61294#breadcrumb\",\"itemListElement\":[{\"@type\":\"ListItem\",\"position\":1,\"name\":\"Home\",\"item\":\"https:\\\/\\\/kibrisdakik.com\\\/\"},{\"@type\":\"ListItem\",\"position\":2,\"name\":\"Cumhurba\u015fkan\u0131 Ersin Tatar \u0130ngiliz Parlamentosu\u2019nda d\u00fczenlenen resepsiyona kat\u0131ld\u0131: \u201cK\u0131br\u0131s\u2019ta \u00e7\u00f6z\u00fcme y\u00f6nelik yeni vizyonumla, uluslararas\u0131 toplumdan K\u0131br\u0131s T\u00fcrk halk\u0131na uygulanan haks\u0131z izolasyonuna son verilmesine yard\u0131mc\u0131 olmalar\u0131n\u0131 istiyorum\u201d\"}]},{\"@type\":\"WebSite\",\"@id\":\"https:\\\/\\\/kibrisdakik.com\\\/#website\",\"url\":\"https:\\\/\\\/kibrisdakik.com\\\/\",\"name\":\"\",\"description\":\"Tam vaktinde haber\",\"potentialAction\":[{\"@type\":\"SearchAction\",\"target\":{\"@type\":\"EntryPoint\",\"urlTemplate\":\"https:\\\/\\\/kibrisdakik.com\\\/?s={search_term_string}\"},\"query-input\":{\"@type\":\"PropertyValueSpecification\",\"valueRequired\":true,\"valueName\":\"search_term_string\"}}],\"inLanguage\":\"tr\"},{\"@type\":\"Person\",\"@id\":\"https:\\\/\\\/kibrisdakik.com\\\/#\\\/schema\\\/person\\\/9cd9d437bbb44f72b73ba127e06d8e79\",\"name\":\"admin\",\"image\":{\"@type\":\"ImageObject\",\"inLanguage\":\"tr\",\"@id\":\"https:\\\/\\\/secure.gravatar.com\\\/avatar\\\/ccc17943b9d660506c869530f897617f7cb1c21a4bf30023f252596d83e1f007?s=96&d=mm&r=g\",\"url\":\"https:\\\/\\\/secure.gravatar.com\\\/avatar\\\/ccc17943b9d660506c869530f897617f7cb1c21a4bf30023f252596d83e1f007?s=96&d=mm&r=g\",\"contentUrl\":\"https:\\\/\\\/secure.gravatar.com\\\/avatar\\\/ccc17943b9d660506c869530f897617f7cb1c21a4bf30023f252596d83e1f007?s=96&d=mm&r=g\",\"caption\":\"admin\"},\"sameAs\":[\"https:\\\/\\\/kibrisdakik.com\"],\"url\":\"https:\\\/\\\/kibrisdakik.com\\\/?author=1\"}]}<\/script>\n<!-- \/ Yoast SEO plugin. -->","yoast_head_json":{"title":"Cumhurba\u015fkan\u0131 Ersin Tatar \u0130ngiliz Parlamentosu\u2019nda d\u00fczenlenen resepsiyona kat\u0131ld\u0131: \u201cK\u0131br\u0131s\u2019ta \u00e7\u00f6z\u00fcme y\u00f6nelik yeni vizyonumla, uluslararas\u0131 toplumdan K\u0131br\u0131s T\u00fcrk halk\u0131na uygulanan haks\u0131z izolasyonuna son verilmesine yard\u0131mc\u0131 olmalar\u0131n\u0131 istiyorum\u201d -","robots":{"index":"index","follow":"follow","max-snippet":"max-snippet:-1","max-image-preview":"max-image-preview:large","max-video-preview":"max-video-preview:-1"},"canonical":"https:\/\/kibrisdakik.com\/?p=61294","og_locale":"tr_TR","og_type":"article","og_title":"Cumhurba\u015fkan\u0131 Ersin Tatar \u0130ngiliz Parlamentosu\u2019nda d\u00fczenlenen resepsiyona kat\u0131ld\u0131: \u201cK\u0131br\u0131s\u2019ta \u00e7\u00f6z\u00fcme y\u00f6nelik yeni vizyonumla, uluslararas\u0131 toplumdan K\u0131br\u0131s T\u00fcrk halk\u0131na uygulanan haks\u0131z izolasyonuna son verilmesine yard\u0131mc\u0131 olmalar\u0131n\u0131 istiyorum\u201d -","og_description":"Cumhurba\u015fkan\u0131 Ersin Tatar, \u0130ngiliz Parlamentosu\u2019nda d\u00fczenlenen resepsiyona kat\u0131ld\u0131. Cumhurba\u015fkanl\u0131\u011f\u0131ndan yap\u0131lan a\u00e7\u0131klamaya g\u00f6re, \u201cK\u0131br\u0131s Sorununun 60 Y\u0131l\u0131\u201d ba\u015fl\u0131kl\u0131 resepsiyon, Lordlar Kamaras\u0131 \u00fcyesi, Holbeach Lordu Taylor ve Kuzey K\u0131br\u0131s i\u00e7in \u00d6zg\u00fcrl\u00fck ve Adalet Kampanyas\u0131 taraf\u0131ndan Parlamento Binas\u0131\u2019ndaki The Pavilion\u2019da yap\u0131ld\u0131. Resepsiyona, parlamenterler, b\u00fcy\u00fckel\u00e7iler, d\u00fc\u015f\u00fcnce kurulu\u015fu temsilcileri, Birle\u015fik Krall\u0131k bas\u0131n mensuplar\u0131, i\u015f d\u00fcnyas\u0131 ve sivil toplum temsilcileri kat\u0131ld\u0131.","og_url":"https:\/\/kibrisdakik.com\/?p=61294","article_published_time":"2024-09-11T12:28:22+00:00","og_image":[{"width":2560,"height":1183,"url":"https:\/\/kibrisdakik.com\/wp-content\/uploads\/2024\/09\/aksskds-scaled-740x420.jpg","type":"image\/jpeg"}],"author":"admin","twitter_card":"summary_large_image","twitter_misc":{"Yazan:":"admin","Tahmini okuma s\u00fcresi":"8 dakika"},"schema":{"@context":"https:\/\/schema.org","@graph":[{"@type":"Article","@id":"https:\/\/kibrisdakik.com\/?p=61294#article","isPartOf":{"@id":"https:\/\/kibrisdakik.com\/?p=61294"},"author":{"name":"admin","@id":"https:\/\/kibrisdakik.com\/#\/schema\/person\/9cd9d437bbb44f72b73ba127e06d8e79"},"headline":"Cumhurba\u015fkan\u0131 Ersin Tatar \u0130ngiliz Parlamentosu\u2019nda d\u00fczenlenen resepsiyona kat\u0131ld\u0131: \u201cK\u0131br\u0131s\u2019ta \u00e7\u00f6z\u00fcme y\u00f6nelik yeni vizyonumla, uluslararas\u0131 toplumdan K\u0131br\u0131s T\u00fcrk halk\u0131na uygulanan haks\u0131z izolasyonuna son verilmesine yard\u0131mc\u0131 olmalar\u0131n\u0131 istiyorum\u201d","datePublished":"2024-09-11T12:28:22+00:00","mainEntityOfPage":{"@id":"https:\/\/kibrisdakik.com\/?p=61294"},"wordCount":1647,"commentCount":0,"image":{"@id":"https:\/\/kibrisdakik.com\/?p=61294#primaryimage"},"thumbnailUrl":"https:\/\/kibrisdakik.com\/wp-content\/uploads\/2024\/09\/aksskds-scaled-740x420.jpg","articleSection":["K\u0131br\u0131s"],"inLanguage":"tr","potentialAction":[{"@type":"CommentAction","name":"Comment","target":["https:\/\/kibrisdakik.com\/?p=61294#respond"]}]},{"@type":"WebPage","@id":"https:\/\/kibrisdakik.com\/?p=61294","url":"https:\/\/kibrisdakik.com\/?p=61294","name":"Cumhurba\u015fkan\u0131 Ersin Tatar \u0130ngiliz Parlamentosu\u2019nda d\u00fczenlenen resepsiyona kat\u0131ld\u0131: \u201cK\u0131br\u0131s\u2019ta \u00e7\u00f6z\u00fcme y\u00f6nelik yeni vizyonumla, uluslararas\u0131 toplumdan K\u0131br\u0131s T\u00fcrk halk\u0131na uygulanan haks\u0131z izolasyonuna son verilmesine yard\u0131mc\u0131 olmalar\u0131n\u0131 istiyorum\u201d -","isPartOf":{"@id":"https:\/\/kibrisdakik.com\/#website"},"primaryImageOfPage":{"@id":"https:\/\/kibrisdakik.com\/?p=61294#primaryimage"},"image":{"@id":"https:\/\/kibrisdakik.com\/?p=61294#primaryimage"},"thumbnailUrl":"https:\/\/kibrisdakik.com\/wp-content\/uploads\/2024\/09\/aksskds-scaled-740x420.jpg","datePublished":"2024-09-11T12:28:22+00:00","author":{"@id":"https:\/\/kibrisdakik.com\/#\/schema\/person\/9cd9d437bbb44f72b73ba127e06d8e79"},"breadcrumb":{"@id":"https:\/\/kibrisdakik.com\/?p=61294#breadcrumb"},"inLanguage":"tr","potentialAction":[{"@type":"ReadAction","target":["https:\/\/kibrisdakik.com\/?p=61294"]}]},{"@type":"ImageObject","inLanguage":"tr","@id":"https:\/\/kibrisdakik.com\/?p=61294#primaryimage","url":"https:\/\/kibrisdakik.com\/wp-content\/uploads\/2024\/09\/aksskds-scaled-740x420.jpg","contentUrl":"https:\/\/kibrisdakik.com\/wp-content\/uploads\/2024\/09\/aksskds-scaled-740x420.jpg","width":2560,"height":1183},{"@type":"BreadcrumbList","@id":"https:\/\/kibrisdakik.com\/?p=61294#breadcrumb","itemListElement":[{"@type":"ListItem","position":1,"name":"Home","item":"https:\/\/kibrisdakik.com\/"},{"@type":"ListItem","position":2,"name":"Cumhurba\u015fkan\u0131 Ersin Tatar \u0130ngiliz Parlamentosu\u2019nda d\u00fczenlenen resepsiyona kat\u0131ld\u0131: \u201cK\u0131br\u0131s\u2019ta \u00e7\u00f6z\u00fcme y\u00f6nelik yeni vizyonumla, uluslararas\u0131 toplumdan K\u0131br\u0131s T\u00fcrk halk\u0131na uygulanan haks\u0131z izolasyonuna son verilmesine yard\u0131mc\u0131 olmalar\u0131n\u0131 istiyorum\u201d"}]},{"@type":"WebSite","@id":"https:\/\/kibrisdakik.com\/#website","url":"https:\/\/kibrisdakik.com\/","name":"","description":"Tam vaktinde haber","potentialAction":[{"@type":"SearchAction","target":{"@type":"EntryPoint","urlTemplate":"https:\/\/kibrisdakik.com\/?s={search_term_string}"},"query-input":{"@type":"PropertyValueSpecification","valueRequired":true,"valueName":"search_term_string"}}],"inLanguage":"tr"},{"@type":"Person","@id":"https:\/\/kibrisdakik.com\/#\/schema\/person\/9cd9d437bbb44f72b73ba127e06d8e79","name":"admin","image":{"@type":"ImageObject","inLanguage":"tr","@id":"https:\/\/secure.gravatar.com\/avatar\/ccc17943b9d660506c869530f897617f7cb1c21a4bf30023f252596d83e1f007?s=96&d=mm&r=g","url":"https:\/\/secure.gravatar.com\/avatar\/ccc17943b9d660506c869530f897617f7cb1c21a4bf30023f252596d83e1f007?s=96&d=mm&r=g","contentUrl":"https:\/\/secure.gravatar.com\/avatar\/ccc17943b9d660506c869530f897617f7cb1c21a4bf30023f252596d83e1f007?s=96&d=mm&r=g","caption":"admin"},"sameAs":["https:\/\/kibrisdakik.com"],"url":"https:\/\/kibrisdakik.com\/?author=1"}]}},"_links":{"self":[{"href":"https:\/\/kibrisdakik.com\/index.php?rest_route=\/wp\/v2\/posts\/61294","targetHints":{"allow":["GET"]}}],"collection":[{"href":"https:\/\/kibrisdakik.com\/index.php?rest_route=\/wp\/v2\/posts"}],"about":[{"href":"https:\/\/kibrisdakik.com\/index.php?rest_route=\/wp\/v2\/types\/post"}],"author":[{"embeddable":true,"href":"https:\/\/kibrisdakik.com\/index.php?rest_route=\/wp\/v2\/users\/1"}],"replies":[{"embeddable":true,"href":"https:\/\/kibrisdakik.com\/index.php?rest_route=%2Fwp%2Fv2%2Fcomments&post=61294"}],"version-history":[{"count":0,"href":"https:\/\/kibrisdakik.com\/index.php?rest_route=\/wp\/v2\/posts\/61294\/revisions"}],"wp:featuredmedia":[{"embeddable":true,"href":"https:\/\/kibrisdakik.com\/index.php?rest_route=\/wp\/v2\/media\/61295"}],"wp:attachment":[{"href":"https:\/\/kibrisdakik.com\/index.php?rest_route=%2Fwp%2Fv2%2Fmedia&parent=61294"}],"wp:term":[{"taxonomy":"category","embeddable":true,"href":"https:\/\/kibrisdakik.com\/index.php?rest_route=%2Fwp%2Fv2%2Fcategories&post=61294"},{"taxonomy":"post_tag","embeddable":true,"href":"https:\/\/kibrisdakik.com\/index.php?rest_route=%2Fwp%2Fv2%2Ftags&post=61294"}],"curies":[{"name":"wp","href":"https:\/\/api.w.org\/{rel}","templated":true}]}}