{"id":61300,"date":"2024-09-11T18:19:53","date_gmt":"2024-09-11T15:19:53","guid":{"rendered":"https:\/\/kibrisdakik.com\/?p=61300"},"modified":"2024-09-11T18:19:53","modified_gmt":"2024-09-11T15:19:53","slug":"bazi-takimlar-itiraz-etmisti-super-ligde-yabanci-oyuncu-kurali-netlesti","status":"publish","type":"post","link":"https:\/\/kibrisdakik.com\/?p=61300","title":{"rendered":"Baz\u0131 tak\u0131mlar itiraz etmi\u015fti! S\u00fcper Lig&#8217;de yabanc\u0131 oyuncu kural\u0131 netle\u015fti"},"content":{"rendered":"<p><img decoding=\"async\" src=\"https:\/\/foto.haberler.com\/haber\/2024\/09\/11\/super-lig-de-yabanci-oyuncu-kurali-netlesti-17809807_8284_amp.jpg\" \/><\/p>\n<div id=\"\">\n<p>TFF, S\u00fcper Lig&#8217;de 2023-2024 sezonunda uygulanacak yabanc\u0131 oyuncu kural\u0131 a\u00e7\u0131kland\u0131. <\/p>\n<h3>ERTU\u011eRUL DO\u011eAN DUYURDU<\/h3>\n<p> <a class=\"keyword\" href=\"https:\/\/www.haberler.com\/trabzonspor\/\" title=\"Trabzonspor Haberleri, Trabzonspor Haberi, Trabzonspor Haber\"><strong>Trabzonspor<\/strong><\/a> Ba\u015fkan\u0131 Ertu\u011frul Do\u011fan kat\u0131ld\u0131\u011f\u0131 canl\u0131 yay\u0131nda herkesin merakla bekledi\u011fi konu ile ilgili, &#8220;Yabanc\u0131 kural\u0131yla ilgili bizimle beraber Be\u015fikta\u015f ve Galatasaray&#8217;\u0131n da say\u0131n\u0131n art\u0131r\u0131lmas\u0131 ile ilgili talebi oldu. T\u00fcrkiye Futbol Federasyonu bu talebi reddetti&#8221; dedi.<\/p>\n<h3>TFF&#8217;N\u0130N \u0130LK KURALI 14&#8217;E 12 OLMU\u015eTU<\/h3>\n<p>TFF&#8217;den temmuz ay\u0131nda yap\u0131lan a\u00e7\u0131klamada, TFF Y\u00f6netim Kurulu&#8217;nun bug\u00fcn yapt\u0131\u011f\u0131 toplant\u0131da profesyonel liglerdeki futbolcu uygunluklar\u0131nda de\u011fi\u015fiklikler yap\u0131lmas\u0131n\u0131n kararla\u015ft\u0131r\u0131ld\u0131\u011f\u0131 belirtilmi\u015fti:<\/p>\n<p>\u2022 Trendyol S\u00fcper Lig&#8217;de, A Tak\u0131m listesindeki futbolcu say\u0131s\u0131 26&#8217;dan 28&#8217;e \u00e7\u0131kar\u0131l\u0131rken, T\u00fcrkiye A Milli Tak\u0131m\u0131&#8217;nda oynama uygunlu\u011fu olmayan 14 futbolcunun A Tak\u0131m listesine yaz\u0131labilmesine imkan sa\u011fland\u0131. M\u00fcsabaka isim listesine bu futbolculardan 12&#8217;sinin yaz\u0131labilmesi uygulamas\u0131na devam edilmesi kararla\u015ft\u0131r\u0131ld\u0131.<\/p>\n<p>\u2022 Trendyol 1. Lig&#8217;de, A Tak\u0131m listesine yaz\u0131lacak T\u00fcrkiye A Milli Tak\u0131m\u0131&#8217;nda oynama uygunlu\u011fu olmayan futbolcu say\u0131s\u0131 8 olarak belirlendi. Bu futbolculardan m\u00fcsabakaya devam eden kadroda sahada ayn\u0131 anda en fazla 6&#8217;s\u0131n\u0131n bulunabilmesine imkan sa\u011fland\u0131.<\/p>\n<p>\u2022 TFF 2 ve TFF 3. Lig&#8217;de 2023 &#8211; 2024 sezonunda uygulanan futbolcu uygunluklar\u0131n\u0131n ya\u015f d\u00fczeltmeleri yap\u0131lmak suretiyle bu sezon da aynen devam etmesi kararla\u015ft\u0131r\u0131ld\u0131.<\/p>\n<div class=\"editorSade\">Kaynak: Haberler.com \/  <a href=\"https:\/\/www.haberler.com\/spor\/\" title=\"Spor Haberleri\">Spor<\/a> <\/div>\n<h4 id=\"nwsKeywords\"> <a href=\"https:\/\/www.haberler.com\/turkiye-futbol-federasyonu\/\" title=\"T\u00fcrkiye Futbol Federasyonu\" class=\"hbptTag\">T\u00fcrkiye Futbol Federasyonu<\/a>  <a href=\"https:\/\/www.haberler.com\/trabzonspor\/\" title=\"Trabzonspor\" class=\"hbptTag\">Trabzonspor<\/a>  <a href=\"https:\/\/www.haberler.com\/galatasaray\/\" title=\"Galatasaray\" class=\"hbptTag\">Galatasaray<\/a>  <a href=\"https:\/\/www.haberler.com\/besiktas\/\" title=\"Be\u015fikta\u015f\" class=\"hbptTag\">Be\u015fikta\u015f<\/a>  <a href=\"https:\/\/www.haberler.com\/spor\/\" title=\"Spor\" class=\"hbptTag\">Spor<\/a> <\/h4>\n<\/div>\n","protected":false},"excerpt":{"rendered":"<p>TFF, S\u00fcper Lig&#8217;de 2023-2024 sezonunda uygulanacak yabanc\u0131 oyuncu kural\u0131 a\u00e7\u0131kland\u0131. ERTU\u011eRUL DO\u011eAN DUYURDU Trabzonspor Ba\u015fkan\u0131 Ertu\u011frul Do\u011fan kat\u0131ld\u0131\u011f\u0131 canl\u0131 yay\u0131nda herkesin merakla bekledi\u011fi konu ile ilgili, &#8220;Yabanc\u0131 kural\u0131yla ilgili bizimle beraber Be\u015fikta\u015f ve Galatasaray&#8217;\u0131n da say\u0131n\u0131n art\u0131r\u0131lmas\u0131 ile ilgili talebi oldu. T\u00fcrkiye Futbol Federasyonu bu talebi reddetti&#8221; dedi. TFF&#8217;N\u0130N \u0130LK KURALI 14&#8217;E 12 OLMU\u015eTU TFF&#8217;den<\/p>\n","protected":false},"author":1,"featured_media":61301,"comment_status":"open","ping_status":"open","sticky":false,"template":"","format":"standard","meta":{"footnotes":""},"categories":[83],"tags":[],"class_list":["post-61300","post","type-post","status-publish","format-standard","has-post-thumbnail","hentry","category-magazin"],"yoast_head":"<!-- This site is optimized with the Yoast SEO plugin v27.5 - https:\/\/yoast.com\/product\/yoast-seo-wordpress\/ -->\n<title>Baz\u0131 tak\u0131mlar itiraz etmi\u015fti! S\u00fcper Lig&#039;de yabanc\u0131 oyuncu kural\u0131 netle\u015fti -<\/title>\n<meta name=\"robots\" content=\"index, follow, max-snippet:-1, max-image-preview:large, max-video-preview:-1\" \/>\n<link rel=\"canonical\" href=\"https:\/\/kibrisdakik.com\/?p=61300\" \/>\n<meta property=\"og:locale\" content=\"tr_TR\" \/>\n<meta property=\"og:type\" content=\"article\" \/>\n<meta property=\"og:title\" content=\"Baz\u0131 tak\u0131mlar itiraz etmi\u015fti! S\u00fcper Lig&#039;de yabanc\u0131 oyuncu kural\u0131 netle\u015fti -\" \/>\n<meta property=\"og:description\" content=\"TFF, S\u00fcper Lig&#8217;de 2023-2024 sezonunda uygulanacak yabanc\u0131 oyuncu kural\u0131 a\u00e7\u0131kland\u0131. ERTU\u011eRUL DO\u011eAN DUYURDU Trabzonspor Ba\u015fkan\u0131 Ertu\u011frul Do\u011fan kat\u0131ld\u0131\u011f\u0131 canl\u0131 yay\u0131nda herkesin merakla bekledi\u011fi konu ile ilgili, &#8220;Yabanc\u0131 kural\u0131yla ilgili bizimle beraber Be\u015fikta\u015f ve Galatasaray&#8217;\u0131n da say\u0131n\u0131n art\u0131r\u0131lmas\u0131 ile ilgili talebi oldu. T\u00fcrkiye Futbol Federasyonu bu talebi reddetti&#8221; dedi. TFF&#8217;N\u0130N \u0130LK KURALI 14&#8217;E 12 OLMU\u015eTU TFF&#8217;den\" \/>\n<meta property=\"og:url\" content=\"https:\/\/kibrisdakik.com\/?p=61300\" \/>\n<meta property=\"article:published_time\" content=\"2024-09-11T15:19:53+00:00\" \/>\n<meta property=\"og:image\" content=\"https:\/\/kibrisdakik.com\/wp-content\/uploads\/2024\/09\/super-lig-de-yabanci-oyuncu-kurali-netlesti-17809807_8284_amp.jpg\" \/>\n\t<meta property=\"og:image:width\" content=\"1202\" \/>\n\t<meta property=\"og:image:height\" content=\"675\" \/>\n\t<meta property=\"og:image:type\" content=\"image\/jpeg\" \/>\n<meta name=\"author\" content=\"admin\" \/>\n<meta name=\"twitter:card\" content=\"summary_large_image\" \/>\n<meta name=\"twitter:label1\" content=\"Yazan:\" \/>\n\t<meta name=\"twitter:data1\" content=\"admin\" \/>\n\t<meta name=\"twitter:label2\" content=\"Tahmini okuma s\u00fcresi\" \/>\n\t<meta name=\"twitter:data2\" content=\"1 dakika\" \/>\n<script type=\"application\/ld+json\" class=\"yoast-schema-graph\">{\"@context\":\"https:\\\/\\\/schema.org\",\"@graph\":[{\"@type\":\"Article\",\"@id\":\"https:\\\/\\\/kibrisdakik.com\\\/?p=61300#article\",\"isPartOf\":{\"@id\":\"https:\\\/\\\/kibrisdakik.com\\\/?p=61300\"},\"author\":{\"name\":\"admin\",\"@id\":\"https:\\\/\\\/kibrisdakik.com\\\/#\\\/schema\\\/person\\\/9cd9d437bbb44f72b73ba127e06d8e79\"},\"headline\":\"Baz\u0131 tak\u0131mlar itiraz etmi\u015fti! S\u00fcper Lig&#8217;de yabanc\u0131 oyuncu kural\u0131 netle\u015fti\",\"datePublished\":\"2024-09-11T15:19:53+00:00\",\"mainEntityOfPage\":{\"@id\":\"https:\\\/\\\/kibrisdakik.com\\\/?p=61300\"},\"wordCount\":259,\"commentCount\":0,\"image\":{\"@id\":\"https:\\\/\\\/kibrisdakik.com\\\/?p=61300#primaryimage\"},\"thumbnailUrl\":\"https:\\\/\\\/kibrisdakik.com\\\/wp-content\\\/uploads\\\/2024\\\/09\\\/super-lig-de-yabanci-oyuncu-kurali-netlesti-17809807_8284_amp.jpg\",\"articleSection\":[\"Magazin\"],\"inLanguage\":\"tr\",\"potentialAction\":[{\"@type\":\"CommentAction\",\"name\":\"Comment\",\"target\":[\"https:\\\/\\\/kibrisdakik.com\\\/?p=61300#respond\"]}]},{\"@type\":\"WebPage\",\"@id\":\"https:\\\/\\\/kibrisdakik.com\\\/?p=61300\",\"url\":\"https:\\\/\\\/kibrisdakik.com\\\/?p=61300\",\"name\":\"Baz\u0131 tak\u0131mlar itiraz etmi\u015fti! S\u00fcper Lig'de yabanc\u0131 oyuncu kural\u0131 netle\u015fti -\",\"isPartOf\":{\"@id\":\"https:\\\/\\\/kibrisdakik.com\\\/#website\"},\"primaryImageOfPage\":{\"@id\":\"https:\\\/\\\/kibrisdakik.com\\\/?p=61300#primaryimage\"},\"image\":{\"@id\":\"https:\\\/\\\/kibrisdakik.com\\\/?p=61300#primaryimage\"},\"thumbnailUrl\":\"https:\\\/\\\/kibrisdakik.com\\\/wp-content\\\/uploads\\\/2024\\\/09\\\/super-lig-de-yabanci-oyuncu-kurali-netlesti-17809807_8284_amp.jpg\",\"datePublished\":\"2024-09-11T15:19:53+00:00\",\"author\":{\"@id\":\"https:\\\/\\\/kibrisdakik.com\\\/#\\\/schema\\\/person\\\/9cd9d437bbb44f72b73ba127e06d8e79\"},\"breadcrumb\":{\"@id\":\"https:\\\/\\\/kibrisdakik.com\\\/?p=61300#breadcrumb\"},\"inLanguage\":\"tr\",\"potentialAction\":[{\"@type\":\"ReadAction\",\"target\":[\"https:\\\/\\\/kibrisdakik.com\\\/?p=61300\"]}]},{\"@type\":\"ImageObject\",\"inLanguage\":\"tr\",\"@id\":\"https:\\\/\\\/kibrisdakik.com\\\/?p=61300#primaryimage\",\"url\":\"https:\\\/\\\/kibrisdakik.com\\\/wp-content\\\/uploads\\\/2024\\\/09\\\/super-lig-de-yabanci-oyuncu-kurali-netlesti-17809807_8284_amp.jpg\",\"contentUrl\":\"https:\\\/\\\/kibrisdakik.com\\\/wp-content\\\/uploads\\\/2024\\\/09\\\/super-lig-de-yabanci-oyuncu-kurali-netlesti-17809807_8284_amp.jpg\",\"width\":1202,\"height\":675},{\"@type\":\"BreadcrumbList\",\"@id\":\"https:\\\/\\\/kibrisdakik.com\\\/?p=61300#breadcrumb\",\"itemListElement\":[{\"@type\":\"ListItem\",\"position\":1,\"name\":\"Home\",\"item\":\"https:\\\/\\\/kibrisdakik.com\\\/\"},{\"@type\":\"ListItem\",\"position\":2,\"name\":\"Baz\u0131 tak\u0131mlar itiraz etmi\u015fti! S\u00fcper Lig&#8217;de yabanc\u0131 oyuncu kural\u0131 netle\u015fti\"}]},{\"@type\":\"WebSite\",\"@id\":\"https:\\\/\\\/kibrisdakik.com\\\/#website\",\"url\":\"https:\\\/\\\/kibrisdakik.com\\\/\",\"name\":\"\",\"description\":\"Tam vaktinde haber\",\"potentialAction\":[{\"@type\":\"SearchAction\",\"target\":{\"@type\":\"EntryPoint\",\"urlTemplate\":\"https:\\\/\\\/kibrisdakik.com\\\/?s={search_term_string}\"},\"query-input\":{\"@type\":\"PropertyValueSpecification\",\"valueRequired\":true,\"valueName\":\"search_term_string\"}}],\"inLanguage\":\"tr\"},{\"@type\":\"Person\",\"@id\":\"https:\\\/\\\/kibrisdakik.com\\\/#\\\/schema\\\/person\\\/9cd9d437bbb44f72b73ba127e06d8e79\",\"name\":\"admin\",\"image\":{\"@type\":\"ImageObject\",\"inLanguage\":\"tr\",\"@id\":\"https:\\\/\\\/secure.gravatar.com\\\/avatar\\\/ccc17943b9d660506c869530f897617f7cb1c21a4bf30023f252596d83e1f007?s=96&d=mm&r=g\",\"url\":\"https:\\\/\\\/secure.gravatar.com\\\/avatar\\\/ccc17943b9d660506c869530f897617f7cb1c21a4bf30023f252596d83e1f007?s=96&d=mm&r=g\",\"contentUrl\":\"https:\\\/\\\/secure.gravatar.com\\\/avatar\\\/ccc17943b9d660506c869530f897617f7cb1c21a4bf30023f252596d83e1f007?s=96&d=mm&r=g\",\"caption\":\"admin\"},\"sameAs\":[\"https:\\\/\\\/kibrisdakik.com\"],\"url\":\"https:\\\/\\\/kibrisdakik.com\\\/?author=1\"}]}<\/script>\n<!-- \/ Yoast SEO plugin. -->","yoast_head_json":{"title":"Baz\u0131 tak\u0131mlar itiraz etmi\u015fti! S\u00fcper Lig'de yabanc\u0131 oyuncu kural\u0131 netle\u015fti -","robots":{"index":"index","follow":"follow","max-snippet":"max-snippet:-1","max-image-preview":"max-image-preview:large","max-video-preview":"max-video-preview:-1"},"canonical":"https:\/\/kibrisdakik.com\/?p=61300","og_locale":"tr_TR","og_type":"article","og_title":"Baz\u0131 tak\u0131mlar itiraz etmi\u015fti! S\u00fcper Lig'de yabanc\u0131 oyuncu kural\u0131 netle\u015fti -","og_description":"TFF, S\u00fcper Lig&#8217;de 2023-2024 sezonunda uygulanacak yabanc\u0131 oyuncu kural\u0131 a\u00e7\u0131kland\u0131. ERTU\u011eRUL DO\u011eAN DUYURDU Trabzonspor Ba\u015fkan\u0131 Ertu\u011frul Do\u011fan kat\u0131ld\u0131\u011f\u0131 canl\u0131 yay\u0131nda herkesin merakla bekledi\u011fi konu ile ilgili, &#8220;Yabanc\u0131 kural\u0131yla ilgili bizimle beraber Be\u015fikta\u015f ve Galatasaray&#8217;\u0131n da say\u0131n\u0131n art\u0131r\u0131lmas\u0131 ile ilgili talebi oldu. T\u00fcrkiye Futbol Federasyonu bu talebi reddetti&#8221; dedi. TFF&#8217;N\u0130N \u0130LK KURALI 14&#8217;E 12 OLMU\u015eTU TFF&#8217;den","og_url":"https:\/\/kibrisdakik.com\/?p=61300","article_published_time":"2024-09-11T15:19:53+00:00","og_image":[{"width":1202,"height":675,"url":"https:\/\/kibrisdakik.com\/wp-content\/uploads\/2024\/09\/super-lig-de-yabanci-oyuncu-kurali-netlesti-17809807_8284_amp.jpg","type":"image\/jpeg"}],"author":"admin","twitter_card":"summary_large_image","twitter_misc":{"Yazan:":"admin","Tahmini okuma s\u00fcresi":"1 dakika"},"schema":{"@context":"https:\/\/schema.org","@graph":[{"@type":"Article","@id":"https:\/\/kibrisdakik.com\/?p=61300#article","isPartOf":{"@id":"https:\/\/kibrisdakik.com\/?p=61300"},"author":{"name":"admin","@id":"https:\/\/kibrisdakik.com\/#\/schema\/person\/9cd9d437bbb44f72b73ba127e06d8e79"},"headline":"Baz\u0131 tak\u0131mlar itiraz etmi\u015fti! S\u00fcper Lig&#8217;de yabanc\u0131 oyuncu kural\u0131 netle\u015fti","datePublished":"2024-09-11T15:19:53+00:00","mainEntityOfPage":{"@id":"https:\/\/kibrisdakik.com\/?p=61300"},"wordCount":259,"commentCount":0,"image":{"@id":"https:\/\/kibrisdakik.com\/?p=61300#primaryimage"},"thumbnailUrl":"https:\/\/kibrisdakik.com\/wp-content\/uploads\/2024\/09\/super-lig-de-yabanci-oyuncu-kurali-netlesti-17809807_8284_amp.jpg","articleSection":["Magazin"],"inLanguage":"tr","potentialAction":[{"@type":"CommentAction","name":"Comment","target":["https:\/\/kibrisdakik.com\/?p=61300#respond"]}]},{"@type":"WebPage","@id":"https:\/\/kibrisdakik.com\/?p=61300","url":"https:\/\/kibrisdakik.com\/?p=61300","name":"Baz\u0131 tak\u0131mlar itiraz etmi\u015fti! S\u00fcper Lig'de yabanc\u0131 oyuncu kural\u0131 netle\u015fti -","isPartOf":{"@id":"https:\/\/kibrisdakik.com\/#website"},"primaryImageOfPage":{"@id":"https:\/\/kibrisdakik.com\/?p=61300#primaryimage"},"image":{"@id":"https:\/\/kibrisdakik.com\/?p=61300#primaryimage"},"thumbnailUrl":"https:\/\/kibrisdakik.com\/wp-content\/uploads\/2024\/09\/super-lig-de-yabanci-oyuncu-kurali-netlesti-17809807_8284_amp.jpg","datePublished":"2024-09-11T15:19:53+00:00","author":{"@id":"https:\/\/kibrisdakik.com\/#\/schema\/person\/9cd9d437bbb44f72b73ba127e06d8e79"},"breadcrumb":{"@id":"https:\/\/kibrisdakik.com\/?p=61300#breadcrumb"},"inLanguage":"tr","potentialAction":[{"@type":"ReadAction","target":["https:\/\/kibrisdakik.com\/?p=61300"]}]},{"@type":"ImageObject","inLanguage":"tr","@id":"https:\/\/kibrisdakik.com\/?p=61300#primaryimage","url":"https:\/\/kibrisdakik.com\/wp-content\/uploads\/2024\/09\/super-lig-de-yabanci-oyuncu-kurali-netlesti-17809807_8284_amp.jpg","contentUrl":"https:\/\/kibrisdakik.com\/wp-content\/uploads\/2024\/09\/super-lig-de-yabanci-oyuncu-kurali-netlesti-17809807_8284_amp.jpg","width":1202,"height":675},{"@type":"BreadcrumbList","@id":"https:\/\/kibrisdakik.com\/?p=61300#breadcrumb","itemListElement":[{"@type":"ListItem","position":1,"name":"Home","item":"https:\/\/kibrisdakik.com\/"},{"@type":"ListItem","position":2,"name":"Baz\u0131 tak\u0131mlar itiraz etmi\u015fti! S\u00fcper Lig&#8217;de yabanc\u0131 oyuncu kural\u0131 netle\u015fti"}]},{"@type":"WebSite","@id":"https:\/\/kibrisdakik.com\/#website","url":"https:\/\/kibrisdakik.com\/","name":"","description":"Tam vaktinde haber","potentialAction":[{"@type":"SearchAction","target":{"@type":"EntryPoint","urlTemplate":"https:\/\/kibrisdakik.com\/?s={search_term_string}"},"query-input":{"@type":"PropertyValueSpecification","valueRequired":true,"valueName":"search_term_string"}}],"inLanguage":"tr"},{"@type":"Person","@id":"https:\/\/kibrisdakik.com\/#\/schema\/person\/9cd9d437bbb44f72b73ba127e06d8e79","name":"admin","image":{"@type":"ImageObject","inLanguage":"tr","@id":"https:\/\/secure.gravatar.com\/avatar\/ccc17943b9d660506c869530f897617f7cb1c21a4bf30023f252596d83e1f007?s=96&d=mm&r=g","url":"https:\/\/secure.gravatar.com\/avatar\/ccc17943b9d660506c869530f897617f7cb1c21a4bf30023f252596d83e1f007?s=96&d=mm&r=g","contentUrl":"https:\/\/secure.gravatar.com\/avatar\/ccc17943b9d660506c869530f897617f7cb1c21a4bf30023f252596d83e1f007?s=96&d=mm&r=g","caption":"admin"},"sameAs":["https:\/\/kibrisdakik.com"],"url":"https:\/\/kibrisdakik.com\/?author=1"}]}},"_links":{"self":[{"href":"https:\/\/kibrisdakik.com\/index.php?rest_route=\/wp\/v2\/posts\/61300","targetHints":{"allow":["GET"]}}],"collection":[{"href":"https:\/\/kibrisdakik.com\/index.php?rest_route=\/wp\/v2\/posts"}],"about":[{"href":"https:\/\/kibrisdakik.com\/index.php?rest_route=\/wp\/v2\/types\/post"}],"author":[{"embeddable":true,"href":"https:\/\/kibrisdakik.com\/index.php?rest_route=\/wp\/v2\/users\/1"}],"replies":[{"embeddable":true,"href":"https:\/\/kibrisdakik.com\/index.php?rest_route=%2Fwp%2Fv2%2Fcomments&post=61300"}],"version-history":[{"count":1,"href":"https:\/\/kibrisdakik.com\/index.php?rest_route=\/wp\/v2\/posts\/61300\/revisions"}],"predecessor-version":[{"id":61343,"href":"https:\/\/kibrisdakik.com\/index.php?rest_route=\/wp\/v2\/posts\/61300\/revisions\/61343"}],"wp:featuredmedia":[{"embeddable":true,"href":"https:\/\/kibrisdakik.com\/index.php?rest_route=\/wp\/v2\/media\/61301"}],"wp:attachment":[{"href":"https:\/\/kibrisdakik.com\/index.php?rest_route=%2Fwp%2Fv2%2Fmedia&parent=61300"}],"wp:term":[{"taxonomy":"category","embeddable":true,"href":"https:\/\/kibrisdakik.com\/index.php?rest_route=%2Fwp%2Fv2%2Fcategories&post=61300"},{"taxonomy":"post_tag","embeddable":true,"href":"https:\/\/kibrisdakik.com\/index.php?rest_route=%2Fwp%2Fv2%2Ftags&post=61300"}],"curies":[{"name":"wp","href":"https:\/\/api.w.org\/{rel}","templated":true}]}}