{"id":61309,"date":"2024-09-11T15:50:26","date_gmt":"2024-09-11T12:50:26","guid":{"rendered":"https:\/\/kibrisdakik.com\/index.php\/2024\/09\/11\/bomba-iddia-soma-faciasinda-madenci-yakinini-tekmeleyen-yusuf-yerkel-tffde-ise-basladi\/"},"modified":"2024-09-11T15:50:26","modified_gmt":"2024-09-11T12:50:26","slug":"bomba-iddia-soma-faciasinda-madenci-yakinini-tekmeleyen-yusuf-yerkel-tffde-ise-basladi","status":"publish","type":"post","link":"https:\/\/kibrisdakik.com\/?p=61309","title":{"rendered":"Bomba iddia! Soma facias\u0131nda madenci yak\u0131n\u0131n\u0131 tekmeleyen Yusuf Yerkel, TFF&#8217;de i\u015fe ba\u015flad\u0131"},"content":{"rendered":"<p><img decoding=\"async\" src=\"https:\/\/foto.haberler.com\/haber\/2024\/09\/11\/bomba-iddia-soma-faciasinda-madenci-yakinini-17809970_6787_amp.jpg\" \/><\/p>\n<div id=\"\">\n<p>Manisa Soma&#8217;da 301 i\u015f\u00e7inin can verdi\u011fi maden facias\u0131ndan sonra madenci yak\u0131n\u0131n\u0131 tekmelemesi ile ak\u0131llarda yer alan Yusuf Yerkel&#8217;in, TFF koordinat\u00f6r olarak i\u015fe ba\u015flad\u0131\u011f\u0131 iddia edildi.<\/p>\n<p>Oda TV&#8217;de yer alan habere g\u00f6re; May\u0131s 2014&#8217;te 301 madencinin \u00f6l\u00fcm\u00fcyle sonu\u00e7lanan Soma facias\u0131nda madenci yak\u0131n\u0131n\u0131 tekmelemesiyle haf\u0131zalara kaz\u0131nan d\u00f6nemin ba\u015fbakanl\u0131k m\u00fc\u015faviri Yusuf Yerkel, 1 Eyl\u00fcl itibar\u0131yla T\u00fcrkiye Futbol Federasyonu&#8217;nda i\u015fe ba\u015flad\u0131. Yusuf Yerkel, 2022&#8217;de Frankfurt Ticaret Ata\u015fesi olarak atanm\u0131\u015ft\u0131. Yerkel&#8217;in, TFF&#8217;deki yeni i\u015fine ba\u015flamak i\u00e7in bu g\u00f6revinden istifa etti\u011fi \u00f6\u011frenildi.<\/p>\n<h4 id=\"nwsKeywords\"> <a href=\"https:\/\/www.haberler.com\/turkiye-futbol-federasyonu\/\" title=\"T\u00fcrkiye Futbol Federasyonu\" class=\"hbptTag\">T\u00fcrkiye Futbol Federasyonu<\/a> <\/h4>\n<\/div>\n","protected":false},"excerpt":{"rendered":"<p>Manisa Soma&#8217;da 301 i\u015f\u00e7inin can verdi\u011fi maden facias\u0131ndan sonra madenci yak\u0131n\u0131n\u0131 tekmelemesi ile ak\u0131llarda yer alan Yusuf Yerkel&#8217;in, TFF koordinat\u00f6r olarak i\u015fe ba\u015flad\u0131\u011f\u0131 iddia edildi. Oda TV&#8217;de yer alan habere g\u00f6re; May\u0131s 2014&#8217;te 301 madencinin \u00f6l\u00fcm\u00fcyle sonu\u00e7lanan Soma facias\u0131nda madenci yak\u0131n\u0131n\u0131 tekmelemesiyle haf\u0131zalara kaz\u0131nan d\u00f6nemin ba\u015fbakanl\u0131k m\u00fc\u015faviri Yusuf Yerkel, 1 Eyl\u00fcl itibar\u0131yla T\u00fcrkiye Futbol Federasyonu&#8217;nda<\/p>\n","protected":false},"author":1,"featured_media":61310,"comment_status":"open","ping_status":"open","sticky":false,"template":"","format":"standard","meta":{"footnotes":""},"categories":[83],"tags":[],"class_list":["post-61309","post","type-post","status-publish","format-standard","has-post-thumbnail","hentry","category-magazin"],"yoast_head":"<!-- This site is optimized with the Yoast SEO plugin v27.5 - https:\/\/yoast.com\/product\/yoast-seo-wordpress\/ -->\n<title>Bomba iddia! Soma facias\u0131nda madenci yak\u0131n\u0131n\u0131 tekmeleyen Yusuf Yerkel, TFF&#039;de i\u015fe ba\u015flad\u0131 -<\/title>\n<meta name=\"robots\" content=\"index, follow, max-snippet:-1, max-image-preview:large, max-video-preview:-1\" \/>\n<link rel=\"canonical\" href=\"https:\/\/kibrisdakik.com\/?p=61309\" \/>\n<meta property=\"og:locale\" content=\"tr_TR\" \/>\n<meta property=\"og:type\" content=\"article\" \/>\n<meta property=\"og:title\" content=\"Bomba iddia! Soma facias\u0131nda madenci yak\u0131n\u0131n\u0131 tekmeleyen Yusuf Yerkel, TFF&#039;de i\u015fe ba\u015flad\u0131 -\" \/>\n<meta property=\"og:description\" content=\"Manisa Soma&#8217;da 301 i\u015f\u00e7inin can verdi\u011fi maden facias\u0131ndan sonra madenci yak\u0131n\u0131n\u0131 tekmelemesi ile ak\u0131llarda yer alan Yusuf Yerkel&#8217;in, TFF koordinat\u00f6r olarak i\u015fe ba\u015flad\u0131\u011f\u0131 iddia edildi. Oda TV&#8217;de yer alan habere g\u00f6re; May\u0131s 2014&#8217;te 301 madencinin \u00f6l\u00fcm\u00fcyle sonu\u00e7lanan Soma facias\u0131nda madenci yak\u0131n\u0131n\u0131 tekmelemesiyle haf\u0131zalara kaz\u0131nan d\u00f6nemin ba\u015fbakanl\u0131k m\u00fc\u015faviri Yusuf Yerkel, 1 Eyl\u00fcl itibar\u0131yla T\u00fcrkiye Futbol Federasyonu&#8217;nda\" \/>\n<meta property=\"og:url\" content=\"https:\/\/kibrisdakik.com\/?p=61309\" \/>\n<meta property=\"article:published_time\" content=\"2024-09-11T12:50:26+00:00\" \/>\n<meta property=\"og:image\" content=\"https:\/\/kibrisdakik.com\/wp-content\/uploads\/2024\/09\/bomba-iddia-soma-faciasinda-madenci-yakinini-17809970_6787_amp.jpg\" \/>\n\t<meta property=\"og:image:width\" content=\"1202\" \/>\n\t<meta property=\"og:image:height\" content=\"675\" \/>\n\t<meta property=\"og:image:type\" content=\"image\/jpeg\" \/>\n<meta name=\"author\" content=\"admin\" \/>\n<meta name=\"twitter:card\" content=\"summary_large_image\" \/>\n<meta name=\"twitter:label1\" content=\"Yazan:\" \/>\n\t<meta name=\"twitter:data1\" content=\"admin\" \/>\n\t<meta name=\"twitter:label2\" content=\"Tahmini okuma s\u00fcresi\" \/>\n\t<meta name=\"twitter:data2\" content=\"1 dakika\" \/>\n<script type=\"application\/ld+json\" class=\"yoast-schema-graph\">{\"@context\":\"https:\\\/\\\/schema.org\",\"@graph\":[{\"@type\":\"Article\",\"@id\":\"https:\\\/\\\/kibrisdakik.com\\\/?p=61309#article\",\"isPartOf\":{\"@id\":\"https:\\\/\\\/kibrisdakik.com\\\/?p=61309\"},\"author\":{\"name\":\"admin\",\"@id\":\"https:\\\/\\\/kibrisdakik.com\\\/#\\\/schema\\\/person\\\/9cd9d437bbb44f72b73ba127e06d8e79\"},\"headline\":\"Bomba iddia! Soma facias\u0131nda madenci yak\u0131n\u0131n\u0131 tekmeleyen Yusuf Yerkel, TFF&#8217;de i\u015fe ba\u015flad\u0131\",\"datePublished\":\"2024-09-11T12:50:26+00:00\",\"mainEntityOfPage\":{\"@id\":\"https:\\\/\\\/kibrisdakik.com\\\/?p=61309\"},\"wordCount\":129,\"commentCount\":0,\"image\":{\"@id\":\"https:\\\/\\\/kibrisdakik.com\\\/?p=61309#primaryimage\"},\"thumbnailUrl\":\"https:\\\/\\\/kibrisdakik.com\\\/wp-content\\\/uploads\\\/2024\\\/09\\\/bomba-iddia-soma-faciasinda-madenci-yakinini-17809970_6787_amp.jpg\",\"articleSection\":[\"Magazin\"],\"inLanguage\":\"tr\",\"potentialAction\":[{\"@type\":\"CommentAction\",\"name\":\"Comment\",\"target\":[\"https:\\\/\\\/kibrisdakik.com\\\/?p=61309#respond\"]}]},{\"@type\":\"WebPage\",\"@id\":\"https:\\\/\\\/kibrisdakik.com\\\/?p=61309\",\"url\":\"https:\\\/\\\/kibrisdakik.com\\\/?p=61309\",\"name\":\"Bomba iddia! Soma facias\u0131nda madenci yak\u0131n\u0131n\u0131 tekmeleyen Yusuf Yerkel, TFF'de i\u015fe ba\u015flad\u0131 -\",\"isPartOf\":{\"@id\":\"https:\\\/\\\/kibrisdakik.com\\\/#website\"},\"primaryImageOfPage\":{\"@id\":\"https:\\\/\\\/kibrisdakik.com\\\/?p=61309#primaryimage\"},\"image\":{\"@id\":\"https:\\\/\\\/kibrisdakik.com\\\/?p=61309#primaryimage\"},\"thumbnailUrl\":\"https:\\\/\\\/kibrisdakik.com\\\/wp-content\\\/uploads\\\/2024\\\/09\\\/bomba-iddia-soma-faciasinda-madenci-yakinini-17809970_6787_amp.jpg\",\"datePublished\":\"2024-09-11T12:50:26+00:00\",\"author\":{\"@id\":\"https:\\\/\\\/kibrisdakik.com\\\/#\\\/schema\\\/person\\\/9cd9d437bbb44f72b73ba127e06d8e79\"},\"breadcrumb\":{\"@id\":\"https:\\\/\\\/kibrisdakik.com\\\/?p=61309#breadcrumb\"},\"inLanguage\":\"tr\",\"potentialAction\":[{\"@type\":\"ReadAction\",\"target\":[\"https:\\\/\\\/kibrisdakik.com\\\/?p=61309\"]}]},{\"@type\":\"ImageObject\",\"inLanguage\":\"tr\",\"@id\":\"https:\\\/\\\/kibrisdakik.com\\\/?p=61309#primaryimage\",\"url\":\"https:\\\/\\\/kibrisdakik.com\\\/wp-content\\\/uploads\\\/2024\\\/09\\\/bomba-iddia-soma-faciasinda-madenci-yakinini-17809970_6787_amp.jpg\",\"contentUrl\":\"https:\\\/\\\/kibrisdakik.com\\\/wp-content\\\/uploads\\\/2024\\\/09\\\/bomba-iddia-soma-faciasinda-madenci-yakinini-17809970_6787_amp.jpg\",\"width\":1202,\"height\":675},{\"@type\":\"BreadcrumbList\",\"@id\":\"https:\\\/\\\/kibrisdakik.com\\\/?p=61309#breadcrumb\",\"itemListElement\":[{\"@type\":\"ListItem\",\"position\":1,\"name\":\"Home\",\"item\":\"https:\\\/\\\/kibrisdakik.com\\\/\"},{\"@type\":\"ListItem\",\"position\":2,\"name\":\"Bomba iddia! Soma facias\u0131nda madenci yak\u0131n\u0131n\u0131 tekmeleyen Yusuf Yerkel, TFF&#8217;de i\u015fe ba\u015flad\u0131\"}]},{\"@type\":\"WebSite\",\"@id\":\"https:\\\/\\\/kibrisdakik.com\\\/#website\",\"url\":\"https:\\\/\\\/kibrisdakik.com\\\/\",\"name\":\"\",\"description\":\"Tam vaktinde haber\",\"potentialAction\":[{\"@type\":\"SearchAction\",\"target\":{\"@type\":\"EntryPoint\",\"urlTemplate\":\"https:\\\/\\\/kibrisdakik.com\\\/?s={search_term_string}\"},\"query-input\":{\"@type\":\"PropertyValueSpecification\",\"valueRequired\":true,\"valueName\":\"search_term_string\"}}],\"inLanguage\":\"tr\"},{\"@type\":\"Person\",\"@id\":\"https:\\\/\\\/kibrisdakik.com\\\/#\\\/schema\\\/person\\\/9cd9d437bbb44f72b73ba127e06d8e79\",\"name\":\"admin\",\"image\":{\"@type\":\"ImageObject\",\"inLanguage\":\"tr\",\"@id\":\"https:\\\/\\\/secure.gravatar.com\\\/avatar\\\/ccc17943b9d660506c869530f897617f7cb1c21a4bf30023f252596d83e1f007?s=96&d=mm&r=g\",\"url\":\"https:\\\/\\\/secure.gravatar.com\\\/avatar\\\/ccc17943b9d660506c869530f897617f7cb1c21a4bf30023f252596d83e1f007?s=96&d=mm&r=g\",\"contentUrl\":\"https:\\\/\\\/secure.gravatar.com\\\/avatar\\\/ccc17943b9d660506c869530f897617f7cb1c21a4bf30023f252596d83e1f007?s=96&d=mm&r=g\",\"caption\":\"admin\"},\"sameAs\":[\"https:\\\/\\\/kibrisdakik.com\"],\"url\":\"https:\\\/\\\/kibrisdakik.com\\\/?author=1\"}]}<\/script>\n<!-- \/ Yoast SEO plugin. -->","yoast_head_json":{"title":"Bomba iddia! Soma facias\u0131nda madenci yak\u0131n\u0131n\u0131 tekmeleyen Yusuf Yerkel, TFF'de i\u015fe ba\u015flad\u0131 -","robots":{"index":"index","follow":"follow","max-snippet":"max-snippet:-1","max-image-preview":"max-image-preview:large","max-video-preview":"max-video-preview:-1"},"canonical":"https:\/\/kibrisdakik.com\/?p=61309","og_locale":"tr_TR","og_type":"article","og_title":"Bomba iddia! Soma facias\u0131nda madenci yak\u0131n\u0131n\u0131 tekmeleyen Yusuf Yerkel, TFF'de i\u015fe ba\u015flad\u0131 -","og_description":"Manisa Soma&#8217;da 301 i\u015f\u00e7inin can verdi\u011fi maden facias\u0131ndan sonra madenci yak\u0131n\u0131n\u0131 tekmelemesi ile ak\u0131llarda yer alan Yusuf Yerkel&#8217;in, TFF koordinat\u00f6r olarak i\u015fe ba\u015flad\u0131\u011f\u0131 iddia edildi. Oda TV&#8217;de yer alan habere g\u00f6re; May\u0131s 2014&#8217;te 301 madencinin \u00f6l\u00fcm\u00fcyle sonu\u00e7lanan Soma facias\u0131nda madenci yak\u0131n\u0131n\u0131 tekmelemesiyle haf\u0131zalara kaz\u0131nan d\u00f6nemin ba\u015fbakanl\u0131k m\u00fc\u015faviri Yusuf Yerkel, 1 Eyl\u00fcl itibar\u0131yla T\u00fcrkiye Futbol Federasyonu&#8217;nda","og_url":"https:\/\/kibrisdakik.com\/?p=61309","article_published_time":"2024-09-11T12:50:26+00:00","og_image":[{"width":1202,"height":675,"url":"https:\/\/kibrisdakik.com\/wp-content\/uploads\/2024\/09\/bomba-iddia-soma-faciasinda-madenci-yakinini-17809970_6787_amp.jpg","type":"image\/jpeg"}],"author":"admin","twitter_card":"summary_large_image","twitter_misc":{"Yazan:":"admin","Tahmini okuma s\u00fcresi":"1 dakika"},"schema":{"@context":"https:\/\/schema.org","@graph":[{"@type":"Article","@id":"https:\/\/kibrisdakik.com\/?p=61309#article","isPartOf":{"@id":"https:\/\/kibrisdakik.com\/?p=61309"},"author":{"name":"admin","@id":"https:\/\/kibrisdakik.com\/#\/schema\/person\/9cd9d437bbb44f72b73ba127e06d8e79"},"headline":"Bomba iddia! Soma facias\u0131nda madenci yak\u0131n\u0131n\u0131 tekmeleyen Yusuf Yerkel, TFF&#8217;de i\u015fe ba\u015flad\u0131","datePublished":"2024-09-11T12:50:26+00:00","mainEntityOfPage":{"@id":"https:\/\/kibrisdakik.com\/?p=61309"},"wordCount":129,"commentCount":0,"image":{"@id":"https:\/\/kibrisdakik.com\/?p=61309#primaryimage"},"thumbnailUrl":"https:\/\/kibrisdakik.com\/wp-content\/uploads\/2024\/09\/bomba-iddia-soma-faciasinda-madenci-yakinini-17809970_6787_amp.jpg","articleSection":["Magazin"],"inLanguage":"tr","potentialAction":[{"@type":"CommentAction","name":"Comment","target":["https:\/\/kibrisdakik.com\/?p=61309#respond"]}]},{"@type":"WebPage","@id":"https:\/\/kibrisdakik.com\/?p=61309","url":"https:\/\/kibrisdakik.com\/?p=61309","name":"Bomba iddia! Soma facias\u0131nda madenci yak\u0131n\u0131n\u0131 tekmeleyen Yusuf Yerkel, TFF'de i\u015fe ba\u015flad\u0131 -","isPartOf":{"@id":"https:\/\/kibrisdakik.com\/#website"},"primaryImageOfPage":{"@id":"https:\/\/kibrisdakik.com\/?p=61309#primaryimage"},"image":{"@id":"https:\/\/kibrisdakik.com\/?p=61309#primaryimage"},"thumbnailUrl":"https:\/\/kibrisdakik.com\/wp-content\/uploads\/2024\/09\/bomba-iddia-soma-faciasinda-madenci-yakinini-17809970_6787_amp.jpg","datePublished":"2024-09-11T12:50:26+00:00","author":{"@id":"https:\/\/kibrisdakik.com\/#\/schema\/person\/9cd9d437bbb44f72b73ba127e06d8e79"},"breadcrumb":{"@id":"https:\/\/kibrisdakik.com\/?p=61309#breadcrumb"},"inLanguage":"tr","potentialAction":[{"@type":"ReadAction","target":["https:\/\/kibrisdakik.com\/?p=61309"]}]},{"@type":"ImageObject","inLanguage":"tr","@id":"https:\/\/kibrisdakik.com\/?p=61309#primaryimage","url":"https:\/\/kibrisdakik.com\/wp-content\/uploads\/2024\/09\/bomba-iddia-soma-faciasinda-madenci-yakinini-17809970_6787_amp.jpg","contentUrl":"https:\/\/kibrisdakik.com\/wp-content\/uploads\/2024\/09\/bomba-iddia-soma-faciasinda-madenci-yakinini-17809970_6787_amp.jpg","width":1202,"height":675},{"@type":"BreadcrumbList","@id":"https:\/\/kibrisdakik.com\/?p=61309#breadcrumb","itemListElement":[{"@type":"ListItem","position":1,"name":"Home","item":"https:\/\/kibrisdakik.com\/"},{"@type":"ListItem","position":2,"name":"Bomba iddia! Soma facias\u0131nda madenci yak\u0131n\u0131n\u0131 tekmeleyen Yusuf Yerkel, TFF&#8217;de i\u015fe ba\u015flad\u0131"}]},{"@type":"WebSite","@id":"https:\/\/kibrisdakik.com\/#website","url":"https:\/\/kibrisdakik.com\/","name":"","description":"Tam vaktinde haber","potentialAction":[{"@type":"SearchAction","target":{"@type":"EntryPoint","urlTemplate":"https:\/\/kibrisdakik.com\/?s={search_term_string}"},"query-input":{"@type":"PropertyValueSpecification","valueRequired":true,"valueName":"search_term_string"}}],"inLanguage":"tr"},{"@type":"Person","@id":"https:\/\/kibrisdakik.com\/#\/schema\/person\/9cd9d437bbb44f72b73ba127e06d8e79","name":"admin","image":{"@type":"ImageObject","inLanguage":"tr","@id":"https:\/\/secure.gravatar.com\/avatar\/ccc17943b9d660506c869530f897617f7cb1c21a4bf30023f252596d83e1f007?s=96&d=mm&r=g","url":"https:\/\/secure.gravatar.com\/avatar\/ccc17943b9d660506c869530f897617f7cb1c21a4bf30023f252596d83e1f007?s=96&d=mm&r=g","contentUrl":"https:\/\/secure.gravatar.com\/avatar\/ccc17943b9d660506c869530f897617f7cb1c21a4bf30023f252596d83e1f007?s=96&d=mm&r=g","caption":"admin"},"sameAs":["https:\/\/kibrisdakik.com"],"url":"https:\/\/kibrisdakik.com\/?author=1"}]}},"_links":{"self":[{"href":"https:\/\/kibrisdakik.com\/index.php?rest_route=\/wp\/v2\/posts\/61309","targetHints":{"allow":["GET"]}}],"collection":[{"href":"https:\/\/kibrisdakik.com\/index.php?rest_route=\/wp\/v2\/posts"}],"about":[{"href":"https:\/\/kibrisdakik.com\/index.php?rest_route=\/wp\/v2\/types\/post"}],"author":[{"embeddable":true,"href":"https:\/\/kibrisdakik.com\/index.php?rest_route=\/wp\/v2\/users\/1"}],"replies":[{"embeddable":true,"href":"https:\/\/kibrisdakik.com\/index.php?rest_route=%2Fwp%2Fv2%2Fcomments&post=61309"}],"version-history":[{"count":0,"href":"https:\/\/kibrisdakik.com\/index.php?rest_route=\/wp\/v2\/posts\/61309\/revisions"}],"wp:featuredmedia":[{"embeddable":true,"href":"https:\/\/kibrisdakik.com\/index.php?rest_route=\/wp\/v2\/media\/61310"}],"wp:attachment":[{"href":"https:\/\/kibrisdakik.com\/index.php?rest_route=%2Fwp%2Fv2%2Fmedia&parent=61309"}],"wp:term":[{"taxonomy":"category","embeddable":true,"href":"https:\/\/kibrisdakik.com\/index.php?rest_route=%2Fwp%2Fv2%2Fcategories&post=61309"},{"taxonomy":"post_tag","embeddable":true,"href":"https:\/\/kibrisdakik.com\/index.php?rest_route=%2Fwp%2Fv2%2Ftags&post=61309"}],"curies":[{"name":"wp","href":"https:\/\/api.w.org\/{rel}","templated":true}]}}