{"id":61369,"date":"2024-09-11T19:50:57","date_gmt":"2024-09-11T16:50:57","guid":{"rendered":"https:\/\/kibrisdakik.com\/index.php\/2024\/09\/11\/cumhurbaskani-recep-tayyip-erdogan-turkiye-kupasi-ve-super-kupa-sampiyonu-besiktasi-kabul-etti\/"},"modified":"2024-09-11T19:50:57","modified_gmt":"2024-09-11T16:50:57","slug":"cumhurbaskani-recep-tayyip-erdogan-turkiye-kupasi-ve-super-kupa-sampiyonu-besiktasi-kabul-etti","status":"publish","type":"post","link":"https:\/\/kibrisdakik.com\/?p=61369","title":{"rendered":"Cumhurba\u015fkan\u0131 Recep Tayyip Erdo\u011fan, T\u00fcrkiye Kupas\u0131 ve S\u00fcper Kupa \u015eampiyonu Be\u015fikta\u015f&#8217;\u0131 kabul etti"},"content":{"rendered":"<p><\/p>\n<div id=\"\">\n<p>Cumhurba\u015fkan\u0131  <a class=\"keyword\" href=\"https:\/\/www.haberler.com\/recep-tayyip-erdogan\/\" title=\"Recep Tayyip Erdo\u011fan Haberleri, Recep Tayyip Erdo\u011fan Haberi, Recep Tayyip Erdo\u011fan Haber\"><strong>Recep Tayyip Erdo\u011fan<\/strong><\/a>, 2024 y\u0131l\u0131 Ziraat T\u00fcrkiye Kupas\u0131 ve Turkcell S\u00fcper Kupa&#8217;y\u0131 kazanan Be\u015fikta\u015f Jimnastik Kul\u00fcb\u00fc&#8217;n\u00fcn Ba\u015fkan\u0131  <a class=\"keyword\" href=\"https:\/\/www.haberler.com\/hasan-arat\/\" title=\"Hasan Arat Haberleri, Hasan Arat Haberi, Hasan Arat Haber\"><strong>Hasan Arat<\/strong><\/a>, y\u00f6netim kurulu \u00fcyeleri ve sporcular\u0131n\u0131 Cumhurba\u015fkanl\u0131\u011f\u0131 K\u00fclliyesi&#8217;nde kabul etti.<\/p>\n<p><img loading=\"lazy\" decoding=\"async\" class=\"hbptMainImage lazyload ImgDetay\" src=\"https:\/\/foto.haberler.com\/haber\/2024\/09\/11\/cumhurbaskani-recep-tayyip-erdogan-turkiye-17810826_203_m.jpg\" alt=\"Cumhurba\u015fkan\u0131 Recep Tayyip Erdo\u011fan, T\u00fcrkiye Kupas\u0131 ve S\u00fcper Kupa \u015eampiyonu Be\u015fikta\u015f'\u0131 kabul etti\" width=\"640\" height=\"407\"\/><\/p>\n<h3>ERDO\u011eAN&#8217;DAN Z\u0130YARET SONRASI PAYLA\u015eIM<\/h3>\n<p><strong>Kabule ili\u015fkin payla\u015f\u0131mda bulunan Erdo\u011fan, \u015funlar\u0131 kaydetti:<\/strong> <\/p>\n<p>&#8220;\u00dclkemizin en k\u00f6kl\u00fc ve ba\u015far\u0131l\u0131 kul\u00fcplerinden olan Be\u015fikta\u015f Jimnastik Kul\u00fcb\u00fc&#8217;n\u00fcn Ba\u015fkan\u0131 Say\u0131n Hasan Arat&#8217;la birlikte y\u00f6netim kurulu \u00fcyelerini ve sporcular\u0131n\u0131 Cumhurba\u015fkanl\u0131\u011f\u0131 K\u00fclliyemizde a\u011f\u0131rlamaktan memnuniyet duydum. 121 y\u0131ll\u0131k tarihinde kazand\u0131\u011f\u0131 ba\u015far\u0131larla, yeti\u015ftirdi\u011fi nice sporcuyla ve T\u00fcrk sporuna yapt\u0131\u011f\u0131 katk\u0131larla g\u00f6n\u00fcllerde m\u00fcstesna bir konuma sahip olan Be\u015fikta\u015f&#8217;a, ba\u015fta UEFA Avrupa Ligi olmak \u00fczere \u00e7\u0131kaca\u011f\u0131 m\u00fcsabakalarda ba\u015far\u0131lar diliyor, t\u00fcm Be\u015fikta\u015f taraftarlar\u0131na selamlar\u0131m\u0131 iletiyorum.&#8221;<\/p>\n<h3>BE\u015e\u0130KTA\u015e&#8217;TAN ERDO\u011eAN&#8217;A TE\u015eEKK\u00dcR<\/h3>\n<p>Siyah-beyazl\u0131 kul\u00fcp de sosyal medya hesab\u0131ndan yapt\u0131\u011f\u0131 payla\u015f\u0131mda, &#8220;Cumhurba\u015fkan\u0131m\u0131z Say\u0131n Recep Tayyip Erdo\u011fan&#8217;a nazik kabulleri ve iyi dilekleri i\u00e7in Be\u015fikta\u015f Jimnastik Kul\u00fcb\u00fc olarak g\u00f6n\u00fclden te\u015fekk\u00fcrlerimizi sunar\u0131z&#8221; ifadelerini kulland\u0131.<\/p>\n<div class=\"editorSade\">Kaynak: Haberler.com \/  <a href=\"https:\/\/www.haberler.com\/spor\/\" title=\"Spor Haberleri\">Spor<\/a> <\/div>\n<h4 id=\"nwsKeywords\"> <a href=\"https:\/\/www.haberler.com\/cumhurbaskanligi-kulliyesi\/\" title=\"Cumhurba\u015fkanl\u0131\u011f\u0131 K\u00fclliyesi\" class=\"hbptTag\">Cumhurba\u015fkanl\u0131\u011f\u0131 K\u00fclliyesi<\/a>  <a href=\"https:\/\/www.haberler.com\/recep-tayyip-erdogan\/\" title=\"Recep Tayyip Erdo\u011fan\" class=\"hbptTag\">Recep Tayyip Erdo\u011fan<\/a>  <a href=\"https:\/\/www.haberler.com\/recep-tayyip-erdogan\/\" title=\"Recep Tayyip Erdo\u011fan\" class=\"hbptTag\">Recep Tayyip Erdo\u011fan<\/a>  <a href=\"https:\/\/www.haberler.com\/recep-tayyip-erdogan\/\" title=\"Recep Tayyip Erdo\u011fan\" class=\"hbptTag\">Recep Tayyip Erdo\u011fan<\/a>  <a href=\"https:\/\/www.haberler.com\/turkiye-kupasi\/\" title=\"T\u00fcrkiye Kupas\u0131\" class=\"hbptTag\">T\u00fcrkiye Kupas\u0131<\/a>  <a href=\"https:\/\/www.haberler.com\/turkiye-kupasi\/\" title=\"T\u00fcrkiye Kupas\u0131\" class=\"hbptTag\">T\u00fcrkiye Kupas\u0131<\/a>  <a href=\"https:\/\/www.haberler.com\/hasan-arat\/\" title=\"Hasan Arat\" class=\"hbptTag\">Hasan Arat<\/a>  <a href=\"https:\/\/www.haberler.com\/super-kupa\/\" title=\"S\u00fcper Kupa\" class=\"hbptTag\">S\u00fcper Kupa<\/a>  <a href=\"https:\/\/www.haberler.com\/besiktas\/\" title=\"Be\u015fikta\u015f\" class=\"hbptTag\">Be\u015fikta\u015f<\/a> <\/h4>\n<\/div>\n","protected":false},"excerpt":{"rendered":"<p>Cumhurba\u015fkan\u0131 Recep Tayyip Erdo\u011fan, 2024 y\u0131l\u0131 Ziraat T\u00fcrkiye Kupas\u0131 ve Turkcell S\u00fcper Kupa&#8217;y\u0131 kazanan Be\u015fikta\u015f Jimnastik Kul\u00fcb\u00fc&#8217;n\u00fcn Ba\u015fkan\u0131 Hasan Arat, y\u00f6netim kurulu \u00fcyeleri ve sporcular\u0131n\u0131 Cumhurba\u015fkanl\u0131\u011f\u0131 K\u00fclliyesi&#8217;nde kabul etti. ERDO\u011eAN&#8217;DAN Z\u0130YARET SONRASI PAYLA\u015eIM Kabule ili\u015fkin payla\u015f\u0131mda bulunan Erdo\u011fan, \u015funlar\u0131 kaydetti: &#8220;\u00dclkemizin en k\u00f6kl\u00fc ve ba\u015far\u0131l\u0131 kul\u00fcplerinden olan Be\u015fikta\u015f Jimnastik Kul\u00fcb\u00fc&#8217;n\u00fcn Ba\u015fkan\u0131 Say\u0131n Hasan Arat&#8217;la birlikte<\/p>\n","protected":false},"author":1,"featured_media":61370,"comment_status":"open","ping_status":"open","sticky":false,"template":"","format":"standard","meta":{"footnotes":""},"categories":[83],"tags":[],"class_list":["post-61369","post","type-post","status-publish","format-standard","has-post-thumbnail","hentry","category-magazin"],"yoast_head":"<!-- This site is optimized with the Yoast SEO plugin v27.5 - https:\/\/yoast.com\/product\/yoast-seo-wordpress\/ -->\n<title>Cumhurba\u015fkan\u0131 Recep Tayyip Erdo\u011fan, T\u00fcrkiye Kupas\u0131 ve S\u00fcper Kupa \u015eampiyonu Be\u015fikta\u015f&#039;\u0131 kabul etti -<\/title>\n<meta name=\"robots\" content=\"index, follow, max-snippet:-1, max-image-preview:large, max-video-preview:-1\" \/>\n<link rel=\"canonical\" href=\"https:\/\/kibrisdakik.com\/?p=61369\" \/>\n<meta property=\"og:locale\" content=\"tr_TR\" \/>\n<meta property=\"og:type\" content=\"article\" \/>\n<meta property=\"og:title\" content=\"Cumhurba\u015fkan\u0131 Recep Tayyip Erdo\u011fan, T\u00fcrkiye Kupas\u0131 ve S\u00fcper Kupa \u015eampiyonu Be\u015fikta\u015f&#039;\u0131 kabul etti -\" \/>\n<meta property=\"og:description\" content=\"Cumhurba\u015fkan\u0131 Recep Tayyip Erdo\u011fan, 2024 y\u0131l\u0131 Ziraat T\u00fcrkiye Kupas\u0131 ve Turkcell S\u00fcper Kupa&#8217;y\u0131 kazanan Be\u015fikta\u015f Jimnastik Kul\u00fcb\u00fc&#8217;n\u00fcn Ba\u015fkan\u0131 Hasan Arat, y\u00f6netim kurulu \u00fcyeleri ve sporcular\u0131n\u0131 Cumhurba\u015fkanl\u0131\u011f\u0131 K\u00fclliyesi&#8217;nde kabul etti. ERDO\u011eAN&#8217;DAN Z\u0130YARET SONRASI PAYLA\u015eIM Kabule ili\u015fkin payla\u015f\u0131mda bulunan Erdo\u011fan, \u015funlar\u0131 kaydetti: &#8220;\u00dclkemizin en k\u00f6kl\u00fc ve ba\u015far\u0131l\u0131 kul\u00fcplerinden olan Be\u015fikta\u015f Jimnastik Kul\u00fcb\u00fc&#8217;n\u00fcn Ba\u015fkan\u0131 Say\u0131n Hasan Arat&#8217;la birlikte\" \/>\n<meta property=\"og:url\" content=\"https:\/\/kibrisdakik.com\/?p=61369\" \/>\n<meta property=\"article:published_time\" content=\"2024-09-11T16:50:57+00:00\" \/>\n<meta property=\"og:image\" content=\"https:\/\/kibrisdakik.com\/wp-content\/uploads\/2024\/09\/cumhurbaskani-recep-tayyip-erdogan-turkiye-17810826_203_m.jpg\" \/>\n\t<meta property=\"og:image:width\" content=\"640\" \/>\n\t<meta property=\"og:image:height\" content=\"407\" \/>\n\t<meta property=\"og:image:type\" content=\"image\/jpeg\" \/>\n<meta name=\"author\" content=\"admin\" \/>\n<meta name=\"twitter:card\" content=\"summary_large_image\" \/>\n<meta name=\"twitter:label1\" content=\"Yazan:\" \/>\n\t<meta name=\"twitter:data1\" content=\"admin\" \/>\n\t<meta name=\"twitter:label2\" content=\"Tahmini okuma s\u00fcresi\" \/>\n\t<meta name=\"twitter:data2\" content=\"1 dakika\" \/>\n<script type=\"application\/ld+json\" class=\"yoast-schema-graph\">{\"@context\":\"https:\\\/\\\/schema.org\",\"@graph\":[{\"@type\":\"Article\",\"@id\":\"https:\\\/\\\/kibrisdakik.com\\\/?p=61369#article\",\"isPartOf\":{\"@id\":\"https:\\\/\\\/kibrisdakik.com\\\/?p=61369\"},\"author\":{\"name\":\"admin\",\"@id\":\"https:\\\/\\\/kibrisdakik.com\\\/#\\\/schema\\\/person\\\/9cd9d437bbb44f72b73ba127e06d8e79\"},\"headline\":\"Cumhurba\u015fkan\u0131 Recep Tayyip Erdo\u011fan, T\u00fcrkiye Kupas\u0131 ve S\u00fcper Kupa \u015eampiyonu Be\u015fikta\u015f&#8217;\u0131 kabul etti\",\"datePublished\":\"2024-09-11T16:50:57+00:00\",\"mainEntityOfPage\":{\"@id\":\"https:\\\/\\\/kibrisdakik.com\\\/?p=61369\"},\"wordCount\":258,\"commentCount\":0,\"image\":{\"@id\":\"https:\\\/\\\/kibrisdakik.com\\\/?p=61369#primaryimage\"},\"thumbnailUrl\":\"https:\\\/\\\/kibrisdakik.com\\\/wp-content\\\/uploads\\\/2024\\\/09\\\/cumhurbaskani-recep-tayyip-erdogan-turkiye-17810826_203_m.jpg\",\"articleSection\":[\"Magazin\"],\"inLanguage\":\"tr\",\"potentialAction\":[{\"@type\":\"CommentAction\",\"name\":\"Comment\",\"target\":[\"https:\\\/\\\/kibrisdakik.com\\\/?p=61369#respond\"]}]},{\"@type\":\"WebPage\",\"@id\":\"https:\\\/\\\/kibrisdakik.com\\\/?p=61369\",\"url\":\"https:\\\/\\\/kibrisdakik.com\\\/?p=61369\",\"name\":\"Cumhurba\u015fkan\u0131 Recep Tayyip Erdo\u011fan, T\u00fcrkiye Kupas\u0131 ve S\u00fcper Kupa \u015eampiyonu Be\u015fikta\u015f'\u0131 kabul etti -\",\"isPartOf\":{\"@id\":\"https:\\\/\\\/kibrisdakik.com\\\/#website\"},\"primaryImageOfPage\":{\"@id\":\"https:\\\/\\\/kibrisdakik.com\\\/?p=61369#primaryimage\"},\"image\":{\"@id\":\"https:\\\/\\\/kibrisdakik.com\\\/?p=61369#primaryimage\"},\"thumbnailUrl\":\"https:\\\/\\\/kibrisdakik.com\\\/wp-content\\\/uploads\\\/2024\\\/09\\\/cumhurbaskani-recep-tayyip-erdogan-turkiye-17810826_203_m.jpg\",\"datePublished\":\"2024-09-11T16:50:57+00:00\",\"author\":{\"@id\":\"https:\\\/\\\/kibrisdakik.com\\\/#\\\/schema\\\/person\\\/9cd9d437bbb44f72b73ba127e06d8e79\"},\"breadcrumb\":{\"@id\":\"https:\\\/\\\/kibrisdakik.com\\\/?p=61369#breadcrumb\"},\"inLanguage\":\"tr\",\"potentialAction\":[{\"@type\":\"ReadAction\",\"target\":[\"https:\\\/\\\/kibrisdakik.com\\\/?p=61369\"]}]},{\"@type\":\"ImageObject\",\"inLanguage\":\"tr\",\"@id\":\"https:\\\/\\\/kibrisdakik.com\\\/?p=61369#primaryimage\",\"url\":\"https:\\\/\\\/kibrisdakik.com\\\/wp-content\\\/uploads\\\/2024\\\/09\\\/cumhurbaskani-recep-tayyip-erdogan-turkiye-17810826_203_m.jpg\",\"contentUrl\":\"https:\\\/\\\/kibrisdakik.com\\\/wp-content\\\/uploads\\\/2024\\\/09\\\/cumhurbaskani-recep-tayyip-erdogan-turkiye-17810826_203_m.jpg\",\"width\":640,\"height\":407},{\"@type\":\"BreadcrumbList\",\"@id\":\"https:\\\/\\\/kibrisdakik.com\\\/?p=61369#breadcrumb\",\"itemListElement\":[{\"@type\":\"ListItem\",\"position\":1,\"name\":\"Home\",\"item\":\"https:\\\/\\\/kibrisdakik.com\\\/\"},{\"@type\":\"ListItem\",\"position\":2,\"name\":\"Cumhurba\u015fkan\u0131 Recep Tayyip Erdo\u011fan, T\u00fcrkiye Kupas\u0131 ve S\u00fcper Kupa \u015eampiyonu Be\u015fikta\u015f&#8217;\u0131 kabul etti\"}]},{\"@type\":\"WebSite\",\"@id\":\"https:\\\/\\\/kibrisdakik.com\\\/#website\",\"url\":\"https:\\\/\\\/kibrisdakik.com\\\/\",\"name\":\"\",\"description\":\"Tam vaktinde haber\",\"potentialAction\":[{\"@type\":\"SearchAction\",\"target\":{\"@type\":\"EntryPoint\",\"urlTemplate\":\"https:\\\/\\\/kibrisdakik.com\\\/?s={search_term_string}\"},\"query-input\":{\"@type\":\"PropertyValueSpecification\",\"valueRequired\":true,\"valueName\":\"search_term_string\"}}],\"inLanguage\":\"tr\"},{\"@type\":\"Person\",\"@id\":\"https:\\\/\\\/kibrisdakik.com\\\/#\\\/schema\\\/person\\\/9cd9d437bbb44f72b73ba127e06d8e79\",\"name\":\"admin\",\"image\":{\"@type\":\"ImageObject\",\"inLanguage\":\"tr\",\"@id\":\"https:\\\/\\\/secure.gravatar.com\\\/avatar\\\/ccc17943b9d660506c869530f897617f7cb1c21a4bf30023f252596d83e1f007?s=96&d=mm&r=g\",\"url\":\"https:\\\/\\\/secure.gravatar.com\\\/avatar\\\/ccc17943b9d660506c869530f897617f7cb1c21a4bf30023f252596d83e1f007?s=96&d=mm&r=g\",\"contentUrl\":\"https:\\\/\\\/secure.gravatar.com\\\/avatar\\\/ccc17943b9d660506c869530f897617f7cb1c21a4bf30023f252596d83e1f007?s=96&d=mm&r=g\",\"caption\":\"admin\"},\"sameAs\":[\"https:\\\/\\\/kibrisdakik.com\"],\"url\":\"https:\\\/\\\/kibrisdakik.com\\\/?author=1\"}]}<\/script>\n<!-- \/ Yoast SEO plugin. -->","yoast_head_json":{"title":"Cumhurba\u015fkan\u0131 Recep Tayyip Erdo\u011fan, T\u00fcrkiye Kupas\u0131 ve S\u00fcper Kupa \u015eampiyonu Be\u015fikta\u015f'\u0131 kabul etti -","robots":{"index":"index","follow":"follow","max-snippet":"max-snippet:-1","max-image-preview":"max-image-preview:large","max-video-preview":"max-video-preview:-1"},"canonical":"https:\/\/kibrisdakik.com\/?p=61369","og_locale":"tr_TR","og_type":"article","og_title":"Cumhurba\u015fkan\u0131 Recep Tayyip Erdo\u011fan, T\u00fcrkiye Kupas\u0131 ve S\u00fcper Kupa \u015eampiyonu Be\u015fikta\u015f'\u0131 kabul etti -","og_description":"Cumhurba\u015fkan\u0131 Recep Tayyip Erdo\u011fan, 2024 y\u0131l\u0131 Ziraat T\u00fcrkiye Kupas\u0131 ve Turkcell S\u00fcper Kupa&#8217;y\u0131 kazanan Be\u015fikta\u015f Jimnastik Kul\u00fcb\u00fc&#8217;n\u00fcn Ba\u015fkan\u0131 Hasan Arat, y\u00f6netim kurulu \u00fcyeleri ve sporcular\u0131n\u0131 Cumhurba\u015fkanl\u0131\u011f\u0131 K\u00fclliyesi&#8217;nde kabul etti. ERDO\u011eAN&#8217;DAN Z\u0130YARET SONRASI PAYLA\u015eIM Kabule ili\u015fkin payla\u015f\u0131mda bulunan Erdo\u011fan, \u015funlar\u0131 kaydetti: &#8220;\u00dclkemizin en k\u00f6kl\u00fc ve ba\u015far\u0131l\u0131 kul\u00fcplerinden olan Be\u015fikta\u015f Jimnastik Kul\u00fcb\u00fc&#8217;n\u00fcn Ba\u015fkan\u0131 Say\u0131n Hasan Arat&#8217;la birlikte","og_url":"https:\/\/kibrisdakik.com\/?p=61369","article_published_time":"2024-09-11T16:50:57+00:00","og_image":[{"width":640,"height":407,"url":"https:\/\/kibrisdakik.com\/wp-content\/uploads\/2024\/09\/cumhurbaskani-recep-tayyip-erdogan-turkiye-17810826_203_m.jpg","type":"image\/jpeg"}],"author":"admin","twitter_card":"summary_large_image","twitter_misc":{"Yazan:":"admin","Tahmini okuma s\u00fcresi":"1 dakika"},"schema":{"@context":"https:\/\/schema.org","@graph":[{"@type":"Article","@id":"https:\/\/kibrisdakik.com\/?p=61369#article","isPartOf":{"@id":"https:\/\/kibrisdakik.com\/?p=61369"},"author":{"name":"admin","@id":"https:\/\/kibrisdakik.com\/#\/schema\/person\/9cd9d437bbb44f72b73ba127e06d8e79"},"headline":"Cumhurba\u015fkan\u0131 Recep Tayyip Erdo\u011fan, T\u00fcrkiye Kupas\u0131 ve S\u00fcper Kupa \u015eampiyonu Be\u015fikta\u015f&#8217;\u0131 kabul etti","datePublished":"2024-09-11T16:50:57+00:00","mainEntityOfPage":{"@id":"https:\/\/kibrisdakik.com\/?p=61369"},"wordCount":258,"commentCount":0,"image":{"@id":"https:\/\/kibrisdakik.com\/?p=61369#primaryimage"},"thumbnailUrl":"https:\/\/kibrisdakik.com\/wp-content\/uploads\/2024\/09\/cumhurbaskani-recep-tayyip-erdogan-turkiye-17810826_203_m.jpg","articleSection":["Magazin"],"inLanguage":"tr","potentialAction":[{"@type":"CommentAction","name":"Comment","target":["https:\/\/kibrisdakik.com\/?p=61369#respond"]}]},{"@type":"WebPage","@id":"https:\/\/kibrisdakik.com\/?p=61369","url":"https:\/\/kibrisdakik.com\/?p=61369","name":"Cumhurba\u015fkan\u0131 Recep Tayyip Erdo\u011fan, T\u00fcrkiye Kupas\u0131 ve S\u00fcper Kupa \u015eampiyonu Be\u015fikta\u015f'\u0131 kabul etti -","isPartOf":{"@id":"https:\/\/kibrisdakik.com\/#website"},"primaryImageOfPage":{"@id":"https:\/\/kibrisdakik.com\/?p=61369#primaryimage"},"image":{"@id":"https:\/\/kibrisdakik.com\/?p=61369#primaryimage"},"thumbnailUrl":"https:\/\/kibrisdakik.com\/wp-content\/uploads\/2024\/09\/cumhurbaskani-recep-tayyip-erdogan-turkiye-17810826_203_m.jpg","datePublished":"2024-09-11T16:50:57+00:00","author":{"@id":"https:\/\/kibrisdakik.com\/#\/schema\/person\/9cd9d437bbb44f72b73ba127e06d8e79"},"breadcrumb":{"@id":"https:\/\/kibrisdakik.com\/?p=61369#breadcrumb"},"inLanguage":"tr","potentialAction":[{"@type":"ReadAction","target":["https:\/\/kibrisdakik.com\/?p=61369"]}]},{"@type":"ImageObject","inLanguage":"tr","@id":"https:\/\/kibrisdakik.com\/?p=61369#primaryimage","url":"https:\/\/kibrisdakik.com\/wp-content\/uploads\/2024\/09\/cumhurbaskani-recep-tayyip-erdogan-turkiye-17810826_203_m.jpg","contentUrl":"https:\/\/kibrisdakik.com\/wp-content\/uploads\/2024\/09\/cumhurbaskani-recep-tayyip-erdogan-turkiye-17810826_203_m.jpg","width":640,"height":407},{"@type":"BreadcrumbList","@id":"https:\/\/kibrisdakik.com\/?p=61369#breadcrumb","itemListElement":[{"@type":"ListItem","position":1,"name":"Home","item":"https:\/\/kibrisdakik.com\/"},{"@type":"ListItem","position":2,"name":"Cumhurba\u015fkan\u0131 Recep Tayyip Erdo\u011fan, T\u00fcrkiye Kupas\u0131 ve S\u00fcper Kupa \u015eampiyonu Be\u015fikta\u015f&#8217;\u0131 kabul etti"}]},{"@type":"WebSite","@id":"https:\/\/kibrisdakik.com\/#website","url":"https:\/\/kibrisdakik.com\/","name":"","description":"Tam vaktinde haber","potentialAction":[{"@type":"SearchAction","target":{"@type":"EntryPoint","urlTemplate":"https:\/\/kibrisdakik.com\/?s={search_term_string}"},"query-input":{"@type":"PropertyValueSpecification","valueRequired":true,"valueName":"search_term_string"}}],"inLanguage":"tr"},{"@type":"Person","@id":"https:\/\/kibrisdakik.com\/#\/schema\/person\/9cd9d437bbb44f72b73ba127e06d8e79","name":"admin","image":{"@type":"ImageObject","inLanguage":"tr","@id":"https:\/\/secure.gravatar.com\/avatar\/ccc17943b9d660506c869530f897617f7cb1c21a4bf30023f252596d83e1f007?s=96&d=mm&r=g","url":"https:\/\/secure.gravatar.com\/avatar\/ccc17943b9d660506c869530f897617f7cb1c21a4bf30023f252596d83e1f007?s=96&d=mm&r=g","contentUrl":"https:\/\/secure.gravatar.com\/avatar\/ccc17943b9d660506c869530f897617f7cb1c21a4bf30023f252596d83e1f007?s=96&d=mm&r=g","caption":"admin"},"sameAs":["https:\/\/kibrisdakik.com"],"url":"https:\/\/kibrisdakik.com\/?author=1"}]}},"_links":{"self":[{"href":"https:\/\/kibrisdakik.com\/index.php?rest_route=\/wp\/v2\/posts\/61369","targetHints":{"allow":["GET"]}}],"collection":[{"href":"https:\/\/kibrisdakik.com\/index.php?rest_route=\/wp\/v2\/posts"}],"about":[{"href":"https:\/\/kibrisdakik.com\/index.php?rest_route=\/wp\/v2\/types\/post"}],"author":[{"embeddable":true,"href":"https:\/\/kibrisdakik.com\/index.php?rest_route=\/wp\/v2\/users\/1"}],"replies":[{"embeddable":true,"href":"https:\/\/kibrisdakik.com\/index.php?rest_route=%2Fwp%2Fv2%2Fcomments&post=61369"}],"version-history":[{"count":0,"href":"https:\/\/kibrisdakik.com\/index.php?rest_route=\/wp\/v2\/posts\/61369\/revisions"}],"wp:featuredmedia":[{"embeddable":true,"href":"https:\/\/kibrisdakik.com\/index.php?rest_route=\/wp\/v2\/media\/61370"}],"wp:attachment":[{"href":"https:\/\/kibrisdakik.com\/index.php?rest_route=%2Fwp%2Fv2%2Fmedia&parent=61369"}],"wp:term":[{"taxonomy":"category","embeddable":true,"href":"https:\/\/kibrisdakik.com\/index.php?rest_route=%2Fwp%2Fv2%2Fcategories&post=61369"},{"taxonomy":"post_tag","embeddable":true,"href":"https:\/\/kibrisdakik.com\/index.php?rest_route=%2Fwp%2Fv2%2Ftags&post=61369"}],"curies":[{"name":"wp","href":"https:\/\/api.w.org\/{rel}","templated":true}]}}