{"id":61460,"date":"2024-09-12T10:27:46","date_gmt":"2024-09-12T07:27:46","guid":{"rendered":"https:\/\/kibrisdakik.com\/index.php\/2024\/09\/12\/adana-milletvekili-bilal-bilici-iyi-partiden-chpye-gecis-surecini-anlatti\/"},"modified":"2024-09-12T10:27:46","modified_gmt":"2024-09-12T07:27:46","slug":"adana-milletvekili-bilal-bilici-iyi-partiden-chpye-gecis-surecini-anlatti","status":"publish","type":"post","link":"https:\/\/kibrisdakik.com\/?p=61460","title":{"rendered":"Adana Milletvekili Bilal Bilici \u0130Y\u0130 Parti&#8217;den CHP&#8217;ye ge\u00e7i\u015f s\u00fcrecini anlatt\u0131!"},"content":{"rendered":"<p><\/p>\n<div id=\"\">\n<p> <a class=\"keyword\" href=\"https:\/\/www.haberler.com\/iyi-parti\/\" title=\"\u0130yi Parti Haberleri, \u0130yi Parti Haberi, \u0130yi Parti Haber\"><strong>\u0130yi Parti<\/strong><\/a>&#8216;den CHP&#8217;ye ge\u00e7en Adana Milletvekili Bilal Bilici, Haberler.com st\u00fcdyosunda sunucu Emirhan Dursun&#8217;un konu\u011fu oldu. Genel ba\u015fkan de\u011fi\u015fikli\u011fi sonras\u0131nda  <a class=\"keyword\" href=\"https:\/\/www.haberler.com\/iyi-parti\/\" title=\"\u0130yi Parti Haberleri, \u0130yi Parti Haberi, \u0130yi Parti Haber\"><strong>\u0130yi Parti<\/strong><\/a>&#8216;de ya\u015fananlar\u0131 ve parti de\u011fi\u015ftirme s\u00fcrecini anlatan Bilici, babas\u0131n\u0131n parti de\u011fi\u015ftirme karar\u0131n\u0131 televizyondan \u00f6\u011frendi\u011fini s\u00f6yledi.<\/p>\n<p><img loading=\"lazy\" decoding=\"async\" class=\"hbptMainImage lazyload ImgDetay\" src=\"https:\/\/foto.haberler.com\/haber\/2024\/09\/12\/adana-milletvekili-bilal-bilici-iyi-parti-den-chp-17812063_7407_m.jpg\" alt=\"Adana Milletvekili Bilal Bilici \u0130Y\u0130 Parti'den CHP'ye ge\u00e7i\u015f s\u00fcrecini anlatt\u0131!\" width=\"640\" height=\"360\"\/><\/p>\n<h3>&#8220;\u0130Y\u0130 PART\u0130&#8217;N\u0130N \u0130DD\u0130ASI SARSILDI&#8221;<\/h3>\n<p>Siyasete \u0130Y\u0130 Parti eski genel ba\u015fkan\u0131 Meral Ak\u015fener ile ba\u015flad\u0131\u011f\u0131n\u0131 s\u00f6yleyen Bilal Bilici, &#8220;Genel ba\u015fkan de\u011fi\u015fikli\u011finden sonra \u0130Y\u0130 Parti&#8217;de neler oldu?&#8221; sorusuna, &#8220;Say\u0131n Meral Ak\u015fener genel ba\u015fkanl\u0131\u011f\u0131 b\u0131rakma karar\u0131 al\u0131nca partinin iddias\u0131 sars\u0131ld\u0131 ve merkez sa\u011f a\u00e7\u0131\u011f\u0131n\u0131, merkez sa\u011f ihtiyac\u0131n\u0131 kar\u015f\u0131lama ve yerine getirme durumu ortada kalmay\u0131nca ben de saha \u00e7al\u0131\u015fmalar\u0131nda vatanda\u015f\u0131n sesine kulak verdim ve partiden istifa etme gere\u011fini kabullendim.&#8221;<\/p>\n<p><img loading=\"lazy\" decoding=\"async\" class=\"hbptMainImage lazyload ImgDetay\" src=\"https:\/\/foto.haberler.com\/haber\/2024\/09\/12\/adana-milletvekili-bilal-bilici-iyi-parti-den-chp-17812063_8030_m.jpg\" alt=\"Adana Milletvekili Bilal Bilici \u0130Y\u0130 Parti'den CHP'ye ge\u00e7i\u015f s\u00fcrecini anlatt\u0131!\" width=\"640\" height=\"360\"\/><\/p>\n<h3>&#8220;BABAM PART\u0130 DE\u011e\u0130\u015eT\u0130RME KARARIMI TELEV\u0130ZYONDAN \u00d6\u011eREND\u0130&#8221;<\/h3>\n<p>\u0130Y\u0130 Parti&#8217;den CHP&#8217;ye ge\u00e7i\u015f s\u00fcrecinde gelen tepkileri anlatan Bilici, bu karar\u0131n\u0131 eski milletvekili olan babas\u0131 Mehmet Ali Bilici&#8217;nin televizyondan \u00f6\u011frendi\u011fini s\u00f6yledi. Bilici, &#8220;Aile olarak sa\u011f \u00e7izgide siyaset yapan bir aileden geliyorum. Benim se\u00e7ti\u011fim yol da Cumhuriyet Halk Partisi olunca farkl\u0131 g\u00f6r\u00fc\u015fler ortaya \u00e7\u0131kt\u0131. Babam parti de\u011fi\u015ftirdi\u011fimi televizyondan \u00f6\u011frendi. O an televizyon izliyorlarm\u0131\u015f, bana foto\u011fraflar\u0131m\u0131 g\u00f6nderdiler. Onlar i\u00e7in de farkl\u0131 bir deneyim oldu.&#8221;<\/p>\n<figure class=\"type:primaryimage hbhOrder\" style=\"margin-bottom: 20px;\"><img loading=\"lazy\" decoding=\"async\" width=\"1200\" height=\"675\" class=\"hbptMainImage\" id=\"HaberImage\" src=\"https:\/\/foto.haberler.com\/resize\/600x337\/haber\/2024\/09\/12\/adana-milletvekili-bilal-bilici-iyi-parti-den-chp-17812063_754_amp.jpg\"\/><\/figure>\n<h4 id=\"nwsKeywords\"> <a href=\"https:\/\/www.haberler.com\/mehmet-ali-bilici\/\" title=\"Mehmet Ali Bilici\" class=\"hbptTag\">Mehmet Ali Bilici<\/a>  <a href=\"https:\/\/www.haberler.com\/meral-aksener\/\" title=\"Meral Ak\u015fener\" class=\"hbptTag\">Meral Ak\u015fener<\/a>  <a href=\"https:\/\/www.haberler.com\/milletvekili\/\" title=\"Milletvekili\" class=\"hbptTag\">Milletvekili<\/a>  <a href=\"https:\/\/www.haberler.com\/iyi-parti\/\" title=\"\u0130Y\u0130 Parti\" class=\"hbptTag\">\u0130Y\u0130 Parti<\/a>  <a href=\"https:\/\/www.haberler.com\/politika\/\" title=\"Politika\" class=\"hbptTag\">Politika<\/a>  <a href=\"https:\/\/www.haberler.com\/3-sayfa\/\" title=\"3-sayfa\" class=\"hbptTag\">3-sayfa<\/a>  <a href=\"https:\/\/www.haberler.com\/adana\/\" title=\"Adana\" class=\"hbptTag\">Adana<\/a> <\/h4>\n<\/div>\n","protected":false},"excerpt":{"rendered":"<p>\u0130yi Parti&#8216;den CHP&#8217;ye ge\u00e7en Adana Milletvekili Bilal Bilici, Haberler.com st\u00fcdyosunda sunucu Emirhan Dursun&#8217;un konu\u011fu oldu. Genel ba\u015fkan de\u011fi\u015fikli\u011fi sonras\u0131nda \u0130yi Parti&#8216;de ya\u015fananlar\u0131 ve parti de\u011fi\u015ftirme s\u00fcrecini anlatan Bilici, babas\u0131n\u0131n parti de\u011fi\u015ftirme karar\u0131n\u0131 televizyondan \u00f6\u011frendi\u011fini s\u00f6yledi. &#8220;\u0130Y\u0130 PART\u0130&#8217;N\u0130N \u0130DD\u0130ASI SARSILDI&#8221; Siyasete \u0130Y\u0130 Parti eski genel ba\u015fkan\u0131 Meral Ak\u015fener ile ba\u015flad\u0131\u011f\u0131n\u0131 s\u00f6yleyen Bilal Bilici, &#8220;Genel ba\u015fkan de\u011fi\u015fikli\u011finden<\/p>\n","protected":false},"author":1,"featured_media":61461,"comment_status":"open","ping_status":"open","sticky":false,"template":"","format":"standard","meta":{"footnotes":""},"categories":[83],"tags":[],"class_list":["post-61460","post","type-post","status-publish","format-standard","has-post-thumbnail","hentry","category-magazin"],"yoast_head":"<!-- This site is optimized with the Yoast SEO plugin v27.5 - https:\/\/yoast.com\/product\/yoast-seo-wordpress\/ -->\n<title>Adana Milletvekili Bilal Bilici \u0130Y\u0130 Parti&#039;den CHP&#039;ye ge\u00e7i\u015f s\u00fcrecini anlatt\u0131! -<\/title>\n<meta name=\"robots\" content=\"index, follow, max-snippet:-1, max-image-preview:large, max-video-preview:-1\" \/>\n<link rel=\"canonical\" href=\"https:\/\/kibrisdakik.com\/?p=61460\" \/>\n<meta property=\"og:locale\" content=\"tr_TR\" \/>\n<meta property=\"og:type\" content=\"article\" \/>\n<meta property=\"og:title\" content=\"Adana Milletvekili Bilal Bilici \u0130Y\u0130 Parti&#039;den CHP&#039;ye ge\u00e7i\u015f s\u00fcrecini anlatt\u0131! -\" \/>\n<meta property=\"og:description\" content=\"\u0130yi Parti&#8216;den CHP&#8217;ye ge\u00e7en Adana Milletvekili Bilal Bilici, Haberler.com st\u00fcdyosunda sunucu Emirhan Dursun&#8217;un konu\u011fu oldu. Genel ba\u015fkan de\u011fi\u015fikli\u011fi sonras\u0131nda \u0130yi Parti&#8216;de ya\u015fananlar\u0131 ve parti de\u011fi\u015ftirme s\u00fcrecini anlatan Bilici, babas\u0131n\u0131n parti de\u011fi\u015ftirme karar\u0131n\u0131 televizyondan \u00f6\u011frendi\u011fini s\u00f6yledi. &#8220;\u0130Y\u0130 PART\u0130&#8217;N\u0130N \u0130DD\u0130ASI SARSILDI&#8221; Siyasete \u0130Y\u0130 Parti eski genel ba\u015fkan\u0131 Meral Ak\u015fener ile ba\u015flad\u0131\u011f\u0131n\u0131 s\u00f6yleyen Bilal Bilici, &#8220;Genel ba\u015fkan de\u011fi\u015fikli\u011finden\" \/>\n<meta property=\"og:url\" content=\"https:\/\/kibrisdakik.com\/?p=61460\" \/>\n<meta property=\"article:published_time\" content=\"2024-09-12T07:27:46+00:00\" \/>\n<meta property=\"og:image\" content=\"https:\/\/kibrisdakik.com\/wp-content\/uploads\/2024\/09\/adana-milletvekili-bilal-bilici-iyi-parti-den-chp-17812063_7407_m.jpg\" \/>\n\t<meta property=\"og:image:width\" content=\"640\" \/>\n\t<meta property=\"og:image:height\" content=\"360\" \/>\n\t<meta property=\"og:image:type\" content=\"image\/jpeg\" \/>\n<meta name=\"author\" content=\"admin\" \/>\n<meta name=\"twitter:card\" content=\"summary_large_image\" \/>\n<meta name=\"twitter:label1\" content=\"Yazan:\" \/>\n\t<meta name=\"twitter:data1\" content=\"admin\" \/>\n\t<meta name=\"twitter:label2\" content=\"Tahmini okuma s\u00fcresi\" \/>\n\t<meta name=\"twitter:data2\" content=\"1 dakika\" \/>\n<script type=\"application\/ld+json\" class=\"yoast-schema-graph\">{\"@context\":\"https:\\\/\\\/schema.org\",\"@graph\":[{\"@type\":\"Article\",\"@id\":\"https:\\\/\\\/kibrisdakik.com\\\/?p=61460#article\",\"isPartOf\":{\"@id\":\"https:\\\/\\\/kibrisdakik.com\\\/?p=61460\"},\"author\":{\"name\":\"admin\",\"@id\":\"https:\\\/\\\/kibrisdakik.com\\\/#\\\/schema\\\/person\\\/9cd9d437bbb44f72b73ba127e06d8e79\"},\"headline\":\"Adana Milletvekili Bilal Bilici \u0130Y\u0130 Parti&#8217;den CHP&#8217;ye ge\u00e7i\u015f s\u00fcrecini anlatt\u0131!\",\"datePublished\":\"2024-09-12T07:27:46+00:00\",\"mainEntityOfPage\":{\"@id\":\"https:\\\/\\\/kibrisdakik.com\\\/?p=61460\"},\"wordCount\":259,\"commentCount\":0,\"image\":{\"@id\":\"https:\\\/\\\/kibrisdakik.com\\\/?p=61460#primaryimage\"},\"thumbnailUrl\":\"https:\\\/\\\/kibrisdakik.com\\\/wp-content\\\/uploads\\\/2024\\\/09\\\/adana-milletvekili-bilal-bilici-iyi-parti-den-chp-17812063_7407_m.jpg\",\"articleSection\":[\"Magazin\"],\"inLanguage\":\"tr\",\"potentialAction\":[{\"@type\":\"CommentAction\",\"name\":\"Comment\",\"target\":[\"https:\\\/\\\/kibrisdakik.com\\\/?p=61460#respond\"]}]},{\"@type\":\"WebPage\",\"@id\":\"https:\\\/\\\/kibrisdakik.com\\\/?p=61460\",\"url\":\"https:\\\/\\\/kibrisdakik.com\\\/?p=61460\",\"name\":\"Adana Milletvekili Bilal Bilici \u0130Y\u0130 Parti'den CHP'ye ge\u00e7i\u015f s\u00fcrecini anlatt\u0131! -\",\"isPartOf\":{\"@id\":\"https:\\\/\\\/kibrisdakik.com\\\/#website\"},\"primaryImageOfPage\":{\"@id\":\"https:\\\/\\\/kibrisdakik.com\\\/?p=61460#primaryimage\"},\"image\":{\"@id\":\"https:\\\/\\\/kibrisdakik.com\\\/?p=61460#primaryimage\"},\"thumbnailUrl\":\"https:\\\/\\\/kibrisdakik.com\\\/wp-content\\\/uploads\\\/2024\\\/09\\\/adana-milletvekili-bilal-bilici-iyi-parti-den-chp-17812063_7407_m.jpg\",\"datePublished\":\"2024-09-12T07:27:46+00:00\",\"author\":{\"@id\":\"https:\\\/\\\/kibrisdakik.com\\\/#\\\/schema\\\/person\\\/9cd9d437bbb44f72b73ba127e06d8e79\"},\"breadcrumb\":{\"@id\":\"https:\\\/\\\/kibrisdakik.com\\\/?p=61460#breadcrumb\"},\"inLanguage\":\"tr\",\"potentialAction\":[{\"@type\":\"ReadAction\",\"target\":[\"https:\\\/\\\/kibrisdakik.com\\\/?p=61460\"]}]},{\"@type\":\"ImageObject\",\"inLanguage\":\"tr\",\"@id\":\"https:\\\/\\\/kibrisdakik.com\\\/?p=61460#primaryimage\",\"url\":\"https:\\\/\\\/kibrisdakik.com\\\/wp-content\\\/uploads\\\/2024\\\/09\\\/adana-milletvekili-bilal-bilici-iyi-parti-den-chp-17812063_7407_m.jpg\",\"contentUrl\":\"https:\\\/\\\/kibrisdakik.com\\\/wp-content\\\/uploads\\\/2024\\\/09\\\/adana-milletvekili-bilal-bilici-iyi-parti-den-chp-17812063_7407_m.jpg\",\"width\":640,\"height\":360},{\"@type\":\"BreadcrumbList\",\"@id\":\"https:\\\/\\\/kibrisdakik.com\\\/?p=61460#breadcrumb\",\"itemListElement\":[{\"@type\":\"ListItem\",\"position\":1,\"name\":\"Home\",\"item\":\"https:\\\/\\\/kibrisdakik.com\\\/\"},{\"@type\":\"ListItem\",\"position\":2,\"name\":\"Adana Milletvekili Bilal Bilici \u0130Y\u0130 Parti&#8217;den CHP&#8217;ye ge\u00e7i\u015f s\u00fcrecini anlatt\u0131!\"}]},{\"@type\":\"WebSite\",\"@id\":\"https:\\\/\\\/kibrisdakik.com\\\/#website\",\"url\":\"https:\\\/\\\/kibrisdakik.com\\\/\",\"name\":\"\",\"description\":\"Tam vaktinde haber\",\"potentialAction\":[{\"@type\":\"SearchAction\",\"target\":{\"@type\":\"EntryPoint\",\"urlTemplate\":\"https:\\\/\\\/kibrisdakik.com\\\/?s={search_term_string}\"},\"query-input\":{\"@type\":\"PropertyValueSpecification\",\"valueRequired\":true,\"valueName\":\"search_term_string\"}}],\"inLanguage\":\"tr\"},{\"@type\":\"Person\",\"@id\":\"https:\\\/\\\/kibrisdakik.com\\\/#\\\/schema\\\/person\\\/9cd9d437bbb44f72b73ba127e06d8e79\",\"name\":\"admin\",\"image\":{\"@type\":\"ImageObject\",\"inLanguage\":\"tr\",\"@id\":\"https:\\\/\\\/secure.gravatar.com\\\/avatar\\\/ccc17943b9d660506c869530f897617f7cb1c21a4bf30023f252596d83e1f007?s=96&d=mm&r=g\",\"url\":\"https:\\\/\\\/secure.gravatar.com\\\/avatar\\\/ccc17943b9d660506c869530f897617f7cb1c21a4bf30023f252596d83e1f007?s=96&d=mm&r=g\",\"contentUrl\":\"https:\\\/\\\/secure.gravatar.com\\\/avatar\\\/ccc17943b9d660506c869530f897617f7cb1c21a4bf30023f252596d83e1f007?s=96&d=mm&r=g\",\"caption\":\"admin\"},\"sameAs\":[\"https:\\\/\\\/kibrisdakik.com\"],\"url\":\"https:\\\/\\\/kibrisdakik.com\\\/?author=1\"}]}<\/script>\n<!-- \/ Yoast SEO plugin. -->","yoast_head_json":{"title":"Adana Milletvekili Bilal Bilici \u0130Y\u0130 Parti'den CHP'ye ge\u00e7i\u015f s\u00fcrecini anlatt\u0131! -","robots":{"index":"index","follow":"follow","max-snippet":"max-snippet:-1","max-image-preview":"max-image-preview:large","max-video-preview":"max-video-preview:-1"},"canonical":"https:\/\/kibrisdakik.com\/?p=61460","og_locale":"tr_TR","og_type":"article","og_title":"Adana Milletvekili Bilal Bilici \u0130Y\u0130 Parti'den CHP'ye ge\u00e7i\u015f s\u00fcrecini anlatt\u0131! -","og_description":"\u0130yi Parti&#8216;den CHP&#8217;ye ge\u00e7en Adana Milletvekili Bilal Bilici, Haberler.com st\u00fcdyosunda sunucu Emirhan Dursun&#8217;un konu\u011fu oldu. Genel ba\u015fkan de\u011fi\u015fikli\u011fi sonras\u0131nda \u0130yi Parti&#8216;de ya\u015fananlar\u0131 ve parti de\u011fi\u015ftirme s\u00fcrecini anlatan Bilici, babas\u0131n\u0131n parti de\u011fi\u015ftirme karar\u0131n\u0131 televizyondan \u00f6\u011frendi\u011fini s\u00f6yledi. &#8220;\u0130Y\u0130 PART\u0130&#8217;N\u0130N \u0130DD\u0130ASI SARSILDI&#8221; Siyasete \u0130Y\u0130 Parti eski genel ba\u015fkan\u0131 Meral Ak\u015fener ile ba\u015flad\u0131\u011f\u0131n\u0131 s\u00f6yleyen Bilal Bilici, &#8220;Genel ba\u015fkan de\u011fi\u015fikli\u011finden","og_url":"https:\/\/kibrisdakik.com\/?p=61460","article_published_time":"2024-09-12T07:27:46+00:00","og_image":[{"width":640,"height":360,"url":"https:\/\/kibrisdakik.com\/wp-content\/uploads\/2024\/09\/adana-milletvekili-bilal-bilici-iyi-parti-den-chp-17812063_7407_m.jpg","type":"image\/jpeg"}],"author":"admin","twitter_card":"summary_large_image","twitter_misc":{"Yazan:":"admin","Tahmini okuma s\u00fcresi":"1 dakika"},"schema":{"@context":"https:\/\/schema.org","@graph":[{"@type":"Article","@id":"https:\/\/kibrisdakik.com\/?p=61460#article","isPartOf":{"@id":"https:\/\/kibrisdakik.com\/?p=61460"},"author":{"name":"admin","@id":"https:\/\/kibrisdakik.com\/#\/schema\/person\/9cd9d437bbb44f72b73ba127e06d8e79"},"headline":"Adana Milletvekili Bilal Bilici \u0130Y\u0130 Parti&#8217;den CHP&#8217;ye ge\u00e7i\u015f s\u00fcrecini anlatt\u0131!","datePublished":"2024-09-12T07:27:46+00:00","mainEntityOfPage":{"@id":"https:\/\/kibrisdakik.com\/?p=61460"},"wordCount":259,"commentCount":0,"image":{"@id":"https:\/\/kibrisdakik.com\/?p=61460#primaryimage"},"thumbnailUrl":"https:\/\/kibrisdakik.com\/wp-content\/uploads\/2024\/09\/adana-milletvekili-bilal-bilici-iyi-parti-den-chp-17812063_7407_m.jpg","articleSection":["Magazin"],"inLanguage":"tr","potentialAction":[{"@type":"CommentAction","name":"Comment","target":["https:\/\/kibrisdakik.com\/?p=61460#respond"]}]},{"@type":"WebPage","@id":"https:\/\/kibrisdakik.com\/?p=61460","url":"https:\/\/kibrisdakik.com\/?p=61460","name":"Adana Milletvekili Bilal Bilici \u0130Y\u0130 Parti'den CHP'ye ge\u00e7i\u015f s\u00fcrecini anlatt\u0131! -","isPartOf":{"@id":"https:\/\/kibrisdakik.com\/#website"},"primaryImageOfPage":{"@id":"https:\/\/kibrisdakik.com\/?p=61460#primaryimage"},"image":{"@id":"https:\/\/kibrisdakik.com\/?p=61460#primaryimage"},"thumbnailUrl":"https:\/\/kibrisdakik.com\/wp-content\/uploads\/2024\/09\/adana-milletvekili-bilal-bilici-iyi-parti-den-chp-17812063_7407_m.jpg","datePublished":"2024-09-12T07:27:46+00:00","author":{"@id":"https:\/\/kibrisdakik.com\/#\/schema\/person\/9cd9d437bbb44f72b73ba127e06d8e79"},"breadcrumb":{"@id":"https:\/\/kibrisdakik.com\/?p=61460#breadcrumb"},"inLanguage":"tr","potentialAction":[{"@type":"ReadAction","target":["https:\/\/kibrisdakik.com\/?p=61460"]}]},{"@type":"ImageObject","inLanguage":"tr","@id":"https:\/\/kibrisdakik.com\/?p=61460#primaryimage","url":"https:\/\/kibrisdakik.com\/wp-content\/uploads\/2024\/09\/adana-milletvekili-bilal-bilici-iyi-parti-den-chp-17812063_7407_m.jpg","contentUrl":"https:\/\/kibrisdakik.com\/wp-content\/uploads\/2024\/09\/adana-milletvekili-bilal-bilici-iyi-parti-den-chp-17812063_7407_m.jpg","width":640,"height":360},{"@type":"BreadcrumbList","@id":"https:\/\/kibrisdakik.com\/?p=61460#breadcrumb","itemListElement":[{"@type":"ListItem","position":1,"name":"Home","item":"https:\/\/kibrisdakik.com\/"},{"@type":"ListItem","position":2,"name":"Adana Milletvekili Bilal Bilici \u0130Y\u0130 Parti&#8217;den CHP&#8217;ye ge\u00e7i\u015f s\u00fcrecini anlatt\u0131!"}]},{"@type":"WebSite","@id":"https:\/\/kibrisdakik.com\/#website","url":"https:\/\/kibrisdakik.com\/","name":"","description":"Tam vaktinde haber","potentialAction":[{"@type":"SearchAction","target":{"@type":"EntryPoint","urlTemplate":"https:\/\/kibrisdakik.com\/?s={search_term_string}"},"query-input":{"@type":"PropertyValueSpecification","valueRequired":true,"valueName":"search_term_string"}}],"inLanguage":"tr"},{"@type":"Person","@id":"https:\/\/kibrisdakik.com\/#\/schema\/person\/9cd9d437bbb44f72b73ba127e06d8e79","name":"admin","image":{"@type":"ImageObject","inLanguage":"tr","@id":"https:\/\/secure.gravatar.com\/avatar\/ccc17943b9d660506c869530f897617f7cb1c21a4bf30023f252596d83e1f007?s=96&d=mm&r=g","url":"https:\/\/secure.gravatar.com\/avatar\/ccc17943b9d660506c869530f897617f7cb1c21a4bf30023f252596d83e1f007?s=96&d=mm&r=g","contentUrl":"https:\/\/secure.gravatar.com\/avatar\/ccc17943b9d660506c869530f897617f7cb1c21a4bf30023f252596d83e1f007?s=96&d=mm&r=g","caption":"admin"},"sameAs":["https:\/\/kibrisdakik.com"],"url":"https:\/\/kibrisdakik.com\/?author=1"}]}},"_links":{"self":[{"href":"https:\/\/kibrisdakik.com\/index.php?rest_route=\/wp\/v2\/posts\/61460","targetHints":{"allow":["GET"]}}],"collection":[{"href":"https:\/\/kibrisdakik.com\/index.php?rest_route=\/wp\/v2\/posts"}],"about":[{"href":"https:\/\/kibrisdakik.com\/index.php?rest_route=\/wp\/v2\/types\/post"}],"author":[{"embeddable":true,"href":"https:\/\/kibrisdakik.com\/index.php?rest_route=\/wp\/v2\/users\/1"}],"replies":[{"embeddable":true,"href":"https:\/\/kibrisdakik.com\/index.php?rest_route=%2Fwp%2Fv2%2Fcomments&post=61460"}],"version-history":[{"count":0,"href":"https:\/\/kibrisdakik.com\/index.php?rest_route=\/wp\/v2\/posts\/61460\/revisions"}],"wp:featuredmedia":[{"embeddable":true,"href":"https:\/\/kibrisdakik.com\/index.php?rest_route=\/wp\/v2\/media\/61461"}],"wp:attachment":[{"href":"https:\/\/kibrisdakik.com\/index.php?rest_route=%2Fwp%2Fv2%2Fmedia&parent=61460"}],"wp:term":[{"taxonomy":"category","embeddable":true,"href":"https:\/\/kibrisdakik.com\/index.php?rest_route=%2Fwp%2Fv2%2Fcategories&post=61460"},{"taxonomy":"post_tag","embeddable":true,"href":"https:\/\/kibrisdakik.com\/index.php?rest_route=%2Fwp%2Fv2%2Ftags&post=61460"}],"curies":[{"name":"wp","href":"https:\/\/api.w.org\/{rel}","templated":true}]}}