{"id":61516,"date":"2024-09-12T13:14:52","date_gmt":"2024-09-12T10:14:52","guid":{"rendered":"https:\/\/kibrisdakik.com\/index.php\/2024\/09\/12\/eylem-insaatlar-devam-ederken-can-guvenliginden-bahsedilemez\/"},"modified":"2024-09-12T13:14:52","modified_gmt":"2024-09-12T10:14:52","slug":"eylem-insaatlar-devam-ederken-can-guvenliginden-bahsedilemez","status":"publish","type":"post","link":"https:\/\/kibrisdakik.com\/?p=61516","title":{"rendered":"Eylem: \u0130n\u015faatlar devam ederken can g\u00fcvenli\u011finden bahsedilemez"},"content":{"rendered":"<div>\n<div class=\"mariselle-image-container center\">\n                                            <\/div>\n<p>K\u0131br\u0131s T\u00fcrk Orta E\u011fitim \u00d6\u011fretmenler Sendikas\u0131(KTOE\u00d6S)  ,Lapta Yavuzlar Lisesi\u2019nden 6\u2019nc\u0131 s\u0131n\u0131f \u00f6\u011frencilerin, e\u011fitime ba\u015flayaca\u011f\u0131, eski huzurevi ve gen\u00e7lik kamp\u0131 yan\u0131ndaki  konteyner s\u0131n\u0131flar b\u00f6lgesinde a\u00e7\u0131klama yapt\u0131.<\/p>\n<p>Sendika Ba\u015fkan\u0131 Selma Eylem, e\u011fitim y\u0131l\u0131n\u0131n pazartesi g\u00fcn\u00fc ba\u015flayacak olmas\u0131na ra\u011fmen, b\u00f6lgede \u00e7al\u0131\u015fmalar\u0131n hala devam etti\u011fini ve bir \u015fantiye durumunda oldu\u011funu belirtti.<\/p>\n<p>S\u00f6z konusu b\u00f6lgede konteyner s\u0131n\u0131flar in\u015fa edebilmek i\u00e7in 2 derenin aras\u0131n\u0131n toprakla dolduruldu\u011funu iddia eden Eylem,  bunun ciddi anlamda tehlike arz etti\u011fini kaydetti.<\/p>\n<p>Selma Eylem, okullarda in\u015faatlar\u0131n devam etti\u011fi, dere yataklar\u0131n\u0131n doldurularak konteyner s\u0131n\u0131flar\u0131n yap\u0131ld\u0131\u011f\u0131 bir ortamda can g\u00fcvenli\u011finden  bahsedilemeyece\u011fini ifade etti.<\/p>\n<p>Yeni e\u011fitim \u00f6\u011fretim y\u0131l\u0131n\u0131n, tehlike arz eden okul binalar\u0131, konteyner s\u0131n\u0131flar ve \u00f6\u011fretmen eksiklikleriyle  ba\u015flayaca\u011f\u0131n\u0131 s\u00f6yleyen Eylem, Milli E\u011fitim Bakan\u0131 Naz\u0131m Bakan \u00c7avu\u015fo\u011flu\u2019nun yapt\u0131\u011f\u0131 a\u00e7\u0131klamalar\u0131n ise ger\u00e7ekleri yans\u0131tmad\u0131\u011f\u0131n\u0131 s\u00f6yledi.<\/p>\n<div class=\"mariselle-image-container center\">\n                <img loading=\"lazy\" decoding=\"async\" width=\"1600\" height=\"900\" class=\"lazy-image\" alt=\"\" sizes=\"auto, (max-width: 1600px) 100vw, 1600px\" src=\"https:\/\/brtk.net\/wp-content\/uploads\/2024\/09\/12\/dsakdsak.jpg?ver=ef488abaa8325a0dc76758b3d80e72e1\" srcset=\"https:\/\/brtk.net\/wp-content\/uploads\/2024\/09\/12\/dsakdsak.jpg?ver=ef488abaa8325a0dc76758b3d80e72e1 1600w, https:\/\/brtk.net\/wp-content\/uploads\/2024\/09\/12\/dsakdsak-300x169.jpg?ver=1a35b0d0b72968fa5de64ad20f1e76b6 300w, https:\/\/brtk.net\/wp-content\/uploads\/2024\/09\/12\/dsakdsak-1024x576.jpg?ver=f2d1c26aeedf053191062b5ced8bf239 1024w, https:\/\/brtk.net\/wp-content\/uploads\/2024\/09\/12\/dsakdsak-768x432.jpg?ver=f2d1c26aeedf053191062b5ced8bf239 768w, https:\/\/brtk.net\/wp-content\/uploads\/2024\/09\/12\/dsakdsak-1536x864.jpg?ver=f2d1c26aeedf053191062b5ced8bf239 1536w\"\/>                            <\/div>\n<p>KTOE\u00d6S Genel Sekreteri Tahir G\u00f6k\u00e7ebel de \u00fclkede okul yapma kriterlerinin yasalarla belirlendi\u011fini,  bunun i\u00e7in bakanlar kurulu karar\u0131na, detayl\u0131 \u015fekilde haz\u0131rlanm\u0131\u015f;, mimarlar , m\u00fchendisler odas\u0131ndan onay alm\u0131\u015f, \u00e7ed raporu olan proje gerekti\u011fini dile getirerek, Eski Lapta Huzurevi B\u00f6lgesi\u2019nde olu\u015fturulan  projede bu kriterlerin hi\u00e7birinin bulunmad\u0131\u011f\u0131n\u0131 savundu.<\/p>\n<p>Bakanl\u0131\u011f\u0131 , 2 y\u0131ld\u0131r , okullar\u0131n deprem riski raporlar\u0131n\u0131  a\u00e7\u0131klamamas\u0131 nedeniyle de ele\u015ftiren G\u00f6k\u00e7ebel, deprem i\u00e7in vatanda\u015flardan toplanan paralar\u0131n konteyner s\u0131n\u0131rlarla havaya  at\u0131ld\u0131\u011f\u0131n\u0131 savundu.<\/p>\n<p>Lapta Yavuzlar Lisesi Okul Aile Birli\u011fi Ba\u015fkan\u0131 Dervi\u015f \u015eah da, okula kay\u0131tlar\u0131n hala devam etti\u011fini pazartesi g\u00fcn\u00fc  b\u00f6lgede olu\u015fturulacak konteyner s\u0131n\u0131flarda, en az 180 alt\u0131nc\u0131 s\u0131n\u0131f \u00f6\u011frencisinin ders ba\u015f\u0131 yapaca\u011f\u0131n\u0131 ifade etti.<\/p>\n<\/p><\/div>\n<p><script async\n                    defer\n                    crossorigin=\"anonymous\"\n                    src=\"https:\/\/connect.facebook.net\/tr_TR\/sdk.js#xfbml=1&#038;version=v3.3\"\n            ><\/script><\/p>\n","protected":false},"excerpt":{"rendered":"<p>K\u0131br\u0131s T\u00fcrk Orta E\u011fitim \u00d6\u011fretmenler Sendikas\u0131(KTOE\u00d6S) ,Lapta Yavuzlar Lisesi\u2019nden 6\u2019nc\u0131 s\u0131n\u0131f \u00f6\u011frencilerin, e\u011fitime ba\u015flayaca\u011f\u0131, eski huzurevi ve gen\u00e7lik kamp\u0131 yan\u0131ndaki konteyner s\u0131n\u0131flar b\u00f6lgesinde a\u00e7\u0131klama yapt\u0131. Sendika Ba\u015fkan\u0131 Selma Eylem, e\u011fitim y\u0131l\u0131n\u0131n pazartesi g\u00fcn\u00fc ba\u015flayacak olmas\u0131na ra\u011fmen, b\u00f6lgede \u00e7al\u0131\u015fmalar\u0131n hala devam etti\u011fini ve bir \u015fantiye durumunda oldu\u011funu belirtti. S\u00f6z konusu b\u00f6lgede konteyner s\u0131n\u0131flar in\u015fa edebilmek i\u00e7in<\/p>\n","protected":false},"author":1,"featured_media":61517,"comment_status":"open","ping_status":"open","sticky":false,"template":"","format":"standard","meta":{"footnotes":""},"categories":[81],"tags":[],"class_list":["post-61516","post","type-post","status-publish","format-standard","has-post-thumbnail","hentry","category-kibris"],"yoast_head":"<!-- This site is optimized with the Yoast SEO plugin v27.5 - https:\/\/yoast.com\/product\/yoast-seo-wordpress\/ -->\n<title>Eylem: \u0130n\u015faatlar devam ederken can g\u00fcvenli\u011finden bahsedilemez -<\/title>\n<meta name=\"robots\" content=\"index, follow, max-snippet:-1, max-image-preview:large, max-video-preview:-1\" \/>\n<link rel=\"canonical\" href=\"https:\/\/kibrisdakik.com\/?p=61516\" \/>\n<meta property=\"og:locale\" content=\"tr_TR\" \/>\n<meta property=\"og:type\" content=\"article\" \/>\n<meta property=\"og:title\" content=\"Eylem: \u0130n\u015faatlar devam ederken can g\u00fcvenli\u011finden bahsedilemez -\" \/>\n<meta property=\"og:description\" content=\"K\u0131br\u0131s T\u00fcrk Orta E\u011fitim \u00d6\u011fretmenler Sendikas\u0131(KTOE\u00d6S) ,Lapta Yavuzlar Lisesi\u2019nden 6\u2019nc\u0131 s\u0131n\u0131f \u00f6\u011frencilerin, e\u011fitime ba\u015flayaca\u011f\u0131, eski huzurevi ve gen\u00e7lik kamp\u0131 yan\u0131ndaki konteyner s\u0131n\u0131flar b\u00f6lgesinde a\u00e7\u0131klama yapt\u0131. Sendika Ba\u015fkan\u0131 Selma Eylem, e\u011fitim y\u0131l\u0131n\u0131n pazartesi g\u00fcn\u00fc ba\u015flayacak olmas\u0131na ra\u011fmen, b\u00f6lgede \u00e7al\u0131\u015fmalar\u0131n hala devam etti\u011fini ve bir \u015fantiye durumunda oldu\u011funu belirtti. S\u00f6z konusu b\u00f6lgede konteyner s\u0131n\u0131flar in\u015fa edebilmek i\u00e7in\" \/>\n<meta property=\"og:url\" content=\"https:\/\/kibrisdakik.com\/?p=61516\" \/>\n<meta property=\"article:published_time\" content=\"2024-09-12T10:14:52+00:00\" \/>\n<meta property=\"og:image\" content=\"https:\/\/kibrisdakik.com\/wp-content\/uploads\/2024\/09\/saskdsak-740x420.jpg\" \/>\n\t<meta property=\"og:image:width\" content=\"1600\" \/>\n\t<meta property=\"og:image:height\" content=\"900\" \/>\n\t<meta property=\"og:image:type\" content=\"image\/jpeg\" \/>\n<meta name=\"author\" content=\"admin\" \/>\n<meta name=\"twitter:card\" content=\"summary_large_image\" \/>\n<meta name=\"twitter:label1\" content=\"Yazan:\" \/>\n\t<meta name=\"twitter:data1\" content=\"admin\" \/>\n\t<meta name=\"twitter:label2\" content=\"Tahmini okuma s\u00fcresi\" \/>\n\t<meta name=\"twitter:data2\" content=\"2 dakika\" \/>\n<script type=\"application\/ld+json\" class=\"yoast-schema-graph\">{\"@context\":\"https:\\\/\\\/schema.org\",\"@graph\":[{\"@type\":\"Article\",\"@id\":\"https:\\\/\\\/kibrisdakik.com\\\/?p=61516#article\",\"isPartOf\":{\"@id\":\"https:\\\/\\\/kibrisdakik.com\\\/?p=61516\"},\"author\":{\"name\":\"admin\",\"@id\":\"https:\\\/\\\/kibrisdakik.com\\\/#\\\/schema\\\/person\\\/9cd9d437bbb44f72b73ba127e06d8e79\"},\"headline\":\"Eylem: \u0130n\u015faatlar devam ederken can g\u00fcvenli\u011finden bahsedilemez\",\"datePublished\":\"2024-09-12T10:14:52+00:00\",\"mainEntityOfPage\":{\"@id\":\"https:\\\/\\\/kibrisdakik.com\\\/?p=61516\"},\"wordCount\":339,\"commentCount\":0,\"image\":{\"@id\":\"https:\\\/\\\/kibrisdakik.com\\\/?p=61516#primaryimage\"},\"thumbnailUrl\":\"https:\\\/\\\/kibrisdakik.com\\\/wp-content\\\/uploads\\\/2024\\\/09\\\/saskdsak-740x420.jpg\",\"articleSection\":[\"K\u0131br\u0131s\"],\"inLanguage\":\"tr\",\"potentialAction\":[{\"@type\":\"CommentAction\",\"name\":\"Comment\",\"target\":[\"https:\\\/\\\/kibrisdakik.com\\\/?p=61516#respond\"]}]},{\"@type\":\"WebPage\",\"@id\":\"https:\\\/\\\/kibrisdakik.com\\\/?p=61516\",\"url\":\"https:\\\/\\\/kibrisdakik.com\\\/?p=61516\",\"name\":\"Eylem: \u0130n\u015faatlar devam ederken can g\u00fcvenli\u011finden bahsedilemez -\",\"isPartOf\":{\"@id\":\"https:\\\/\\\/kibrisdakik.com\\\/#website\"},\"primaryImageOfPage\":{\"@id\":\"https:\\\/\\\/kibrisdakik.com\\\/?p=61516#primaryimage\"},\"image\":{\"@id\":\"https:\\\/\\\/kibrisdakik.com\\\/?p=61516#primaryimage\"},\"thumbnailUrl\":\"https:\\\/\\\/kibrisdakik.com\\\/wp-content\\\/uploads\\\/2024\\\/09\\\/saskdsak-740x420.jpg\",\"datePublished\":\"2024-09-12T10:14:52+00:00\",\"author\":{\"@id\":\"https:\\\/\\\/kibrisdakik.com\\\/#\\\/schema\\\/person\\\/9cd9d437bbb44f72b73ba127e06d8e79\"},\"breadcrumb\":{\"@id\":\"https:\\\/\\\/kibrisdakik.com\\\/?p=61516#breadcrumb\"},\"inLanguage\":\"tr\",\"potentialAction\":[{\"@type\":\"ReadAction\",\"target\":[\"https:\\\/\\\/kibrisdakik.com\\\/?p=61516\"]}]},{\"@type\":\"ImageObject\",\"inLanguage\":\"tr\",\"@id\":\"https:\\\/\\\/kibrisdakik.com\\\/?p=61516#primaryimage\",\"url\":\"https:\\\/\\\/kibrisdakik.com\\\/wp-content\\\/uploads\\\/2024\\\/09\\\/saskdsak-740x420.jpg\",\"contentUrl\":\"https:\\\/\\\/kibrisdakik.com\\\/wp-content\\\/uploads\\\/2024\\\/09\\\/saskdsak-740x420.jpg\",\"width\":1600,\"height\":900},{\"@type\":\"BreadcrumbList\",\"@id\":\"https:\\\/\\\/kibrisdakik.com\\\/?p=61516#breadcrumb\",\"itemListElement\":[{\"@type\":\"ListItem\",\"position\":1,\"name\":\"Home\",\"item\":\"https:\\\/\\\/kibrisdakik.com\\\/\"},{\"@type\":\"ListItem\",\"position\":2,\"name\":\"Eylem: \u0130n\u015faatlar devam ederken can g\u00fcvenli\u011finden bahsedilemez\"}]},{\"@type\":\"WebSite\",\"@id\":\"https:\\\/\\\/kibrisdakik.com\\\/#website\",\"url\":\"https:\\\/\\\/kibrisdakik.com\\\/\",\"name\":\"\",\"description\":\"Tam vaktinde haber\",\"potentialAction\":[{\"@type\":\"SearchAction\",\"target\":{\"@type\":\"EntryPoint\",\"urlTemplate\":\"https:\\\/\\\/kibrisdakik.com\\\/?s={search_term_string}\"},\"query-input\":{\"@type\":\"PropertyValueSpecification\",\"valueRequired\":true,\"valueName\":\"search_term_string\"}}],\"inLanguage\":\"tr\"},{\"@type\":\"Person\",\"@id\":\"https:\\\/\\\/kibrisdakik.com\\\/#\\\/schema\\\/person\\\/9cd9d437bbb44f72b73ba127e06d8e79\",\"name\":\"admin\",\"image\":{\"@type\":\"ImageObject\",\"inLanguage\":\"tr\",\"@id\":\"https:\\\/\\\/secure.gravatar.com\\\/avatar\\\/ccc17943b9d660506c869530f897617f7cb1c21a4bf30023f252596d83e1f007?s=96&d=mm&r=g\",\"url\":\"https:\\\/\\\/secure.gravatar.com\\\/avatar\\\/ccc17943b9d660506c869530f897617f7cb1c21a4bf30023f252596d83e1f007?s=96&d=mm&r=g\",\"contentUrl\":\"https:\\\/\\\/secure.gravatar.com\\\/avatar\\\/ccc17943b9d660506c869530f897617f7cb1c21a4bf30023f252596d83e1f007?s=96&d=mm&r=g\",\"caption\":\"admin\"},\"sameAs\":[\"https:\\\/\\\/kibrisdakik.com\"],\"url\":\"https:\\\/\\\/kibrisdakik.com\\\/?author=1\"}]}<\/script>\n<!-- \/ Yoast SEO plugin. -->","yoast_head_json":{"title":"Eylem: \u0130n\u015faatlar devam ederken can g\u00fcvenli\u011finden bahsedilemez -","robots":{"index":"index","follow":"follow","max-snippet":"max-snippet:-1","max-image-preview":"max-image-preview:large","max-video-preview":"max-video-preview:-1"},"canonical":"https:\/\/kibrisdakik.com\/?p=61516","og_locale":"tr_TR","og_type":"article","og_title":"Eylem: \u0130n\u015faatlar devam ederken can g\u00fcvenli\u011finden bahsedilemez -","og_description":"K\u0131br\u0131s T\u00fcrk Orta E\u011fitim \u00d6\u011fretmenler Sendikas\u0131(KTOE\u00d6S) ,Lapta Yavuzlar Lisesi\u2019nden 6\u2019nc\u0131 s\u0131n\u0131f \u00f6\u011frencilerin, e\u011fitime ba\u015flayaca\u011f\u0131, eski huzurevi ve gen\u00e7lik kamp\u0131 yan\u0131ndaki konteyner s\u0131n\u0131flar b\u00f6lgesinde a\u00e7\u0131klama yapt\u0131. Sendika Ba\u015fkan\u0131 Selma Eylem, e\u011fitim y\u0131l\u0131n\u0131n pazartesi g\u00fcn\u00fc ba\u015flayacak olmas\u0131na ra\u011fmen, b\u00f6lgede \u00e7al\u0131\u015fmalar\u0131n hala devam etti\u011fini ve bir \u015fantiye durumunda oldu\u011funu belirtti. S\u00f6z konusu b\u00f6lgede konteyner s\u0131n\u0131flar in\u015fa edebilmek i\u00e7in","og_url":"https:\/\/kibrisdakik.com\/?p=61516","article_published_time":"2024-09-12T10:14:52+00:00","og_image":[{"width":1600,"height":900,"url":"https:\/\/kibrisdakik.com\/wp-content\/uploads\/2024\/09\/saskdsak-740x420.jpg","type":"image\/jpeg"}],"author":"admin","twitter_card":"summary_large_image","twitter_misc":{"Yazan:":"admin","Tahmini okuma s\u00fcresi":"2 dakika"},"schema":{"@context":"https:\/\/schema.org","@graph":[{"@type":"Article","@id":"https:\/\/kibrisdakik.com\/?p=61516#article","isPartOf":{"@id":"https:\/\/kibrisdakik.com\/?p=61516"},"author":{"name":"admin","@id":"https:\/\/kibrisdakik.com\/#\/schema\/person\/9cd9d437bbb44f72b73ba127e06d8e79"},"headline":"Eylem: \u0130n\u015faatlar devam ederken can g\u00fcvenli\u011finden bahsedilemez","datePublished":"2024-09-12T10:14:52+00:00","mainEntityOfPage":{"@id":"https:\/\/kibrisdakik.com\/?p=61516"},"wordCount":339,"commentCount":0,"image":{"@id":"https:\/\/kibrisdakik.com\/?p=61516#primaryimage"},"thumbnailUrl":"https:\/\/kibrisdakik.com\/wp-content\/uploads\/2024\/09\/saskdsak-740x420.jpg","articleSection":["K\u0131br\u0131s"],"inLanguage":"tr","potentialAction":[{"@type":"CommentAction","name":"Comment","target":["https:\/\/kibrisdakik.com\/?p=61516#respond"]}]},{"@type":"WebPage","@id":"https:\/\/kibrisdakik.com\/?p=61516","url":"https:\/\/kibrisdakik.com\/?p=61516","name":"Eylem: \u0130n\u015faatlar devam ederken can g\u00fcvenli\u011finden bahsedilemez -","isPartOf":{"@id":"https:\/\/kibrisdakik.com\/#website"},"primaryImageOfPage":{"@id":"https:\/\/kibrisdakik.com\/?p=61516#primaryimage"},"image":{"@id":"https:\/\/kibrisdakik.com\/?p=61516#primaryimage"},"thumbnailUrl":"https:\/\/kibrisdakik.com\/wp-content\/uploads\/2024\/09\/saskdsak-740x420.jpg","datePublished":"2024-09-12T10:14:52+00:00","author":{"@id":"https:\/\/kibrisdakik.com\/#\/schema\/person\/9cd9d437bbb44f72b73ba127e06d8e79"},"breadcrumb":{"@id":"https:\/\/kibrisdakik.com\/?p=61516#breadcrumb"},"inLanguage":"tr","potentialAction":[{"@type":"ReadAction","target":["https:\/\/kibrisdakik.com\/?p=61516"]}]},{"@type":"ImageObject","inLanguage":"tr","@id":"https:\/\/kibrisdakik.com\/?p=61516#primaryimage","url":"https:\/\/kibrisdakik.com\/wp-content\/uploads\/2024\/09\/saskdsak-740x420.jpg","contentUrl":"https:\/\/kibrisdakik.com\/wp-content\/uploads\/2024\/09\/saskdsak-740x420.jpg","width":1600,"height":900},{"@type":"BreadcrumbList","@id":"https:\/\/kibrisdakik.com\/?p=61516#breadcrumb","itemListElement":[{"@type":"ListItem","position":1,"name":"Home","item":"https:\/\/kibrisdakik.com\/"},{"@type":"ListItem","position":2,"name":"Eylem: \u0130n\u015faatlar devam ederken can g\u00fcvenli\u011finden bahsedilemez"}]},{"@type":"WebSite","@id":"https:\/\/kibrisdakik.com\/#website","url":"https:\/\/kibrisdakik.com\/","name":"","description":"Tam vaktinde haber","potentialAction":[{"@type":"SearchAction","target":{"@type":"EntryPoint","urlTemplate":"https:\/\/kibrisdakik.com\/?s={search_term_string}"},"query-input":{"@type":"PropertyValueSpecification","valueRequired":true,"valueName":"search_term_string"}}],"inLanguage":"tr"},{"@type":"Person","@id":"https:\/\/kibrisdakik.com\/#\/schema\/person\/9cd9d437bbb44f72b73ba127e06d8e79","name":"admin","image":{"@type":"ImageObject","inLanguage":"tr","@id":"https:\/\/secure.gravatar.com\/avatar\/ccc17943b9d660506c869530f897617f7cb1c21a4bf30023f252596d83e1f007?s=96&d=mm&r=g","url":"https:\/\/secure.gravatar.com\/avatar\/ccc17943b9d660506c869530f897617f7cb1c21a4bf30023f252596d83e1f007?s=96&d=mm&r=g","contentUrl":"https:\/\/secure.gravatar.com\/avatar\/ccc17943b9d660506c869530f897617f7cb1c21a4bf30023f252596d83e1f007?s=96&d=mm&r=g","caption":"admin"},"sameAs":["https:\/\/kibrisdakik.com"],"url":"https:\/\/kibrisdakik.com\/?author=1"}]}},"_links":{"self":[{"href":"https:\/\/kibrisdakik.com\/index.php?rest_route=\/wp\/v2\/posts\/61516","targetHints":{"allow":["GET"]}}],"collection":[{"href":"https:\/\/kibrisdakik.com\/index.php?rest_route=\/wp\/v2\/posts"}],"about":[{"href":"https:\/\/kibrisdakik.com\/index.php?rest_route=\/wp\/v2\/types\/post"}],"author":[{"embeddable":true,"href":"https:\/\/kibrisdakik.com\/index.php?rest_route=\/wp\/v2\/users\/1"}],"replies":[{"embeddable":true,"href":"https:\/\/kibrisdakik.com\/index.php?rest_route=%2Fwp%2Fv2%2Fcomments&post=61516"}],"version-history":[{"count":0,"href":"https:\/\/kibrisdakik.com\/index.php?rest_route=\/wp\/v2\/posts\/61516\/revisions"}],"wp:featuredmedia":[{"embeddable":true,"href":"https:\/\/kibrisdakik.com\/index.php?rest_route=\/wp\/v2\/media\/61517"}],"wp:attachment":[{"href":"https:\/\/kibrisdakik.com\/index.php?rest_route=%2Fwp%2Fv2%2Fmedia&parent=61516"}],"wp:term":[{"taxonomy":"category","embeddable":true,"href":"https:\/\/kibrisdakik.com\/index.php?rest_route=%2Fwp%2Fv2%2Fcategories&post=61516"},{"taxonomy":"post_tag","embeddable":true,"href":"https:\/\/kibrisdakik.com\/index.php?rest_route=%2Fwp%2Fv2%2Ftags&post=61516"}],"curies":[{"name":"wp","href":"https:\/\/api.w.org\/{rel}","templated":true}]}}